{"id":87540,"date":"2025-09-02T16:35:13","date_gmt":"2025-09-02T21:35:13","guid":{"rendered":"https:\/\/luchonoticias.com\/?p=87540"},"modified":"2025-09-02T16:35:15","modified_gmt":"2025-09-02T21:35:15","slug":"reforzamiento-de-la-seguridad-en-pitalito","status":"publish","type":"post","link":"https:\/\/luchonoticias.com\/editor\/reforzamiento-de-la-seguridad-en-pitalito\/","title":{"rendered":"Reforzamiento de la seguridad en Pitalito"},"content":{"rendered":"\n<p>Tras los recientes homicidios del m\u00e9dico Hernando Vargas D\u00edaz y del joven Fabi\u00e1n Stiven Rojas, la Gobernaci\u00f3n del Huila y la Alcald\u00eda de Pitalito anunciaron un plan de choque para enfrentar la inseguridad en el municipio. Las medidas fueron adoptadas en un Consejo de Seguridad Extraordinario y contemplan recompensas millonarias, refuerzo de la fuerza p\u00fablica y nuevas inversiones en infraestructura de vigilancia.<\/p>\n\n\n\n<p>El gobernador Rodrigo Villalba Mosquera y el alcalde Yider Luna confirmaron la entrega de una recompensa total de <strong>50 millones de pesos<\/strong> a quienes suministren informaci\u00f3n clave que permita identificar y capturar a los responsables. De esa cifra, 30 millones ser\u00e1n aportados por la Gobernaci\u00f3n y 20 millones por la administraci\u00f3n municipal.<\/p>\n\n\n\n<p>En materia operativa, se dispuso el ingreso de <strong>15 agentes del GOES<\/strong>, 10 del comando anti-extorsi\u00f3n y 5 investigadores de la Sij\u00edn para fortalecer la seguridad y las pesquisas en Pitalito. A este esfuerzo se sumar\u00e1 el Ej\u00e9rcito con un Batall\u00f3n de Fuerzas Especiales Urbanas conformado por 41 hombres, que llegar\u00e1 al municipio el pr\u00f3ximo 13 de septiembre.<\/p>\n\n\n\n<figure class=\"wp-block-gallery has-nested-images columns-default is-cropped wp-block-gallery-1 is-layout-flex wp-block-gallery-is-layout-flex\">\n<figure class=\"wp-block-image size-large\"><img loading=\"lazy\" decoding=\"async\" width=\"1024\" height=\"768\" data-id=\"87543\" src=\"https:\/\/luchonoticias.com\/wp-content\/uploads\/2025\/09\/WhatsApp-Image-2025-09-02-at-15.56.57-1024x768.jpeg\" alt=\"\" class=\"wp-image-87543\" srcset=\"https:\/\/luchonoticias.com\/editor\/wp-content\/uploads\/2025\/09\/WhatsApp-Image-2025-09-02-at-15.56.57-1024x768.jpeg 1024w, https:\/\/luchonoticias.com\/editor\/wp-content\/uploads\/2025\/09\/WhatsApp-Image-2025-09-02-at-15.56.57-300x225.jpeg 300w, https:\/\/luchonoticias.com\/editor\/wp-content\/uploads\/2025\/09\/WhatsApp-Image-2025-09-02-at-15.56.57-768x576.jpeg 768w, https:\/\/luchonoticias.com\/editor\/wp-content\/uploads\/2025\/09\/WhatsApp-Image-2025-09-02-at-15.56.57-1536x1152.jpeg 1536w, https:\/\/luchonoticias.com\/editor\/wp-content\/uploads\/2025\/09\/WhatsApp-Image-2025-09-02-at-15.56.57-2048x1536.jpeg 2048w, https:\/\/luchonoticias.com\/editor\/wp-content\/uploads\/2025\/09\/WhatsApp-Image-2025-09-02-at-15.56.57-640x480.jpeg 640w, https:\/\/luchonoticias.com\/editor\/wp-content\/uploads\/2025\/09\/WhatsApp-Image-2025-09-02-at-15.56.57-1000x750.jpeg 1000w\" sizes=\"auto, (max-width: 1024px) 100vw, 1024px\" \/><\/figure>\n\n\n\n<figure class=\"wp-block-image size-large\"><img loading=\"lazy\" decoding=\"async\" width=\"1024\" height=\"576\" data-id=\"87542\" src=\"https:\/\/luchonoticias.com\/wp-content\/uploads\/2025\/09\/WhatsApp-Image-2025-09-02-at-15.56.40-1024x576.jpeg\" alt=\"\" class=\"wp-image-87542\" srcset=\"https:\/\/luchonoticias.com\/editor\/wp-content\/uploads\/2025\/09\/WhatsApp-Image-2025-09-02-at-15.56.40-1024x576.jpeg 1024w, https:\/\/luchonoticias.com\/editor\/wp-content\/uploads\/2025\/09\/WhatsApp-Image-2025-09-02-at-15.56.40-300x169.jpeg 300w, https:\/\/luchonoticias.com\/editor\/wp-content\/uploads\/2025\/09\/WhatsApp-Image-2025-09-02-at-15.56.40-768x432.jpeg 768w, https:\/\/luchonoticias.com\/editor\/wp-content\/uploads\/2025\/09\/WhatsApp-Image-2025-09-02-at-15.56.40-1536x864.jpeg 1536w, https:\/\/luchonoticias.com\/editor\/wp-content\/uploads\/2025\/09\/WhatsApp-Image-2025-09-02-at-15.56.40-2048x1152.jpeg 2048w\" sizes=\"auto, (max-width: 1024px) 100vw, 1024px\" \/><\/figure>\n<\/figure>\n\n\n\n<p>Paralelamente, las autoridades avanzan en un proyecto para instalar un moderno sistema de c\u00e1maras de seguridad. La Gobernaci\u00f3n invertir\u00e1 <strong>1.280 millones de pesos<\/strong> y la Alcald\u00eda de Pitalito <strong>1.300 millones<\/strong>, con el objetivo de fortalecer la vigilancia y la prevenci\u00f3n del delito en puntos estrat\u00e9gicos de la ciudad.<\/p>\n\n\n\n<p>Finalmente, tanto la Gobernaci\u00f3n como la Alcald\u00eda hicieron un llamado a la comunidad a colaborar activamente con las autoridades. \u201cNecesitamos que la ciudadan\u00eda conf\u00ede en las instituciones, denuncie y aporte informaci\u00f3n que ayude a esclarecer los hechos y a recuperar la tranquilidad en el municipio\u201d, expres\u00f3 el alcalde Luna.<\/p>\n","protected":false},"excerpt":{"rendered":"<p>Tras los recientes homicidios del m\u00e9dico Hernando Vargas D\u00edaz y del joven Fabi\u00e1n Stiven Rojas, la Gobernaci\u00f3n del Huila y la Alcald\u00eda de Pitalito anunciaron un plan de choque para enfrentar la inseguridad en el municipio. Las medidas fueron adoptadas en un Consejo de Seguridad Extraordinario y contemplan recompensas millonarias, refuerzo de la fuerza p\u00fablica [&hellip;]<\/p>\n","protected":false},"author":2,"featured_media":87541,"comment_status":"closed","ping_status":"open","sticky":false,"template":"","format":"standard","meta":{"footnotes":""},"categories":[33],"tags":[],"class_list":["post-87540","post","type-post","status-publish","format-standard","has-post-thumbnail","hentry","category-huila"],"yoast_head":"<!-- This site is optimized with the Yoast SEO plugin v26.6 - https:\/\/yoast.com\/wordpress\/plugins\/seo\/ -->\n<title>Reforzamiento de la seguridad en Pitalito -<\/title>\n<meta name=\"robots\" content=\"index, follow, max-snippet:-1, max-image-preview:large, max-video-preview:-1\" \/>\n<link rel=\"canonical\" href=\"https:\/\/luchonoticias.com\/editor\/reforzamiento-de-la-seguridad-en-pitalito\/\" \/>\n<meta property=\"og:locale\" content=\"es_ES\" \/>\n<meta property=\"og:type\" content=\"article\" \/>\n<meta property=\"og:title\" content=\"Reforzamiento de la seguridad en Pitalito -\" \/>\n<meta property=\"og:url\" content=\"https:\/\/luchonoticias.com\/editor\/reforzamiento-de-la-seguridad-en-pitalito\/\" \/>\n<meta property=\"article:publisher\" content=\"https:\/\/www.facebook.com\/luchonoticiasneiva\" \/>\n<meta property=\"article:published_time\" content=\"2025-09-02T21:35:13+00:00\" \/>\n<meta property=\"article:modified_time\" content=\"2025-09-02T21:35:15+00:00\" \/>\n<meta property=\"og:image\" content=\"https:\/\/luchonoticias.com\/editor\/wp-content\/uploads\/2025\/09\/consejo-de-seguidad-1.jpg\" \/>\n\t<meta property=\"og:image:width\" content=\"700\" \/>\n\t<meta property=\"og:image:height\" content=\"400\" \/>\n\t<meta property=\"og:image:type\" content=\"image\/jpeg\" \/>\n<meta name=\"author\" content=\"Editor General\" \/>\n<meta name=\"twitter:card\" content=\"summary_large_image\" \/>\n<meta name=\"twitter:label1\" content=\"Escrito por\" \/>\n\t<meta name=\"twitter:data1\" content=\"Editor General\" \/>\n\t<meta name=\"twitter:label2\" content=\"Tiempo de lectura\" \/>\n\t<meta name=\"twitter:data2\" content=\"2 minutos\" \/>\n<script type=\"application\/ld+json\" class=\"yoast-schema-graph\">{\"@context\":\"https:\/\/schema.org\",\"@graph\":[{\"@type\":\"Article\",\"@id\":\"https:\/\/luchonoticias.com\/editor\/reforzamiento-de-la-seguridad-en-pitalito\/#article\",\"isPartOf\":{\"@id\":\"https:\/\/luchonoticias.com\/editor\/reforzamiento-de-la-seguridad-en-pitalito\/\"},\"author\":{\"name\":\"Editor General\",\"@id\":\"https:\/\/luchonoticias.com\/editor\/#\/schema\/person\/29217990ddf6f14e35912b2866d591fb\"},\"headline\":\"Reforzamiento de la seguridad en Pitalito\",\"datePublished\":\"2025-09-02T21:35:13+00:00\",\"dateModified\":\"2025-09-02T21:35:15+00:00\",\"mainEntityOfPage\":{\"@id\":\"https:\/\/luchonoticias.com\/editor\/reforzamiento-de-la-seguridad-en-pitalito\/\"},\"wordCount\":290,\"publisher\":{\"@id\":\"https:\/\/luchonoticias.com\/editor\/#\/schema\/person\/7a7fd911f58561fd056dbac7b55af9cd\"},\"image\":{\"@id\":\"https:\/\/luchonoticias.com\/editor\/reforzamiento-de-la-seguridad-en-pitalito\/#primaryimage\"},\"thumbnailUrl\":\"https:\/\/luchonoticias.com\/editor\/wp-content\/uploads\/2025\/09\/consejo-de-seguidad-1.jpg\",\"articleSection\":[\"Huila\"],\"inLanguage\":\"es\"},{\"@type\":\"WebPage\",\"@id\":\"https:\/\/luchonoticias.com\/editor\/reforzamiento-de-la-seguridad-en-pitalito\/\",\"url\":\"https:\/\/luchonoticias.com\/editor\/reforzamiento-de-la-seguridad-en-pitalito\/\",\"name\":\"Reforzamiento de la seguridad en Pitalito -\",\"isPartOf\":{\"@id\":\"https:\/\/luchonoticias.com\/editor\/#website\"},\"primaryImageOfPage\":{\"@id\":\"https:\/\/luchonoticias.com\/editor\/reforzamiento-de-la-seguridad-en-pitalito\/#primaryimage\"},\"image\":{\"@id\":\"https:\/\/luchonoticias.com\/editor\/reforzamiento-de-la-seguridad-en-pitalito\/#primaryimage\"},\"thumbnailUrl\":\"https:\/\/luchonoticias.com\/editor\/wp-content\/uploads\/2025\/09\/consejo-de-seguidad-1.jpg\",\"datePublished\":\"2025-09-02T21:35:13+00:00\",\"dateModified\":\"2025-09-02T21:35:15+00:00\",\"breadcrumb\":{\"@id\":\"https:\/\/luchonoticias.com\/editor\/reforzamiento-de-la-seguridad-en-pitalito\/#breadcrumb\"},\"inLanguage\":\"es\",\"potentialAction\":[{\"@type\":\"ReadAction\",\"target\":[\"https:\/\/luchonoticias.com\/editor\/reforzamiento-de-la-seguridad-en-pitalito\/\"]}]},{\"@type\":\"ImageObject\",\"inLanguage\":\"es\",\"@id\":\"https:\/\/luchonoticias.com\/editor\/reforzamiento-de-la-seguridad-en-pitalito\/#primaryimage\",\"url\":\"https:\/\/luchonoticias.com\/editor\/wp-content\/uploads\/2025\/09\/consejo-de-seguidad-1.jpg\",\"contentUrl\":\"https:\/\/luchonoticias.com\/editor\/wp-content\/uploads\/2025\/09\/consejo-de-seguidad-1.jpg\",\"width\":700,\"height\":400},{\"@type\":\"BreadcrumbList\",\"@id\":\"https:\/\/luchonoticias.com\/editor\/reforzamiento-de-la-seguridad-en-pitalito\/#breadcrumb\",\"itemListElement\":[{\"@type\":\"ListItem\",\"position\":1,\"name\":\"Portada\",\"item\":\"https:\/\/luchonoticias.com\/editor\/\"},{\"@type\":\"ListItem\",\"position\":2,\"name\":\"Reforzamiento de la seguridad en Pitalito\"}]},{\"@type\":\"WebSite\",\"@id\":\"https:\/\/luchonoticias.com\/editor\/#website\",\"url\":\"https:\/\/luchonoticias.com\/editor\/\",\"name\":\"\",\"description\":\"\",\"publisher\":{\"@id\":\"https:\/\/luchonoticias.com\/editor\/#\/schema\/person\/7a7fd911f58561fd056dbac7b55af9cd\"},\"potentialAction\":[{\"@type\":\"SearchAction\",\"target\":{\"@type\":\"EntryPoint\",\"urlTemplate\":\"https:\/\/luchonoticias.com\/editor\/?s={search_term_string}\"},\"query-input\":{\"@type\":\"PropertyValueSpecification\",\"valueRequired\":true,\"valueName\":\"search_term_string\"}}],\"inLanguage\":\"es\"},{\"@type\":[\"Person\",\"Organization\"],\"@id\":\"https:\/\/luchonoticias.com\/editor\/#\/schema\/person\/7a7fd911f58561fd056dbac7b55af9cd\",\"name\":\"admin\",\"image\":{\"@type\":\"ImageObject\",\"inLanguage\":\"es\",\"@id\":\"https:\/\/luchonoticias.com\/editor\/#\/schema\/person\/image\/\",\"url\":\"https:\/\/luchonoticias.com\/editor\/wp-content\/uploads\/2024\/02\/cropped-cropped-logolu.webp\",\"contentUrl\":\"https:\/\/luchonoticias.com\/editor\/wp-content\/uploads\/2024\/02\/cropped-cropped-logolu.webp\",\"width\":382,\"height\":170,\"caption\":\"admin\"},\"logo\":{\"@id\":\"https:\/\/luchonoticias.com\/editor\/#\/schema\/person\/image\/\"},\"sameAs\":[\"https:\/\/www.facebook.com\/luchonoticiasneiva\"]},{\"@type\":\"Person\",\"@id\":\"https:\/\/luchonoticias.com\/editor\/#\/schema\/person\/29217990ddf6f14e35912b2866d591fb\",\"name\":\"Editor General\",\"image\":{\"@type\":\"ImageObject\",\"inLanguage\":\"es\",\"@id\":\"https:\/\/luchonoticias.com\/editor\/#\/schema\/person\/image\/\",\"url\":\"https:\/\/luchonoticias.com\/editor\/wp-content\/uploads\/2024\/02\/cropped-cropped-logolu-150x150.webp\",\"contentUrl\":\"https:\/\/luchonoticias.com\/editor\/wp-content\/uploads\/2024\/02\/cropped-cropped-logolu-150x150.webp\",\"caption\":\"Editor General\"},\"sameAs\":[\"https:\/\/luchonoticias.com\/\"],\"url\":\"https:\/\/luchonoticias.com\/editor\/author\/editor-general\/\"}]}<\/script>\n<!-- \/ Yoast SEO plugin. -->","yoast_head_json":{"title":"Reforzamiento de la seguridad en Pitalito -","robots":{"index":"index","follow":"follow","max-snippet":"max-snippet:-1","max-image-preview":"max-image-preview:large","max-video-preview":"max-video-preview:-1"},"canonical":"https:\/\/luchonoticias.com\/editor\/reforzamiento-de-la-seguridad-en-pitalito\/","og_locale":"es_ES","og_type":"article","og_title":"Reforzamiento de la seguridad en Pitalito -","og_url":"https:\/\/luchonoticias.com\/editor\/reforzamiento-de-la-seguridad-en-pitalito\/","article_publisher":"https:\/\/www.facebook.com\/luchonoticiasneiva","article_published_time":"2025-09-02T21:35:13+00:00","article_modified_time":"2025-09-02T21:35:15+00:00","og_image":[{"width":700,"height":400,"url":"https:\/\/luchonoticias.com\/editor\/wp-content\/uploads\/2025\/09\/consejo-de-seguidad-1.jpg","type":"image\/jpeg"}],"author":"Editor General","twitter_card":"summary_large_image","twitter_misc":{"Escrito por":"Editor General","Tiempo de lectura":"2 minutos"},"schema":{"@context":"https:\/\/schema.org","@graph":[{"@type":"Article","@id":"https:\/\/luchonoticias.com\/editor\/reforzamiento-de-la-seguridad-en-pitalito\/#article","isPartOf":{"@id":"https:\/\/luchonoticias.com\/editor\/reforzamiento-de-la-seguridad-en-pitalito\/"},"author":{"name":"Editor General","@id":"https:\/\/luchonoticias.com\/editor\/#\/schema\/person\/29217990ddf6f14e35912b2866d591fb"},"headline":"Reforzamiento de la seguridad en Pitalito","datePublished":"2025-09-02T21:35:13+00:00","dateModified":"2025-09-02T21:35:15+00:00","mainEntityOfPage":{"@id":"https:\/\/luchonoticias.com\/editor\/reforzamiento-de-la-seguridad-en-pitalito\/"},"wordCount":290,"publisher":{"@id":"https:\/\/luchonoticias.com\/editor\/#\/schema\/person\/7a7fd911f58561fd056dbac7b55af9cd"},"image":{"@id":"https:\/\/luchonoticias.com\/editor\/reforzamiento-de-la-seguridad-en-pitalito\/#primaryimage"},"thumbnailUrl":"https:\/\/luchonoticias.com\/editor\/wp-content\/uploads\/2025\/09\/consejo-de-seguidad-1.jpg","articleSection":["Huila"],"inLanguage":"es"},{"@type":"WebPage","@id":"https:\/\/luchonoticias.com\/editor\/reforzamiento-de-la-seguridad-en-pitalito\/","url":"https:\/\/luchonoticias.com\/editor\/reforzamiento-de-la-seguridad-en-pitalito\/","name":"Reforzamiento de la seguridad en Pitalito -","isPartOf":{"@id":"https:\/\/luchonoticias.com\/editor\/#website"},"primaryImageOfPage":{"@id":"https:\/\/luchonoticias.com\/editor\/reforzamiento-de-la-seguridad-en-pitalito\/#primaryimage"},"image":{"@id":"https:\/\/luchonoticias.com\/editor\/reforzamiento-de-la-seguridad-en-pitalito\/#primaryimage"},"thumbnailUrl":"https:\/\/luchonoticias.com\/editor\/wp-content\/uploads\/2025\/09\/consejo-de-seguidad-1.jpg","datePublished":"2025-09-02T21:35:13+00:00","dateModified":"2025-09-02T21:35:15+00:00","breadcrumb":{"@id":"https:\/\/luchonoticias.com\/editor\/reforzamiento-de-la-seguridad-en-pitalito\/#breadcrumb"},"inLanguage":"es","potentialAction":[{"@type":"ReadAction","target":["https:\/\/luchonoticias.com\/editor\/reforzamiento-de-la-seguridad-en-pitalito\/"]}]},{"@type":"ImageObject","inLanguage":"es","@id":"https:\/\/luchonoticias.com\/editor\/reforzamiento-de-la-seguridad-en-pitalito\/#primaryimage","url":"https:\/\/luchonoticias.com\/editor\/wp-content\/uploads\/2025\/09\/consejo-de-seguidad-1.jpg","contentUrl":"https:\/\/luchonoticias.com\/editor\/wp-content\/uploads\/2025\/09\/consejo-de-seguidad-1.jpg","width":700,"height":400},{"@type":"BreadcrumbList","@id":"https:\/\/luchonoticias.com\/editor\/reforzamiento-de-la-seguridad-en-pitalito\/#breadcrumb","itemListElement":[{"@type":"ListItem","position":1,"name":"Portada","item":"https:\/\/luchonoticias.com\/editor\/"},{"@type":"ListItem","position":2,"name":"Reforzamiento de la seguridad en Pitalito"}]},{"@type":"WebSite","@id":"https:\/\/luchonoticias.com\/editor\/#website","url":"https:\/\/luchonoticias.com\/editor\/","name":"","description":"","publisher":{"@id":"https:\/\/luchonoticias.com\/editor\/#\/schema\/person\/7a7fd911f58561fd056dbac7b55af9cd"},"potentialAction":[{"@type":"SearchAction","target":{"@type":"EntryPoint","urlTemplate":"https:\/\/luchonoticias.com\/editor\/?s={search_term_string}"},"query-input":{"@type":"PropertyValueSpecification","valueRequired":true,"valueName":"search_term_string"}}],"inLanguage":"es"},{"@type":["Person","Organization"],"@id":"https:\/\/luchonoticias.com\/editor\/#\/schema\/person\/7a7fd911f58561fd056dbac7b55af9cd","name":"admin","image":{"@type":"ImageObject","inLanguage":"es","@id":"https:\/\/luchonoticias.com\/editor\/#\/schema\/person\/image\/","url":"https:\/\/luchonoticias.com\/editor\/wp-content\/uploads\/2024\/02\/cropped-cropped-logolu.webp","contentUrl":"https:\/\/luchonoticias.com\/editor\/wp-content\/uploads\/2024\/02\/cropped-cropped-logolu.webp","width":382,"height":170,"caption":"admin"},"logo":{"@id":"https:\/\/luchonoticias.com\/editor\/#\/schema\/person\/image\/"},"sameAs":["https:\/\/www.facebook.com\/luchonoticiasneiva"]},{"@type":"Person","@id":"https:\/\/luchonoticias.com\/editor\/#\/schema\/person\/29217990ddf6f14e35912b2866d591fb","name":"Editor General","image":{"@type":"ImageObject","inLanguage":"es","@id":"https:\/\/luchonoticias.com\/editor\/#\/schema\/person\/image\/","url":"https:\/\/luchonoticias.com\/editor\/wp-content\/uploads\/2024\/02\/cropped-cropped-logolu-150x150.webp","contentUrl":"https:\/\/luchonoticias.com\/editor\/wp-content\/uploads\/2024\/02\/cropped-cropped-logolu-150x150.webp","caption":"Editor General"},"sameAs":["https:\/\/luchonoticias.com\/"],"url":"https:\/\/luchonoticias.com\/editor\/author\/editor-general\/"}]}},"_links":{"self":[{"href":"https:\/\/luchonoticias.com\/editor\/wp-json\/wp\/v2\/posts\/87540","targetHints":{"allow":["GET"]}}],"collection":[{"href":"https:\/\/luchonoticias.com\/editor\/wp-json\/wp\/v2\/posts"}],"about":[{"href":"https:\/\/luchonoticias.com\/editor\/wp-json\/wp\/v2\/types\/post"}],"author":[{"embeddable":true,"href":"https:\/\/luchonoticias.com\/editor\/wp-json\/wp\/v2\/users\/2"}],"replies":[{"embeddable":true,"href":"https:\/\/luchonoticias.com\/editor\/wp-json\/wp\/v2\/comments?post=87540"}],"version-history":[{"count":1,"href":"https:\/\/luchonoticias.com\/editor\/wp-json\/wp\/v2\/posts\/87540\/revisions"}],"predecessor-version":[{"id":87544,"href":"https:\/\/luchonoticias.com\/editor\/wp-json\/wp\/v2\/posts\/87540\/revisions\/87544"}],"wp:featuredmedia":[{"embeddable":true,"href":"https:\/\/luchonoticias.com\/editor\/wp-json\/wp\/v2\/media\/87541"}],"wp:attachment":[{"href":"https:\/\/luchonoticias.com\/editor\/wp-json\/wp\/v2\/media?parent=87540"}],"wp:term":[{"taxonomy":"category","embeddable":true,"href":"https:\/\/luchonoticias.com\/editor\/wp-json\/wp\/v2\/categories?post=87540"},{"taxonomy":"post_tag","embeddable":true,"href":"https:\/\/luchonoticias.com\/editor\/wp-json\/wp\/v2\/tags?post=87540"}],"curies":[{"name":"wp","href":"https:\/\/api.w.org\/{rel}","templated":true}]}}