{"id":88794,"date":"2025-10-02T16:34:16","date_gmt":"2025-10-02T21:34:16","guid":{"rendered":"https:\/\/luchonoticias.com\/?p=88794"},"modified":"2025-10-02T16:34:18","modified_gmt":"2025-10-02T21:34:18","slug":"registro-de-la-danta-de-montana-en-el-norte-del-huila","status":"publish","type":"post","link":"https:\/\/luchonoticias.com\/editor\/registro-de-la-danta-de-montana-en-el-norte-del-huila\/","title":{"rendered":"Registro de la Danta de Monta\u00f1a en el norte del Huila"},"content":{"rendered":"\n<p>El norte del Huila registra por primera vez un subn\u00facleo poblacional de <strong>Tapirus pinchaque<\/strong>, la danta de monta\u00f1a, gracias al monitoreo realizado en el <strong>Distrito Regional de Manejo Integrado Cerro Banderas Ojo Blanco<\/strong>, entre \u00cdquira y Teruel. Este hallazgo marca un precedente hist\u00f3rico en la conservaci\u00f3n de la especie en la regi\u00f3n y el Macizo Colombiano.<\/p>\n\n\n\n<p>El descubrimiento fue posible gracias al trabajo conjunto del grupo comunitario <strong>Briodiverso<\/strong> y la <strong>CAM<\/strong>, con apoyo de \u00c1reas Protegidas Santa Mar\u00eda Huila y la Red Acrenash, quienes instalaron c\u00e1maras trampa en sitios estrat\u00e9gicos del territorio para registrar la fauna local.<\/p>\n\n\n\n<p>Durante cuatro d\u00edas de monitoreo, los integrantes de Briodiverso lograron registrar un macho y una hembra de danta en excelente estado de conservaci\u00f3n, validando as\u00ed la existencia de este subn\u00facleo poblacional y consolidando el octavo reportado en el Huila bajo la supervisi\u00f3n de la CAM.<\/p>\n\n\n\n<figure class=\"wp-block-gallery has-nested-images columns-default is-cropped wp-block-gallery-1 is-layout-flex wp-block-gallery-is-layout-flex\">\n<figure class=\"wp-block-image size-large\"><img loading=\"lazy\" decoding=\"async\" width=\"1024\" height=\"551\" data-id=\"88796\" src=\"https:\/\/luchonoticias.com\/wp-content\/uploads\/2025\/10\/WhatsApp-Image-2025-10-02-at-16.17.42-1024x551.jpeg\" alt=\"\" class=\"wp-image-88796\" srcset=\"https:\/\/luchonoticias.com\/editor\/wp-content\/uploads\/2025\/10\/WhatsApp-Image-2025-10-02-at-16.17.42-1024x551.jpeg 1024w, https:\/\/luchonoticias.com\/editor\/wp-content\/uploads\/2025\/10\/WhatsApp-Image-2025-10-02-at-16.17.42-300x161.jpeg 300w, https:\/\/luchonoticias.com\/editor\/wp-content\/uploads\/2025\/10\/WhatsApp-Image-2025-10-02-at-16.17.42-768x413.jpeg 768w, https:\/\/luchonoticias.com\/editor\/wp-content\/uploads\/2025\/10\/WhatsApp-Image-2025-10-02-at-16.17.42.jpeg 1293w\" sizes=\"auto, (max-width: 1024px) 100vw, 1024px\" \/><\/figure>\n\n\n\n<figure class=\"wp-block-image size-large\"><img loading=\"lazy\" decoding=\"async\" width=\"1024\" height=\"542\" data-id=\"88797\" src=\"https:\/\/luchonoticias.com\/wp-content\/uploads\/2025\/10\/WhatsApp-Image-2025-10-02-at-16.17.43-1024x542.jpeg\" alt=\"\" class=\"wp-image-88797\" srcset=\"https:\/\/luchonoticias.com\/editor\/wp-content\/uploads\/2025\/10\/WhatsApp-Image-2025-10-02-at-16.17.43-1024x542.jpeg 1024w, https:\/\/luchonoticias.com\/editor\/wp-content\/uploads\/2025\/10\/WhatsApp-Image-2025-10-02-at-16.17.43-300x159.jpeg 300w, https:\/\/luchonoticias.com\/editor\/wp-content\/uploads\/2025\/10\/WhatsApp-Image-2025-10-02-at-16.17.43-768x407.jpeg 768w, https:\/\/luchonoticias.com\/editor\/wp-content\/uploads\/2025\/10\/WhatsApp-Image-2025-10-02-at-16.17.43.jpeg 1341w\" sizes=\"auto, (max-width: 1024px) 100vw, 1024px\" \/><\/figure>\n<\/figure>\n\n\n\n<p>La bi\u00f3loga <strong>Katherine Arenas<\/strong> explic\u00f3 que la relevancia del hallazgo radica en que la danta de monta\u00f1a est\u00e1 catalogada como <strong>En Peligro<\/strong>, con una poblaci\u00f3n global inferior a 2.500 individuos maduros. La especie enfrenta amenazas como la p\u00e9rdida y fragmentaci\u00f3n de h\u00e1bitat, la cacer\u00eda y la expansi\u00f3n agropecuaria, lo que hace crucial la protecci\u00f3n de cada subn\u00facleo.<\/p>\n\n\n\n<p>La CAM destac\u00f3 que el monitoreo comunitario es clave para complementar los registros institucionales y fortalecer la conservaci\u00f3n de especies amenazadas. Los l\u00edderes de Briodiverso manifestaron su orgullo y compromiso, asegurando que este registro impulsa futuras acciones de protecci\u00f3n de la danta de monta\u00f1a en la regi\u00f3n.<\/p>\n","protected":false},"excerpt":{"rendered":"<p>El norte del Huila registra por primera vez un subn\u00facleo poblacional de Tapirus pinchaque, la danta de monta\u00f1a, gracias al monitoreo realizado en el Distrito Regional de Manejo Integrado Cerro Banderas Ojo Blanco, entre \u00cdquira y Teruel. Este hallazgo marca un precedente hist\u00f3rico en la conservaci\u00f3n de la especie en la regi\u00f3n y el Macizo [&hellip;]<\/p>\n","protected":false},"author":2,"featured_media":88795,"comment_status":"closed","ping_status":"open","sticky":false,"template":"","format":"standard","meta":{"footnotes":""},"categories":[33],"tags":[],"class_list":["post-88794","post","type-post","status-publish","format-standard","has-post-thumbnail","hentry","category-huila"],"yoast_head":"<!-- This site is optimized with the Yoast SEO plugin v26.6 - https:\/\/yoast.com\/wordpress\/plugins\/seo\/ -->\n<title>Registro de la Danta de Monta\u00f1a en el norte del Huila -<\/title>\n<meta name=\"robots\" content=\"index, follow, max-snippet:-1, max-image-preview:large, max-video-preview:-1\" \/>\n<link rel=\"canonical\" href=\"https:\/\/luchonoticias.com\/editor\/registro-de-la-danta-de-montana-en-el-norte-del-huila\/\" \/>\n<meta property=\"og:locale\" content=\"es_ES\" \/>\n<meta property=\"og:type\" content=\"article\" \/>\n<meta property=\"og:title\" content=\"Registro de la Danta de Monta\u00f1a en el norte del Huila -\" \/>\n<meta property=\"og:url\" content=\"https:\/\/luchonoticias.com\/editor\/registro-de-la-danta-de-montana-en-el-norte-del-huila\/\" \/>\n<meta property=\"article:publisher\" content=\"https:\/\/www.facebook.com\/luchonoticiasneiva\" \/>\n<meta property=\"article:published_time\" content=\"2025-10-02T21:34:16+00:00\" \/>\n<meta property=\"article:modified_time\" content=\"2025-10-02T21:34:18+00:00\" \/>\n<meta property=\"og:image\" content=\"https:\/\/luchonoticias.com\/editor\/wp-content\/uploads\/2025\/10\/DANTA-DE-MONTANA.jpg\" \/>\n\t<meta property=\"og:image:width\" content=\"700\" \/>\n\t<meta property=\"og:image:height\" content=\"400\" \/>\n\t<meta property=\"og:image:type\" content=\"image\/jpeg\" \/>\n<meta name=\"author\" content=\"Editor General\" \/>\n<meta name=\"twitter:card\" content=\"summary_large_image\" \/>\n<meta name=\"twitter:label1\" content=\"Escrito por\" \/>\n\t<meta name=\"twitter:data1\" content=\"Editor General\" \/>\n\t<meta name=\"twitter:label2\" content=\"Tiempo de lectura\" \/>\n\t<meta name=\"twitter:data2\" content=\"2 minutos\" \/>\n<script type=\"application\/ld+json\" class=\"yoast-schema-graph\">{\"@context\":\"https:\/\/schema.org\",\"@graph\":[{\"@type\":\"Article\",\"@id\":\"https:\/\/luchonoticias.com\/editor\/registro-de-la-danta-de-montana-en-el-norte-del-huila\/#article\",\"isPartOf\":{\"@id\":\"https:\/\/luchonoticias.com\/editor\/registro-de-la-danta-de-montana-en-el-norte-del-huila\/\"},\"author\":{\"name\":\"Editor General\",\"@id\":\"https:\/\/luchonoticias.com\/editor\/#\/schema\/person\/29217990ddf6f14e35912b2866d591fb\"},\"headline\":\"Registro de la Danta de Monta\u00f1a en el norte del Huila\",\"datePublished\":\"2025-10-02T21:34:16+00:00\",\"dateModified\":\"2025-10-02T21:34:18+00:00\",\"mainEntityOfPage\":{\"@id\":\"https:\/\/luchonoticias.com\/editor\/registro-de-la-danta-de-montana-en-el-norte-del-huila\/\"},\"wordCount\":284,\"publisher\":{\"@id\":\"https:\/\/luchonoticias.com\/editor\/#\/schema\/person\/7a7fd911f58561fd056dbac7b55af9cd\"},\"image\":{\"@id\":\"https:\/\/luchonoticias.com\/editor\/registro-de-la-danta-de-montana-en-el-norte-del-huila\/#primaryimage\"},\"thumbnailUrl\":\"https:\/\/luchonoticias.com\/editor\/wp-content\/uploads\/2025\/10\/DANTA-DE-MONTANA.jpg\",\"articleSection\":[\"Huila\"],\"inLanguage\":\"es\"},{\"@type\":\"WebPage\",\"@id\":\"https:\/\/luchonoticias.com\/editor\/registro-de-la-danta-de-montana-en-el-norte-del-huila\/\",\"url\":\"https:\/\/luchonoticias.com\/editor\/registro-de-la-danta-de-montana-en-el-norte-del-huila\/\",\"name\":\"Registro de la Danta de Monta\u00f1a en el norte del Huila -\",\"isPartOf\":{\"@id\":\"https:\/\/luchonoticias.com\/editor\/#website\"},\"primaryImageOfPage\":{\"@id\":\"https:\/\/luchonoticias.com\/editor\/registro-de-la-danta-de-montana-en-el-norte-del-huila\/#primaryimage\"},\"image\":{\"@id\":\"https:\/\/luchonoticias.com\/editor\/registro-de-la-danta-de-montana-en-el-norte-del-huila\/#primaryimage\"},\"thumbnailUrl\":\"https:\/\/luchonoticias.com\/editor\/wp-content\/uploads\/2025\/10\/DANTA-DE-MONTANA.jpg\",\"datePublished\":\"2025-10-02T21:34:16+00:00\",\"dateModified\":\"2025-10-02T21:34:18+00:00\",\"breadcrumb\":{\"@id\":\"https:\/\/luchonoticias.com\/editor\/registro-de-la-danta-de-montana-en-el-norte-del-huila\/#breadcrumb\"},\"inLanguage\":\"es\",\"potentialAction\":[{\"@type\":\"ReadAction\",\"target\":[\"https:\/\/luchonoticias.com\/editor\/registro-de-la-danta-de-montana-en-el-norte-del-huila\/\"]}]},{\"@type\":\"ImageObject\",\"inLanguage\":\"es\",\"@id\":\"https:\/\/luchonoticias.com\/editor\/registro-de-la-danta-de-montana-en-el-norte-del-huila\/#primaryimage\",\"url\":\"https:\/\/luchonoticias.com\/editor\/wp-content\/uploads\/2025\/10\/DANTA-DE-MONTANA.jpg\",\"contentUrl\":\"https:\/\/luchonoticias.com\/editor\/wp-content\/uploads\/2025\/10\/DANTA-DE-MONTANA.jpg\",\"width\":700,\"height\":400},{\"@type\":\"BreadcrumbList\",\"@id\":\"https:\/\/luchonoticias.com\/editor\/registro-de-la-danta-de-montana-en-el-norte-del-huila\/#breadcrumb\",\"itemListElement\":[{\"@type\":\"ListItem\",\"position\":1,\"name\":\"Portada\",\"item\":\"https:\/\/luchonoticias.com\/editor\/\"},{\"@type\":\"ListItem\",\"position\":2,\"name\":\"Registro de la Danta de Monta\u00f1a en el norte del Huila\"}]},{\"@type\":\"WebSite\",\"@id\":\"https:\/\/luchonoticias.com\/editor\/#website\",\"url\":\"https:\/\/luchonoticias.com\/editor\/\",\"name\":\"\",\"description\":\"\",\"publisher\":{\"@id\":\"https:\/\/luchonoticias.com\/editor\/#\/schema\/person\/7a7fd911f58561fd056dbac7b55af9cd\"},\"potentialAction\":[{\"@type\":\"SearchAction\",\"target\":{\"@type\":\"EntryPoint\",\"urlTemplate\":\"https:\/\/luchonoticias.com\/editor\/?s={search_term_string}\"},\"query-input\":{\"@type\":\"PropertyValueSpecification\",\"valueRequired\":true,\"valueName\":\"search_term_string\"}}],\"inLanguage\":\"es\"},{\"@type\":[\"Person\",\"Organization\"],\"@id\":\"https:\/\/luchonoticias.com\/editor\/#\/schema\/person\/7a7fd911f58561fd056dbac7b55af9cd\",\"name\":\"admin\",\"image\":{\"@type\":\"ImageObject\",\"inLanguage\":\"es\",\"@id\":\"https:\/\/luchonoticias.com\/editor\/#\/schema\/person\/image\/\",\"url\":\"https:\/\/luchonoticias.com\/editor\/wp-content\/uploads\/2024\/02\/cropped-cropped-logolu.webp\",\"contentUrl\":\"https:\/\/luchonoticias.com\/editor\/wp-content\/uploads\/2024\/02\/cropped-cropped-logolu.webp\",\"width\":382,\"height\":170,\"caption\":\"admin\"},\"logo\":{\"@id\":\"https:\/\/luchonoticias.com\/editor\/#\/schema\/person\/image\/\"},\"sameAs\":[\"https:\/\/www.facebook.com\/luchonoticiasneiva\"]},{\"@type\":\"Person\",\"@id\":\"https:\/\/luchonoticias.com\/editor\/#\/schema\/person\/29217990ddf6f14e35912b2866d591fb\",\"name\":\"Editor General\",\"image\":{\"@type\":\"ImageObject\",\"inLanguage\":\"es\",\"@id\":\"https:\/\/luchonoticias.com\/editor\/#\/schema\/person\/image\/\",\"url\":\"https:\/\/luchonoticias.com\/editor\/wp-content\/uploads\/2024\/02\/cropped-cropped-logolu-150x150.webp\",\"contentUrl\":\"https:\/\/luchonoticias.com\/editor\/wp-content\/uploads\/2024\/02\/cropped-cropped-logolu-150x150.webp\",\"caption\":\"Editor General\"},\"sameAs\":[\"https:\/\/luchonoticias.com\/\"],\"url\":\"https:\/\/luchonoticias.com\/editor\/author\/editor-general\/\"}]}<\/script>\n<!-- \/ Yoast SEO plugin. -->","yoast_head_json":{"title":"Registro de la Danta de Monta\u00f1a en el norte del Huila -","robots":{"index":"index","follow":"follow","max-snippet":"max-snippet:-1","max-image-preview":"max-image-preview:large","max-video-preview":"max-video-preview:-1"},"canonical":"https:\/\/luchonoticias.com\/editor\/registro-de-la-danta-de-montana-en-el-norte-del-huila\/","og_locale":"es_ES","og_type":"article","og_title":"Registro de la Danta de Monta\u00f1a en el norte del Huila -","og_url":"https:\/\/luchonoticias.com\/editor\/registro-de-la-danta-de-montana-en-el-norte-del-huila\/","article_publisher":"https:\/\/www.facebook.com\/luchonoticiasneiva","article_published_time":"2025-10-02T21:34:16+00:00","article_modified_time":"2025-10-02T21:34:18+00:00","og_image":[{"width":700,"height":400,"url":"https:\/\/luchonoticias.com\/editor\/wp-content\/uploads\/2025\/10\/DANTA-DE-MONTANA.jpg","type":"image\/jpeg"}],"author":"Editor General","twitter_card":"summary_large_image","twitter_misc":{"Escrito por":"Editor General","Tiempo de lectura":"2 minutos"},"schema":{"@context":"https:\/\/schema.org","@graph":[{"@type":"Article","@id":"https:\/\/luchonoticias.com\/editor\/registro-de-la-danta-de-montana-en-el-norte-del-huila\/#article","isPartOf":{"@id":"https:\/\/luchonoticias.com\/editor\/registro-de-la-danta-de-montana-en-el-norte-del-huila\/"},"author":{"name":"Editor General","@id":"https:\/\/luchonoticias.com\/editor\/#\/schema\/person\/29217990ddf6f14e35912b2866d591fb"},"headline":"Registro de la Danta de Monta\u00f1a en el norte del Huila","datePublished":"2025-10-02T21:34:16+00:00","dateModified":"2025-10-02T21:34:18+00:00","mainEntityOfPage":{"@id":"https:\/\/luchonoticias.com\/editor\/registro-de-la-danta-de-montana-en-el-norte-del-huila\/"},"wordCount":284,"publisher":{"@id":"https:\/\/luchonoticias.com\/editor\/#\/schema\/person\/7a7fd911f58561fd056dbac7b55af9cd"},"image":{"@id":"https:\/\/luchonoticias.com\/editor\/registro-de-la-danta-de-montana-en-el-norte-del-huila\/#primaryimage"},"thumbnailUrl":"https:\/\/luchonoticias.com\/editor\/wp-content\/uploads\/2025\/10\/DANTA-DE-MONTANA.jpg","articleSection":["Huila"],"inLanguage":"es"},{"@type":"WebPage","@id":"https:\/\/luchonoticias.com\/editor\/registro-de-la-danta-de-montana-en-el-norte-del-huila\/","url":"https:\/\/luchonoticias.com\/editor\/registro-de-la-danta-de-montana-en-el-norte-del-huila\/","name":"Registro de la Danta de Monta\u00f1a en el norte del Huila -","isPartOf":{"@id":"https:\/\/luchonoticias.com\/editor\/#website"},"primaryImageOfPage":{"@id":"https:\/\/luchonoticias.com\/editor\/registro-de-la-danta-de-montana-en-el-norte-del-huila\/#primaryimage"},"image":{"@id":"https:\/\/luchonoticias.com\/editor\/registro-de-la-danta-de-montana-en-el-norte-del-huila\/#primaryimage"},"thumbnailUrl":"https:\/\/luchonoticias.com\/editor\/wp-content\/uploads\/2025\/10\/DANTA-DE-MONTANA.jpg","datePublished":"2025-10-02T21:34:16+00:00","dateModified":"2025-10-02T21:34:18+00:00","breadcrumb":{"@id":"https:\/\/luchonoticias.com\/editor\/registro-de-la-danta-de-montana-en-el-norte-del-huila\/#breadcrumb"},"inLanguage":"es","potentialAction":[{"@type":"ReadAction","target":["https:\/\/luchonoticias.com\/editor\/registro-de-la-danta-de-montana-en-el-norte-del-huila\/"]}]},{"@type":"ImageObject","inLanguage":"es","@id":"https:\/\/luchonoticias.com\/editor\/registro-de-la-danta-de-montana-en-el-norte-del-huila\/#primaryimage","url":"https:\/\/luchonoticias.com\/editor\/wp-content\/uploads\/2025\/10\/DANTA-DE-MONTANA.jpg","contentUrl":"https:\/\/luchonoticias.com\/editor\/wp-content\/uploads\/2025\/10\/DANTA-DE-MONTANA.jpg","width":700,"height":400},{"@type":"BreadcrumbList","@id":"https:\/\/luchonoticias.com\/editor\/registro-de-la-danta-de-montana-en-el-norte-del-huila\/#breadcrumb","itemListElement":[{"@type":"ListItem","position":1,"name":"Portada","item":"https:\/\/luchonoticias.com\/editor\/"},{"@type":"ListItem","position":2,"name":"Registro de la Danta de Monta\u00f1a en el norte del Huila"}]},{"@type":"WebSite","@id":"https:\/\/luchonoticias.com\/editor\/#website","url":"https:\/\/luchonoticias.com\/editor\/","name":"","description":"","publisher":{"@id":"https:\/\/luchonoticias.com\/editor\/#\/schema\/person\/7a7fd911f58561fd056dbac7b55af9cd"},"potentialAction":[{"@type":"SearchAction","target":{"@type":"EntryPoint","urlTemplate":"https:\/\/luchonoticias.com\/editor\/?s={search_term_string}"},"query-input":{"@type":"PropertyValueSpecification","valueRequired":true,"valueName":"search_term_string"}}],"inLanguage":"es"},{"@type":["Person","Organization"],"@id":"https:\/\/luchonoticias.com\/editor\/#\/schema\/person\/7a7fd911f58561fd056dbac7b55af9cd","name":"admin","image":{"@type":"ImageObject","inLanguage":"es","@id":"https:\/\/luchonoticias.com\/editor\/#\/schema\/person\/image\/","url":"https:\/\/luchonoticias.com\/editor\/wp-content\/uploads\/2024\/02\/cropped-cropped-logolu.webp","contentUrl":"https:\/\/luchonoticias.com\/editor\/wp-content\/uploads\/2024\/02\/cropped-cropped-logolu.webp","width":382,"height":170,"caption":"admin"},"logo":{"@id":"https:\/\/luchonoticias.com\/editor\/#\/schema\/person\/image\/"},"sameAs":["https:\/\/www.facebook.com\/luchonoticiasneiva"]},{"@type":"Person","@id":"https:\/\/luchonoticias.com\/editor\/#\/schema\/person\/29217990ddf6f14e35912b2866d591fb","name":"Editor General","image":{"@type":"ImageObject","inLanguage":"es","@id":"https:\/\/luchonoticias.com\/editor\/#\/schema\/person\/image\/","url":"https:\/\/luchonoticias.com\/editor\/wp-content\/uploads\/2024\/02\/cropped-cropped-logolu-150x150.webp","contentUrl":"https:\/\/luchonoticias.com\/editor\/wp-content\/uploads\/2024\/02\/cropped-cropped-logolu-150x150.webp","caption":"Editor General"},"sameAs":["https:\/\/luchonoticias.com\/"],"url":"https:\/\/luchonoticias.com\/editor\/author\/editor-general\/"}]}},"_links":{"self":[{"href":"https:\/\/luchonoticias.com\/editor\/wp-json\/wp\/v2\/posts\/88794","targetHints":{"allow":["GET"]}}],"collection":[{"href":"https:\/\/luchonoticias.com\/editor\/wp-json\/wp\/v2\/posts"}],"about":[{"href":"https:\/\/luchonoticias.com\/editor\/wp-json\/wp\/v2\/types\/post"}],"author":[{"embeddable":true,"href":"https:\/\/luchonoticias.com\/editor\/wp-json\/wp\/v2\/users\/2"}],"replies":[{"embeddable":true,"href":"https:\/\/luchonoticias.com\/editor\/wp-json\/wp\/v2\/comments?post=88794"}],"version-history":[{"count":1,"href":"https:\/\/luchonoticias.com\/editor\/wp-json\/wp\/v2\/posts\/88794\/revisions"}],"predecessor-version":[{"id":88798,"href":"https:\/\/luchonoticias.com\/editor\/wp-json\/wp\/v2\/posts\/88794\/revisions\/88798"}],"wp:featuredmedia":[{"embeddable":true,"href":"https:\/\/luchonoticias.com\/editor\/wp-json\/wp\/v2\/media\/88795"}],"wp:attachment":[{"href":"https:\/\/luchonoticias.com\/editor\/wp-json\/wp\/v2\/media?parent=88794"}],"wp:term":[{"taxonomy":"category","embeddable":true,"href":"https:\/\/luchonoticias.com\/editor\/wp-json\/wp\/v2\/categories?post=88794"},{"taxonomy":"post_tag","embeddable":true,"href":"https:\/\/luchonoticias.com\/editor\/wp-json\/wp\/v2\/tags?post=88794"}],"curies":[{"name":"wp","href":"https:\/\/api.w.org\/{rel}","templated":true}]}}