{"id":88802,"date":"2025-10-03T04:18:39","date_gmt":"2025-10-03T09:18:39","guid":{"rendered":"https:\/\/luchonoticias.com\/?p=88802"},"modified":"2025-10-03T04:18:41","modified_gmt":"2025-10-03T09:18:41","slug":"petro-y-vicky-davila-vuelven-a-sacarse-chispas","status":"publish","type":"post","link":"https:\/\/luchonoticias.com\/editor\/petro-y-vicky-davila-vuelven-a-sacarse-chispas\/","title":{"rendered":"Petro y Vicky D\u00e1vila vuelven a &#8216;sacarse chispas&#8217;"},"content":{"rendered":"\n<p>La imitaci\u00f3n que realiz\u00f3 la precandidata presidencial Vicky D\u00e1vila del discurso del presidente Gustavo Petro en Nueva York gener\u00f3 pol\u00e9mica. Durante las protestas en Times Square contra la guerra en Gaza y la presencia del primer ministro israel\u00ed Benjamin Netanyahu en la ONU, el mandatario colombiano lanz\u00f3 un mensaje que fue interpretado como un llamado a la desobediencia militar en Estados Unidos, lo que D\u00e1vila decidi\u00f3 parodiar en p\u00fablico.<\/p>\n\n\n\n<p>Petro, sin embargo, aclar\u00f3 en un evento en Zipaquir\u00e1 que sus palabras fueron sacadas de contexto. Seg\u00fan dijo, su mensaje fue que ning\u00fan soldado de un Estado armado puede disparar contra civiles, bombardear beb\u00e9s, fusilar j\u00f3venes desarmados ni destruir pueblos y culturas que no representan amenaza alguna, como en el caso del pueblo palestino.<\/p>\n\n\n\n<p>El jefe de Estado reiter\u00f3 que la Fuerza P\u00fablica colombiana est\u00e1 obligada a acatar esa instrucci\u00f3n y pidi\u00f3 iniciar denuncias por sedici\u00f3n contra quienes inciten a desobedecerla. Sus declaraciones estuvieron acompa\u00f1adas de cr\u00edticas directas hacia la precandidata.<\/p>\n\n\n\n<p>D\u00e1vila, en un acto pol\u00edtico en Sabaneta, Antioquia, utiliz\u00f3 un meg\u00e1fono para pedir a las Fuerzas Armadas que no obedecieran a Petro, sino \u00fanicamente a la Constituci\u00f3n. La escena caus\u00f3 revuelo, pues fue percibida como un llamado a desconocer la autoridad presidencial.<\/p>\n\n\n\n<p>Ante ello, Petro instruy\u00f3 a las oficinas jur\u00eddicas del Gobierno a actuar judicialmente contra quienes promuevan este tipo de mensajes. \u201cVa en contra de la Constituci\u00f3n\u201d, dijo el mandatario, al responder al gesto de la periodista y precandidata.<\/p>\n","protected":false},"excerpt":{"rendered":"<p>La imitaci\u00f3n que realiz\u00f3 la precandidata presidencial Vicky D\u00e1vila del discurso del presidente Gustavo Petro en Nueva York gener\u00f3 pol\u00e9mica. Durante las protestas en Times Square contra la guerra en Gaza y la presencia del primer ministro israel\u00ed Benjamin Netanyahu en la ONU, el mandatario colombiano lanz\u00f3 un mensaje que fue interpretado como un llamado [&hellip;]<\/p>\n","protected":false},"author":2,"featured_media":88803,"comment_status":"closed","ping_status":"open","sticky":false,"template":"","format":"standard","meta":{"footnotes":""},"categories":[28,32],"tags":[],"class_list":["post-88802","post","type-post","status-publish","format-standard","has-post-thumbnail","hentry","category-actualidad","category-nacional"],"yoast_head":"<!-- This site is optimized with the Yoast SEO plugin v26.6 - https:\/\/yoast.com\/wordpress\/plugins\/seo\/ -->\n<title>Petro y Vicky D\u00e1vila vuelven a &#039;sacarse chispas&#039; -<\/title>\n<meta name=\"robots\" content=\"index, follow, max-snippet:-1, max-image-preview:large, max-video-preview:-1\" \/>\n<link rel=\"canonical\" href=\"https:\/\/luchonoticias.com\/editor\/petro-y-vicky-davila-vuelven-a-sacarse-chispas\/\" \/>\n<meta property=\"og:locale\" content=\"es_ES\" \/>\n<meta property=\"og:type\" content=\"article\" \/>\n<meta property=\"og:title\" content=\"Petro y Vicky D\u00e1vila vuelven a &#039;sacarse chispas&#039; -\" \/>\n<meta property=\"og:url\" content=\"https:\/\/luchonoticias.com\/editor\/petro-y-vicky-davila-vuelven-a-sacarse-chispas\/\" \/>\n<meta property=\"article:publisher\" content=\"https:\/\/www.facebook.com\/luchonoticiasneiva\" \/>\n<meta property=\"article:published_time\" content=\"2025-10-03T09:18:39+00:00\" \/>\n<meta property=\"article:modified_time\" content=\"2025-10-03T09:18:41+00:00\" \/>\n<meta property=\"og:image\" content=\"https:\/\/luchonoticias.com\/editor\/wp-content\/uploads\/2025\/10\/petro-vicky.jpg\" \/>\n\t<meta property=\"og:image:width\" content=\"700\" \/>\n\t<meta property=\"og:image:height\" content=\"400\" \/>\n\t<meta property=\"og:image:type\" content=\"image\/jpeg\" \/>\n<meta name=\"author\" content=\"Editor General\" \/>\n<meta name=\"twitter:card\" content=\"summary_large_image\" \/>\n<meta name=\"twitter:label1\" content=\"Escrito por\" \/>\n\t<meta name=\"twitter:data1\" content=\"Editor General\" \/>\n\t<meta name=\"twitter:label2\" content=\"Tiempo de lectura\" \/>\n\t<meta name=\"twitter:data2\" content=\"2 minutos\" \/>\n<script type=\"application\/ld+json\" class=\"yoast-schema-graph\">{\"@context\":\"https:\/\/schema.org\",\"@graph\":[{\"@type\":\"Article\",\"@id\":\"https:\/\/luchonoticias.com\/editor\/petro-y-vicky-davila-vuelven-a-sacarse-chispas\/#article\",\"isPartOf\":{\"@id\":\"https:\/\/luchonoticias.com\/editor\/petro-y-vicky-davila-vuelven-a-sacarse-chispas\/\"},\"author\":{\"name\":\"Editor General\",\"@id\":\"https:\/\/luchonoticias.com\/editor\/#\/schema\/person\/29217990ddf6f14e35912b2866d591fb\"},\"headline\":\"Petro y Vicky D\u00e1vila vuelven a &#8216;sacarse chispas&#8217;\",\"datePublished\":\"2025-10-03T09:18:39+00:00\",\"dateModified\":\"2025-10-03T09:18:41+00:00\",\"mainEntityOfPage\":{\"@id\":\"https:\/\/luchonoticias.com\/editor\/petro-y-vicky-davila-vuelven-a-sacarse-chispas\/\"},\"wordCount\":269,\"publisher\":{\"@id\":\"https:\/\/luchonoticias.com\/editor\/#\/schema\/person\/7a7fd911f58561fd056dbac7b55af9cd\"},\"image\":{\"@id\":\"https:\/\/luchonoticias.com\/editor\/petro-y-vicky-davila-vuelven-a-sacarse-chispas\/#primaryimage\"},\"thumbnailUrl\":\"https:\/\/luchonoticias.com\/editor\/wp-content\/uploads\/2025\/10\/petro-vicky.jpg\",\"articleSection\":[\"Actualidad\",\"Nacional\"],\"inLanguage\":\"es\"},{\"@type\":\"WebPage\",\"@id\":\"https:\/\/luchonoticias.com\/editor\/petro-y-vicky-davila-vuelven-a-sacarse-chispas\/\",\"url\":\"https:\/\/luchonoticias.com\/editor\/petro-y-vicky-davila-vuelven-a-sacarse-chispas\/\",\"name\":\"Petro y Vicky D\u00e1vila vuelven a 'sacarse chispas' -\",\"isPartOf\":{\"@id\":\"https:\/\/luchonoticias.com\/editor\/#website\"},\"primaryImageOfPage\":{\"@id\":\"https:\/\/luchonoticias.com\/editor\/petro-y-vicky-davila-vuelven-a-sacarse-chispas\/#primaryimage\"},\"image\":{\"@id\":\"https:\/\/luchonoticias.com\/editor\/petro-y-vicky-davila-vuelven-a-sacarse-chispas\/#primaryimage\"},\"thumbnailUrl\":\"https:\/\/luchonoticias.com\/editor\/wp-content\/uploads\/2025\/10\/petro-vicky.jpg\",\"datePublished\":\"2025-10-03T09:18:39+00:00\",\"dateModified\":\"2025-10-03T09:18:41+00:00\",\"breadcrumb\":{\"@id\":\"https:\/\/luchonoticias.com\/editor\/petro-y-vicky-davila-vuelven-a-sacarse-chispas\/#breadcrumb\"},\"inLanguage\":\"es\",\"potentialAction\":[{\"@type\":\"ReadAction\",\"target\":[\"https:\/\/luchonoticias.com\/editor\/petro-y-vicky-davila-vuelven-a-sacarse-chispas\/\"]}]},{\"@type\":\"ImageObject\",\"inLanguage\":\"es\",\"@id\":\"https:\/\/luchonoticias.com\/editor\/petro-y-vicky-davila-vuelven-a-sacarse-chispas\/#primaryimage\",\"url\":\"https:\/\/luchonoticias.com\/editor\/wp-content\/uploads\/2025\/10\/petro-vicky.jpg\",\"contentUrl\":\"https:\/\/luchonoticias.com\/editor\/wp-content\/uploads\/2025\/10\/petro-vicky.jpg\",\"width\":700,\"height\":400},{\"@type\":\"BreadcrumbList\",\"@id\":\"https:\/\/luchonoticias.com\/editor\/petro-y-vicky-davila-vuelven-a-sacarse-chispas\/#breadcrumb\",\"itemListElement\":[{\"@type\":\"ListItem\",\"position\":1,\"name\":\"Portada\",\"item\":\"https:\/\/luchonoticias.com\/editor\/\"},{\"@type\":\"ListItem\",\"position\":2,\"name\":\"Petro y Vicky D\u00e1vila vuelven a &#8216;sacarse chispas&#8217;\"}]},{\"@type\":\"WebSite\",\"@id\":\"https:\/\/luchonoticias.com\/editor\/#website\",\"url\":\"https:\/\/luchonoticias.com\/editor\/\",\"name\":\"\",\"description\":\"\",\"publisher\":{\"@id\":\"https:\/\/luchonoticias.com\/editor\/#\/schema\/person\/7a7fd911f58561fd056dbac7b55af9cd\"},\"potentialAction\":[{\"@type\":\"SearchAction\",\"target\":{\"@type\":\"EntryPoint\",\"urlTemplate\":\"https:\/\/luchonoticias.com\/editor\/?s={search_term_string}\"},\"query-input\":{\"@type\":\"PropertyValueSpecification\",\"valueRequired\":true,\"valueName\":\"search_term_string\"}}],\"inLanguage\":\"es\"},{\"@type\":[\"Person\",\"Organization\"],\"@id\":\"https:\/\/luchonoticias.com\/editor\/#\/schema\/person\/7a7fd911f58561fd056dbac7b55af9cd\",\"name\":\"admin\",\"image\":{\"@type\":\"ImageObject\",\"inLanguage\":\"es\",\"@id\":\"https:\/\/luchonoticias.com\/editor\/#\/schema\/person\/image\/\",\"url\":\"https:\/\/luchonoticias.com\/editor\/wp-content\/uploads\/2024\/02\/cropped-cropped-logolu.webp\",\"contentUrl\":\"https:\/\/luchonoticias.com\/editor\/wp-content\/uploads\/2024\/02\/cropped-cropped-logolu.webp\",\"width\":382,\"height\":170,\"caption\":\"admin\"},\"logo\":{\"@id\":\"https:\/\/luchonoticias.com\/editor\/#\/schema\/person\/image\/\"},\"sameAs\":[\"https:\/\/www.facebook.com\/luchonoticiasneiva\"]},{\"@type\":\"Person\",\"@id\":\"https:\/\/luchonoticias.com\/editor\/#\/schema\/person\/29217990ddf6f14e35912b2866d591fb\",\"name\":\"Editor General\",\"image\":{\"@type\":\"ImageObject\",\"inLanguage\":\"es\",\"@id\":\"https:\/\/luchonoticias.com\/editor\/#\/schema\/person\/image\/\",\"url\":\"https:\/\/luchonoticias.com\/editor\/wp-content\/uploads\/2024\/02\/cropped-cropped-logolu-150x150.webp\",\"contentUrl\":\"https:\/\/luchonoticias.com\/editor\/wp-content\/uploads\/2024\/02\/cropped-cropped-logolu-150x150.webp\",\"caption\":\"Editor General\"},\"sameAs\":[\"https:\/\/luchonoticias.com\/\"],\"url\":\"https:\/\/luchonoticias.com\/editor\/author\/editor-general\/\"}]}<\/script>\n<!-- \/ Yoast SEO plugin. -->","yoast_head_json":{"title":"Petro y Vicky D\u00e1vila vuelven a 'sacarse chispas' -","robots":{"index":"index","follow":"follow","max-snippet":"max-snippet:-1","max-image-preview":"max-image-preview:large","max-video-preview":"max-video-preview:-1"},"canonical":"https:\/\/luchonoticias.com\/editor\/petro-y-vicky-davila-vuelven-a-sacarse-chispas\/","og_locale":"es_ES","og_type":"article","og_title":"Petro y Vicky D\u00e1vila vuelven a 'sacarse chispas' -","og_url":"https:\/\/luchonoticias.com\/editor\/petro-y-vicky-davila-vuelven-a-sacarse-chispas\/","article_publisher":"https:\/\/www.facebook.com\/luchonoticiasneiva","article_published_time":"2025-10-03T09:18:39+00:00","article_modified_time":"2025-10-03T09:18:41+00:00","og_image":[{"width":700,"height":400,"url":"https:\/\/luchonoticias.com\/editor\/wp-content\/uploads\/2025\/10\/petro-vicky.jpg","type":"image\/jpeg"}],"author":"Editor General","twitter_card":"summary_large_image","twitter_misc":{"Escrito por":"Editor General","Tiempo de lectura":"2 minutos"},"schema":{"@context":"https:\/\/schema.org","@graph":[{"@type":"Article","@id":"https:\/\/luchonoticias.com\/editor\/petro-y-vicky-davila-vuelven-a-sacarse-chispas\/#article","isPartOf":{"@id":"https:\/\/luchonoticias.com\/editor\/petro-y-vicky-davila-vuelven-a-sacarse-chispas\/"},"author":{"name":"Editor General","@id":"https:\/\/luchonoticias.com\/editor\/#\/schema\/person\/29217990ddf6f14e35912b2866d591fb"},"headline":"Petro y Vicky D\u00e1vila vuelven a &#8216;sacarse chispas&#8217;","datePublished":"2025-10-03T09:18:39+00:00","dateModified":"2025-10-03T09:18:41+00:00","mainEntityOfPage":{"@id":"https:\/\/luchonoticias.com\/editor\/petro-y-vicky-davila-vuelven-a-sacarse-chispas\/"},"wordCount":269,"publisher":{"@id":"https:\/\/luchonoticias.com\/editor\/#\/schema\/person\/7a7fd911f58561fd056dbac7b55af9cd"},"image":{"@id":"https:\/\/luchonoticias.com\/editor\/petro-y-vicky-davila-vuelven-a-sacarse-chispas\/#primaryimage"},"thumbnailUrl":"https:\/\/luchonoticias.com\/editor\/wp-content\/uploads\/2025\/10\/petro-vicky.jpg","articleSection":["Actualidad","Nacional"],"inLanguage":"es"},{"@type":"WebPage","@id":"https:\/\/luchonoticias.com\/editor\/petro-y-vicky-davila-vuelven-a-sacarse-chispas\/","url":"https:\/\/luchonoticias.com\/editor\/petro-y-vicky-davila-vuelven-a-sacarse-chispas\/","name":"Petro y Vicky D\u00e1vila vuelven a 'sacarse chispas' -","isPartOf":{"@id":"https:\/\/luchonoticias.com\/editor\/#website"},"primaryImageOfPage":{"@id":"https:\/\/luchonoticias.com\/editor\/petro-y-vicky-davila-vuelven-a-sacarse-chispas\/#primaryimage"},"image":{"@id":"https:\/\/luchonoticias.com\/editor\/petro-y-vicky-davila-vuelven-a-sacarse-chispas\/#primaryimage"},"thumbnailUrl":"https:\/\/luchonoticias.com\/editor\/wp-content\/uploads\/2025\/10\/petro-vicky.jpg","datePublished":"2025-10-03T09:18:39+00:00","dateModified":"2025-10-03T09:18:41+00:00","breadcrumb":{"@id":"https:\/\/luchonoticias.com\/editor\/petro-y-vicky-davila-vuelven-a-sacarse-chispas\/#breadcrumb"},"inLanguage":"es","potentialAction":[{"@type":"ReadAction","target":["https:\/\/luchonoticias.com\/editor\/petro-y-vicky-davila-vuelven-a-sacarse-chispas\/"]}]},{"@type":"ImageObject","inLanguage":"es","@id":"https:\/\/luchonoticias.com\/editor\/petro-y-vicky-davila-vuelven-a-sacarse-chispas\/#primaryimage","url":"https:\/\/luchonoticias.com\/editor\/wp-content\/uploads\/2025\/10\/petro-vicky.jpg","contentUrl":"https:\/\/luchonoticias.com\/editor\/wp-content\/uploads\/2025\/10\/petro-vicky.jpg","width":700,"height":400},{"@type":"BreadcrumbList","@id":"https:\/\/luchonoticias.com\/editor\/petro-y-vicky-davila-vuelven-a-sacarse-chispas\/#breadcrumb","itemListElement":[{"@type":"ListItem","position":1,"name":"Portada","item":"https:\/\/luchonoticias.com\/editor\/"},{"@type":"ListItem","position":2,"name":"Petro y Vicky D\u00e1vila vuelven a &#8216;sacarse chispas&#8217;"}]},{"@type":"WebSite","@id":"https:\/\/luchonoticias.com\/editor\/#website","url":"https:\/\/luchonoticias.com\/editor\/","name":"","description":"","publisher":{"@id":"https:\/\/luchonoticias.com\/editor\/#\/schema\/person\/7a7fd911f58561fd056dbac7b55af9cd"},"potentialAction":[{"@type":"SearchAction","target":{"@type":"EntryPoint","urlTemplate":"https:\/\/luchonoticias.com\/editor\/?s={search_term_string}"},"query-input":{"@type":"PropertyValueSpecification","valueRequired":true,"valueName":"search_term_string"}}],"inLanguage":"es"},{"@type":["Person","Organization"],"@id":"https:\/\/luchonoticias.com\/editor\/#\/schema\/person\/7a7fd911f58561fd056dbac7b55af9cd","name":"admin","image":{"@type":"ImageObject","inLanguage":"es","@id":"https:\/\/luchonoticias.com\/editor\/#\/schema\/person\/image\/","url":"https:\/\/luchonoticias.com\/editor\/wp-content\/uploads\/2024\/02\/cropped-cropped-logolu.webp","contentUrl":"https:\/\/luchonoticias.com\/editor\/wp-content\/uploads\/2024\/02\/cropped-cropped-logolu.webp","width":382,"height":170,"caption":"admin"},"logo":{"@id":"https:\/\/luchonoticias.com\/editor\/#\/schema\/person\/image\/"},"sameAs":["https:\/\/www.facebook.com\/luchonoticiasneiva"]},{"@type":"Person","@id":"https:\/\/luchonoticias.com\/editor\/#\/schema\/person\/29217990ddf6f14e35912b2866d591fb","name":"Editor General","image":{"@type":"ImageObject","inLanguage":"es","@id":"https:\/\/luchonoticias.com\/editor\/#\/schema\/person\/image\/","url":"https:\/\/luchonoticias.com\/editor\/wp-content\/uploads\/2024\/02\/cropped-cropped-logolu-150x150.webp","contentUrl":"https:\/\/luchonoticias.com\/editor\/wp-content\/uploads\/2024\/02\/cropped-cropped-logolu-150x150.webp","caption":"Editor General"},"sameAs":["https:\/\/luchonoticias.com\/"],"url":"https:\/\/luchonoticias.com\/editor\/author\/editor-general\/"}]}},"_links":{"self":[{"href":"https:\/\/luchonoticias.com\/editor\/wp-json\/wp\/v2\/posts\/88802","targetHints":{"allow":["GET"]}}],"collection":[{"href":"https:\/\/luchonoticias.com\/editor\/wp-json\/wp\/v2\/posts"}],"about":[{"href":"https:\/\/luchonoticias.com\/editor\/wp-json\/wp\/v2\/types\/post"}],"author":[{"embeddable":true,"href":"https:\/\/luchonoticias.com\/editor\/wp-json\/wp\/v2\/users\/2"}],"replies":[{"embeddable":true,"href":"https:\/\/luchonoticias.com\/editor\/wp-json\/wp\/v2\/comments?post=88802"}],"version-history":[{"count":1,"href":"https:\/\/luchonoticias.com\/editor\/wp-json\/wp\/v2\/posts\/88802\/revisions"}],"predecessor-version":[{"id":88804,"href":"https:\/\/luchonoticias.com\/editor\/wp-json\/wp\/v2\/posts\/88802\/revisions\/88804"}],"wp:featuredmedia":[{"embeddable":true,"href":"https:\/\/luchonoticias.com\/editor\/wp-json\/wp\/v2\/media\/88803"}],"wp:attachment":[{"href":"https:\/\/luchonoticias.com\/editor\/wp-json\/wp\/v2\/media?parent=88802"}],"wp:term":[{"taxonomy":"category","embeddable":true,"href":"https:\/\/luchonoticias.com\/editor\/wp-json\/wp\/v2\/categories?post=88802"},{"taxonomy":"post_tag","embeddable":true,"href":"https:\/\/luchonoticias.com\/editor\/wp-json\/wp\/v2\/tags?post=88802"}],"curies":[{"name":"wp","href":"https:\/\/api.w.org\/{rel}","templated":true}]}}