{"id":88805,"date":"2025-10-03T04:35:59","date_gmt":"2025-10-03T09:35:59","guid":{"rendered":"https:\/\/luchonoticias.com\/?p=88805"},"modified":"2025-10-03T04:36:01","modified_gmt":"2025-10-03T09:36:01","slug":"en-marcha-sistema-de-georreferenciacion-de-ambulancias","status":"publish","type":"post","link":"https:\/\/luchonoticias.com\/editor\/en-marcha-sistema-de-georreferenciacion-de-ambulancias\/","title":{"rendered":"En marcha sistema de georreferenciaci\u00f3n de ambulancias"},"content":{"rendered":"\n<p>Con una inversi\u00f3n de m\u00e1s de 375 millones de pesos, la Gobernaci\u00f3n del Huila y la Secretar\u00eda de Salud pusieron en marcha un sistema de georreferenciaci\u00f3n que permitir\u00e1 supervisar en tiempo real el servicio de ambulancias en el departamento. La herramienta estar\u00e1 completamente operativa en tres meses y busca garantizar un mejor servicio en la atenci\u00f3n de urgencias y emergencias.<\/p>\n\n\n\n<p>El proyecto fue priorizado por el gobierno de Rodrigo Villalba tras las reiteradas quejas recibidas por el Centro Regulador de Urgencias y Emergencias del Huila (CRUEH). Seg\u00fan el secretario de Salud, C\u00e9sar Germ\u00e1n Roa, la iniciativa permitir\u00e1 ordenar la operaci\u00f3n de las ambulancias, controlar su efectividad y, en \u00faltima instancia, salvar m\u00e1s vidas.<\/p>\n\n\n\n<p>La implementaci\u00f3n del sistema estar\u00e1 bajo la supervisi\u00f3n del CRUEH, que contar\u00e1 con un equipo de m\u00e9dicos y expertos encargados de auditar los resultados. Entre sus ventajas, permitir\u00e1 ubicar las ambulancias con precisi\u00f3n, regular la velocidad de los veh\u00edculos y mejorar los tiempos de respuesta frente a emergencias.<\/p>\n\n\n\n<figure class=\"wp-block-gallery has-nested-images columns-default is-cropped wp-block-gallery-1 is-layout-flex wp-block-gallery-is-layout-flex\">\n<figure class=\"wp-block-image size-large\"><img loading=\"lazy\" decoding=\"async\" width=\"1024\" height=\"768\" data-id=\"88807\" src=\"https:\/\/luchonoticias.com\/wp-content\/uploads\/2025\/10\/WhatsApp-Image-2025-10-02-at-19.39.05-1024x768.jpeg\" alt=\"\" class=\"wp-image-88807\" srcset=\"https:\/\/luchonoticias.com\/editor\/wp-content\/uploads\/2025\/10\/WhatsApp-Image-2025-10-02-at-19.39.05-1024x768.jpeg 1024w, https:\/\/luchonoticias.com\/editor\/wp-content\/uploads\/2025\/10\/WhatsApp-Image-2025-10-02-at-19.39.05-300x225.jpeg 300w, https:\/\/luchonoticias.com\/editor\/wp-content\/uploads\/2025\/10\/WhatsApp-Image-2025-10-02-at-19.39.05-768x576.jpeg 768w, https:\/\/luchonoticias.com\/editor\/wp-content\/uploads\/2025\/10\/WhatsApp-Image-2025-10-02-at-19.39.05-1536x1152.jpeg 1536w, https:\/\/luchonoticias.com\/editor\/wp-content\/uploads\/2025\/10\/WhatsApp-Image-2025-10-02-at-19.39.05-640x480.jpeg 640w, https:\/\/luchonoticias.com\/editor\/wp-content\/uploads\/2025\/10\/WhatsApp-Image-2025-10-02-at-19.39.05-1000x750.jpeg 1000w, https:\/\/luchonoticias.com\/editor\/wp-content\/uploads\/2025\/10\/WhatsApp-Image-2025-10-02-at-19.39.05.jpeg 1600w\" sizes=\"auto, (max-width: 1024px) 100vw, 1024px\" \/><\/figure>\n\n\n\n<figure class=\"wp-block-image size-large\"><img loading=\"lazy\" decoding=\"async\" width=\"1024\" height=\"768\" data-id=\"88808\" src=\"https:\/\/luchonoticias.com\/wp-content\/uploads\/2025\/10\/WhatsApp-Image-2025-10-02-at-19.39.06-1024x768.jpeg\" alt=\"\" class=\"wp-image-88808\" srcset=\"https:\/\/luchonoticias.com\/editor\/wp-content\/uploads\/2025\/10\/WhatsApp-Image-2025-10-02-at-19.39.06-1024x768.jpeg 1024w, https:\/\/luchonoticias.com\/editor\/wp-content\/uploads\/2025\/10\/WhatsApp-Image-2025-10-02-at-19.39.06-300x225.jpeg 300w, https:\/\/luchonoticias.com\/editor\/wp-content\/uploads\/2025\/10\/WhatsApp-Image-2025-10-02-at-19.39.06-768x576.jpeg 768w, https:\/\/luchonoticias.com\/editor\/wp-content\/uploads\/2025\/10\/WhatsApp-Image-2025-10-02-at-19.39.06-1536x1152.jpeg 1536w, https:\/\/luchonoticias.com\/editor\/wp-content\/uploads\/2025\/10\/WhatsApp-Image-2025-10-02-at-19.39.06-640x480.jpeg 640w, https:\/\/luchonoticias.com\/editor\/wp-content\/uploads\/2025\/10\/WhatsApp-Image-2025-10-02-at-19.39.06-1000x750.jpeg 1000w, https:\/\/luchonoticias.com\/editor\/wp-content\/uploads\/2025\/10\/WhatsApp-Image-2025-10-02-at-19.39.06.jpeg 1600w\" sizes=\"auto, (max-width: 1024px) 100vw, 1024px\" \/><\/figure>\n<\/figure>\n\n\n\n<p>Cada ambulancia dispondr\u00e1 de una aplicaci\u00f3n m\u00f3vil conectada al CRUEH, lo que permitir\u00e1 identificar la unidad m\u00e1s cercana a un incidente y asignarla de inmediato. Adem\u00e1s, se establecer\u00e1 un control sobre las empresas prestadoras del servicio, evitando la competencia desordenada y garantizando un mejor funcionamiento.<\/p>\n\n\n\n<p>En su primera etapa, el sistema ser\u00e1 instalado en cerca de 50 ambulancias que operan en Neiva y, posteriormente, se extender\u00e1 a los municipios del Huila. La empresa Eyt Desarrollo lidera la implementaci\u00f3n del software, que deber\u00e1 estar funcionando plenamente en diciembre de este a\u00f1o.<\/p>\n","protected":false},"excerpt":{"rendered":"<p>Con una inversi\u00f3n de m\u00e1s de 375 millones de pesos, la Gobernaci\u00f3n del Huila y la Secretar\u00eda de Salud pusieron en marcha un sistema de georreferenciaci\u00f3n que permitir\u00e1 supervisar en tiempo real el servicio de ambulancias en el departamento. La herramienta estar\u00e1 completamente operativa en tres meses y busca garantizar un mejor servicio en la [&hellip;]<\/p>\n","protected":false},"author":2,"featured_media":88806,"comment_status":"closed","ping_status":"open","sticky":false,"template":"","format":"standard","meta":{"footnotes":""},"categories":[33],"tags":[],"class_list":["post-88805","post","type-post","status-publish","format-standard","has-post-thumbnail","hentry","category-huila"],"yoast_head":"<!-- This site is optimized with the Yoast SEO plugin v26.6 - https:\/\/yoast.com\/wordpress\/plugins\/seo\/ -->\n<title>En marcha sistema de georreferenciaci\u00f3n de ambulancias -<\/title>\n<meta name=\"robots\" content=\"index, follow, max-snippet:-1, max-image-preview:large, max-video-preview:-1\" \/>\n<link rel=\"canonical\" href=\"https:\/\/luchonoticias.com\/editor\/en-marcha-sistema-de-georreferenciacion-de-ambulancias\/\" \/>\n<meta property=\"og:locale\" content=\"es_ES\" \/>\n<meta property=\"og:type\" content=\"article\" \/>\n<meta property=\"og:title\" content=\"En marcha sistema de georreferenciaci\u00f3n de ambulancias -\" \/>\n<meta property=\"og:url\" content=\"https:\/\/luchonoticias.com\/editor\/en-marcha-sistema-de-georreferenciacion-de-ambulancias\/\" \/>\n<meta property=\"article:publisher\" content=\"https:\/\/www.facebook.com\/luchonoticiasneiva\" \/>\n<meta property=\"article:published_time\" content=\"2025-10-03T09:35:59+00:00\" \/>\n<meta property=\"article:modified_time\" content=\"2025-10-03T09:36:01+00:00\" \/>\n<meta property=\"og:image\" content=\"https:\/\/luchonoticias.com\/editor\/wp-content\/uploads\/2025\/10\/ambulancia.jpg\" \/>\n\t<meta property=\"og:image:width\" content=\"700\" \/>\n\t<meta property=\"og:image:height\" content=\"400\" \/>\n\t<meta property=\"og:image:type\" content=\"image\/jpeg\" \/>\n<meta name=\"author\" content=\"Editor General\" \/>\n<meta name=\"twitter:card\" content=\"summary_large_image\" \/>\n<meta name=\"twitter:label1\" content=\"Escrito por\" \/>\n\t<meta name=\"twitter:data1\" content=\"Editor General\" \/>\n\t<meta name=\"twitter:label2\" content=\"Tiempo de lectura\" \/>\n\t<meta name=\"twitter:data2\" content=\"2 minutos\" \/>\n<script type=\"application\/ld+json\" class=\"yoast-schema-graph\">{\"@context\":\"https:\/\/schema.org\",\"@graph\":[{\"@type\":\"Article\",\"@id\":\"https:\/\/luchonoticias.com\/editor\/en-marcha-sistema-de-georreferenciacion-de-ambulancias\/#article\",\"isPartOf\":{\"@id\":\"https:\/\/luchonoticias.com\/editor\/en-marcha-sistema-de-georreferenciacion-de-ambulancias\/\"},\"author\":{\"name\":\"Editor General\",\"@id\":\"https:\/\/luchonoticias.com\/editor\/#\/schema\/person\/29217990ddf6f14e35912b2866d591fb\"},\"headline\":\"En marcha sistema de georreferenciaci\u00f3n de ambulancias\",\"datePublished\":\"2025-10-03T09:35:59+00:00\",\"dateModified\":\"2025-10-03T09:36:01+00:00\",\"mainEntityOfPage\":{\"@id\":\"https:\/\/luchonoticias.com\/editor\/en-marcha-sistema-de-georreferenciacion-de-ambulancias\/\"},\"wordCount\":279,\"publisher\":{\"@id\":\"https:\/\/luchonoticias.com\/editor\/#\/schema\/person\/7a7fd911f58561fd056dbac7b55af9cd\"},\"image\":{\"@id\":\"https:\/\/luchonoticias.com\/editor\/en-marcha-sistema-de-georreferenciacion-de-ambulancias\/#primaryimage\"},\"thumbnailUrl\":\"https:\/\/luchonoticias.com\/editor\/wp-content\/uploads\/2025\/10\/ambulancia.jpg\",\"articleSection\":[\"Huila\"],\"inLanguage\":\"es\"},{\"@type\":\"WebPage\",\"@id\":\"https:\/\/luchonoticias.com\/editor\/en-marcha-sistema-de-georreferenciacion-de-ambulancias\/\",\"url\":\"https:\/\/luchonoticias.com\/editor\/en-marcha-sistema-de-georreferenciacion-de-ambulancias\/\",\"name\":\"En marcha sistema de georreferenciaci\u00f3n de ambulancias -\",\"isPartOf\":{\"@id\":\"https:\/\/luchonoticias.com\/editor\/#website\"},\"primaryImageOfPage\":{\"@id\":\"https:\/\/luchonoticias.com\/editor\/en-marcha-sistema-de-georreferenciacion-de-ambulancias\/#primaryimage\"},\"image\":{\"@id\":\"https:\/\/luchonoticias.com\/editor\/en-marcha-sistema-de-georreferenciacion-de-ambulancias\/#primaryimage\"},\"thumbnailUrl\":\"https:\/\/luchonoticias.com\/editor\/wp-content\/uploads\/2025\/10\/ambulancia.jpg\",\"datePublished\":\"2025-10-03T09:35:59+00:00\",\"dateModified\":\"2025-10-03T09:36:01+00:00\",\"breadcrumb\":{\"@id\":\"https:\/\/luchonoticias.com\/editor\/en-marcha-sistema-de-georreferenciacion-de-ambulancias\/#breadcrumb\"},\"inLanguage\":\"es\",\"potentialAction\":[{\"@type\":\"ReadAction\",\"target\":[\"https:\/\/luchonoticias.com\/editor\/en-marcha-sistema-de-georreferenciacion-de-ambulancias\/\"]}]},{\"@type\":\"ImageObject\",\"inLanguage\":\"es\",\"@id\":\"https:\/\/luchonoticias.com\/editor\/en-marcha-sistema-de-georreferenciacion-de-ambulancias\/#primaryimage\",\"url\":\"https:\/\/luchonoticias.com\/editor\/wp-content\/uploads\/2025\/10\/ambulancia.jpg\",\"contentUrl\":\"https:\/\/luchonoticias.com\/editor\/wp-content\/uploads\/2025\/10\/ambulancia.jpg\",\"width\":700,\"height\":400},{\"@type\":\"BreadcrumbList\",\"@id\":\"https:\/\/luchonoticias.com\/editor\/en-marcha-sistema-de-georreferenciacion-de-ambulancias\/#breadcrumb\",\"itemListElement\":[{\"@type\":\"ListItem\",\"position\":1,\"name\":\"Portada\",\"item\":\"https:\/\/luchonoticias.com\/editor\/\"},{\"@type\":\"ListItem\",\"position\":2,\"name\":\"En marcha sistema de georreferenciaci\u00f3n de ambulancias\"}]},{\"@type\":\"WebSite\",\"@id\":\"https:\/\/luchonoticias.com\/editor\/#website\",\"url\":\"https:\/\/luchonoticias.com\/editor\/\",\"name\":\"\",\"description\":\"\",\"publisher\":{\"@id\":\"https:\/\/luchonoticias.com\/editor\/#\/schema\/person\/7a7fd911f58561fd056dbac7b55af9cd\"},\"potentialAction\":[{\"@type\":\"SearchAction\",\"target\":{\"@type\":\"EntryPoint\",\"urlTemplate\":\"https:\/\/luchonoticias.com\/editor\/?s={search_term_string}\"},\"query-input\":{\"@type\":\"PropertyValueSpecification\",\"valueRequired\":true,\"valueName\":\"search_term_string\"}}],\"inLanguage\":\"es\"},{\"@type\":[\"Person\",\"Organization\"],\"@id\":\"https:\/\/luchonoticias.com\/editor\/#\/schema\/person\/7a7fd911f58561fd056dbac7b55af9cd\",\"name\":\"admin\",\"image\":{\"@type\":\"ImageObject\",\"inLanguage\":\"es\",\"@id\":\"https:\/\/luchonoticias.com\/editor\/#\/schema\/person\/image\/\",\"url\":\"https:\/\/luchonoticias.com\/editor\/wp-content\/uploads\/2024\/02\/cropped-cropped-logolu.webp\",\"contentUrl\":\"https:\/\/luchonoticias.com\/editor\/wp-content\/uploads\/2024\/02\/cropped-cropped-logolu.webp\",\"width\":382,\"height\":170,\"caption\":\"admin\"},\"logo\":{\"@id\":\"https:\/\/luchonoticias.com\/editor\/#\/schema\/person\/image\/\"},\"sameAs\":[\"https:\/\/www.facebook.com\/luchonoticiasneiva\"]},{\"@type\":\"Person\",\"@id\":\"https:\/\/luchonoticias.com\/editor\/#\/schema\/person\/29217990ddf6f14e35912b2866d591fb\",\"name\":\"Editor General\",\"image\":{\"@type\":\"ImageObject\",\"inLanguage\":\"es\",\"@id\":\"https:\/\/luchonoticias.com\/editor\/#\/schema\/person\/image\/\",\"url\":\"https:\/\/luchonoticias.com\/editor\/wp-content\/uploads\/2024\/02\/cropped-cropped-logolu-150x150.webp\",\"contentUrl\":\"https:\/\/luchonoticias.com\/editor\/wp-content\/uploads\/2024\/02\/cropped-cropped-logolu-150x150.webp\",\"caption\":\"Editor General\"},\"sameAs\":[\"https:\/\/luchonoticias.com\/\"],\"url\":\"https:\/\/luchonoticias.com\/editor\/author\/editor-general\/\"}]}<\/script>\n<!-- \/ Yoast SEO plugin. -->","yoast_head_json":{"title":"En marcha sistema de georreferenciaci\u00f3n de ambulancias -","robots":{"index":"index","follow":"follow","max-snippet":"max-snippet:-1","max-image-preview":"max-image-preview:large","max-video-preview":"max-video-preview:-1"},"canonical":"https:\/\/luchonoticias.com\/editor\/en-marcha-sistema-de-georreferenciacion-de-ambulancias\/","og_locale":"es_ES","og_type":"article","og_title":"En marcha sistema de georreferenciaci\u00f3n de ambulancias -","og_url":"https:\/\/luchonoticias.com\/editor\/en-marcha-sistema-de-georreferenciacion-de-ambulancias\/","article_publisher":"https:\/\/www.facebook.com\/luchonoticiasneiva","article_published_time":"2025-10-03T09:35:59+00:00","article_modified_time":"2025-10-03T09:36:01+00:00","og_image":[{"width":700,"height":400,"url":"https:\/\/luchonoticias.com\/editor\/wp-content\/uploads\/2025\/10\/ambulancia.jpg","type":"image\/jpeg"}],"author":"Editor General","twitter_card":"summary_large_image","twitter_misc":{"Escrito por":"Editor General","Tiempo de lectura":"2 minutos"},"schema":{"@context":"https:\/\/schema.org","@graph":[{"@type":"Article","@id":"https:\/\/luchonoticias.com\/editor\/en-marcha-sistema-de-georreferenciacion-de-ambulancias\/#article","isPartOf":{"@id":"https:\/\/luchonoticias.com\/editor\/en-marcha-sistema-de-georreferenciacion-de-ambulancias\/"},"author":{"name":"Editor General","@id":"https:\/\/luchonoticias.com\/editor\/#\/schema\/person\/29217990ddf6f14e35912b2866d591fb"},"headline":"En marcha sistema de georreferenciaci\u00f3n de ambulancias","datePublished":"2025-10-03T09:35:59+00:00","dateModified":"2025-10-03T09:36:01+00:00","mainEntityOfPage":{"@id":"https:\/\/luchonoticias.com\/editor\/en-marcha-sistema-de-georreferenciacion-de-ambulancias\/"},"wordCount":279,"publisher":{"@id":"https:\/\/luchonoticias.com\/editor\/#\/schema\/person\/7a7fd911f58561fd056dbac7b55af9cd"},"image":{"@id":"https:\/\/luchonoticias.com\/editor\/en-marcha-sistema-de-georreferenciacion-de-ambulancias\/#primaryimage"},"thumbnailUrl":"https:\/\/luchonoticias.com\/editor\/wp-content\/uploads\/2025\/10\/ambulancia.jpg","articleSection":["Huila"],"inLanguage":"es"},{"@type":"WebPage","@id":"https:\/\/luchonoticias.com\/editor\/en-marcha-sistema-de-georreferenciacion-de-ambulancias\/","url":"https:\/\/luchonoticias.com\/editor\/en-marcha-sistema-de-georreferenciacion-de-ambulancias\/","name":"En marcha sistema de georreferenciaci\u00f3n de ambulancias -","isPartOf":{"@id":"https:\/\/luchonoticias.com\/editor\/#website"},"primaryImageOfPage":{"@id":"https:\/\/luchonoticias.com\/editor\/en-marcha-sistema-de-georreferenciacion-de-ambulancias\/#primaryimage"},"image":{"@id":"https:\/\/luchonoticias.com\/editor\/en-marcha-sistema-de-georreferenciacion-de-ambulancias\/#primaryimage"},"thumbnailUrl":"https:\/\/luchonoticias.com\/editor\/wp-content\/uploads\/2025\/10\/ambulancia.jpg","datePublished":"2025-10-03T09:35:59+00:00","dateModified":"2025-10-03T09:36:01+00:00","breadcrumb":{"@id":"https:\/\/luchonoticias.com\/editor\/en-marcha-sistema-de-georreferenciacion-de-ambulancias\/#breadcrumb"},"inLanguage":"es","potentialAction":[{"@type":"ReadAction","target":["https:\/\/luchonoticias.com\/editor\/en-marcha-sistema-de-georreferenciacion-de-ambulancias\/"]}]},{"@type":"ImageObject","inLanguage":"es","@id":"https:\/\/luchonoticias.com\/editor\/en-marcha-sistema-de-georreferenciacion-de-ambulancias\/#primaryimage","url":"https:\/\/luchonoticias.com\/editor\/wp-content\/uploads\/2025\/10\/ambulancia.jpg","contentUrl":"https:\/\/luchonoticias.com\/editor\/wp-content\/uploads\/2025\/10\/ambulancia.jpg","width":700,"height":400},{"@type":"BreadcrumbList","@id":"https:\/\/luchonoticias.com\/editor\/en-marcha-sistema-de-georreferenciacion-de-ambulancias\/#breadcrumb","itemListElement":[{"@type":"ListItem","position":1,"name":"Portada","item":"https:\/\/luchonoticias.com\/editor\/"},{"@type":"ListItem","position":2,"name":"En marcha sistema de georreferenciaci\u00f3n de ambulancias"}]},{"@type":"WebSite","@id":"https:\/\/luchonoticias.com\/editor\/#website","url":"https:\/\/luchonoticias.com\/editor\/","name":"","description":"","publisher":{"@id":"https:\/\/luchonoticias.com\/editor\/#\/schema\/person\/7a7fd911f58561fd056dbac7b55af9cd"},"potentialAction":[{"@type":"SearchAction","target":{"@type":"EntryPoint","urlTemplate":"https:\/\/luchonoticias.com\/editor\/?s={search_term_string}"},"query-input":{"@type":"PropertyValueSpecification","valueRequired":true,"valueName":"search_term_string"}}],"inLanguage":"es"},{"@type":["Person","Organization"],"@id":"https:\/\/luchonoticias.com\/editor\/#\/schema\/person\/7a7fd911f58561fd056dbac7b55af9cd","name":"admin","image":{"@type":"ImageObject","inLanguage":"es","@id":"https:\/\/luchonoticias.com\/editor\/#\/schema\/person\/image\/","url":"https:\/\/luchonoticias.com\/editor\/wp-content\/uploads\/2024\/02\/cropped-cropped-logolu.webp","contentUrl":"https:\/\/luchonoticias.com\/editor\/wp-content\/uploads\/2024\/02\/cropped-cropped-logolu.webp","width":382,"height":170,"caption":"admin"},"logo":{"@id":"https:\/\/luchonoticias.com\/editor\/#\/schema\/person\/image\/"},"sameAs":["https:\/\/www.facebook.com\/luchonoticiasneiva"]},{"@type":"Person","@id":"https:\/\/luchonoticias.com\/editor\/#\/schema\/person\/29217990ddf6f14e35912b2866d591fb","name":"Editor General","image":{"@type":"ImageObject","inLanguage":"es","@id":"https:\/\/luchonoticias.com\/editor\/#\/schema\/person\/image\/","url":"https:\/\/luchonoticias.com\/editor\/wp-content\/uploads\/2024\/02\/cropped-cropped-logolu-150x150.webp","contentUrl":"https:\/\/luchonoticias.com\/editor\/wp-content\/uploads\/2024\/02\/cropped-cropped-logolu-150x150.webp","caption":"Editor General"},"sameAs":["https:\/\/luchonoticias.com\/"],"url":"https:\/\/luchonoticias.com\/editor\/author\/editor-general\/"}]}},"_links":{"self":[{"href":"https:\/\/luchonoticias.com\/editor\/wp-json\/wp\/v2\/posts\/88805","targetHints":{"allow":["GET"]}}],"collection":[{"href":"https:\/\/luchonoticias.com\/editor\/wp-json\/wp\/v2\/posts"}],"about":[{"href":"https:\/\/luchonoticias.com\/editor\/wp-json\/wp\/v2\/types\/post"}],"author":[{"embeddable":true,"href":"https:\/\/luchonoticias.com\/editor\/wp-json\/wp\/v2\/users\/2"}],"replies":[{"embeddable":true,"href":"https:\/\/luchonoticias.com\/editor\/wp-json\/wp\/v2\/comments?post=88805"}],"version-history":[{"count":1,"href":"https:\/\/luchonoticias.com\/editor\/wp-json\/wp\/v2\/posts\/88805\/revisions"}],"predecessor-version":[{"id":88809,"href":"https:\/\/luchonoticias.com\/editor\/wp-json\/wp\/v2\/posts\/88805\/revisions\/88809"}],"wp:featuredmedia":[{"embeddable":true,"href":"https:\/\/luchonoticias.com\/editor\/wp-json\/wp\/v2\/media\/88806"}],"wp:attachment":[{"href":"https:\/\/luchonoticias.com\/editor\/wp-json\/wp\/v2\/media?parent=88805"}],"wp:term":[{"taxonomy":"category","embeddable":true,"href":"https:\/\/luchonoticias.com\/editor\/wp-json\/wp\/v2\/categories?post=88805"},{"taxonomy":"post_tag","embeddable":true,"href":"https:\/\/luchonoticias.com\/editor\/wp-json\/wp\/v2\/tags?post=88805"}],"curies":[{"name":"wp","href":"https:\/\/api.w.org\/{rel}","templated":true}]}}