{"id":88810,"date":"2025-10-03T04:40:48","date_gmt":"2025-10-03T09:40:48","guid":{"rendered":"https:\/\/luchonoticias.com\/?p=88810"},"modified":"2025-10-03T04:40:50","modified_gmt":"2025-10-03T09:40:50","slug":"familiares-de-mujer-trans-muerta-piden-que-sea-feminicidio","status":"publish","type":"post","link":"https:\/\/luchonoticias.com\/editor\/familiares-de-mujer-trans-muerta-piden-que-sea-feminicidio\/","title":{"rendered":"Familiares de mujer trans muerta piden que sea feminicidio"},"content":{"rendered":"\n<p>El asesinato de Sara Millerey Gonz\u00e1lez Borja, mujer trans de 32 a\u00f1os, contin\u00faa en proceso judicial mientras su familia exige que el caso no se quede en un homicidio agravado, sino que se reconozca como feminicidio. El crimen ocurri\u00f3 el 4 de abril en Bello, norte del Valle de Aburr\u00e1, y conmocion\u00f3 por la brutalidad con la que fue cometido.<\/p>\n\n\n\n<p>Por los hechos fueron capturados Juan Camilo Mu\u00f1oz Gaviria, alias \u2018Teta\u2019, y Juan David Echavarr\u00eda Zapata, alias \u2018Chuky\u2019, presuntos miembros de la banda El Mesa. Ambos fueron imputados por homicidio agravado y tortura, aunque las investigaciones sugieren que al menos seis personas habr\u00edan participado en la agresi\u00f3n.<\/p>\n\n\n\n<p>La defensa de la familia radic\u00f3 formalmente la solicitud de reclasificar el delito como feminicidio agravado, argumentando que la violencia contra Sara estuvo motivada por su identidad de g\u00e9nero. Para ellos, no se trata de un crimen aislado, sino de un hecho que refleja violencia basada en prejuicios.<\/p>\n\n\n\n<p>Sara fue hallada con fracturas en brazos y piernas, m\u00faltiples golpes en la cabeza y finalmente arrojada a una quebrada en el barrio Playa Rica. Videos grabados por transe\u00fantes muestran sus \u00faltimos instantes antes de ser trasladada al hospital La Mar\u00eda, donde muri\u00f3 por la gravedad de las heridas.<\/p>\n\n\n\n<p>Pese a ello, la Fiscal\u00eda rechaz\u00f3 la petici\u00f3n. Seg\u00fan la funcionaria del caso, no existen pruebas que indiquen que la identidad de g\u00e9nero de Sara fuera la motivaci\u00f3n del ataque, y se\u00f1al\u00f3 que el crimen estar\u00eda relacionado con disputas por dinero.<\/p>\n","protected":false},"excerpt":{"rendered":"<p>El asesinato de Sara Millerey Gonz\u00e1lez Borja, mujer trans de 32 a\u00f1os, contin\u00faa en proceso judicial mientras su familia exige que el caso no se quede en un homicidio agravado, sino que se reconozca como feminicidio. El crimen ocurri\u00f3 el 4 de abril en Bello, norte del Valle de Aburr\u00e1, y conmocion\u00f3 por la brutalidad [&hellip;]<\/p>\n","protected":false},"author":2,"featured_media":88811,"comment_status":"closed","ping_status":"open","sticky":false,"template":"","format":"standard","meta":{"footnotes":""},"categories":[28,32],"tags":[],"class_list":["post-88810","post","type-post","status-publish","format-standard","has-post-thumbnail","hentry","category-actualidad","category-nacional"],"yoast_head":"<!-- This site is optimized with the Yoast SEO plugin v26.6 - https:\/\/yoast.com\/wordpress\/plugins\/seo\/ -->\n<title>Familiares de mujer trans muerta piden que sea feminicidio -<\/title>\n<meta name=\"robots\" content=\"index, follow, max-snippet:-1, max-image-preview:large, max-video-preview:-1\" \/>\n<link rel=\"canonical\" href=\"https:\/\/luchonoticias.com\/editor\/familiares-de-mujer-trans-muerta-piden-que-sea-feminicidio\/\" \/>\n<meta property=\"og:locale\" content=\"es_ES\" \/>\n<meta property=\"og:type\" content=\"article\" \/>\n<meta property=\"og:title\" content=\"Familiares de mujer trans muerta piden que sea feminicidio -\" \/>\n<meta property=\"og:url\" content=\"https:\/\/luchonoticias.com\/editor\/familiares-de-mujer-trans-muerta-piden-que-sea-feminicidio\/\" \/>\n<meta property=\"article:publisher\" content=\"https:\/\/www.facebook.com\/luchonoticiasneiva\" \/>\n<meta property=\"article:published_time\" content=\"2025-10-03T09:40:48+00:00\" \/>\n<meta property=\"article:modified_time\" content=\"2025-10-03T09:40:50+00:00\" \/>\n<meta property=\"og:image\" content=\"https:\/\/luchonoticias.com\/editor\/wp-content\/uploads\/2025\/10\/sara-trans.jpg\" \/>\n\t<meta property=\"og:image:width\" content=\"700\" \/>\n\t<meta property=\"og:image:height\" content=\"400\" \/>\n\t<meta property=\"og:image:type\" content=\"image\/jpeg\" \/>\n<meta name=\"author\" content=\"Editor General\" \/>\n<meta name=\"twitter:card\" content=\"summary_large_image\" \/>\n<meta name=\"twitter:label1\" content=\"Escrito por\" \/>\n\t<meta name=\"twitter:data1\" content=\"Editor General\" \/>\n\t<meta name=\"twitter:label2\" content=\"Tiempo de lectura\" \/>\n\t<meta name=\"twitter:data2\" content=\"2 minutos\" \/>\n<script type=\"application\/ld+json\" class=\"yoast-schema-graph\">{\"@context\":\"https:\/\/schema.org\",\"@graph\":[{\"@type\":\"Article\",\"@id\":\"https:\/\/luchonoticias.com\/editor\/familiares-de-mujer-trans-muerta-piden-que-sea-feminicidio\/#article\",\"isPartOf\":{\"@id\":\"https:\/\/luchonoticias.com\/editor\/familiares-de-mujer-trans-muerta-piden-que-sea-feminicidio\/\"},\"author\":{\"name\":\"Editor General\",\"@id\":\"https:\/\/luchonoticias.com\/editor\/#\/schema\/person\/29217990ddf6f14e35912b2866d591fb\"},\"headline\":\"Familiares de mujer trans muerta piden que sea feminicidio\",\"datePublished\":\"2025-10-03T09:40:48+00:00\",\"dateModified\":\"2025-10-03T09:40:50+00:00\",\"mainEntityOfPage\":{\"@id\":\"https:\/\/luchonoticias.com\/editor\/familiares-de-mujer-trans-muerta-piden-que-sea-feminicidio\/\"},\"wordCount\":270,\"publisher\":{\"@id\":\"https:\/\/luchonoticias.com\/editor\/#\/schema\/person\/7a7fd911f58561fd056dbac7b55af9cd\"},\"image\":{\"@id\":\"https:\/\/luchonoticias.com\/editor\/familiares-de-mujer-trans-muerta-piden-que-sea-feminicidio\/#primaryimage\"},\"thumbnailUrl\":\"https:\/\/luchonoticias.com\/editor\/wp-content\/uploads\/2025\/10\/sara-trans.jpg\",\"articleSection\":[\"Actualidad\",\"Nacional\"],\"inLanguage\":\"es\"},{\"@type\":\"WebPage\",\"@id\":\"https:\/\/luchonoticias.com\/editor\/familiares-de-mujer-trans-muerta-piden-que-sea-feminicidio\/\",\"url\":\"https:\/\/luchonoticias.com\/editor\/familiares-de-mujer-trans-muerta-piden-que-sea-feminicidio\/\",\"name\":\"Familiares de mujer trans muerta piden que sea feminicidio -\",\"isPartOf\":{\"@id\":\"https:\/\/luchonoticias.com\/editor\/#website\"},\"primaryImageOfPage\":{\"@id\":\"https:\/\/luchonoticias.com\/editor\/familiares-de-mujer-trans-muerta-piden-que-sea-feminicidio\/#primaryimage\"},\"image\":{\"@id\":\"https:\/\/luchonoticias.com\/editor\/familiares-de-mujer-trans-muerta-piden-que-sea-feminicidio\/#primaryimage\"},\"thumbnailUrl\":\"https:\/\/luchonoticias.com\/editor\/wp-content\/uploads\/2025\/10\/sara-trans.jpg\",\"datePublished\":\"2025-10-03T09:40:48+00:00\",\"dateModified\":\"2025-10-03T09:40:50+00:00\",\"breadcrumb\":{\"@id\":\"https:\/\/luchonoticias.com\/editor\/familiares-de-mujer-trans-muerta-piden-que-sea-feminicidio\/#breadcrumb\"},\"inLanguage\":\"es\",\"potentialAction\":[{\"@type\":\"ReadAction\",\"target\":[\"https:\/\/luchonoticias.com\/editor\/familiares-de-mujer-trans-muerta-piden-que-sea-feminicidio\/\"]}]},{\"@type\":\"ImageObject\",\"inLanguage\":\"es\",\"@id\":\"https:\/\/luchonoticias.com\/editor\/familiares-de-mujer-trans-muerta-piden-que-sea-feminicidio\/#primaryimage\",\"url\":\"https:\/\/luchonoticias.com\/editor\/wp-content\/uploads\/2025\/10\/sara-trans.jpg\",\"contentUrl\":\"https:\/\/luchonoticias.com\/editor\/wp-content\/uploads\/2025\/10\/sara-trans.jpg\",\"width\":700,\"height\":400},{\"@type\":\"BreadcrumbList\",\"@id\":\"https:\/\/luchonoticias.com\/editor\/familiares-de-mujer-trans-muerta-piden-que-sea-feminicidio\/#breadcrumb\",\"itemListElement\":[{\"@type\":\"ListItem\",\"position\":1,\"name\":\"Portada\",\"item\":\"https:\/\/luchonoticias.com\/editor\/\"},{\"@type\":\"ListItem\",\"position\":2,\"name\":\"Familiares de mujer trans muerta piden que sea feminicidio\"}]},{\"@type\":\"WebSite\",\"@id\":\"https:\/\/luchonoticias.com\/editor\/#website\",\"url\":\"https:\/\/luchonoticias.com\/editor\/\",\"name\":\"\",\"description\":\"\",\"publisher\":{\"@id\":\"https:\/\/luchonoticias.com\/editor\/#\/schema\/person\/7a7fd911f58561fd056dbac7b55af9cd\"},\"potentialAction\":[{\"@type\":\"SearchAction\",\"target\":{\"@type\":\"EntryPoint\",\"urlTemplate\":\"https:\/\/luchonoticias.com\/editor\/?s={search_term_string}\"},\"query-input\":{\"@type\":\"PropertyValueSpecification\",\"valueRequired\":true,\"valueName\":\"search_term_string\"}}],\"inLanguage\":\"es\"},{\"@type\":[\"Person\",\"Organization\"],\"@id\":\"https:\/\/luchonoticias.com\/editor\/#\/schema\/person\/7a7fd911f58561fd056dbac7b55af9cd\",\"name\":\"admin\",\"image\":{\"@type\":\"ImageObject\",\"inLanguage\":\"es\",\"@id\":\"https:\/\/luchonoticias.com\/editor\/#\/schema\/person\/image\/\",\"url\":\"https:\/\/luchonoticias.com\/editor\/wp-content\/uploads\/2024\/02\/cropped-cropped-logolu.webp\",\"contentUrl\":\"https:\/\/luchonoticias.com\/editor\/wp-content\/uploads\/2024\/02\/cropped-cropped-logolu.webp\",\"width\":382,\"height\":170,\"caption\":\"admin\"},\"logo\":{\"@id\":\"https:\/\/luchonoticias.com\/editor\/#\/schema\/person\/image\/\"},\"sameAs\":[\"https:\/\/www.facebook.com\/luchonoticiasneiva\"]},{\"@type\":\"Person\",\"@id\":\"https:\/\/luchonoticias.com\/editor\/#\/schema\/person\/29217990ddf6f14e35912b2866d591fb\",\"name\":\"Editor General\",\"image\":{\"@type\":\"ImageObject\",\"inLanguage\":\"es\",\"@id\":\"https:\/\/luchonoticias.com\/editor\/#\/schema\/person\/image\/\",\"url\":\"https:\/\/luchonoticias.com\/editor\/wp-content\/uploads\/2024\/02\/cropped-cropped-logolu-150x150.webp\",\"contentUrl\":\"https:\/\/luchonoticias.com\/editor\/wp-content\/uploads\/2024\/02\/cropped-cropped-logolu-150x150.webp\",\"caption\":\"Editor General\"},\"sameAs\":[\"https:\/\/luchonoticias.com\/\"],\"url\":\"https:\/\/luchonoticias.com\/editor\/author\/editor-general\/\"}]}<\/script>\n<!-- \/ Yoast SEO plugin. -->","yoast_head_json":{"title":"Familiares de mujer trans muerta piden que sea feminicidio -","robots":{"index":"index","follow":"follow","max-snippet":"max-snippet:-1","max-image-preview":"max-image-preview:large","max-video-preview":"max-video-preview:-1"},"canonical":"https:\/\/luchonoticias.com\/editor\/familiares-de-mujer-trans-muerta-piden-que-sea-feminicidio\/","og_locale":"es_ES","og_type":"article","og_title":"Familiares de mujer trans muerta piden que sea feminicidio -","og_url":"https:\/\/luchonoticias.com\/editor\/familiares-de-mujer-trans-muerta-piden-que-sea-feminicidio\/","article_publisher":"https:\/\/www.facebook.com\/luchonoticiasneiva","article_published_time":"2025-10-03T09:40:48+00:00","article_modified_time":"2025-10-03T09:40:50+00:00","og_image":[{"width":700,"height":400,"url":"https:\/\/luchonoticias.com\/editor\/wp-content\/uploads\/2025\/10\/sara-trans.jpg","type":"image\/jpeg"}],"author":"Editor General","twitter_card":"summary_large_image","twitter_misc":{"Escrito por":"Editor General","Tiempo de lectura":"2 minutos"},"schema":{"@context":"https:\/\/schema.org","@graph":[{"@type":"Article","@id":"https:\/\/luchonoticias.com\/editor\/familiares-de-mujer-trans-muerta-piden-que-sea-feminicidio\/#article","isPartOf":{"@id":"https:\/\/luchonoticias.com\/editor\/familiares-de-mujer-trans-muerta-piden-que-sea-feminicidio\/"},"author":{"name":"Editor General","@id":"https:\/\/luchonoticias.com\/editor\/#\/schema\/person\/29217990ddf6f14e35912b2866d591fb"},"headline":"Familiares de mujer trans muerta piden que sea feminicidio","datePublished":"2025-10-03T09:40:48+00:00","dateModified":"2025-10-03T09:40:50+00:00","mainEntityOfPage":{"@id":"https:\/\/luchonoticias.com\/editor\/familiares-de-mujer-trans-muerta-piden-que-sea-feminicidio\/"},"wordCount":270,"publisher":{"@id":"https:\/\/luchonoticias.com\/editor\/#\/schema\/person\/7a7fd911f58561fd056dbac7b55af9cd"},"image":{"@id":"https:\/\/luchonoticias.com\/editor\/familiares-de-mujer-trans-muerta-piden-que-sea-feminicidio\/#primaryimage"},"thumbnailUrl":"https:\/\/luchonoticias.com\/editor\/wp-content\/uploads\/2025\/10\/sara-trans.jpg","articleSection":["Actualidad","Nacional"],"inLanguage":"es"},{"@type":"WebPage","@id":"https:\/\/luchonoticias.com\/editor\/familiares-de-mujer-trans-muerta-piden-que-sea-feminicidio\/","url":"https:\/\/luchonoticias.com\/editor\/familiares-de-mujer-trans-muerta-piden-que-sea-feminicidio\/","name":"Familiares de mujer trans muerta piden que sea feminicidio -","isPartOf":{"@id":"https:\/\/luchonoticias.com\/editor\/#website"},"primaryImageOfPage":{"@id":"https:\/\/luchonoticias.com\/editor\/familiares-de-mujer-trans-muerta-piden-que-sea-feminicidio\/#primaryimage"},"image":{"@id":"https:\/\/luchonoticias.com\/editor\/familiares-de-mujer-trans-muerta-piden-que-sea-feminicidio\/#primaryimage"},"thumbnailUrl":"https:\/\/luchonoticias.com\/editor\/wp-content\/uploads\/2025\/10\/sara-trans.jpg","datePublished":"2025-10-03T09:40:48+00:00","dateModified":"2025-10-03T09:40:50+00:00","breadcrumb":{"@id":"https:\/\/luchonoticias.com\/editor\/familiares-de-mujer-trans-muerta-piden-que-sea-feminicidio\/#breadcrumb"},"inLanguage":"es","potentialAction":[{"@type":"ReadAction","target":["https:\/\/luchonoticias.com\/editor\/familiares-de-mujer-trans-muerta-piden-que-sea-feminicidio\/"]}]},{"@type":"ImageObject","inLanguage":"es","@id":"https:\/\/luchonoticias.com\/editor\/familiares-de-mujer-trans-muerta-piden-que-sea-feminicidio\/#primaryimage","url":"https:\/\/luchonoticias.com\/editor\/wp-content\/uploads\/2025\/10\/sara-trans.jpg","contentUrl":"https:\/\/luchonoticias.com\/editor\/wp-content\/uploads\/2025\/10\/sara-trans.jpg","width":700,"height":400},{"@type":"BreadcrumbList","@id":"https:\/\/luchonoticias.com\/editor\/familiares-de-mujer-trans-muerta-piden-que-sea-feminicidio\/#breadcrumb","itemListElement":[{"@type":"ListItem","position":1,"name":"Portada","item":"https:\/\/luchonoticias.com\/editor\/"},{"@type":"ListItem","position":2,"name":"Familiares de mujer trans muerta piden que sea feminicidio"}]},{"@type":"WebSite","@id":"https:\/\/luchonoticias.com\/editor\/#website","url":"https:\/\/luchonoticias.com\/editor\/","name":"","description":"","publisher":{"@id":"https:\/\/luchonoticias.com\/editor\/#\/schema\/person\/7a7fd911f58561fd056dbac7b55af9cd"},"potentialAction":[{"@type":"SearchAction","target":{"@type":"EntryPoint","urlTemplate":"https:\/\/luchonoticias.com\/editor\/?s={search_term_string}"},"query-input":{"@type":"PropertyValueSpecification","valueRequired":true,"valueName":"search_term_string"}}],"inLanguage":"es"},{"@type":["Person","Organization"],"@id":"https:\/\/luchonoticias.com\/editor\/#\/schema\/person\/7a7fd911f58561fd056dbac7b55af9cd","name":"admin","image":{"@type":"ImageObject","inLanguage":"es","@id":"https:\/\/luchonoticias.com\/editor\/#\/schema\/person\/image\/","url":"https:\/\/luchonoticias.com\/editor\/wp-content\/uploads\/2024\/02\/cropped-cropped-logolu.webp","contentUrl":"https:\/\/luchonoticias.com\/editor\/wp-content\/uploads\/2024\/02\/cropped-cropped-logolu.webp","width":382,"height":170,"caption":"admin"},"logo":{"@id":"https:\/\/luchonoticias.com\/editor\/#\/schema\/person\/image\/"},"sameAs":["https:\/\/www.facebook.com\/luchonoticiasneiva"]},{"@type":"Person","@id":"https:\/\/luchonoticias.com\/editor\/#\/schema\/person\/29217990ddf6f14e35912b2866d591fb","name":"Editor General","image":{"@type":"ImageObject","inLanguage":"es","@id":"https:\/\/luchonoticias.com\/editor\/#\/schema\/person\/image\/","url":"https:\/\/luchonoticias.com\/editor\/wp-content\/uploads\/2024\/02\/cropped-cropped-logolu-150x150.webp","contentUrl":"https:\/\/luchonoticias.com\/editor\/wp-content\/uploads\/2024\/02\/cropped-cropped-logolu-150x150.webp","caption":"Editor General"},"sameAs":["https:\/\/luchonoticias.com\/"],"url":"https:\/\/luchonoticias.com\/editor\/author\/editor-general\/"}]}},"_links":{"self":[{"href":"https:\/\/luchonoticias.com\/editor\/wp-json\/wp\/v2\/posts\/88810","targetHints":{"allow":["GET"]}}],"collection":[{"href":"https:\/\/luchonoticias.com\/editor\/wp-json\/wp\/v2\/posts"}],"about":[{"href":"https:\/\/luchonoticias.com\/editor\/wp-json\/wp\/v2\/types\/post"}],"author":[{"embeddable":true,"href":"https:\/\/luchonoticias.com\/editor\/wp-json\/wp\/v2\/users\/2"}],"replies":[{"embeddable":true,"href":"https:\/\/luchonoticias.com\/editor\/wp-json\/wp\/v2\/comments?post=88810"}],"version-history":[{"count":1,"href":"https:\/\/luchonoticias.com\/editor\/wp-json\/wp\/v2\/posts\/88810\/revisions"}],"predecessor-version":[{"id":88812,"href":"https:\/\/luchonoticias.com\/editor\/wp-json\/wp\/v2\/posts\/88810\/revisions\/88812"}],"wp:featuredmedia":[{"embeddable":true,"href":"https:\/\/luchonoticias.com\/editor\/wp-json\/wp\/v2\/media\/88811"}],"wp:attachment":[{"href":"https:\/\/luchonoticias.com\/editor\/wp-json\/wp\/v2\/media?parent=88810"}],"wp:term":[{"taxonomy":"category","embeddable":true,"href":"https:\/\/luchonoticias.com\/editor\/wp-json\/wp\/v2\/categories?post=88810"},{"taxonomy":"post_tag","embeddable":true,"href":"https:\/\/luchonoticias.com\/editor\/wp-json\/wp\/v2\/tags?post=88810"}],"curies":[{"name":"wp","href":"https:\/\/api.w.org\/{rel}","templated":true}]}}