{"id":88813,"date":"2025-10-03T04:47:22","date_gmt":"2025-10-03T09:47:22","guid":{"rendered":"https:\/\/luchonoticias.com\/?p=88813"},"modified":"2025-10-03T04:47:25","modified_gmt":"2025-10-03T09:47:25","slug":"reduccion-de-plagios-y-secuestro-en-el-pais-huila-incluido","status":"publish","type":"post","link":"https:\/\/luchonoticias.com\/editor\/reduccion-de-plagios-y-secuestro-en-el-pais-huila-incluido\/","title":{"rendered":"Reducci\u00f3n de plagios y secuestro en el pa\u00eds, Huila incluido"},"content":{"rendered":"\n<p>El balance de seguridad presentado por el Gobierno Nacional al Congreso destac\u00f3 los avances de la Fuerza P\u00fablica en el Huila, donde los plagios bajaron un 50 % y los hechos de terrorismo se redujeron un 24 % en lo corrido de 2025. A ello se suman 105 neutralizaciones logradas contra estructuras armadas que delinquen en el departamento.<\/p>\n\n\n\n<p>El ministro de Defensa, Pedro S\u00e1nchez, se\u00f1al\u00f3 que estas cifras reflejan la efectividad de la estrategia nacional contra el secuestro y la extorsi\u00f3n. En el pa\u00eds, los casos de secuestro pasaron de 9.781 en 2024 a 8.562 en 2025, lo que representa una reducci\u00f3n del 12 %. En el Huila, la ofensiva ha estado respaldada por el trabajo del Centro de Coordinaci\u00f3n de GAULA militares y policiales.<\/p>\n\n\n\n<p>A nivel regional, el informe destac\u00f3 que en Antioquia el terrorismo baj\u00f3 13 %, en Risaralda 67 % y en Choc\u00f3 el desplazamiento forzado cay\u00f3 40 %. En el Huila, el esfuerzo conjunto entre Ej\u00e9rcito, Polic\u00eda y Fiscal\u00eda se enfoc\u00f3 en la desarticulaci\u00f3n de redes extorsivas y en la recuperaci\u00f3n de territorios afectados por la presencia de disidencias.<\/p>\n\n\n\n<p>El reporte tambi\u00e9n indic\u00f3 que en el pa\u00eds hubo 3.671 neutralizaciones, 2.503 capturas y 845 desmovilizaciones, as\u00ed como un 38 % menos en el reclutamiento de menores. En el Huila, estas operaciones han permitido avanzar en la seguridad rural y en el control de zonas estrat\u00e9gicas para la movilidad de la poblaci\u00f3n.<\/p>\n\n\n\n<p>Con este panorama, el Gobierno Departamental y la Fuerza P\u00fablica conf\u00edan en mantener la tendencia de reducci\u00f3n de delitos de alto impacto, reforzando la protecci\u00f3n a los ciudadanos y consolidando la seguridad en los 37 municipios del Huila.<\/p>\n","protected":false},"excerpt":{"rendered":"<p>El balance de seguridad presentado por el Gobierno Nacional al Congreso destac\u00f3 los avances de la Fuerza P\u00fablica en el Huila, donde los plagios bajaron un 50 % y los hechos de terrorismo se redujeron un 24 % en lo corrido de 2025. A ello se suman 105 neutralizaciones logradas contra estructuras armadas que delinquen [&hellip;]<\/p>\n","protected":false},"author":2,"featured_media":88814,"comment_status":"closed","ping_status":"open","sticky":false,"template":"","format":"standard","meta":{"footnotes":""},"categories":[33],"tags":[],"class_list":["post-88813","post","type-post","status-publish","format-standard","has-post-thumbnail","hentry","category-huila"],"yoast_head":"<!-- This site is optimized with the Yoast SEO plugin v26.6 - https:\/\/yoast.com\/wordpress\/plugins\/seo\/ -->\n<title>Reducci\u00f3n de plagios y secuestro en el pa\u00eds, Huila incluido -<\/title>\n<meta name=\"robots\" content=\"index, follow, max-snippet:-1, max-image-preview:large, max-video-preview:-1\" \/>\n<link rel=\"canonical\" href=\"https:\/\/luchonoticias.com\/editor\/reduccion-de-plagios-y-secuestro-en-el-pais-huila-incluido\/\" \/>\n<meta property=\"og:locale\" content=\"es_ES\" \/>\n<meta property=\"og:type\" content=\"article\" \/>\n<meta property=\"og:title\" content=\"Reducci\u00f3n de plagios y secuestro en el pa\u00eds, Huila incluido -\" \/>\n<meta property=\"og:url\" content=\"https:\/\/luchonoticias.com\/editor\/reduccion-de-plagios-y-secuestro-en-el-pais-huila-incluido\/\" \/>\n<meta property=\"article:publisher\" content=\"https:\/\/www.facebook.com\/luchonoticiasneiva\" \/>\n<meta property=\"article:published_time\" content=\"2025-10-03T09:47:22+00:00\" \/>\n<meta property=\"article:modified_time\" content=\"2025-10-03T09:47:25+00:00\" \/>\n<meta property=\"og:image\" content=\"https:\/\/luchonoticias.com\/editor\/wp-content\/uploads\/2025\/10\/mindefensa.jpg\" \/>\n\t<meta property=\"og:image:width\" content=\"700\" \/>\n\t<meta property=\"og:image:height\" content=\"400\" \/>\n\t<meta property=\"og:image:type\" content=\"image\/jpeg\" \/>\n<meta name=\"author\" content=\"Editor General\" \/>\n<meta name=\"twitter:card\" content=\"summary_large_image\" \/>\n<meta name=\"twitter:label1\" content=\"Escrito por\" \/>\n\t<meta name=\"twitter:data1\" content=\"Editor General\" \/>\n\t<meta name=\"twitter:label2\" content=\"Tiempo de lectura\" \/>\n\t<meta name=\"twitter:data2\" content=\"2 minutos\" \/>\n<script type=\"application\/ld+json\" class=\"yoast-schema-graph\">{\"@context\":\"https:\/\/schema.org\",\"@graph\":[{\"@type\":\"Article\",\"@id\":\"https:\/\/luchonoticias.com\/editor\/reduccion-de-plagios-y-secuestro-en-el-pais-huila-incluido\/#article\",\"isPartOf\":{\"@id\":\"https:\/\/luchonoticias.com\/editor\/reduccion-de-plagios-y-secuestro-en-el-pais-huila-incluido\/\"},\"author\":{\"name\":\"Editor General\",\"@id\":\"https:\/\/luchonoticias.com\/editor\/#\/schema\/person\/29217990ddf6f14e35912b2866d591fb\"},\"headline\":\"Reducci\u00f3n de plagios y secuestro en el pa\u00eds, Huila incluido\",\"datePublished\":\"2025-10-03T09:47:22+00:00\",\"dateModified\":\"2025-10-03T09:47:25+00:00\",\"mainEntityOfPage\":{\"@id\":\"https:\/\/luchonoticias.com\/editor\/reduccion-de-plagios-y-secuestro-en-el-pais-huila-incluido\/\"},\"wordCount\":281,\"publisher\":{\"@id\":\"https:\/\/luchonoticias.com\/editor\/#\/schema\/person\/7a7fd911f58561fd056dbac7b55af9cd\"},\"image\":{\"@id\":\"https:\/\/luchonoticias.com\/editor\/reduccion-de-plagios-y-secuestro-en-el-pais-huila-incluido\/#primaryimage\"},\"thumbnailUrl\":\"https:\/\/luchonoticias.com\/editor\/wp-content\/uploads\/2025\/10\/mindefensa.jpg\",\"articleSection\":[\"Huila\"],\"inLanguage\":\"es\"},{\"@type\":\"WebPage\",\"@id\":\"https:\/\/luchonoticias.com\/editor\/reduccion-de-plagios-y-secuestro-en-el-pais-huila-incluido\/\",\"url\":\"https:\/\/luchonoticias.com\/editor\/reduccion-de-plagios-y-secuestro-en-el-pais-huila-incluido\/\",\"name\":\"Reducci\u00f3n de plagios y secuestro en el pa\u00eds, Huila incluido -\",\"isPartOf\":{\"@id\":\"https:\/\/luchonoticias.com\/editor\/#website\"},\"primaryImageOfPage\":{\"@id\":\"https:\/\/luchonoticias.com\/editor\/reduccion-de-plagios-y-secuestro-en-el-pais-huila-incluido\/#primaryimage\"},\"image\":{\"@id\":\"https:\/\/luchonoticias.com\/editor\/reduccion-de-plagios-y-secuestro-en-el-pais-huila-incluido\/#primaryimage\"},\"thumbnailUrl\":\"https:\/\/luchonoticias.com\/editor\/wp-content\/uploads\/2025\/10\/mindefensa.jpg\",\"datePublished\":\"2025-10-03T09:47:22+00:00\",\"dateModified\":\"2025-10-03T09:47:25+00:00\",\"breadcrumb\":{\"@id\":\"https:\/\/luchonoticias.com\/editor\/reduccion-de-plagios-y-secuestro-en-el-pais-huila-incluido\/#breadcrumb\"},\"inLanguage\":\"es\",\"potentialAction\":[{\"@type\":\"ReadAction\",\"target\":[\"https:\/\/luchonoticias.com\/editor\/reduccion-de-plagios-y-secuestro-en-el-pais-huila-incluido\/\"]}]},{\"@type\":\"ImageObject\",\"inLanguage\":\"es\",\"@id\":\"https:\/\/luchonoticias.com\/editor\/reduccion-de-plagios-y-secuestro-en-el-pais-huila-incluido\/#primaryimage\",\"url\":\"https:\/\/luchonoticias.com\/editor\/wp-content\/uploads\/2025\/10\/mindefensa.jpg\",\"contentUrl\":\"https:\/\/luchonoticias.com\/editor\/wp-content\/uploads\/2025\/10\/mindefensa.jpg\",\"width\":700,\"height\":400},{\"@type\":\"BreadcrumbList\",\"@id\":\"https:\/\/luchonoticias.com\/editor\/reduccion-de-plagios-y-secuestro-en-el-pais-huila-incluido\/#breadcrumb\",\"itemListElement\":[{\"@type\":\"ListItem\",\"position\":1,\"name\":\"Portada\",\"item\":\"https:\/\/luchonoticias.com\/editor\/\"},{\"@type\":\"ListItem\",\"position\":2,\"name\":\"Reducci\u00f3n de plagios y secuestro en el pa\u00eds, Huila incluido\"}]},{\"@type\":\"WebSite\",\"@id\":\"https:\/\/luchonoticias.com\/editor\/#website\",\"url\":\"https:\/\/luchonoticias.com\/editor\/\",\"name\":\"\",\"description\":\"\",\"publisher\":{\"@id\":\"https:\/\/luchonoticias.com\/editor\/#\/schema\/person\/7a7fd911f58561fd056dbac7b55af9cd\"},\"potentialAction\":[{\"@type\":\"SearchAction\",\"target\":{\"@type\":\"EntryPoint\",\"urlTemplate\":\"https:\/\/luchonoticias.com\/editor\/?s={search_term_string}\"},\"query-input\":{\"@type\":\"PropertyValueSpecification\",\"valueRequired\":true,\"valueName\":\"search_term_string\"}}],\"inLanguage\":\"es\"},{\"@type\":[\"Person\",\"Organization\"],\"@id\":\"https:\/\/luchonoticias.com\/editor\/#\/schema\/person\/7a7fd911f58561fd056dbac7b55af9cd\",\"name\":\"admin\",\"image\":{\"@type\":\"ImageObject\",\"inLanguage\":\"es\",\"@id\":\"https:\/\/luchonoticias.com\/editor\/#\/schema\/person\/image\/\",\"url\":\"https:\/\/luchonoticias.com\/editor\/wp-content\/uploads\/2024\/02\/cropped-cropped-logolu.webp\",\"contentUrl\":\"https:\/\/luchonoticias.com\/editor\/wp-content\/uploads\/2024\/02\/cropped-cropped-logolu.webp\",\"width\":382,\"height\":170,\"caption\":\"admin\"},\"logo\":{\"@id\":\"https:\/\/luchonoticias.com\/editor\/#\/schema\/person\/image\/\"},\"sameAs\":[\"https:\/\/www.facebook.com\/luchonoticiasneiva\"]},{\"@type\":\"Person\",\"@id\":\"https:\/\/luchonoticias.com\/editor\/#\/schema\/person\/29217990ddf6f14e35912b2866d591fb\",\"name\":\"Editor General\",\"image\":{\"@type\":\"ImageObject\",\"inLanguage\":\"es\",\"@id\":\"https:\/\/luchonoticias.com\/editor\/#\/schema\/person\/image\/\",\"url\":\"https:\/\/luchonoticias.com\/editor\/wp-content\/uploads\/2024\/02\/cropped-cropped-logolu-150x150.webp\",\"contentUrl\":\"https:\/\/luchonoticias.com\/editor\/wp-content\/uploads\/2024\/02\/cropped-cropped-logolu-150x150.webp\",\"caption\":\"Editor General\"},\"sameAs\":[\"https:\/\/luchonoticias.com\/\"],\"url\":\"https:\/\/luchonoticias.com\/editor\/author\/editor-general\/\"}]}<\/script>\n<!-- \/ Yoast SEO plugin. -->","yoast_head_json":{"title":"Reducci\u00f3n de plagios y secuestro en el pa\u00eds, Huila incluido -","robots":{"index":"index","follow":"follow","max-snippet":"max-snippet:-1","max-image-preview":"max-image-preview:large","max-video-preview":"max-video-preview:-1"},"canonical":"https:\/\/luchonoticias.com\/editor\/reduccion-de-plagios-y-secuestro-en-el-pais-huila-incluido\/","og_locale":"es_ES","og_type":"article","og_title":"Reducci\u00f3n de plagios y secuestro en el pa\u00eds, Huila incluido -","og_url":"https:\/\/luchonoticias.com\/editor\/reduccion-de-plagios-y-secuestro-en-el-pais-huila-incluido\/","article_publisher":"https:\/\/www.facebook.com\/luchonoticiasneiva","article_published_time":"2025-10-03T09:47:22+00:00","article_modified_time":"2025-10-03T09:47:25+00:00","og_image":[{"width":700,"height":400,"url":"https:\/\/luchonoticias.com\/editor\/wp-content\/uploads\/2025\/10\/mindefensa.jpg","type":"image\/jpeg"}],"author":"Editor General","twitter_card":"summary_large_image","twitter_misc":{"Escrito por":"Editor General","Tiempo de lectura":"2 minutos"},"schema":{"@context":"https:\/\/schema.org","@graph":[{"@type":"Article","@id":"https:\/\/luchonoticias.com\/editor\/reduccion-de-plagios-y-secuestro-en-el-pais-huila-incluido\/#article","isPartOf":{"@id":"https:\/\/luchonoticias.com\/editor\/reduccion-de-plagios-y-secuestro-en-el-pais-huila-incluido\/"},"author":{"name":"Editor General","@id":"https:\/\/luchonoticias.com\/editor\/#\/schema\/person\/29217990ddf6f14e35912b2866d591fb"},"headline":"Reducci\u00f3n de plagios y secuestro en el pa\u00eds, Huila incluido","datePublished":"2025-10-03T09:47:22+00:00","dateModified":"2025-10-03T09:47:25+00:00","mainEntityOfPage":{"@id":"https:\/\/luchonoticias.com\/editor\/reduccion-de-plagios-y-secuestro-en-el-pais-huila-incluido\/"},"wordCount":281,"publisher":{"@id":"https:\/\/luchonoticias.com\/editor\/#\/schema\/person\/7a7fd911f58561fd056dbac7b55af9cd"},"image":{"@id":"https:\/\/luchonoticias.com\/editor\/reduccion-de-plagios-y-secuestro-en-el-pais-huila-incluido\/#primaryimage"},"thumbnailUrl":"https:\/\/luchonoticias.com\/editor\/wp-content\/uploads\/2025\/10\/mindefensa.jpg","articleSection":["Huila"],"inLanguage":"es"},{"@type":"WebPage","@id":"https:\/\/luchonoticias.com\/editor\/reduccion-de-plagios-y-secuestro-en-el-pais-huila-incluido\/","url":"https:\/\/luchonoticias.com\/editor\/reduccion-de-plagios-y-secuestro-en-el-pais-huila-incluido\/","name":"Reducci\u00f3n de plagios y secuestro en el pa\u00eds, Huila incluido -","isPartOf":{"@id":"https:\/\/luchonoticias.com\/editor\/#website"},"primaryImageOfPage":{"@id":"https:\/\/luchonoticias.com\/editor\/reduccion-de-plagios-y-secuestro-en-el-pais-huila-incluido\/#primaryimage"},"image":{"@id":"https:\/\/luchonoticias.com\/editor\/reduccion-de-plagios-y-secuestro-en-el-pais-huila-incluido\/#primaryimage"},"thumbnailUrl":"https:\/\/luchonoticias.com\/editor\/wp-content\/uploads\/2025\/10\/mindefensa.jpg","datePublished":"2025-10-03T09:47:22+00:00","dateModified":"2025-10-03T09:47:25+00:00","breadcrumb":{"@id":"https:\/\/luchonoticias.com\/editor\/reduccion-de-plagios-y-secuestro-en-el-pais-huila-incluido\/#breadcrumb"},"inLanguage":"es","potentialAction":[{"@type":"ReadAction","target":["https:\/\/luchonoticias.com\/editor\/reduccion-de-plagios-y-secuestro-en-el-pais-huila-incluido\/"]}]},{"@type":"ImageObject","inLanguage":"es","@id":"https:\/\/luchonoticias.com\/editor\/reduccion-de-plagios-y-secuestro-en-el-pais-huila-incluido\/#primaryimage","url":"https:\/\/luchonoticias.com\/editor\/wp-content\/uploads\/2025\/10\/mindefensa.jpg","contentUrl":"https:\/\/luchonoticias.com\/editor\/wp-content\/uploads\/2025\/10\/mindefensa.jpg","width":700,"height":400},{"@type":"BreadcrumbList","@id":"https:\/\/luchonoticias.com\/editor\/reduccion-de-plagios-y-secuestro-en-el-pais-huila-incluido\/#breadcrumb","itemListElement":[{"@type":"ListItem","position":1,"name":"Portada","item":"https:\/\/luchonoticias.com\/editor\/"},{"@type":"ListItem","position":2,"name":"Reducci\u00f3n de plagios y secuestro en el pa\u00eds, Huila incluido"}]},{"@type":"WebSite","@id":"https:\/\/luchonoticias.com\/editor\/#website","url":"https:\/\/luchonoticias.com\/editor\/","name":"","description":"","publisher":{"@id":"https:\/\/luchonoticias.com\/editor\/#\/schema\/person\/7a7fd911f58561fd056dbac7b55af9cd"},"potentialAction":[{"@type":"SearchAction","target":{"@type":"EntryPoint","urlTemplate":"https:\/\/luchonoticias.com\/editor\/?s={search_term_string}"},"query-input":{"@type":"PropertyValueSpecification","valueRequired":true,"valueName":"search_term_string"}}],"inLanguage":"es"},{"@type":["Person","Organization"],"@id":"https:\/\/luchonoticias.com\/editor\/#\/schema\/person\/7a7fd911f58561fd056dbac7b55af9cd","name":"admin","image":{"@type":"ImageObject","inLanguage":"es","@id":"https:\/\/luchonoticias.com\/editor\/#\/schema\/person\/image\/","url":"https:\/\/luchonoticias.com\/editor\/wp-content\/uploads\/2024\/02\/cropped-cropped-logolu.webp","contentUrl":"https:\/\/luchonoticias.com\/editor\/wp-content\/uploads\/2024\/02\/cropped-cropped-logolu.webp","width":382,"height":170,"caption":"admin"},"logo":{"@id":"https:\/\/luchonoticias.com\/editor\/#\/schema\/person\/image\/"},"sameAs":["https:\/\/www.facebook.com\/luchonoticiasneiva"]},{"@type":"Person","@id":"https:\/\/luchonoticias.com\/editor\/#\/schema\/person\/29217990ddf6f14e35912b2866d591fb","name":"Editor General","image":{"@type":"ImageObject","inLanguage":"es","@id":"https:\/\/luchonoticias.com\/editor\/#\/schema\/person\/image\/","url":"https:\/\/luchonoticias.com\/editor\/wp-content\/uploads\/2024\/02\/cropped-cropped-logolu-150x150.webp","contentUrl":"https:\/\/luchonoticias.com\/editor\/wp-content\/uploads\/2024\/02\/cropped-cropped-logolu-150x150.webp","caption":"Editor General"},"sameAs":["https:\/\/luchonoticias.com\/"],"url":"https:\/\/luchonoticias.com\/editor\/author\/editor-general\/"}]}},"_links":{"self":[{"href":"https:\/\/luchonoticias.com\/editor\/wp-json\/wp\/v2\/posts\/88813","targetHints":{"allow":["GET"]}}],"collection":[{"href":"https:\/\/luchonoticias.com\/editor\/wp-json\/wp\/v2\/posts"}],"about":[{"href":"https:\/\/luchonoticias.com\/editor\/wp-json\/wp\/v2\/types\/post"}],"author":[{"embeddable":true,"href":"https:\/\/luchonoticias.com\/editor\/wp-json\/wp\/v2\/users\/2"}],"replies":[{"embeddable":true,"href":"https:\/\/luchonoticias.com\/editor\/wp-json\/wp\/v2\/comments?post=88813"}],"version-history":[{"count":1,"href":"https:\/\/luchonoticias.com\/editor\/wp-json\/wp\/v2\/posts\/88813\/revisions"}],"predecessor-version":[{"id":88815,"href":"https:\/\/luchonoticias.com\/editor\/wp-json\/wp\/v2\/posts\/88813\/revisions\/88815"}],"wp:featuredmedia":[{"embeddable":true,"href":"https:\/\/luchonoticias.com\/editor\/wp-json\/wp\/v2\/media\/88814"}],"wp:attachment":[{"href":"https:\/\/luchonoticias.com\/editor\/wp-json\/wp\/v2\/media?parent=88813"}],"wp:term":[{"taxonomy":"category","embeddable":true,"href":"https:\/\/luchonoticias.com\/editor\/wp-json\/wp\/v2\/categories?post=88813"},{"taxonomy":"post_tag","embeddable":true,"href":"https:\/\/luchonoticias.com\/editor\/wp-json\/wp\/v2\/tags?post=88813"}],"curies":[{"name":"wp","href":"https:\/\/api.w.org\/{rel}","templated":true}]}}