{"id":88861,"date":"2025-10-04T04:59:08","date_gmt":"2025-10-04T09:59:08","guid":{"rendered":"https:\/\/luchonoticias.com\/?p=88861"},"modified":"2025-10-04T05:14:48","modified_gmt":"2025-10-04T10:14:48","slug":"reforzando-acciones-humanitarias-y-de-seguridad-en-la-plata","status":"publish","type":"post","link":"https:\/\/luchonoticias.com\/editor\/reforzando-acciones-humanitarias-y-de-seguridad-en-la-plata\/","title":{"rendered":"Reforzando acciones humanitarias y de seguridad en La Plata"},"content":{"rendered":"\n<p>La Gobernaci\u00f3n del Huila instal\u00f3 en el municipio de La Plata una mesa t\u00e9cnica de seguimiento para atender la situaci\u00f3n humanitaria y de orden p\u00fablico en el occidente del departamento. El espacio, desarrollado en articulaci\u00f3n con la Alcald\u00eda, la Fuerza P\u00fablica y entidades locales, busca consolidar un plan integral que combine seguridad con inversi\u00f3n social en comunidades rurales como Bel\u00e9n, San Miguel, Monserrate, Santa Marta, Los Pinos, Las Acacias, Gallego y Villa Losada.<\/p>\n\n\n\n<p>Durante el encuentro se analizaron los recientes hechos de violencia y se definieron compromisos concretos para garantizar tranquilidad a los habitantes. Las autoridades coincidieron en que la presencia institucional debe ser permanente y cercana a la poblaci\u00f3n, fortaleciendo tanto la seguridad como el acceso a programas sociales.<\/p>\n\n\n\n<p>El secretario de Gobierno del Huila, Juan Carlos Casallas Rivas, resalt\u00f3 que la estrategia parte de un enfoque integral. \u201cLa soluci\u00f3n a las dificultades de seguridad no es solamente la fuerza p\u00fablica, sino la presencia articulada de toda la institucionalidad en los tres niveles de gobierno\u201d, se\u00f1al\u00f3. Asimismo, confirm\u00f3 que se est\u00e1n asignando recursos para proyectos de impacto comunitario en infraestructura y capacitaci\u00f3n, de la mano con las juntas de acci\u00f3n comunal.<\/p>\n\n\n\n<p>Casallas tambi\u00e9n envi\u00f3 un mensaje de respaldo a los habitantes de La Plata, garantizando que el Estado no se retirar\u00e1 del territorio. \u201cNo est\u00e1n solos, vamos a intensificar nuestra participaci\u00f3n con recursos, inversiones y acciones que permitan restablecer la paz y el orden en esta zona del departamento\u201d, afirm\u00f3.<\/p>\n\n\n\n<p>La mesa de trabajo incluy\u00f3 compromisos en salud, educaci\u00f3n, cultura, deporte y recreaci\u00f3n, con el fin de generar oportunidades a ni\u00f1os y j\u00f3venes, reduciendo su vulnerabilidad frente a la violencia. La Gobernaci\u00f3n anunci\u00f3 que continuar\u00e1 articulando esfuerzos con instituciones nacionales y locales para consolidar condiciones de convivencia y seguridad en el occidente huilense.<\/p>\n","protected":false},"excerpt":{"rendered":"<p>La Gobernaci\u00f3n del Huila instal\u00f3 en el municipio de La Plata una mesa t\u00e9cnica de seguimiento para atender la situaci\u00f3n humanitaria y de orden p\u00fablico en el occidente del departamento. El espacio, desarrollado en articulaci\u00f3n con la Alcald\u00eda, la Fuerza P\u00fablica y entidades locales, busca consolidar un plan integral que combine seguridad con inversi\u00f3n social [&hellip;]<\/p>\n","protected":false},"author":2,"featured_media":88862,"comment_status":"closed","ping_status":"open","sticky":false,"template":"","format":"standard","meta":{"footnotes":""},"categories":[33],"tags":[],"class_list":["post-88861","post","type-post","status-publish","format-standard","has-post-thumbnail","hentry","category-huila"],"yoast_head":"<!-- This site is optimized with the Yoast SEO plugin v26.6 - https:\/\/yoast.com\/wordpress\/plugins\/seo\/ -->\n<title>Reforzando acciones humanitarias y de seguridad en La Plata -<\/title>\n<meta name=\"robots\" content=\"index, follow, max-snippet:-1, max-image-preview:large, max-video-preview:-1\" \/>\n<link rel=\"canonical\" href=\"https:\/\/luchonoticias.com\/editor\/reforzando-acciones-humanitarias-y-de-seguridad-en-la-plata\/\" \/>\n<meta property=\"og:locale\" content=\"es_ES\" \/>\n<meta property=\"og:type\" content=\"article\" \/>\n<meta property=\"og:title\" content=\"Reforzando acciones humanitarias y de seguridad en La Plata -\" \/>\n<meta property=\"og:url\" content=\"https:\/\/luchonoticias.com\/editor\/reforzando-acciones-humanitarias-y-de-seguridad-en-la-plata\/\" \/>\n<meta property=\"article:publisher\" content=\"https:\/\/www.facebook.com\/luchonoticiasneiva\" \/>\n<meta property=\"article:published_time\" content=\"2025-10-04T09:59:08+00:00\" \/>\n<meta property=\"article:modified_time\" content=\"2025-10-04T10:14:48+00:00\" \/>\n<meta property=\"og:image\" content=\"https:\/\/luchonoticias.com\/editor\/wp-content\/uploads\/2025\/10\/la-plata-1.jpg\" \/>\n\t<meta property=\"og:image:width\" content=\"700\" \/>\n\t<meta property=\"og:image:height\" content=\"400\" \/>\n\t<meta property=\"og:image:type\" content=\"image\/jpeg\" \/>\n<meta name=\"author\" content=\"Editor General\" \/>\n<meta name=\"twitter:card\" content=\"summary_large_image\" \/>\n<meta name=\"twitter:label1\" content=\"Escrito por\" \/>\n\t<meta name=\"twitter:data1\" content=\"Editor General\" \/>\n\t<meta name=\"twitter:label2\" content=\"Tiempo de lectura\" \/>\n\t<meta name=\"twitter:data2\" content=\"2 minutos\" \/>\n<script type=\"application\/ld+json\" class=\"yoast-schema-graph\">{\"@context\":\"https:\/\/schema.org\",\"@graph\":[{\"@type\":\"Article\",\"@id\":\"https:\/\/luchonoticias.com\/editor\/reforzando-acciones-humanitarias-y-de-seguridad-en-la-plata\/#article\",\"isPartOf\":{\"@id\":\"https:\/\/luchonoticias.com\/editor\/reforzando-acciones-humanitarias-y-de-seguridad-en-la-plata\/\"},\"author\":{\"name\":\"Editor General\",\"@id\":\"https:\/\/luchonoticias.com\/editor\/#\/schema\/person\/29217990ddf6f14e35912b2866d591fb\"},\"headline\":\"Reforzando acciones humanitarias y de seguridad en La Plata\",\"datePublished\":\"2025-10-04T09:59:08+00:00\",\"dateModified\":\"2025-10-04T10:14:48+00:00\",\"mainEntityOfPage\":{\"@id\":\"https:\/\/luchonoticias.com\/editor\/reforzando-acciones-humanitarias-y-de-seguridad-en-la-plata\/\"},\"wordCount\":327,\"publisher\":{\"@id\":\"https:\/\/luchonoticias.com\/editor\/#\/schema\/person\/7a7fd911f58561fd056dbac7b55af9cd\"},\"image\":{\"@id\":\"https:\/\/luchonoticias.com\/editor\/reforzando-acciones-humanitarias-y-de-seguridad-en-la-plata\/#primaryimage\"},\"thumbnailUrl\":\"https:\/\/luchonoticias.com\/editor\/wp-content\/uploads\/2025\/10\/la-plata-1.jpg\",\"articleSection\":[\"Huila\"],\"inLanguage\":\"es\"},{\"@type\":\"WebPage\",\"@id\":\"https:\/\/luchonoticias.com\/editor\/reforzando-acciones-humanitarias-y-de-seguridad-en-la-plata\/\",\"url\":\"https:\/\/luchonoticias.com\/editor\/reforzando-acciones-humanitarias-y-de-seguridad-en-la-plata\/\",\"name\":\"Reforzando acciones humanitarias y de seguridad en La Plata -\",\"isPartOf\":{\"@id\":\"https:\/\/luchonoticias.com\/editor\/#website\"},\"primaryImageOfPage\":{\"@id\":\"https:\/\/luchonoticias.com\/editor\/reforzando-acciones-humanitarias-y-de-seguridad-en-la-plata\/#primaryimage\"},\"image\":{\"@id\":\"https:\/\/luchonoticias.com\/editor\/reforzando-acciones-humanitarias-y-de-seguridad-en-la-plata\/#primaryimage\"},\"thumbnailUrl\":\"https:\/\/luchonoticias.com\/editor\/wp-content\/uploads\/2025\/10\/la-plata-1.jpg\",\"datePublished\":\"2025-10-04T09:59:08+00:00\",\"dateModified\":\"2025-10-04T10:14:48+00:00\",\"breadcrumb\":{\"@id\":\"https:\/\/luchonoticias.com\/editor\/reforzando-acciones-humanitarias-y-de-seguridad-en-la-plata\/#breadcrumb\"},\"inLanguage\":\"es\",\"potentialAction\":[{\"@type\":\"ReadAction\",\"target\":[\"https:\/\/luchonoticias.com\/editor\/reforzando-acciones-humanitarias-y-de-seguridad-en-la-plata\/\"]}]},{\"@type\":\"ImageObject\",\"inLanguage\":\"es\",\"@id\":\"https:\/\/luchonoticias.com\/editor\/reforzando-acciones-humanitarias-y-de-seguridad-en-la-plata\/#primaryimage\",\"url\":\"https:\/\/luchonoticias.com\/editor\/wp-content\/uploads\/2025\/10\/la-plata-1.jpg\",\"contentUrl\":\"https:\/\/luchonoticias.com\/editor\/wp-content\/uploads\/2025\/10\/la-plata-1.jpg\",\"width\":700,\"height\":400},{\"@type\":\"BreadcrumbList\",\"@id\":\"https:\/\/luchonoticias.com\/editor\/reforzando-acciones-humanitarias-y-de-seguridad-en-la-plata\/#breadcrumb\",\"itemListElement\":[{\"@type\":\"ListItem\",\"position\":1,\"name\":\"Portada\",\"item\":\"https:\/\/luchonoticias.com\/editor\/\"},{\"@type\":\"ListItem\",\"position\":2,\"name\":\"Reforzando acciones humanitarias y de seguridad en La Plata\"}]},{\"@type\":\"WebSite\",\"@id\":\"https:\/\/luchonoticias.com\/editor\/#website\",\"url\":\"https:\/\/luchonoticias.com\/editor\/\",\"name\":\"\",\"description\":\"\",\"publisher\":{\"@id\":\"https:\/\/luchonoticias.com\/editor\/#\/schema\/person\/7a7fd911f58561fd056dbac7b55af9cd\"},\"potentialAction\":[{\"@type\":\"SearchAction\",\"target\":{\"@type\":\"EntryPoint\",\"urlTemplate\":\"https:\/\/luchonoticias.com\/editor\/?s={search_term_string}\"},\"query-input\":{\"@type\":\"PropertyValueSpecification\",\"valueRequired\":true,\"valueName\":\"search_term_string\"}}],\"inLanguage\":\"es\"},{\"@type\":[\"Person\",\"Organization\"],\"@id\":\"https:\/\/luchonoticias.com\/editor\/#\/schema\/person\/7a7fd911f58561fd056dbac7b55af9cd\",\"name\":\"admin\",\"image\":{\"@type\":\"ImageObject\",\"inLanguage\":\"es\",\"@id\":\"https:\/\/luchonoticias.com\/editor\/#\/schema\/person\/image\/\",\"url\":\"https:\/\/luchonoticias.com\/editor\/wp-content\/uploads\/2024\/02\/cropped-cropped-logolu.webp\",\"contentUrl\":\"https:\/\/luchonoticias.com\/editor\/wp-content\/uploads\/2024\/02\/cropped-cropped-logolu.webp\",\"width\":382,\"height\":170,\"caption\":\"admin\"},\"logo\":{\"@id\":\"https:\/\/luchonoticias.com\/editor\/#\/schema\/person\/image\/\"},\"sameAs\":[\"https:\/\/www.facebook.com\/luchonoticiasneiva\"]},{\"@type\":\"Person\",\"@id\":\"https:\/\/luchonoticias.com\/editor\/#\/schema\/person\/29217990ddf6f14e35912b2866d591fb\",\"name\":\"Editor General\",\"image\":{\"@type\":\"ImageObject\",\"inLanguage\":\"es\",\"@id\":\"https:\/\/luchonoticias.com\/editor\/#\/schema\/person\/image\/\",\"url\":\"https:\/\/luchonoticias.com\/editor\/wp-content\/uploads\/2024\/02\/cropped-cropped-logolu-150x150.webp\",\"contentUrl\":\"https:\/\/luchonoticias.com\/editor\/wp-content\/uploads\/2024\/02\/cropped-cropped-logolu-150x150.webp\",\"caption\":\"Editor General\"},\"sameAs\":[\"https:\/\/luchonoticias.com\/\"],\"url\":\"https:\/\/luchonoticias.com\/editor\/author\/editor-general\/\"}]}<\/script>\n<!-- \/ Yoast SEO plugin. -->","yoast_head_json":{"title":"Reforzando acciones humanitarias y de seguridad en La Plata -","robots":{"index":"index","follow":"follow","max-snippet":"max-snippet:-1","max-image-preview":"max-image-preview:large","max-video-preview":"max-video-preview:-1"},"canonical":"https:\/\/luchonoticias.com\/editor\/reforzando-acciones-humanitarias-y-de-seguridad-en-la-plata\/","og_locale":"es_ES","og_type":"article","og_title":"Reforzando acciones humanitarias y de seguridad en La Plata -","og_url":"https:\/\/luchonoticias.com\/editor\/reforzando-acciones-humanitarias-y-de-seguridad-en-la-plata\/","article_publisher":"https:\/\/www.facebook.com\/luchonoticiasneiva","article_published_time":"2025-10-04T09:59:08+00:00","article_modified_time":"2025-10-04T10:14:48+00:00","og_image":[{"width":700,"height":400,"url":"https:\/\/luchonoticias.com\/editor\/wp-content\/uploads\/2025\/10\/la-plata-1.jpg","type":"image\/jpeg"}],"author":"Editor General","twitter_card":"summary_large_image","twitter_misc":{"Escrito por":"Editor General","Tiempo de lectura":"2 minutos"},"schema":{"@context":"https:\/\/schema.org","@graph":[{"@type":"Article","@id":"https:\/\/luchonoticias.com\/editor\/reforzando-acciones-humanitarias-y-de-seguridad-en-la-plata\/#article","isPartOf":{"@id":"https:\/\/luchonoticias.com\/editor\/reforzando-acciones-humanitarias-y-de-seguridad-en-la-plata\/"},"author":{"name":"Editor General","@id":"https:\/\/luchonoticias.com\/editor\/#\/schema\/person\/29217990ddf6f14e35912b2866d591fb"},"headline":"Reforzando acciones humanitarias y de seguridad en La Plata","datePublished":"2025-10-04T09:59:08+00:00","dateModified":"2025-10-04T10:14:48+00:00","mainEntityOfPage":{"@id":"https:\/\/luchonoticias.com\/editor\/reforzando-acciones-humanitarias-y-de-seguridad-en-la-plata\/"},"wordCount":327,"publisher":{"@id":"https:\/\/luchonoticias.com\/editor\/#\/schema\/person\/7a7fd911f58561fd056dbac7b55af9cd"},"image":{"@id":"https:\/\/luchonoticias.com\/editor\/reforzando-acciones-humanitarias-y-de-seguridad-en-la-plata\/#primaryimage"},"thumbnailUrl":"https:\/\/luchonoticias.com\/editor\/wp-content\/uploads\/2025\/10\/la-plata-1.jpg","articleSection":["Huila"],"inLanguage":"es"},{"@type":"WebPage","@id":"https:\/\/luchonoticias.com\/editor\/reforzando-acciones-humanitarias-y-de-seguridad-en-la-plata\/","url":"https:\/\/luchonoticias.com\/editor\/reforzando-acciones-humanitarias-y-de-seguridad-en-la-plata\/","name":"Reforzando acciones humanitarias y de seguridad en La Plata -","isPartOf":{"@id":"https:\/\/luchonoticias.com\/editor\/#website"},"primaryImageOfPage":{"@id":"https:\/\/luchonoticias.com\/editor\/reforzando-acciones-humanitarias-y-de-seguridad-en-la-plata\/#primaryimage"},"image":{"@id":"https:\/\/luchonoticias.com\/editor\/reforzando-acciones-humanitarias-y-de-seguridad-en-la-plata\/#primaryimage"},"thumbnailUrl":"https:\/\/luchonoticias.com\/editor\/wp-content\/uploads\/2025\/10\/la-plata-1.jpg","datePublished":"2025-10-04T09:59:08+00:00","dateModified":"2025-10-04T10:14:48+00:00","breadcrumb":{"@id":"https:\/\/luchonoticias.com\/editor\/reforzando-acciones-humanitarias-y-de-seguridad-en-la-plata\/#breadcrumb"},"inLanguage":"es","potentialAction":[{"@type":"ReadAction","target":["https:\/\/luchonoticias.com\/editor\/reforzando-acciones-humanitarias-y-de-seguridad-en-la-plata\/"]}]},{"@type":"ImageObject","inLanguage":"es","@id":"https:\/\/luchonoticias.com\/editor\/reforzando-acciones-humanitarias-y-de-seguridad-en-la-plata\/#primaryimage","url":"https:\/\/luchonoticias.com\/editor\/wp-content\/uploads\/2025\/10\/la-plata-1.jpg","contentUrl":"https:\/\/luchonoticias.com\/editor\/wp-content\/uploads\/2025\/10\/la-plata-1.jpg","width":700,"height":400},{"@type":"BreadcrumbList","@id":"https:\/\/luchonoticias.com\/editor\/reforzando-acciones-humanitarias-y-de-seguridad-en-la-plata\/#breadcrumb","itemListElement":[{"@type":"ListItem","position":1,"name":"Portada","item":"https:\/\/luchonoticias.com\/editor\/"},{"@type":"ListItem","position":2,"name":"Reforzando acciones humanitarias y de seguridad en La Plata"}]},{"@type":"WebSite","@id":"https:\/\/luchonoticias.com\/editor\/#website","url":"https:\/\/luchonoticias.com\/editor\/","name":"","description":"","publisher":{"@id":"https:\/\/luchonoticias.com\/editor\/#\/schema\/person\/7a7fd911f58561fd056dbac7b55af9cd"},"potentialAction":[{"@type":"SearchAction","target":{"@type":"EntryPoint","urlTemplate":"https:\/\/luchonoticias.com\/editor\/?s={search_term_string}"},"query-input":{"@type":"PropertyValueSpecification","valueRequired":true,"valueName":"search_term_string"}}],"inLanguage":"es"},{"@type":["Person","Organization"],"@id":"https:\/\/luchonoticias.com\/editor\/#\/schema\/person\/7a7fd911f58561fd056dbac7b55af9cd","name":"admin","image":{"@type":"ImageObject","inLanguage":"es","@id":"https:\/\/luchonoticias.com\/editor\/#\/schema\/person\/image\/","url":"https:\/\/luchonoticias.com\/editor\/wp-content\/uploads\/2024\/02\/cropped-cropped-logolu.webp","contentUrl":"https:\/\/luchonoticias.com\/editor\/wp-content\/uploads\/2024\/02\/cropped-cropped-logolu.webp","width":382,"height":170,"caption":"admin"},"logo":{"@id":"https:\/\/luchonoticias.com\/editor\/#\/schema\/person\/image\/"},"sameAs":["https:\/\/www.facebook.com\/luchonoticiasneiva"]},{"@type":"Person","@id":"https:\/\/luchonoticias.com\/editor\/#\/schema\/person\/29217990ddf6f14e35912b2866d591fb","name":"Editor General","image":{"@type":"ImageObject","inLanguage":"es","@id":"https:\/\/luchonoticias.com\/editor\/#\/schema\/person\/image\/","url":"https:\/\/luchonoticias.com\/editor\/wp-content\/uploads\/2024\/02\/cropped-cropped-logolu-150x150.webp","contentUrl":"https:\/\/luchonoticias.com\/editor\/wp-content\/uploads\/2024\/02\/cropped-cropped-logolu-150x150.webp","caption":"Editor General"},"sameAs":["https:\/\/luchonoticias.com\/"],"url":"https:\/\/luchonoticias.com\/editor\/author\/editor-general\/"}]}},"_links":{"self":[{"href":"https:\/\/luchonoticias.com\/editor\/wp-json\/wp\/v2\/posts\/88861","targetHints":{"allow":["GET"]}}],"collection":[{"href":"https:\/\/luchonoticias.com\/editor\/wp-json\/wp\/v2\/posts"}],"about":[{"href":"https:\/\/luchonoticias.com\/editor\/wp-json\/wp\/v2\/types\/post"}],"author":[{"embeddable":true,"href":"https:\/\/luchonoticias.com\/editor\/wp-json\/wp\/v2\/users\/2"}],"replies":[{"embeddable":true,"href":"https:\/\/luchonoticias.com\/editor\/wp-json\/wp\/v2\/comments?post=88861"}],"version-history":[{"count":1,"href":"https:\/\/luchonoticias.com\/editor\/wp-json\/wp\/v2\/posts\/88861\/revisions"}],"predecessor-version":[{"id":88863,"href":"https:\/\/luchonoticias.com\/editor\/wp-json\/wp\/v2\/posts\/88861\/revisions\/88863"}],"wp:featuredmedia":[{"embeddable":true,"href":"https:\/\/luchonoticias.com\/editor\/wp-json\/wp\/v2\/media\/88862"}],"wp:attachment":[{"href":"https:\/\/luchonoticias.com\/editor\/wp-json\/wp\/v2\/media?parent=88861"}],"wp:term":[{"taxonomy":"category","embeddable":true,"href":"https:\/\/luchonoticias.com\/editor\/wp-json\/wp\/v2\/categories?post=88861"},{"taxonomy":"post_tag","embeddable":true,"href":"https:\/\/luchonoticias.com\/editor\/wp-json\/wp\/v2\/tags?post=88861"}],"curies":[{"name":"wp","href":"https:\/\/api.w.org\/{rel}","templated":true}]}}