{"id":89471,"date":"2025-10-20T15:50:18","date_gmt":"2025-10-20T20:50:18","guid":{"rendered":"https:\/\/luchonoticias.com\/?p=89471"},"modified":"2025-10-20T15:50:19","modified_gmt":"2025-10-20T20:50:19","slug":"lider-comunitaria-murio-en-procedimiento-de-cesaria-en-garzon","status":"publish","type":"post","link":"https:\/\/luchonoticias.com\/editor\/lider-comunitaria-murio-en-procedimiento-de-cesaria-en-garzon\/","title":{"rendered":"L\u00edder comunitaria muri\u00f3 en procedimiento de cesar\u00eda en Garz\u00f3n"},"content":{"rendered":"\n<p>La comunidad del municipio de El Pital se encuentra profundamente consternada por el fallecimiento de Maira Betancourt Chavarro, reconocida l\u00edder comunitaria, quien perdi\u00f3 la vida en la tarde del domingo 19 de octubre durante un complicado parto en el Hospital Departamental San Vicente de Paul, en Garz\u00f3n.<\/p>\n\n\n\n<p>Maira, de 40 a\u00f1os de edad, resid\u00eda en el conjunto Torres de La Gaitana y era ampliamente apreciada por su compromiso social y liderazgo en procesos comunitarios. En el momento del parto, que se realiz\u00f3 por ces\u00e1rea, se present\u00f3 una grave complicaci\u00f3n m\u00e9dica \u2014presuntamente una hemorragia severa\u2014 que desencaden\u00f3 su fallecimiento. Su beb\u00e9 logr\u00f3 sobrevivir, pero qued\u00f3 hu\u00e9rfano junto a sus otros cuatro hijos.<\/p>\n\n\n\n<p>La noticia ha generado una ola de solidaridad entre vecinos, amigos y conocidos, quienes han iniciado una campa\u00f1a comunitaria para apoyar a la familia en los gastos funerarios. \u201cMaira era una mujer valiente, generosa y comprometida con su comunidad. Su partida deja un vac\u00edo inmenso\u201d, expresaron vecinos del conjunto Torres de La Gaitana.<\/p>\n\n\n\n<p>El f\u00e9retro ser\u00e1 trasladado al municipio de El Pital para su velaci\u00f3n y honras f\u00fanebres, donde se espera una masiva asistencia de quienes desean rendirle homenaje.<\/p>\n","protected":false},"excerpt":{"rendered":"<p>La comunidad del municipio de El Pital se encuentra profundamente consternada por el fallecimiento de Maira Betancourt Chavarro, reconocida l\u00edder comunitaria, quien perdi\u00f3 la vida en la tarde del domingo 19 de octubre durante un complicado parto en el Hospital Departamental San Vicente de Paul, en Garz\u00f3n. Maira, de 40 a\u00f1os de edad, resid\u00eda en [&hellip;]<\/p>\n","protected":false},"author":2,"featured_media":89472,"comment_status":"closed","ping_status":"open","sticky":false,"template":"","format":"standard","meta":{"footnotes":""},"categories":[33],"tags":[],"class_list":["post-89471","post","type-post","status-publish","format-standard","has-post-thumbnail","hentry","category-huila"],"yoast_head":"<!-- This site is optimized with the Yoast SEO plugin v26.6 - https:\/\/yoast.com\/wordpress\/plugins\/seo\/ -->\n<title>L\u00edder comunitaria muri\u00f3 en procedimiento de cesar\u00eda en Garz\u00f3n -<\/title>\n<meta name=\"robots\" content=\"index, follow, max-snippet:-1, max-image-preview:large, max-video-preview:-1\" \/>\n<link rel=\"canonical\" href=\"https:\/\/luchonoticias.com\/editor\/lider-comunitaria-murio-en-procedimiento-de-cesaria-en-garzon\/\" \/>\n<meta property=\"og:locale\" content=\"es_ES\" \/>\n<meta property=\"og:type\" content=\"article\" \/>\n<meta property=\"og:title\" content=\"L\u00edder comunitaria muri\u00f3 en procedimiento de cesar\u00eda en Garz\u00f3n -\" \/>\n<meta property=\"og:url\" content=\"https:\/\/luchonoticias.com\/editor\/lider-comunitaria-murio-en-procedimiento-de-cesaria-en-garzon\/\" \/>\n<meta property=\"article:publisher\" content=\"https:\/\/www.facebook.com\/luchonoticiasneiva\" \/>\n<meta property=\"article:published_time\" content=\"2025-10-20T20:50:18+00:00\" \/>\n<meta property=\"article:modified_time\" content=\"2025-10-20T20:50:19+00:00\" \/>\n<meta property=\"og:image\" content=\"https:\/\/luchonoticias.com\/editor\/wp-content\/uploads\/2025\/10\/mujer-muerta.jpg\" \/>\n\t<meta property=\"og:image:width\" content=\"700\" \/>\n\t<meta property=\"og:image:height\" content=\"400\" \/>\n\t<meta property=\"og:image:type\" content=\"image\/jpeg\" \/>\n<meta name=\"author\" content=\"Editor General\" \/>\n<meta name=\"twitter:card\" content=\"summary_large_image\" \/>\n<meta name=\"twitter:label1\" content=\"Escrito por\" \/>\n\t<meta name=\"twitter:data1\" content=\"Editor General\" \/>\n\t<meta name=\"twitter:label2\" content=\"Tiempo de lectura\" \/>\n\t<meta name=\"twitter:data2\" content=\"2 minutos\" \/>\n<script type=\"application\/ld+json\" class=\"yoast-schema-graph\">{\"@context\":\"https:\/\/schema.org\",\"@graph\":[{\"@type\":\"Article\",\"@id\":\"https:\/\/luchonoticias.com\/editor\/lider-comunitaria-murio-en-procedimiento-de-cesaria-en-garzon\/#article\",\"isPartOf\":{\"@id\":\"https:\/\/luchonoticias.com\/editor\/lider-comunitaria-murio-en-procedimiento-de-cesaria-en-garzon\/\"},\"author\":{\"name\":\"Editor General\",\"@id\":\"https:\/\/luchonoticias.com\/editor\/#\/schema\/person\/29217990ddf6f14e35912b2866d591fb\"},\"headline\":\"L\u00edder comunitaria muri\u00f3 en procedimiento de cesar\u00eda en Garz\u00f3n\",\"datePublished\":\"2025-10-20T20:50:18+00:00\",\"dateModified\":\"2025-10-20T20:50:19+00:00\",\"mainEntityOfPage\":{\"@id\":\"https:\/\/luchonoticias.com\/editor\/lider-comunitaria-murio-en-procedimiento-de-cesaria-en-garzon\/\"},\"wordCount\":213,\"publisher\":{\"@id\":\"https:\/\/luchonoticias.com\/editor\/#\/schema\/person\/7a7fd911f58561fd056dbac7b55af9cd\"},\"image\":{\"@id\":\"https:\/\/luchonoticias.com\/editor\/lider-comunitaria-murio-en-procedimiento-de-cesaria-en-garzon\/#primaryimage\"},\"thumbnailUrl\":\"https:\/\/luchonoticias.com\/editor\/wp-content\/uploads\/2025\/10\/mujer-muerta.jpg\",\"articleSection\":[\"Huila\"],\"inLanguage\":\"es\"},{\"@type\":\"WebPage\",\"@id\":\"https:\/\/luchonoticias.com\/editor\/lider-comunitaria-murio-en-procedimiento-de-cesaria-en-garzon\/\",\"url\":\"https:\/\/luchonoticias.com\/editor\/lider-comunitaria-murio-en-procedimiento-de-cesaria-en-garzon\/\",\"name\":\"L\u00edder comunitaria muri\u00f3 en procedimiento de cesar\u00eda en Garz\u00f3n -\",\"isPartOf\":{\"@id\":\"https:\/\/luchonoticias.com\/editor\/#website\"},\"primaryImageOfPage\":{\"@id\":\"https:\/\/luchonoticias.com\/editor\/lider-comunitaria-murio-en-procedimiento-de-cesaria-en-garzon\/#primaryimage\"},\"image\":{\"@id\":\"https:\/\/luchonoticias.com\/editor\/lider-comunitaria-murio-en-procedimiento-de-cesaria-en-garzon\/#primaryimage\"},\"thumbnailUrl\":\"https:\/\/luchonoticias.com\/editor\/wp-content\/uploads\/2025\/10\/mujer-muerta.jpg\",\"datePublished\":\"2025-10-20T20:50:18+00:00\",\"dateModified\":\"2025-10-20T20:50:19+00:00\",\"breadcrumb\":{\"@id\":\"https:\/\/luchonoticias.com\/editor\/lider-comunitaria-murio-en-procedimiento-de-cesaria-en-garzon\/#breadcrumb\"},\"inLanguage\":\"es\",\"potentialAction\":[{\"@type\":\"ReadAction\",\"target\":[\"https:\/\/luchonoticias.com\/editor\/lider-comunitaria-murio-en-procedimiento-de-cesaria-en-garzon\/\"]}]},{\"@type\":\"ImageObject\",\"inLanguage\":\"es\",\"@id\":\"https:\/\/luchonoticias.com\/editor\/lider-comunitaria-murio-en-procedimiento-de-cesaria-en-garzon\/#primaryimage\",\"url\":\"https:\/\/luchonoticias.com\/editor\/wp-content\/uploads\/2025\/10\/mujer-muerta.jpg\",\"contentUrl\":\"https:\/\/luchonoticias.com\/editor\/wp-content\/uploads\/2025\/10\/mujer-muerta.jpg\",\"width\":700,\"height\":400},{\"@type\":\"BreadcrumbList\",\"@id\":\"https:\/\/luchonoticias.com\/editor\/lider-comunitaria-murio-en-procedimiento-de-cesaria-en-garzon\/#breadcrumb\",\"itemListElement\":[{\"@type\":\"ListItem\",\"position\":1,\"name\":\"Portada\",\"item\":\"https:\/\/luchonoticias.com\/editor\/\"},{\"@type\":\"ListItem\",\"position\":2,\"name\":\"L\u00edder comunitaria muri\u00f3 en procedimiento de cesar\u00eda en Garz\u00f3n\"}]},{\"@type\":\"WebSite\",\"@id\":\"https:\/\/luchonoticias.com\/editor\/#website\",\"url\":\"https:\/\/luchonoticias.com\/editor\/\",\"name\":\"\",\"description\":\"\",\"publisher\":{\"@id\":\"https:\/\/luchonoticias.com\/editor\/#\/schema\/person\/7a7fd911f58561fd056dbac7b55af9cd\"},\"potentialAction\":[{\"@type\":\"SearchAction\",\"target\":{\"@type\":\"EntryPoint\",\"urlTemplate\":\"https:\/\/luchonoticias.com\/editor\/?s={search_term_string}\"},\"query-input\":{\"@type\":\"PropertyValueSpecification\",\"valueRequired\":true,\"valueName\":\"search_term_string\"}}],\"inLanguage\":\"es\"},{\"@type\":[\"Person\",\"Organization\"],\"@id\":\"https:\/\/luchonoticias.com\/editor\/#\/schema\/person\/7a7fd911f58561fd056dbac7b55af9cd\",\"name\":\"admin\",\"image\":{\"@type\":\"ImageObject\",\"inLanguage\":\"es\",\"@id\":\"https:\/\/luchonoticias.com\/editor\/#\/schema\/person\/image\/\",\"url\":\"https:\/\/luchonoticias.com\/editor\/wp-content\/uploads\/2024\/02\/cropped-cropped-logolu.webp\",\"contentUrl\":\"https:\/\/luchonoticias.com\/editor\/wp-content\/uploads\/2024\/02\/cropped-cropped-logolu.webp\",\"width\":382,\"height\":170,\"caption\":\"admin\"},\"logo\":{\"@id\":\"https:\/\/luchonoticias.com\/editor\/#\/schema\/person\/image\/\"},\"sameAs\":[\"https:\/\/www.facebook.com\/luchonoticiasneiva\"]},{\"@type\":\"Person\",\"@id\":\"https:\/\/luchonoticias.com\/editor\/#\/schema\/person\/29217990ddf6f14e35912b2866d591fb\",\"name\":\"Editor General\",\"image\":{\"@type\":\"ImageObject\",\"inLanguage\":\"es\",\"@id\":\"https:\/\/luchonoticias.com\/editor\/#\/schema\/person\/image\/\",\"url\":\"https:\/\/luchonoticias.com\/editor\/wp-content\/uploads\/2024\/02\/cropped-cropped-logolu-150x150.webp\",\"contentUrl\":\"https:\/\/luchonoticias.com\/editor\/wp-content\/uploads\/2024\/02\/cropped-cropped-logolu-150x150.webp\",\"caption\":\"Editor General\"},\"sameAs\":[\"https:\/\/luchonoticias.com\/\"],\"url\":\"https:\/\/luchonoticias.com\/editor\/author\/editor-general\/\"}]}<\/script>\n<!-- \/ Yoast SEO plugin. -->","yoast_head_json":{"title":"L\u00edder comunitaria muri\u00f3 en procedimiento de cesar\u00eda en Garz\u00f3n -","robots":{"index":"index","follow":"follow","max-snippet":"max-snippet:-1","max-image-preview":"max-image-preview:large","max-video-preview":"max-video-preview:-1"},"canonical":"https:\/\/luchonoticias.com\/editor\/lider-comunitaria-murio-en-procedimiento-de-cesaria-en-garzon\/","og_locale":"es_ES","og_type":"article","og_title":"L\u00edder comunitaria muri\u00f3 en procedimiento de cesar\u00eda en Garz\u00f3n -","og_url":"https:\/\/luchonoticias.com\/editor\/lider-comunitaria-murio-en-procedimiento-de-cesaria-en-garzon\/","article_publisher":"https:\/\/www.facebook.com\/luchonoticiasneiva","article_published_time":"2025-10-20T20:50:18+00:00","article_modified_time":"2025-10-20T20:50:19+00:00","og_image":[{"width":700,"height":400,"url":"https:\/\/luchonoticias.com\/editor\/wp-content\/uploads\/2025\/10\/mujer-muerta.jpg","type":"image\/jpeg"}],"author":"Editor General","twitter_card":"summary_large_image","twitter_misc":{"Escrito por":"Editor General","Tiempo de lectura":"2 minutos"},"schema":{"@context":"https:\/\/schema.org","@graph":[{"@type":"Article","@id":"https:\/\/luchonoticias.com\/editor\/lider-comunitaria-murio-en-procedimiento-de-cesaria-en-garzon\/#article","isPartOf":{"@id":"https:\/\/luchonoticias.com\/editor\/lider-comunitaria-murio-en-procedimiento-de-cesaria-en-garzon\/"},"author":{"name":"Editor General","@id":"https:\/\/luchonoticias.com\/editor\/#\/schema\/person\/29217990ddf6f14e35912b2866d591fb"},"headline":"L\u00edder comunitaria muri\u00f3 en procedimiento de cesar\u00eda en Garz\u00f3n","datePublished":"2025-10-20T20:50:18+00:00","dateModified":"2025-10-20T20:50:19+00:00","mainEntityOfPage":{"@id":"https:\/\/luchonoticias.com\/editor\/lider-comunitaria-murio-en-procedimiento-de-cesaria-en-garzon\/"},"wordCount":213,"publisher":{"@id":"https:\/\/luchonoticias.com\/editor\/#\/schema\/person\/7a7fd911f58561fd056dbac7b55af9cd"},"image":{"@id":"https:\/\/luchonoticias.com\/editor\/lider-comunitaria-murio-en-procedimiento-de-cesaria-en-garzon\/#primaryimage"},"thumbnailUrl":"https:\/\/luchonoticias.com\/editor\/wp-content\/uploads\/2025\/10\/mujer-muerta.jpg","articleSection":["Huila"],"inLanguage":"es"},{"@type":"WebPage","@id":"https:\/\/luchonoticias.com\/editor\/lider-comunitaria-murio-en-procedimiento-de-cesaria-en-garzon\/","url":"https:\/\/luchonoticias.com\/editor\/lider-comunitaria-murio-en-procedimiento-de-cesaria-en-garzon\/","name":"L\u00edder comunitaria muri\u00f3 en procedimiento de cesar\u00eda en Garz\u00f3n -","isPartOf":{"@id":"https:\/\/luchonoticias.com\/editor\/#website"},"primaryImageOfPage":{"@id":"https:\/\/luchonoticias.com\/editor\/lider-comunitaria-murio-en-procedimiento-de-cesaria-en-garzon\/#primaryimage"},"image":{"@id":"https:\/\/luchonoticias.com\/editor\/lider-comunitaria-murio-en-procedimiento-de-cesaria-en-garzon\/#primaryimage"},"thumbnailUrl":"https:\/\/luchonoticias.com\/editor\/wp-content\/uploads\/2025\/10\/mujer-muerta.jpg","datePublished":"2025-10-20T20:50:18+00:00","dateModified":"2025-10-20T20:50:19+00:00","breadcrumb":{"@id":"https:\/\/luchonoticias.com\/editor\/lider-comunitaria-murio-en-procedimiento-de-cesaria-en-garzon\/#breadcrumb"},"inLanguage":"es","potentialAction":[{"@type":"ReadAction","target":["https:\/\/luchonoticias.com\/editor\/lider-comunitaria-murio-en-procedimiento-de-cesaria-en-garzon\/"]}]},{"@type":"ImageObject","inLanguage":"es","@id":"https:\/\/luchonoticias.com\/editor\/lider-comunitaria-murio-en-procedimiento-de-cesaria-en-garzon\/#primaryimage","url":"https:\/\/luchonoticias.com\/editor\/wp-content\/uploads\/2025\/10\/mujer-muerta.jpg","contentUrl":"https:\/\/luchonoticias.com\/editor\/wp-content\/uploads\/2025\/10\/mujer-muerta.jpg","width":700,"height":400},{"@type":"BreadcrumbList","@id":"https:\/\/luchonoticias.com\/editor\/lider-comunitaria-murio-en-procedimiento-de-cesaria-en-garzon\/#breadcrumb","itemListElement":[{"@type":"ListItem","position":1,"name":"Portada","item":"https:\/\/luchonoticias.com\/editor\/"},{"@type":"ListItem","position":2,"name":"L\u00edder comunitaria muri\u00f3 en procedimiento de cesar\u00eda en Garz\u00f3n"}]},{"@type":"WebSite","@id":"https:\/\/luchonoticias.com\/editor\/#website","url":"https:\/\/luchonoticias.com\/editor\/","name":"","description":"","publisher":{"@id":"https:\/\/luchonoticias.com\/editor\/#\/schema\/person\/7a7fd911f58561fd056dbac7b55af9cd"},"potentialAction":[{"@type":"SearchAction","target":{"@type":"EntryPoint","urlTemplate":"https:\/\/luchonoticias.com\/editor\/?s={search_term_string}"},"query-input":{"@type":"PropertyValueSpecification","valueRequired":true,"valueName":"search_term_string"}}],"inLanguage":"es"},{"@type":["Person","Organization"],"@id":"https:\/\/luchonoticias.com\/editor\/#\/schema\/person\/7a7fd911f58561fd056dbac7b55af9cd","name":"admin","image":{"@type":"ImageObject","inLanguage":"es","@id":"https:\/\/luchonoticias.com\/editor\/#\/schema\/person\/image\/","url":"https:\/\/luchonoticias.com\/editor\/wp-content\/uploads\/2024\/02\/cropped-cropped-logolu.webp","contentUrl":"https:\/\/luchonoticias.com\/editor\/wp-content\/uploads\/2024\/02\/cropped-cropped-logolu.webp","width":382,"height":170,"caption":"admin"},"logo":{"@id":"https:\/\/luchonoticias.com\/editor\/#\/schema\/person\/image\/"},"sameAs":["https:\/\/www.facebook.com\/luchonoticiasneiva"]},{"@type":"Person","@id":"https:\/\/luchonoticias.com\/editor\/#\/schema\/person\/29217990ddf6f14e35912b2866d591fb","name":"Editor General","image":{"@type":"ImageObject","inLanguage":"es","@id":"https:\/\/luchonoticias.com\/editor\/#\/schema\/person\/image\/","url":"https:\/\/luchonoticias.com\/editor\/wp-content\/uploads\/2024\/02\/cropped-cropped-logolu-150x150.webp","contentUrl":"https:\/\/luchonoticias.com\/editor\/wp-content\/uploads\/2024\/02\/cropped-cropped-logolu-150x150.webp","caption":"Editor General"},"sameAs":["https:\/\/luchonoticias.com\/"],"url":"https:\/\/luchonoticias.com\/editor\/author\/editor-general\/"}]}},"_links":{"self":[{"href":"https:\/\/luchonoticias.com\/editor\/wp-json\/wp\/v2\/posts\/89471","targetHints":{"allow":["GET"]}}],"collection":[{"href":"https:\/\/luchonoticias.com\/editor\/wp-json\/wp\/v2\/posts"}],"about":[{"href":"https:\/\/luchonoticias.com\/editor\/wp-json\/wp\/v2\/types\/post"}],"author":[{"embeddable":true,"href":"https:\/\/luchonoticias.com\/editor\/wp-json\/wp\/v2\/users\/2"}],"replies":[{"embeddable":true,"href":"https:\/\/luchonoticias.com\/editor\/wp-json\/wp\/v2\/comments?post=89471"}],"version-history":[{"count":1,"href":"https:\/\/luchonoticias.com\/editor\/wp-json\/wp\/v2\/posts\/89471\/revisions"}],"predecessor-version":[{"id":89473,"href":"https:\/\/luchonoticias.com\/editor\/wp-json\/wp\/v2\/posts\/89471\/revisions\/89473"}],"wp:featuredmedia":[{"embeddable":true,"href":"https:\/\/luchonoticias.com\/editor\/wp-json\/wp\/v2\/media\/89472"}],"wp:attachment":[{"href":"https:\/\/luchonoticias.com\/editor\/wp-json\/wp\/v2\/media?parent=89471"}],"wp:term":[{"taxonomy":"category","embeddable":true,"href":"https:\/\/luchonoticias.com\/editor\/wp-json\/wp\/v2\/categories?post=89471"},{"taxonomy":"post_tag","embeddable":true,"href":"https:\/\/luchonoticias.com\/editor\/wp-json\/wp\/v2\/tags?post=89471"}],"curies":[{"name":"wp","href":"https:\/\/api.w.org\/{rel}","templated":true}]}}