{"id":89478,"date":"2025-10-21T04:05:52","date_gmt":"2025-10-21T09:05:52","guid":{"rendered":"https:\/\/luchonoticias.com\/?p=89478"},"modified":"2025-10-21T04:05:53","modified_gmt":"2025-10-21T09:05:53","slug":"lista-terna-para-definir-contralor-departamental","status":"publish","type":"post","link":"https:\/\/luchonoticias.com\/editor\/lista-terna-para-definir-contralor-departamental\/","title":{"rendered":"Lista terna para definir contralor departamental"},"content":{"rendered":"\n<p>La Mesa Directiva de la Asamblea Departamental del Huila, en cumplimiento de la ley, emiti\u00f3 la Resoluci\u00f3n No. 196 de 2025 mediante la cual se da a conocer la&nbsp;<strong>terna definitiva<\/strong>&nbsp;de candidatos para la elecci\u00f3n del Contralor Departamental del Huila, para el periodo constitucional&nbsp;<strong>2026-2029<\/strong>.<\/p>\n\n\n\n<p>Este resultado es la etapa final de un proceso de convocatoria p\u00fablica (reglamentado por la Resoluci\u00f3n 142 de 2025), que incluy\u00f3 evaluaci\u00f3n, verificaci\u00f3n y atenci\u00f3n de reclamaciones. El proceso de selecci\u00f3n fue liderado por la&nbsp;<strong>Universidad Pedag\u00f3gica y Tecnol\u00f3gica de Colombia (UPTC)<\/strong>.<\/p>\n\n\n\n<p><strong>Los tres candidatos que conforman la terna, en orden alfab\u00e9tico, son:<\/strong><\/p>\n\n\n\n<ul class=\"wp-block-list\">\n<li><strong>Wilson D\u00edaz Sterling<\/strong>\u00a0&#8211; C.C. 79.805.070<\/li>\n\n\n\n<li><strong>Carlos Alberto L\u00f3pez L\u00f3pez<\/strong>\u00a0&#8211; C.C. 86.048.454<\/li>\n\n\n\n<li><strong>Carlos Eduardo Tovar Galindo<\/strong>\u00a0&#8211; C.C. 79.989.035<\/li>\n<\/ul>\n\n\n\n<p>La terna estar\u00e1 publicada para conocimiento de la ciudadan\u00eda del&nbsp;<strong>20 al 24 de octubre de 2025<\/strong>&nbsp;en la p\u00e1gina web y la cartelera f\u00edsica de la Asamblea. Durante estos d\u00edas, se recibir\u00e1n observaciones sobre los aspirantes, garantizando los principios de&nbsp;<strong>transparencia y participaci\u00f3n ciudadana<\/strong>.<\/p>\n\n\n\n<p>Posteriormente, y de acuerdo con el cronograma establecido, la Asamblea proceder\u00e1 a la elecci\u00f3n del nuevo Contralor, quien ser\u00e1 el responsable del control fiscal de los recursos p\u00fablicos del departamento.<\/p>\n","protected":false},"excerpt":{"rendered":"<p>La Mesa Directiva de la Asamblea Departamental del Huila, en cumplimiento de la ley, emiti\u00f3 la Resoluci\u00f3n No. 196 de 2025 mediante la cual se da a conocer la&nbsp;terna definitiva&nbsp;de candidatos para la elecci\u00f3n del Contralor Departamental del Huila, para el periodo constitucional&nbsp;2026-2029. Este resultado es la etapa final de un proceso de convocatoria p\u00fablica [&hellip;]<\/p>\n","protected":false},"author":2,"featured_media":89479,"comment_status":"closed","ping_status":"open","sticky":false,"template":"","format":"standard","meta":{"footnotes":""},"categories":[28,32],"tags":[],"class_list":["post-89478","post","type-post","status-publish","format-standard","has-post-thumbnail","hentry","category-actualidad","category-nacional"],"yoast_head":"<!-- This site is optimized with the Yoast SEO plugin v26.6 - https:\/\/yoast.com\/wordpress\/plugins\/seo\/ -->\n<title>Lista terna para definir contralor departamental -<\/title>\n<meta name=\"robots\" content=\"index, follow, max-snippet:-1, max-image-preview:large, max-video-preview:-1\" \/>\n<link rel=\"canonical\" href=\"https:\/\/luchonoticias.com\/editor\/lista-terna-para-definir-contralor-departamental\/\" \/>\n<meta property=\"og:locale\" content=\"es_ES\" \/>\n<meta property=\"og:type\" content=\"article\" \/>\n<meta property=\"og:title\" content=\"Lista terna para definir contralor departamental -\" \/>\n<meta property=\"og:url\" content=\"https:\/\/luchonoticias.com\/editor\/lista-terna-para-definir-contralor-departamental\/\" \/>\n<meta property=\"article:publisher\" content=\"https:\/\/www.facebook.com\/luchonoticiasneiva\" \/>\n<meta property=\"article:published_time\" content=\"2025-10-21T09:05:52+00:00\" \/>\n<meta property=\"article:modified_time\" content=\"2025-10-21T09:05:53+00:00\" \/>\n<meta property=\"og:image\" content=\"https:\/\/luchonoticias.com\/editor\/wp-content\/uploads\/2025\/10\/asamblea-1.jpg\" \/>\n\t<meta property=\"og:image:width\" content=\"700\" \/>\n\t<meta property=\"og:image:height\" content=\"400\" \/>\n\t<meta property=\"og:image:type\" content=\"image\/jpeg\" \/>\n<meta name=\"author\" content=\"Editor General\" \/>\n<meta name=\"twitter:card\" content=\"summary_large_image\" \/>\n<meta name=\"twitter:label1\" content=\"Escrito por\" \/>\n\t<meta name=\"twitter:data1\" content=\"Editor General\" \/>\n\t<meta name=\"twitter:label2\" content=\"Tiempo de lectura\" \/>\n\t<meta name=\"twitter:data2\" content=\"2 minutos\" \/>\n<script type=\"application\/ld+json\" class=\"yoast-schema-graph\">{\"@context\":\"https:\/\/schema.org\",\"@graph\":[{\"@type\":\"Article\",\"@id\":\"https:\/\/luchonoticias.com\/editor\/lista-terna-para-definir-contralor-departamental\/#article\",\"isPartOf\":{\"@id\":\"https:\/\/luchonoticias.com\/editor\/lista-terna-para-definir-contralor-departamental\/\"},\"author\":{\"name\":\"Editor General\",\"@id\":\"https:\/\/luchonoticias.com\/editor\/#\/schema\/person\/29217990ddf6f14e35912b2866d591fb\"},\"headline\":\"Lista terna para definir contralor departamental\",\"datePublished\":\"2025-10-21T09:05:52+00:00\",\"dateModified\":\"2025-10-21T09:05:53+00:00\",\"mainEntityOfPage\":{\"@id\":\"https:\/\/luchonoticias.com\/editor\/lista-terna-para-definir-contralor-departamental\/\"},\"wordCount\":222,\"publisher\":{\"@id\":\"https:\/\/luchonoticias.com\/editor\/#\/schema\/person\/7a7fd911f58561fd056dbac7b55af9cd\"},\"image\":{\"@id\":\"https:\/\/luchonoticias.com\/editor\/lista-terna-para-definir-contralor-departamental\/#primaryimage\"},\"thumbnailUrl\":\"https:\/\/luchonoticias.com\/editor\/wp-content\/uploads\/2025\/10\/asamblea-1.jpg\",\"articleSection\":[\"Actualidad\",\"Nacional\"],\"inLanguage\":\"es\"},{\"@type\":\"WebPage\",\"@id\":\"https:\/\/luchonoticias.com\/editor\/lista-terna-para-definir-contralor-departamental\/\",\"url\":\"https:\/\/luchonoticias.com\/editor\/lista-terna-para-definir-contralor-departamental\/\",\"name\":\"Lista terna para definir contralor departamental -\",\"isPartOf\":{\"@id\":\"https:\/\/luchonoticias.com\/editor\/#website\"},\"primaryImageOfPage\":{\"@id\":\"https:\/\/luchonoticias.com\/editor\/lista-terna-para-definir-contralor-departamental\/#primaryimage\"},\"image\":{\"@id\":\"https:\/\/luchonoticias.com\/editor\/lista-terna-para-definir-contralor-departamental\/#primaryimage\"},\"thumbnailUrl\":\"https:\/\/luchonoticias.com\/editor\/wp-content\/uploads\/2025\/10\/asamblea-1.jpg\",\"datePublished\":\"2025-10-21T09:05:52+00:00\",\"dateModified\":\"2025-10-21T09:05:53+00:00\",\"breadcrumb\":{\"@id\":\"https:\/\/luchonoticias.com\/editor\/lista-terna-para-definir-contralor-departamental\/#breadcrumb\"},\"inLanguage\":\"es\",\"potentialAction\":[{\"@type\":\"ReadAction\",\"target\":[\"https:\/\/luchonoticias.com\/editor\/lista-terna-para-definir-contralor-departamental\/\"]}]},{\"@type\":\"ImageObject\",\"inLanguage\":\"es\",\"@id\":\"https:\/\/luchonoticias.com\/editor\/lista-terna-para-definir-contralor-departamental\/#primaryimage\",\"url\":\"https:\/\/luchonoticias.com\/editor\/wp-content\/uploads\/2025\/10\/asamblea-1.jpg\",\"contentUrl\":\"https:\/\/luchonoticias.com\/editor\/wp-content\/uploads\/2025\/10\/asamblea-1.jpg\",\"width\":700,\"height\":400},{\"@type\":\"BreadcrumbList\",\"@id\":\"https:\/\/luchonoticias.com\/editor\/lista-terna-para-definir-contralor-departamental\/#breadcrumb\",\"itemListElement\":[{\"@type\":\"ListItem\",\"position\":1,\"name\":\"Portada\",\"item\":\"https:\/\/luchonoticias.com\/editor\/\"},{\"@type\":\"ListItem\",\"position\":2,\"name\":\"Lista terna para definir contralor departamental\"}]},{\"@type\":\"WebSite\",\"@id\":\"https:\/\/luchonoticias.com\/editor\/#website\",\"url\":\"https:\/\/luchonoticias.com\/editor\/\",\"name\":\"\",\"description\":\"\",\"publisher\":{\"@id\":\"https:\/\/luchonoticias.com\/editor\/#\/schema\/person\/7a7fd911f58561fd056dbac7b55af9cd\"},\"potentialAction\":[{\"@type\":\"SearchAction\",\"target\":{\"@type\":\"EntryPoint\",\"urlTemplate\":\"https:\/\/luchonoticias.com\/editor\/?s={search_term_string}\"},\"query-input\":{\"@type\":\"PropertyValueSpecification\",\"valueRequired\":true,\"valueName\":\"search_term_string\"}}],\"inLanguage\":\"es\"},{\"@type\":[\"Person\",\"Organization\"],\"@id\":\"https:\/\/luchonoticias.com\/editor\/#\/schema\/person\/7a7fd911f58561fd056dbac7b55af9cd\",\"name\":\"admin\",\"image\":{\"@type\":\"ImageObject\",\"inLanguage\":\"es\",\"@id\":\"https:\/\/luchonoticias.com\/editor\/#\/schema\/person\/image\/\",\"url\":\"https:\/\/luchonoticias.com\/editor\/wp-content\/uploads\/2024\/02\/cropped-cropped-logolu.webp\",\"contentUrl\":\"https:\/\/luchonoticias.com\/editor\/wp-content\/uploads\/2024\/02\/cropped-cropped-logolu.webp\",\"width\":382,\"height\":170,\"caption\":\"admin\"},\"logo\":{\"@id\":\"https:\/\/luchonoticias.com\/editor\/#\/schema\/person\/image\/\"},\"sameAs\":[\"https:\/\/www.facebook.com\/luchonoticiasneiva\"]},{\"@type\":\"Person\",\"@id\":\"https:\/\/luchonoticias.com\/editor\/#\/schema\/person\/29217990ddf6f14e35912b2866d591fb\",\"name\":\"Editor General\",\"image\":{\"@type\":\"ImageObject\",\"inLanguage\":\"es\",\"@id\":\"https:\/\/luchonoticias.com\/editor\/#\/schema\/person\/image\/\",\"url\":\"https:\/\/luchonoticias.com\/editor\/wp-content\/uploads\/2024\/02\/cropped-cropped-logolu-150x150.webp\",\"contentUrl\":\"https:\/\/luchonoticias.com\/editor\/wp-content\/uploads\/2024\/02\/cropped-cropped-logolu-150x150.webp\",\"caption\":\"Editor General\"},\"sameAs\":[\"https:\/\/luchonoticias.com\/\"],\"url\":\"https:\/\/luchonoticias.com\/editor\/author\/editor-general\/\"}]}<\/script>\n<!-- \/ Yoast SEO plugin. -->","yoast_head_json":{"title":"Lista terna para definir contralor departamental -","robots":{"index":"index","follow":"follow","max-snippet":"max-snippet:-1","max-image-preview":"max-image-preview:large","max-video-preview":"max-video-preview:-1"},"canonical":"https:\/\/luchonoticias.com\/editor\/lista-terna-para-definir-contralor-departamental\/","og_locale":"es_ES","og_type":"article","og_title":"Lista terna para definir contralor departamental -","og_url":"https:\/\/luchonoticias.com\/editor\/lista-terna-para-definir-contralor-departamental\/","article_publisher":"https:\/\/www.facebook.com\/luchonoticiasneiva","article_published_time":"2025-10-21T09:05:52+00:00","article_modified_time":"2025-10-21T09:05:53+00:00","og_image":[{"width":700,"height":400,"url":"https:\/\/luchonoticias.com\/editor\/wp-content\/uploads\/2025\/10\/asamblea-1.jpg","type":"image\/jpeg"}],"author":"Editor General","twitter_card":"summary_large_image","twitter_misc":{"Escrito por":"Editor General","Tiempo de lectura":"2 minutos"},"schema":{"@context":"https:\/\/schema.org","@graph":[{"@type":"Article","@id":"https:\/\/luchonoticias.com\/editor\/lista-terna-para-definir-contralor-departamental\/#article","isPartOf":{"@id":"https:\/\/luchonoticias.com\/editor\/lista-terna-para-definir-contralor-departamental\/"},"author":{"name":"Editor General","@id":"https:\/\/luchonoticias.com\/editor\/#\/schema\/person\/29217990ddf6f14e35912b2866d591fb"},"headline":"Lista terna para definir contralor departamental","datePublished":"2025-10-21T09:05:52+00:00","dateModified":"2025-10-21T09:05:53+00:00","mainEntityOfPage":{"@id":"https:\/\/luchonoticias.com\/editor\/lista-terna-para-definir-contralor-departamental\/"},"wordCount":222,"publisher":{"@id":"https:\/\/luchonoticias.com\/editor\/#\/schema\/person\/7a7fd911f58561fd056dbac7b55af9cd"},"image":{"@id":"https:\/\/luchonoticias.com\/editor\/lista-terna-para-definir-contralor-departamental\/#primaryimage"},"thumbnailUrl":"https:\/\/luchonoticias.com\/editor\/wp-content\/uploads\/2025\/10\/asamblea-1.jpg","articleSection":["Actualidad","Nacional"],"inLanguage":"es"},{"@type":"WebPage","@id":"https:\/\/luchonoticias.com\/editor\/lista-terna-para-definir-contralor-departamental\/","url":"https:\/\/luchonoticias.com\/editor\/lista-terna-para-definir-contralor-departamental\/","name":"Lista terna para definir contralor departamental -","isPartOf":{"@id":"https:\/\/luchonoticias.com\/editor\/#website"},"primaryImageOfPage":{"@id":"https:\/\/luchonoticias.com\/editor\/lista-terna-para-definir-contralor-departamental\/#primaryimage"},"image":{"@id":"https:\/\/luchonoticias.com\/editor\/lista-terna-para-definir-contralor-departamental\/#primaryimage"},"thumbnailUrl":"https:\/\/luchonoticias.com\/editor\/wp-content\/uploads\/2025\/10\/asamblea-1.jpg","datePublished":"2025-10-21T09:05:52+00:00","dateModified":"2025-10-21T09:05:53+00:00","breadcrumb":{"@id":"https:\/\/luchonoticias.com\/editor\/lista-terna-para-definir-contralor-departamental\/#breadcrumb"},"inLanguage":"es","potentialAction":[{"@type":"ReadAction","target":["https:\/\/luchonoticias.com\/editor\/lista-terna-para-definir-contralor-departamental\/"]}]},{"@type":"ImageObject","inLanguage":"es","@id":"https:\/\/luchonoticias.com\/editor\/lista-terna-para-definir-contralor-departamental\/#primaryimage","url":"https:\/\/luchonoticias.com\/editor\/wp-content\/uploads\/2025\/10\/asamblea-1.jpg","contentUrl":"https:\/\/luchonoticias.com\/editor\/wp-content\/uploads\/2025\/10\/asamblea-1.jpg","width":700,"height":400},{"@type":"BreadcrumbList","@id":"https:\/\/luchonoticias.com\/editor\/lista-terna-para-definir-contralor-departamental\/#breadcrumb","itemListElement":[{"@type":"ListItem","position":1,"name":"Portada","item":"https:\/\/luchonoticias.com\/editor\/"},{"@type":"ListItem","position":2,"name":"Lista terna para definir contralor departamental"}]},{"@type":"WebSite","@id":"https:\/\/luchonoticias.com\/editor\/#website","url":"https:\/\/luchonoticias.com\/editor\/","name":"","description":"","publisher":{"@id":"https:\/\/luchonoticias.com\/editor\/#\/schema\/person\/7a7fd911f58561fd056dbac7b55af9cd"},"potentialAction":[{"@type":"SearchAction","target":{"@type":"EntryPoint","urlTemplate":"https:\/\/luchonoticias.com\/editor\/?s={search_term_string}"},"query-input":{"@type":"PropertyValueSpecification","valueRequired":true,"valueName":"search_term_string"}}],"inLanguage":"es"},{"@type":["Person","Organization"],"@id":"https:\/\/luchonoticias.com\/editor\/#\/schema\/person\/7a7fd911f58561fd056dbac7b55af9cd","name":"admin","image":{"@type":"ImageObject","inLanguage":"es","@id":"https:\/\/luchonoticias.com\/editor\/#\/schema\/person\/image\/","url":"https:\/\/luchonoticias.com\/editor\/wp-content\/uploads\/2024\/02\/cropped-cropped-logolu.webp","contentUrl":"https:\/\/luchonoticias.com\/editor\/wp-content\/uploads\/2024\/02\/cropped-cropped-logolu.webp","width":382,"height":170,"caption":"admin"},"logo":{"@id":"https:\/\/luchonoticias.com\/editor\/#\/schema\/person\/image\/"},"sameAs":["https:\/\/www.facebook.com\/luchonoticiasneiva"]},{"@type":"Person","@id":"https:\/\/luchonoticias.com\/editor\/#\/schema\/person\/29217990ddf6f14e35912b2866d591fb","name":"Editor General","image":{"@type":"ImageObject","inLanguage":"es","@id":"https:\/\/luchonoticias.com\/editor\/#\/schema\/person\/image\/","url":"https:\/\/luchonoticias.com\/editor\/wp-content\/uploads\/2024\/02\/cropped-cropped-logolu-150x150.webp","contentUrl":"https:\/\/luchonoticias.com\/editor\/wp-content\/uploads\/2024\/02\/cropped-cropped-logolu-150x150.webp","caption":"Editor General"},"sameAs":["https:\/\/luchonoticias.com\/"],"url":"https:\/\/luchonoticias.com\/editor\/author\/editor-general\/"}]}},"_links":{"self":[{"href":"https:\/\/luchonoticias.com\/editor\/wp-json\/wp\/v2\/posts\/89478","targetHints":{"allow":["GET"]}}],"collection":[{"href":"https:\/\/luchonoticias.com\/editor\/wp-json\/wp\/v2\/posts"}],"about":[{"href":"https:\/\/luchonoticias.com\/editor\/wp-json\/wp\/v2\/types\/post"}],"author":[{"embeddable":true,"href":"https:\/\/luchonoticias.com\/editor\/wp-json\/wp\/v2\/users\/2"}],"replies":[{"embeddable":true,"href":"https:\/\/luchonoticias.com\/editor\/wp-json\/wp\/v2\/comments?post=89478"}],"version-history":[{"count":1,"href":"https:\/\/luchonoticias.com\/editor\/wp-json\/wp\/v2\/posts\/89478\/revisions"}],"predecessor-version":[{"id":89480,"href":"https:\/\/luchonoticias.com\/editor\/wp-json\/wp\/v2\/posts\/89478\/revisions\/89480"}],"wp:featuredmedia":[{"embeddable":true,"href":"https:\/\/luchonoticias.com\/editor\/wp-json\/wp\/v2\/media\/89479"}],"wp:attachment":[{"href":"https:\/\/luchonoticias.com\/editor\/wp-json\/wp\/v2\/media?parent=89478"}],"wp:term":[{"taxonomy":"category","embeddable":true,"href":"https:\/\/luchonoticias.com\/editor\/wp-json\/wp\/v2\/categories?post=89478"},{"taxonomy":"post_tag","embeddable":true,"href":"https:\/\/luchonoticias.com\/editor\/wp-json\/wp\/v2\/tags?post=89478"}],"curies":[{"name":"wp","href":"https:\/\/api.w.org\/{rel}","templated":true}]}}