{"id":89481,"date":"2025-10-21T04:10:47","date_gmt":"2025-10-21T09:10:47","guid":{"rendered":"https:\/\/luchonoticias.com\/?p=89481"},"modified":"2025-10-21T04:10:48","modified_gmt":"2025-10-21T09:10:48","slug":"incautadas-mas-de-700-toneladas-de-droga-en-lo-que-va-del-ano","status":"publish","type":"post","link":"https:\/\/luchonoticias.com\/editor\/incautadas-mas-de-700-toneladas-de-droga-en-lo-que-va-del-ano\/","title":{"rendered":"Incautadas m\u00e1s de 700 toneladas de droga en lo que va del a\u00f1o"},"content":{"rendered":"\n<p>El Almirante Francisco Cubides, comandante de las Fuerzas Militares, revel\u00f3 que las operaciones contra el narcotr\u00e1fico desde el primero de enero han superado en efectividad todos los logros de a\u00f1os anteriores, con resultados sin precedentes en la lucha por desmantelar las redes criminales.<\/p>\n\n\n\n<p>\u201cNuestra efectividad operacional en contra del fen\u00f3meno del narcotr\u00e1fico y sus delitos conexos (&#8230;) ha sido contundente\u201d, afirm\u00f3 el Almirante Cubides, destacando que las operaciones de interdicci\u00f3n se mantienen de forma ininterrumpida.<\/p>\n\n\n\n<p><strong>Cifras de un golpe contundente<\/strong><\/p>\n\n\n\n<p>Entre los resultados m\u00e1s destacados de esta ofensiva se encuentran:<\/p>\n\n\n\n<ul class=\"wp-block-list\">\n<li><strong>717 toneladas<\/strong>\u00a0de droga incautada.<\/li>\n\n\n\n<li><strong>462 toneladas<\/strong>\u00a0de hoja de coca erradicada o decomisada.<\/li>\n\n\n\n<li>Destrucci\u00f3n de m\u00e1s de\u00a0<strong>3.000 laboratorios<\/strong>\u00a0para el procesamiento de alcaloides.<\/li>\n\n\n\n<li>Incautaci\u00f3n de\u00a0<strong>562 toneladas de insumos s\u00f3lidos<\/strong>\u00a0y\u00a0<strong>530,000 galones de insumos l\u00edquidos<\/strong>.<\/li>\n\n\n\n<li>Decomiso de\u00a0<strong>792,000 galones de combustible<\/strong>\u00a0destinado a la cadena del narcotr\u00e1fico.<\/li>\n<\/ul>\n\n\n\n<p><strong>Tres campa\u00f1as estrat\u00e9gicas en curso<\/strong><\/p>\n\n\n\n<p>M\u00e1s de 232,000 hombres y mujeres de las Fuerzas Militares participan activamente en esta ofensiva, la cual se articula bajo tres grandes campa\u00f1as:&nbsp;<strong>Paya, Ori\u00f3n y Zeus<\/strong>. Estas operaciones han fortalecido la lucha contra el delito transnacional, permitiendo avances significativos en:<\/p>\n\n\n\n<ul class=\"wp-block-list\">\n<li>La identificaci\u00f3n de redes criminales.<\/li>\n\n\n\n<li>Procesos de judicializaci\u00f3n.<\/li>\n\n\n\n<li>Rastreo de finanzas il\u00edcitas.<\/li>\n\n\n\n<li>Aplicaci\u00f3n de la extinci\u00f3n del derecho de dominio (decomiso de bienes).<\/li>\n<\/ul>\n\n\n\n<p>El Almirante Cubides asegur\u00f3 que estas acciones representan un impacto directo a la principal fuente de financiaci\u00f3n de la violencia en el pa\u00eds.<\/p>\n","protected":false},"excerpt":{"rendered":"<p>El Almirante Francisco Cubides, comandante de las Fuerzas Militares, revel\u00f3 que las operaciones contra el narcotr\u00e1fico desde el primero de enero han superado en efectividad todos los logros de a\u00f1os anteriores, con resultados sin precedentes en la lucha por desmantelar las redes criminales. \u201cNuestra efectividad operacional en contra del fen\u00f3meno del narcotr\u00e1fico y sus delitos [&hellip;]<\/p>\n","protected":false},"author":2,"featured_media":89482,"comment_status":"closed","ping_status":"open","sticky":false,"template":"","format":"standard","meta":{"footnotes":""},"categories":[28,32],"tags":[],"class_list":["post-89481","post","type-post","status-publish","format-standard","has-post-thumbnail","hentry","category-actualidad","category-nacional"],"yoast_head":"<!-- This site is optimized with the Yoast SEO plugin v26.6 - https:\/\/yoast.com\/wordpress\/plugins\/seo\/ -->\n<title>Incautadas m\u00e1s de 700 toneladas de droga en lo que va del a\u00f1o -<\/title>\n<meta name=\"robots\" content=\"index, follow, max-snippet:-1, max-image-preview:large, max-video-preview:-1\" \/>\n<link rel=\"canonical\" href=\"https:\/\/luchonoticias.com\/editor\/incautadas-mas-de-700-toneladas-de-droga-en-lo-que-va-del-ano\/\" \/>\n<meta property=\"og:locale\" content=\"es_ES\" \/>\n<meta property=\"og:type\" content=\"article\" \/>\n<meta property=\"og:title\" content=\"Incautadas m\u00e1s de 700 toneladas de droga en lo que va del a\u00f1o -\" \/>\n<meta property=\"og:url\" content=\"https:\/\/luchonoticias.com\/editor\/incautadas-mas-de-700-toneladas-de-droga-en-lo-que-va-del-ano\/\" \/>\n<meta property=\"article:publisher\" content=\"https:\/\/www.facebook.com\/luchonoticiasneiva\" \/>\n<meta property=\"article:published_time\" content=\"2025-10-21T09:10:47+00:00\" \/>\n<meta property=\"article:modified_time\" content=\"2025-10-21T09:10:48+00:00\" \/>\n<meta property=\"og:image\" content=\"https:\/\/luchonoticias.com\/editor\/wp-content\/uploads\/2025\/10\/droga.jpg\" \/>\n\t<meta property=\"og:image:width\" content=\"700\" \/>\n\t<meta property=\"og:image:height\" content=\"400\" \/>\n\t<meta property=\"og:image:type\" content=\"image\/jpeg\" \/>\n<meta name=\"author\" content=\"Editor General\" \/>\n<meta name=\"twitter:card\" content=\"summary_large_image\" \/>\n<meta name=\"twitter:label1\" content=\"Escrito por\" \/>\n\t<meta name=\"twitter:data1\" content=\"Editor General\" \/>\n\t<meta name=\"twitter:label2\" content=\"Tiempo de lectura\" \/>\n\t<meta name=\"twitter:data2\" content=\"2 minutos\" \/>\n<script type=\"application\/ld+json\" class=\"yoast-schema-graph\">{\"@context\":\"https:\/\/schema.org\",\"@graph\":[{\"@type\":\"Article\",\"@id\":\"https:\/\/luchonoticias.com\/editor\/incautadas-mas-de-700-toneladas-de-droga-en-lo-que-va-del-ano\/#article\",\"isPartOf\":{\"@id\":\"https:\/\/luchonoticias.com\/editor\/incautadas-mas-de-700-toneladas-de-droga-en-lo-que-va-del-ano\/\"},\"author\":{\"name\":\"Editor General\",\"@id\":\"https:\/\/luchonoticias.com\/editor\/#\/schema\/person\/29217990ddf6f14e35912b2866d591fb\"},\"headline\":\"Incautadas m\u00e1s de 700 toneladas de droga en lo que va del a\u00f1o\",\"datePublished\":\"2025-10-21T09:10:47+00:00\",\"dateModified\":\"2025-10-21T09:10:48+00:00\",\"mainEntityOfPage\":{\"@id\":\"https:\/\/luchonoticias.com\/editor\/incautadas-mas-de-700-toneladas-de-droga-en-lo-que-va-del-ano\/\"},\"wordCount\":263,\"publisher\":{\"@id\":\"https:\/\/luchonoticias.com\/editor\/#\/schema\/person\/7a7fd911f58561fd056dbac7b55af9cd\"},\"image\":{\"@id\":\"https:\/\/luchonoticias.com\/editor\/incautadas-mas-de-700-toneladas-de-droga-en-lo-que-va-del-ano\/#primaryimage\"},\"thumbnailUrl\":\"https:\/\/luchonoticias.com\/editor\/wp-content\/uploads\/2025\/10\/droga.jpg\",\"articleSection\":[\"Actualidad\",\"Nacional\"],\"inLanguage\":\"es\"},{\"@type\":\"WebPage\",\"@id\":\"https:\/\/luchonoticias.com\/editor\/incautadas-mas-de-700-toneladas-de-droga-en-lo-que-va-del-ano\/\",\"url\":\"https:\/\/luchonoticias.com\/editor\/incautadas-mas-de-700-toneladas-de-droga-en-lo-que-va-del-ano\/\",\"name\":\"Incautadas m\u00e1s de 700 toneladas de droga en lo que va del a\u00f1o -\",\"isPartOf\":{\"@id\":\"https:\/\/luchonoticias.com\/editor\/#website\"},\"primaryImageOfPage\":{\"@id\":\"https:\/\/luchonoticias.com\/editor\/incautadas-mas-de-700-toneladas-de-droga-en-lo-que-va-del-ano\/#primaryimage\"},\"image\":{\"@id\":\"https:\/\/luchonoticias.com\/editor\/incautadas-mas-de-700-toneladas-de-droga-en-lo-que-va-del-ano\/#primaryimage\"},\"thumbnailUrl\":\"https:\/\/luchonoticias.com\/editor\/wp-content\/uploads\/2025\/10\/droga.jpg\",\"datePublished\":\"2025-10-21T09:10:47+00:00\",\"dateModified\":\"2025-10-21T09:10:48+00:00\",\"breadcrumb\":{\"@id\":\"https:\/\/luchonoticias.com\/editor\/incautadas-mas-de-700-toneladas-de-droga-en-lo-que-va-del-ano\/#breadcrumb\"},\"inLanguage\":\"es\",\"potentialAction\":[{\"@type\":\"ReadAction\",\"target\":[\"https:\/\/luchonoticias.com\/editor\/incautadas-mas-de-700-toneladas-de-droga-en-lo-que-va-del-ano\/\"]}]},{\"@type\":\"ImageObject\",\"inLanguage\":\"es\",\"@id\":\"https:\/\/luchonoticias.com\/editor\/incautadas-mas-de-700-toneladas-de-droga-en-lo-que-va-del-ano\/#primaryimage\",\"url\":\"https:\/\/luchonoticias.com\/editor\/wp-content\/uploads\/2025\/10\/droga.jpg\",\"contentUrl\":\"https:\/\/luchonoticias.com\/editor\/wp-content\/uploads\/2025\/10\/droga.jpg\",\"width\":700,\"height\":400},{\"@type\":\"BreadcrumbList\",\"@id\":\"https:\/\/luchonoticias.com\/editor\/incautadas-mas-de-700-toneladas-de-droga-en-lo-que-va-del-ano\/#breadcrumb\",\"itemListElement\":[{\"@type\":\"ListItem\",\"position\":1,\"name\":\"Portada\",\"item\":\"https:\/\/luchonoticias.com\/editor\/\"},{\"@type\":\"ListItem\",\"position\":2,\"name\":\"Incautadas m\u00e1s de 700 toneladas de droga en lo que va del a\u00f1o\"}]},{\"@type\":\"WebSite\",\"@id\":\"https:\/\/luchonoticias.com\/editor\/#website\",\"url\":\"https:\/\/luchonoticias.com\/editor\/\",\"name\":\"\",\"description\":\"\",\"publisher\":{\"@id\":\"https:\/\/luchonoticias.com\/editor\/#\/schema\/person\/7a7fd911f58561fd056dbac7b55af9cd\"},\"potentialAction\":[{\"@type\":\"SearchAction\",\"target\":{\"@type\":\"EntryPoint\",\"urlTemplate\":\"https:\/\/luchonoticias.com\/editor\/?s={search_term_string}\"},\"query-input\":{\"@type\":\"PropertyValueSpecification\",\"valueRequired\":true,\"valueName\":\"search_term_string\"}}],\"inLanguage\":\"es\"},{\"@type\":[\"Person\",\"Organization\"],\"@id\":\"https:\/\/luchonoticias.com\/editor\/#\/schema\/person\/7a7fd911f58561fd056dbac7b55af9cd\",\"name\":\"admin\",\"image\":{\"@type\":\"ImageObject\",\"inLanguage\":\"es\",\"@id\":\"https:\/\/luchonoticias.com\/editor\/#\/schema\/person\/image\/\",\"url\":\"https:\/\/luchonoticias.com\/editor\/wp-content\/uploads\/2024\/02\/cropped-cropped-logolu.webp\",\"contentUrl\":\"https:\/\/luchonoticias.com\/editor\/wp-content\/uploads\/2024\/02\/cropped-cropped-logolu.webp\",\"width\":382,\"height\":170,\"caption\":\"admin\"},\"logo\":{\"@id\":\"https:\/\/luchonoticias.com\/editor\/#\/schema\/person\/image\/\"},\"sameAs\":[\"https:\/\/www.facebook.com\/luchonoticiasneiva\"]},{\"@type\":\"Person\",\"@id\":\"https:\/\/luchonoticias.com\/editor\/#\/schema\/person\/29217990ddf6f14e35912b2866d591fb\",\"name\":\"Editor General\",\"image\":{\"@type\":\"ImageObject\",\"inLanguage\":\"es\",\"@id\":\"https:\/\/luchonoticias.com\/editor\/#\/schema\/person\/image\/\",\"url\":\"https:\/\/luchonoticias.com\/editor\/wp-content\/uploads\/2024\/02\/cropped-cropped-logolu-150x150.webp\",\"contentUrl\":\"https:\/\/luchonoticias.com\/editor\/wp-content\/uploads\/2024\/02\/cropped-cropped-logolu-150x150.webp\",\"caption\":\"Editor General\"},\"sameAs\":[\"https:\/\/luchonoticias.com\/\"],\"url\":\"https:\/\/luchonoticias.com\/editor\/author\/editor-general\/\"}]}<\/script>\n<!-- \/ Yoast SEO plugin. -->","yoast_head_json":{"title":"Incautadas m\u00e1s de 700 toneladas de droga en lo que va del a\u00f1o -","robots":{"index":"index","follow":"follow","max-snippet":"max-snippet:-1","max-image-preview":"max-image-preview:large","max-video-preview":"max-video-preview:-1"},"canonical":"https:\/\/luchonoticias.com\/editor\/incautadas-mas-de-700-toneladas-de-droga-en-lo-que-va-del-ano\/","og_locale":"es_ES","og_type":"article","og_title":"Incautadas m\u00e1s de 700 toneladas de droga en lo que va del a\u00f1o -","og_url":"https:\/\/luchonoticias.com\/editor\/incautadas-mas-de-700-toneladas-de-droga-en-lo-que-va-del-ano\/","article_publisher":"https:\/\/www.facebook.com\/luchonoticiasneiva","article_published_time":"2025-10-21T09:10:47+00:00","article_modified_time":"2025-10-21T09:10:48+00:00","og_image":[{"width":700,"height":400,"url":"https:\/\/luchonoticias.com\/editor\/wp-content\/uploads\/2025\/10\/droga.jpg","type":"image\/jpeg"}],"author":"Editor General","twitter_card":"summary_large_image","twitter_misc":{"Escrito por":"Editor General","Tiempo de lectura":"2 minutos"},"schema":{"@context":"https:\/\/schema.org","@graph":[{"@type":"Article","@id":"https:\/\/luchonoticias.com\/editor\/incautadas-mas-de-700-toneladas-de-droga-en-lo-que-va-del-ano\/#article","isPartOf":{"@id":"https:\/\/luchonoticias.com\/editor\/incautadas-mas-de-700-toneladas-de-droga-en-lo-que-va-del-ano\/"},"author":{"name":"Editor General","@id":"https:\/\/luchonoticias.com\/editor\/#\/schema\/person\/29217990ddf6f14e35912b2866d591fb"},"headline":"Incautadas m\u00e1s de 700 toneladas de droga en lo que va del a\u00f1o","datePublished":"2025-10-21T09:10:47+00:00","dateModified":"2025-10-21T09:10:48+00:00","mainEntityOfPage":{"@id":"https:\/\/luchonoticias.com\/editor\/incautadas-mas-de-700-toneladas-de-droga-en-lo-que-va-del-ano\/"},"wordCount":263,"publisher":{"@id":"https:\/\/luchonoticias.com\/editor\/#\/schema\/person\/7a7fd911f58561fd056dbac7b55af9cd"},"image":{"@id":"https:\/\/luchonoticias.com\/editor\/incautadas-mas-de-700-toneladas-de-droga-en-lo-que-va-del-ano\/#primaryimage"},"thumbnailUrl":"https:\/\/luchonoticias.com\/editor\/wp-content\/uploads\/2025\/10\/droga.jpg","articleSection":["Actualidad","Nacional"],"inLanguage":"es"},{"@type":"WebPage","@id":"https:\/\/luchonoticias.com\/editor\/incautadas-mas-de-700-toneladas-de-droga-en-lo-que-va-del-ano\/","url":"https:\/\/luchonoticias.com\/editor\/incautadas-mas-de-700-toneladas-de-droga-en-lo-que-va-del-ano\/","name":"Incautadas m\u00e1s de 700 toneladas de droga en lo que va del a\u00f1o -","isPartOf":{"@id":"https:\/\/luchonoticias.com\/editor\/#website"},"primaryImageOfPage":{"@id":"https:\/\/luchonoticias.com\/editor\/incautadas-mas-de-700-toneladas-de-droga-en-lo-que-va-del-ano\/#primaryimage"},"image":{"@id":"https:\/\/luchonoticias.com\/editor\/incautadas-mas-de-700-toneladas-de-droga-en-lo-que-va-del-ano\/#primaryimage"},"thumbnailUrl":"https:\/\/luchonoticias.com\/editor\/wp-content\/uploads\/2025\/10\/droga.jpg","datePublished":"2025-10-21T09:10:47+00:00","dateModified":"2025-10-21T09:10:48+00:00","breadcrumb":{"@id":"https:\/\/luchonoticias.com\/editor\/incautadas-mas-de-700-toneladas-de-droga-en-lo-que-va-del-ano\/#breadcrumb"},"inLanguage":"es","potentialAction":[{"@type":"ReadAction","target":["https:\/\/luchonoticias.com\/editor\/incautadas-mas-de-700-toneladas-de-droga-en-lo-que-va-del-ano\/"]}]},{"@type":"ImageObject","inLanguage":"es","@id":"https:\/\/luchonoticias.com\/editor\/incautadas-mas-de-700-toneladas-de-droga-en-lo-que-va-del-ano\/#primaryimage","url":"https:\/\/luchonoticias.com\/editor\/wp-content\/uploads\/2025\/10\/droga.jpg","contentUrl":"https:\/\/luchonoticias.com\/editor\/wp-content\/uploads\/2025\/10\/droga.jpg","width":700,"height":400},{"@type":"BreadcrumbList","@id":"https:\/\/luchonoticias.com\/editor\/incautadas-mas-de-700-toneladas-de-droga-en-lo-que-va-del-ano\/#breadcrumb","itemListElement":[{"@type":"ListItem","position":1,"name":"Portada","item":"https:\/\/luchonoticias.com\/editor\/"},{"@type":"ListItem","position":2,"name":"Incautadas m\u00e1s de 700 toneladas de droga en lo que va del a\u00f1o"}]},{"@type":"WebSite","@id":"https:\/\/luchonoticias.com\/editor\/#website","url":"https:\/\/luchonoticias.com\/editor\/","name":"","description":"","publisher":{"@id":"https:\/\/luchonoticias.com\/editor\/#\/schema\/person\/7a7fd911f58561fd056dbac7b55af9cd"},"potentialAction":[{"@type":"SearchAction","target":{"@type":"EntryPoint","urlTemplate":"https:\/\/luchonoticias.com\/editor\/?s={search_term_string}"},"query-input":{"@type":"PropertyValueSpecification","valueRequired":true,"valueName":"search_term_string"}}],"inLanguage":"es"},{"@type":["Person","Organization"],"@id":"https:\/\/luchonoticias.com\/editor\/#\/schema\/person\/7a7fd911f58561fd056dbac7b55af9cd","name":"admin","image":{"@type":"ImageObject","inLanguage":"es","@id":"https:\/\/luchonoticias.com\/editor\/#\/schema\/person\/image\/","url":"https:\/\/luchonoticias.com\/editor\/wp-content\/uploads\/2024\/02\/cropped-cropped-logolu.webp","contentUrl":"https:\/\/luchonoticias.com\/editor\/wp-content\/uploads\/2024\/02\/cropped-cropped-logolu.webp","width":382,"height":170,"caption":"admin"},"logo":{"@id":"https:\/\/luchonoticias.com\/editor\/#\/schema\/person\/image\/"},"sameAs":["https:\/\/www.facebook.com\/luchonoticiasneiva"]},{"@type":"Person","@id":"https:\/\/luchonoticias.com\/editor\/#\/schema\/person\/29217990ddf6f14e35912b2866d591fb","name":"Editor General","image":{"@type":"ImageObject","inLanguage":"es","@id":"https:\/\/luchonoticias.com\/editor\/#\/schema\/person\/image\/","url":"https:\/\/luchonoticias.com\/editor\/wp-content\/uploads\/2024\/02\/cropped-cropped-logolu-150x150.webp","contentUrl":"https:\/\/luchonoticias.com\/editor\/wp-content\/uploads\/2024\/02\/cropped-cropped-logolu-150x150.webp","caption":"Editor General"},"sameAs":["https:\/\/luchonoticias.com\/"],"url":"https:\/\/luchonoticias.com\/editor\/author\/editor-general\/"}]}},"_links":{"self":[{"href":"https:\/\/luchonoticias.com\/editor\/wp-json\/wp\/v2\/posts\/89481","targetHints":{"allow":["GET"]}}],"collection":[{"href":"https:\/\/luchonoticias.com\/editor\/wp-json\/wp\/v2\/posts"}],"about":[{"href":"https:\/\/luchonoticias.com\/editor\/wp-json\/wp\/v2\/types\/post"}],"author":[{"embeddable":true,"href":"https:\/\/luchonoticias.com\/editor\/wp-json\/wp\/v2\/users\/2"}],"replies":[{"embeddable":true,"href":"https:\/\/luchonoticias.com\/editor\/wp-json\/wp\/v2\/comments?post=89481"}],"version-history":[{"count":1,"href":"https:\/\/luchonoticias.com\/editor\/wp-json\/wp\/v2\/posts\/89481\/revisions"}],"predecessor-version":[{"id":89483,"href":"https:\/\/luchonoticias.com\/editor\/wp-json\/wp\/v2\/posts\/89481\/revisions\/89483"}],"wp:featuredmedia":[{"embeddable":true,"href":"https:\/\/luchonoticias.com\/editor\/wp-json\/wp\/v2\/media\/89482"}],"wp:attachment":[{"href":"https:\/\/luchonoticias.com\/editor\/wp-json\/wp\/v2\/media?parent=89481"}],"wp:term":[{"taxonomy":"category","embeddable":true,"href":"https:\/\/luchonoticias.com\/editor\/wp-json\/wp\/v2\/categories?post=89481"},{"taxonomy":"post_tag","embeddable":true,"href":"https:\/\/luchonoticias.com\/editor\/wp-json\/wp\/v2\/tags?post=89481"}],"curies":[{"name":"wp","href":"https:\/\/api.w.org\/{rel}","templated":true}]}}