{"id":96915,"date":"2026-04-19T04:32:37","date_gmt":"2026-04-19T09:32:37","guid":{"rendered":"https:\/\/luchonoticias.com\/editor\/?p=96915"},"modified":"2026-04-19T04:32:37","modified_gmt":"2026-04-19T09:32:37","slug":"comienza-primer-ciclo-de-vacunacion-contra-la-aftosa","status":"publish","type":"post","link":"https:\/\/luchonoticias.com\/editor\/comienza-primer-ciclo-de-vacunacion-contra-la-aftosa\/","title":{"rendered":"Comienza primer ciclo de vacunaci\u00f3n contra la aftosa"},"content":{"rendered":"\n<p>Mediante la Resoluci\u00f3n 06630 de 2026, el Instituto Colombiano Agropecuario (ICA) estableci\u00f3 que el primer ciclo de vacunaci\u00f3n contra la fiebre aftosa, la brucelosis bovina y la rabia de origen silvestre se desarrollar\u00e1 en el pa\u00eds entre el 4 de mayo y el 23 de junio de 2026, con el objetivo de preservar el estatus sanitario nacional.<\/p>\n\n\n\n<p>Durante esta jornada se espera inmunizar a m\u00e1s de 30 millones de bovinos y bufalinos que conforman el hato ganadero colombiano. La gerente general del ICA, Paula Andrea Cepeda, destac\u00f3 que este proceso es clave para mantener a Colombia como territorio libre de fiebre aftosa con vacunaci\u00f3n, al tiempo que fortalece la producci\u00f3n de alimentos, el bienestar rural y el aporte del sector a la econom\u00eda, que genera m\u00e1s de 1,1 millones de empleos directos.<\/p>\n\n\n\n<p>La ejecuci\u00f3n del ciclo estar\u00e1 a cargo de la Federaci\u00f3n Colombiana de Ganaderos (FEDEG\u00c1N), entidad responsable de administrar las cuotas de fomento ganadero y lechero. Desde all\u00ed se supervisar\u00e1 el trabajo de las Organizaciones Ejecutoras Ganaderas Autorizadas (OEGA), encargadas de implementar la estrategia en todo el pa\u00eds.<\/p>\n\n\n\n<p>Por su parte, el presidente ejecutivo de FEDEG\u00c1N, Jos\u00e9 F\u00e9lix Lafaurie Rivera, hizo un llamado a los m\u00e1s de 700.000 ganaderos para cumplir con la vacunaci\u00f3n de sus animales, recordando que Colombia mantiene desde febrero de 2020 el reconocimiento internacional como pa\u00eds libre de fiebre aftosa con vacunaci\u00f3n, otorgado por la Organizaci\u00f3n Mundial de Sanidad Animal.<\/p>\n\n\n\n<p>El dirigente gremial subray\u00f3 que tanto las autoridades como los productores comparten la responsabilidad de prevenir la enfermedad y preservar el estatus sanitario, considerado fundamental para el desarrollo del sector ganadero nacional.<\/p>\n","protected":false},"excerpt":{"rendered":"<p>Mediante la Resoluci\u00f3n 06630 de 2026, el Instituto Colombiano Agropecuario (ICA) estableci\u00f3 que el primer ciclo de vacunaci\u00f3n contra la fiebre aftosa, la brucelosis bovina y la rabia de origen silvestre se desarrollar\u00e1 en el pa\u00eds entre el 4 de mayo y el 23 de junio de 2026, con el objetivo de preservar el estatus [&hellip;]<\/p>\n","protected":false},"author":2,"featured_media":96916,"comment_status":"closed","ping_status":"open","sticky":false,"template":"","format":"standard","meta":{"footnotes":""},"categories":[28,32],"tags":[],"class_list":["post-96915","post","type-post","status-publish","format-standard","has-post-thumbnail","hentry","category-actualidad","category-nacional"],"yoast_head":"<!-- This site is optimized with the Yoast SEO plugin v26.6 - https:\/\/yoast.com\/wordpress\/plugins\/seo\/ -->\n<title>Comienza primer ciclo de vacunaci\u00f3n contra la aftosa -<\/title>\n<meta name=\"robots\" content=\"index, follow, max-snippet:-1, max-image-preview:large, max-video-preview:-1\" \/>\n<link rel=\"canonical\" href=\"https:\/\/luchonoticias.com\/editor\/comienza-primer-ciclo-de-vacunacion-contra-la-aftosa\/\" \/>\n<meta property=\"og:locale\" content=\"es_ES\" \/>\n<meta property=\"og:type\" content=\"article\" \/>\n<meta property=\"og:title\" content=\"Comienza primer ciclo de vacunaci\u00f3n contra la aftosa -\" \/>\n<meta property=\"og:url\" content=\"https:\/\/luchonoticias.com\/editor\/comienza-primer-ciclo-de-vacunacion-contra-la-aftosa\/\" \/>\n<meta property=\"article:publisher\" content=\"https:\/\/www.facebook.com\/luchonoticiasneiva\" \/>\n<meta property=\"article:published_time\" content=\"2026-04-19T09:32:37+00:00\" \/>\n<meta property=\"og:image\" content=\"https:\/\/luchonoticias.com\/editor\/wp-content\/uploads\/2026\/04\/ganaderia.jpg\" \/>\n\t<meta property=\"og:image:width\" content=\"700\" \/>\n\t<meta property=\"og:image:height\" content=\"400\" \/>\n\t<meta property=\"og:image:type\" content=\"image\/jpeg\" \/>\n<meta name=\"author\" content=\"Editor General\" \/>\n<meta name=\"twitter:card\" content=\"summary_large_image\" \/>\n<meta name=\"twitter:label1\" content=\"Escrito por\" \/>\n\t<meta name=\"twitter:data1\" content=\"Editor General\" \/>\n\t<meta name=\"twitter:label2\" content=\"Tiempo de lectura\" \/>\n\t<meta name=\"twitter:data2\" content=\"2 minutos\" \/>\n<script type=\"application\/ld+json\" class=\"yoast-schema-graph\">{\"@context\":\"https:\/\/schema.org\",\"@graph\":[{\"@type\":\"Article\",\"@id\":\"https:\/\/luchonoticias.com\/editor\/comienza-primer-ciclo-de-vacunacion-contra-la-aftosa\/#article\",\"isPartOf\":{\"@id\":\"https:\/\/luchonoticias.com\/editor\/comienza-primer-ciclo-de-vacunacion-contra-la-aftosa\/\"},\"author\":{\"name\":\"Editor General\",\"@id\":\"https:\/\/luchonoticias.com\/editor\/#\/schema\/person\/29217990ddf6f14e35912b2866d591fb\"},\"headline\":\"Comienza primer ciclo de vacunaci\u00f3n contra la aftosa\",\"datePublished\":\"2026-04-19T09:32:37+00:00\",\"mainEntityOfPage\":{\"@id\":\"https:\/\/luchonoticias.com\/editor\/comienza-primer-ciclo-de-vacunacion-contra-la-aftosa\/\"},\"wordCount\":286,\"publisher\":{\"@id\":\"https:\/\/luchonoticias.com\/editor\/#\/schema\/person\/7a7fd911f58561fd056dbac7b55af9cd\"},\"image\":{\"@id\":\"https:\/\/luchonoticias.com\/editor\/comienza-primer-ciclo-de-vacunacion-contra-la-aftosa\/#primaryimage\"},\"thumbnailUrl\":\"https:\/\/luchonoticias.com\/editor\/wp-content\/uploads\/2026\/04\/ganaderia.jpg\",\"articleSection\":[\"Actualidad\",\"Nacional\"],\"inLanguage\":\"es\"},{\"@type\":\"WebPage\",\"@id\":\"https:\/\/luchonoticias.com\/editor\/comienza-primer-ciclo-de-vacunacion-contra-la-aftosa\/\",\"url\":\"https:\/\/luchonoticias.com\/editor\/comienza-primer-ciclo-de-vacunacion-contra-la-aftosa\/\",\"name\":\"Comienza primer ciclo de vacunaci\u00f3n contra la aftosa -\",\"isPartOf\":{\"@id\":\"https:\/\/luchonoticias.com\/editor\/#website\"},\"primaryImageOfPage\":{\"@id\":\"https:\/\/luchonoticias.com\/editor\/comienza-primer-ciclo-de-vacunacion-contra-la-aftosa\/#primaryimage\"},\"image\":{\"@id\":\"https:\/\/luchonoticias.com\/editor\/comienza-primer-ciclo-de-vacunacion-contra-la-aftosa\/#primaryimage\"},\"thumbnailUrl\":\"https:\/\/luchonoticias.com\/editor\/wp-content\/uploads\/2026\/04\/ganaderia.jpg\",\"datePublished\":\"2026-04-19T09:32:37+00:00\",\"breadcrumb\":{\"@id\":\"https:\/\/luchonoticias.com\/editor\/comienza-primer-ciclo-de-vacunacion-contra-la-aftosa\/#breadcrumb\"},\"inLanguage\":\"es\",\"potentialAction\":[{\"@type\":\"ReadAction\",\"target\":[\"https:\/\/luchonoticias.com\/editor\/comienza-primer-ciclo-de-vacunacion-contra-la-aftosa\/\"]}]},{\"@type\":\"ImageObject\",\"inLanguage\":\"es\",\"@id\":\"https:\/\/luchonoticias.com\/editor\/comienza-primer-ciclo-de-vacunacion-contra-la-aftosa\/#primaryimage\",\"url\":\"https:\/\/luchonoticias.com\/editor\/wp-content\/uploads\/2026\/04\/ganaderia.jpg\",\"contentUrl\":\"https:\/\/luchonoticias.com\/editor\/wp-content\/uploads\/2026\/04\/ganaderia.jpg\",\"width\":700,\"height\":400},{\"@type\":\"BreadcrumbList\",\"@id\":\"https:\/\/luchonoticias.com\/editor\/comienza-primer-ciclo-de-vacunacion-contra-la-aftosa\/#breadcrumb\",\"itemListElement\":[{\"@type\":\"ListItem\",\"position\":1,\"name\":\"Portada\",\"item\":\"https:\/\/luchonoticias.com\/editor\/\"},{\"@type\":\"ListItem\",\"position\":2,\"name\":\"Comienza primer ciclo de vacunaci\u00f3n contra la aftosa\"}]},{\"@type\":\"WebSite\",\"@id\":\"https:\/\/luchonoticias.com\/editor\/#website\",\"url\":\"https:\/\/luchonoticias.com\/editor\/\",\"name\":\"\",\"description\":\"\",\"publisher\":{\"@id\":\"https:\/\/luchonoticias.com\/editor\/#\/schema\/person\/7a7fd911f58561fd056dbac7b55af9cd\"},\"potentialAction\":[{\"@type\":\"SearchAction\",\"target\":{\"@type\":\"EntryPoint\",\"urlTemplate\":\"https:\/\/luchonoticias.com\/editor\/?s={search_term_string}\"},\"query-input\":{\"@type\":\"PropertyValueSpecification\",\"valueRequired\":true,\"valueName\":\"search_term_string\"}}],\"inLanguage\":\"es\"},{\"@type\":[\"Person\",\"Organization\"],\"@id\":\"https:\/\/luchonoticias.com\/editor\/#\/schema\/person\/7a7fd911f58561fd056dbac7b55af9cd\",\"name\":\"admin\",\"image\":{\"@type\":\"ImageObject\",\"inLanguage\":\"es\",\"@id\":\"https:\/\/luchonoticias.com\/editor\/#\/schema\/person\/image\/\",\"url\":\"https:\/\/luchonoticias.com\/editor\/wp-content\/uploads\/2024\/02\/cropped-cropped-logolu.webp\",\"contentUrl\":\"https:\/\/luchonoticias.com\/editor\/wp-content\/uploads\/2024\/02\/cropped-cropped-logolu.webp\",\"width\":382,\"height\":170,\"caption\":\"admin\"},\"logo\":{\"@id\":\"https:\/\/luchonoticias.com\/editor\/#\/schema\/person\/image\/\"},\"sameAs\":[\"https:\/\/www.facebook.com\/luchonoticiasneiva\"]},{\"@type\":\"Person\",\"@id\":\"https:\/\/luchonoticias.com\/editor\/#\/schema\/person\/29217990ddf6f14e35912b2866d591fb\",\"name\":\"Editor General\",\"image\":{\"@type\":\"ImageObject\",\"inLanguage\":\"es\",\"@id\":\"https:\/\/luchonoticias.com\/editor\/#\/schema\/person\/image\/\",\"url\":\"https:\/\/luchonoticias.com\/editor\/wp-content\/uploads\/2024\/02\/cropped-cropped-logolu-150x150.webp\",\"contentUrl\":\"https:\/\/luchonoticias.com\/editor\/wp-content\/uploads\/2024\/02\/cropped-cropped-logolu-150x150.webp\",\"caption\":\"Editor General\"},\"sameAs\":[\"https:\/\/luchonoticias.com\/\"],\"url\":\"https:\/\/luchonoticias.com\/editor\/author\/editor-general\/\"}]}<\/script>\n<!-- \/ Yoast SEO plugin. -->","yoast_head_json":{"title":"Comienza primer ciclo de vacunaci\u00f3n contra la aftosa -","robots":{"index":"index","follow":"follow","max-snippet":"max-snippet:-1","max-image-preview":"max-image-preview:large","max-video-preview":"max-video-preview:-1"},"canonical":"https:\/\/luchonoticias.com\/editor\/comienza-primer-ciclo-de-vacunacion-contra-la-aftosa\/","og_locale":"es_ES","og_type":"article","og_title":"Comienza primer ciclo de vacunaci\u00f3n contra la aftosa -","og_url":"https:\/\/luchonoticias.com\/editor\/comienza-primer-ciclo-de-vacunacion-contra-la-aftosa\/","article_publisher":"https:\/\/www.facebook.com\/luchonoticiasneiva","article_published_time":"2026-04-19T09:32:37+00:00","og_image":[{"width":700,"height":400,"url":"https:\/\/luchonoticias.com\/editor\/wp-content\/uploads\/2026\/04\/ganaderia.jpg","type":"image\/jpeg"}],"author":"Editor General","twitter_card":"summary_large_image","twitter_misc":{"Escrito por":"Editor General","Tiempo de lectura":"2 minutos"},"schema":{"@context":"https:\/\/schema.org","@graph":[{"@type":"Article","@id":"https:\/\/luchonoticias.com\/editor\/comienza-primer-ciclo-de-vacunacion-contra-la-aftosa\/#article","isPartOf":{"@id":"https:\/\/luchonoticias.com\/editor\/comienza-primer-ciclo-de-vacunacion-contra-la-aftosa\/"},"author":{"name":"Editor General","@id":"https:\/\/luchonoticias.com\/editor\/#\/schema\/person\/29217990ddf6f14e35912b2866d591fb"},"headline":"Comienza primer ciclo de vacunaci\u00f3n contra la aftosa","datePublished":"2026-04-19T09:32:37+00:00","mainEntityOfPage":{"@id":"https:\/\/luchonoticias.com\/editor\/comienza-primer-ciclo-de-vacunacion-contra-la-aftosa\/"},"wordCount":286,"publisher":{"@id":"https:\/\/luchonoticias.com\/editor\/#\/schema\/person\/7a7fd911f58561fd056dbac7b55af9cd"},"image":{"@id":"https:\/\/luchonoticias.com\/editor\/comienza-primer-ciclo-de-vacunacion-contra-la-aftosa\/#primaryimage"},"thumbnailUrl":"https:\/\/luchonoticias.com\/editor\/wp-content\/uploads\/2026\/04\/ganaderia.jpg","articleSection":["Actualidad","Nacional"],"inLanguage":"es"},{"@type":"WebPage","@id":"https:\/\/luchonoticias.com\/editor\/comienza-primer-ciclo-de-vacunacion-contra-la-aftosa\/","url":"https:\/\/luchonoticias.com\/editor\/comienza-primer-ciclo-de-vacunacion-contra-la-aftosa\/","name":"Comienza primer ciclo de vacunaci\u00f3n contra la aftosa -","isPartOf":{"@id":"https:\/\/luchonoticias.com\/editor\/#website"},"primaryImageOfPage":{"@id":"https:\/\/luchonoticias.com\/editor\/comienza-primer-ciclo-de-vacunacion-contra-la-aftosa\/#primaryimage"},"image":{"@id":"https:\/\/luchonoticias.com\/editor\/comienza-primer-ciclo-de-vacunacion-contra-la-aftosa\/#primaryimage"},"thumbnailUrl":"https:\/\/luchonoticias.com\/editor\/wp-content\/uploads\/2026\/04\/ganaderia.jpg","datePublished":"2026-04-19T09:32:37+00:00","breadcrumb":{"@id":"https:\/\/luchonoticias.com\/editor\/comienza-primer-ciclo-de-vacunacion-contra-la-aftosa\/#breadcrumb"},"inLanguage":"es","potentialAction":[{"@type":"ReadAction","target":["https:\/\/luchonoticias.com\/editor\/comienza-primer-ciclo-de-vacunacion-contra-la-aftosa\/"]}]},{"@type":"ImageObject","inLanguage":"es","@id":"https:\/\/luchonoticias.com\/editor\/comienza-primer-ciclo-de-vacunacion-contra-la-aftosa\/#primaryimage","url":"https:\/\/luchonoticias.com\/editor\/wp-content\/uploads\/2026\/04\/ganaderia.jpg","contentUrl":"https:\/\/luchonoticias.com\/editor\/wp-content\/uploads\/2026\/04\/ganaderia.jpg","width":700,"height":400},{"@type":"BreadcrumbList","@id":"https:\/\/luchonoticias.com\/editor\/comienza-primer-ciclo-de-vacunacion-contra-la-aftosa\/#breadcrumb","itemListElement":[{"@type":"ListItem","position":1,"name":"Portada","item":"https:\/\/luchonoticias.com\/editor\/"},{"@type":"ListItem","position":2,"name":"Comienza primer ciclo de vacunaci\u00f3n contra la aftosa"}]},{"@type":"WebSite","@id":"https:\/\/luchonoticias.com\/editor\/#website","url":"https:\/\/luchonoticias.com\/editor\/","name":"","description":"","publisher":{"@id":"https:\/\/luchonoticias.com\/editor\/#\/schema\/person\/7a7fd911f58561fd056dbac7b55af9cd"},"potentialAction":[{"@type":"SearchAction","target":{"@type":"EntryPoint","urlTemplate":"https:\/\/luchonoticias.com\/editor\/?s={search_term_string}"},"query-input":{"@type":"PropertyValueSpecification","valueRequired":true,"valueName":"search_term_string"}}],"inLanguage":"es"},{"@type":["Person","Organization"],"@id":"https:\/\/luchonoticias.com\/editor\/#\/schema\/person\/7a7fd911f58561fd056dbac7b55af9cd","name":"admin","image":{"@type":"ImageObject","inLanguage":"es","@id":"https:\/\/luchonoticias.com\/editor\/#\/schema\/person\/image\/","url":"https:\/\/luchonoticias.com\/editor\/wp-content\/uploads\/2024\/02\/cropped-cropped-logolu.webp","contentUrl":"https:\/\/luchonoticias.com\/editor\/wp-content\/uploads\/2024\/02\/cropped-cropped-logolu.webp","width":382,"height":170,"caption":"admin"},"logo":{"@id":"https:\/\/luchonoticias.com\/editor\/#\/schema\/person\/image\/"},"sameAs":["https:\/\/www.facebook.com\/luchonoticiasneiva"]},{"@type":"Person","@id":"https:\/\/luchonoticias.com\/editor\/#\/schema\/person\/29217990ddf6f14e35912b2866d591fb","name":"Editor General","image":{"@type":"ImageObject","inLanguage":"es","@id":"https:\/\/luchonoticias.com\/editor\/#\/schema\/person\/image\/","url":"https:\/\/luchonoticias.com\/editor\/wp-content\/uploads\/2024\/02\/cropped-cropped-logolu-150x150.webp","contentUrl":"https:\/\/luchonoticias.com\/editor\/wp-content\/uploads\/2024\/02\/cropped-cropped-logolu-150x150.webp","caption":"Editor General"},"sameAs":["https:\/\/luchonoticias.com\/"],"url":"https:\/\/luchonoticias.com\/editor\/author\/editor-general\/"}]}},"_links":{"self":[{"href":"https:\/\/luchonoticias.com\/editor\/wp-json\/wp\/v2\/posts\/96915","targetHints":{"allow":["GET"]}}],"collection":[{"href":"https:\/\/luchonoticias.com\/editor\/wp-json\/wp\/v2\/posts"}],"about":[{"href":"https:\/\/luchonoticias.com\/editor\/wp-json\/wp\/v2\/types\/post"}],"author":[{"embeddable":true,"href":"https:\/\/luchonoticias.com\/editor\/wp-json\/wp\/v2\/users\/2"}],"replies":[{"embeddable":true,"href":"https:\/\/luchonoticias.com\/editor\/wp-json\/wp\/v2\/comments?post=96915"}],"version-history":[{"count":1,"href":"https:\/\/luchonoticias.com\/editor\/wp-json\/wp\/v2\/posts\/96915\/revisions"}],"predecessor-version":[{"id":96917,"href":"https:\/\/luchonoticias.com\/editor\/wp-json\/wp\/v2\/posts\/96915\/revisions\/96917"}],"wp:featuredmedia":[{"embeddable":true,"href":"https:\/\/luchonoticias.com\/editor\/wp-json\/wp\/v2\/media\/96916"}],"wp:attachment":[{"href":"https:\/\/luchonoticias.com\/editor\/wp-json\/wp\/v2\/media?parent=96915"}],"wp:term":[{"taxonomy":"category","embeddable":true,"href":"https:\/\/luchonoticias.com\/editor\/wp-json\/wp\/v2\/categories?post=96915"},{"taxonomy":"post_tag","embeddable":true,"href":"https:\/\/luchonoticias.com\/editor\/wp-json\/wp\/v2\/tags?post=96915"}],"curies":[{"name":"wp","href":"https:\/\/api.w.org\/{rel}","templated":true}]}}