{"id":96968,"date":"2026-04-20T04:41:42","date_gmt":"2026-04-20T09:41:42","guid":{"rendered":"https:\/\/luchonoticias.com\/editor\/?p=96968"},"modified":"2026-04-20T04:41:43","modified_gmt":"2026-04-20T09:41:43","slug":"concierto-especial-de-los-ninos-en-el-teatro-pigoanza","status":"publish","type":"post","link":"https:\/\/luchonoticias.com\/editor\/concierto-especial-de-los-ninos-en-el-teatro-pigoanza\/","title":{"rendered":"Concierto especial de los ni\u00f1os en el Teatro Pigoanza"},"content":{"rendered":"\n<p>En una velada cargada de magia, tradici\u00f3n y color, la Banda Sinf\u00f3nica del Huila conquist\u00f3 a las familias neivanas con un homenaje a la infancia que integr\u00f3 cine, folclor y ritmos del Caribe.<\/p>\n\n\n\n<p>Bajo la direcci\u00f3n del maestro invitado Nelson Henry Cruz Rivas, de la Universidad Industrial de Santander, la agrupaci\u00f3n ofreci\u00f3 un repertorio pensado para estimular la imaginaci\u00f3n del p\u00fablico. El evento cont\u00f3 con el respaldo de la Gobernaci\u00f3n del Huila, a trav\u00e9s de la Secretar\u00eda de Cultura Departamental y la Corporaci\u00f3n Sinf\u00f3nica del Huila.<\/p>\n\n\n\n<p>La gala incluy\u00f3 obras como la suite \u201cLa vuelta al mundo en 80 d\u00edas\u201d, de Otto M. Schwarz, y cl\u00e1sicos del cine como \u201cEl Mago de Oz\u201d. La m\u00fasica colombiana tambi\u00e9n tuvo un lugar destacado con el pasillo \u201cEl Cucarr\u00f3n\u201d, de Luis Uribe Bueno, y un cierre festivo con \u00e9xitos de Joe Arroyo que pusieron a vibrar el teatro.<\/p>\n\n\n\n<figure class=\"wp-block-gallery has-nested-images columns-default is-cropped wp-block-gallery-1 is-layout-flex wp-block-gallery-is-layout-flex\">\n<figure class=\"wp-block-image size-large\"><img loading=\"lazy\" decoding=\"async\" width=\"1024\" height=\"768\" data-id=\"96970\" src=\"https:\/\/luchonoticias.com\/editor\/wp-content\/uploads\/2026\/04\/WhatsApp-Image-2026-04-19-at-20.29.59-1024x768.jpeg\" alt=\"\" class=\"wp-image-96970\" srcset=\"https:\/\/luchonoticias.com\/editor\/wp-content\/uploads\/2026\/04\/WhatsApp-Image-2026-04-19-at-20.29.59-1024x768.jpeg 1024w, https:\/\/luchonoticias.com\/editor\/wp-content\/uploads\/2026\/04\/WhatsApp-Image-2026-04-19-at-20.29.59-300x225.jpeg 300w, https:\/\/luchonoticias.com\/editor\/wp-content\/uploads\/2026\/04\/WhatsApp-Image-2026-04-19-at-20.29.59-768x576.jpeg 768w, https:\/\/luchonoticias.com\/editor\/wp-content\/uploads\/2026\/04\/WhatsApp-Image-2026-04-19-at-20.29.59-1536x1152.jpeg 1536w, https:\/\/luchonoticias.com\/editor\/wp-content\/uploads\/2026\/04\/WhatsApp-Image-2026-04-19-at-20.29.59.jpeg 1600w\" sizes=\"auto, (max-width: 1024px) 100vw, 1024px\" \/><\/figure>\n\n\n\n<figure class=\"wp-block-image size-large\"><img loading=\"lazy\" decoding=\"async\" width=\"1024\" height=\"768\" data-id=\"96971\" src=\"https:\/\/luchonoticias.com\/editor\/wp-content\/uploads\/2026\/04\/WhatsApp-Image-2026-04-19-at-20.29.53-1024x768.jpeg\" alt=\"\" class=\"wp-image-96971\" srcset=\"https:\/\/luchonoticias.com\/editor\/wp-content\/uploads\/2026\/04\/WhatsApp-Image-2026-04-19-at-20.29.53-1024x768.jpeg 1024w, https:\/\/luchonoticias.com\/editor\/wp-content\/uploads\/2026\/04\/WhatsApp-Image-2026-04-19-at-20.29.53-300x225.jpeg 300w, https:\/\/luchonoticias.com\/editor\/wp-content\/uploads\/2026\/04\/WhatsApp-Image-2026-04-19-at-20.29.53-768x576.jpeg 768w, https:\/\/luchonoticias.com\/editor\/wp-content\/uploads\/2026\/04\/WhatsApp-Image-2026-04-19-at-20.29.53-1536x1152.jpeg 1536w, https:\/\/luchonoticias.com\/editor\/wp-content\/uploads\/2026\/04\/WhatsApp-Image-2026-04-19-at-20.29.53.jpeg 1600w\" sizes=\"auto, (max-width: 1024px) 100vw, 1024px\" \/><\/figure>\n<\/figure>\n\n\n\n<p>Uno de los momentos m\u00e1s emotivos fue la interpretaci\u00f3n de la suite sinf\u00f3nica \u201cGuardianes Eternos\u201d, del maestro Jhon Henry Penagos, que integr\u00f3 coros infantiles y la participaci\u00f3n de ni\u00f1os en escena, convirti\u00e9ndolos en protagonistas de la noche.<\/p>\n\n\n\n<p>La acogida del evento se reflej\u00f3 en las opiniones de los asistentes. \u201cEspectacular, no sab\u00eda que el Huila tuviera una banda tan incre\u00edble; hoy se lucieron\u201d, expres\u00f3 \u00d3scar Guti\u00e9rrez. Doris Garavis Cu\u00e9llar, madre de familia y miembro del Conservatorio del Huila, resalt\u00f3 la importancia de estos espacios culturales: \u201cFant\u00e1stico, la Gobernaci\u00f3n se ha lucido. Gracias por este concierto tan maravilloso para los ni\u00f1os y la comunidad\u201d. Incluso los m\u00e1s peque\u00f1os vivieron la experiencia con entusiasmo. \u201cMe parece incre\u00edble c\u00f3mo los maestros tocan as\u00ed de bien; fue un concierto espectacular\u201d, coment\u00f3 la ni\u00f1a Luna Salom\u00e9 Guzm\u00e1n.<\/p>\n\n\n\n<p>Con esta presentaci\u00f3n, la Gobernaci\u00f3n del Huila, la Secretar\u00eda de Cultura y la Banda Sinf\u00f3nica del Huila ratifican su apuesta por la formaci\u00f3n de p\u00fablicos y el fortalecimiento del tejido social a trav\u00e9s del arte, destacando la m\u00fasica como motor de desarrollo cultural en la regi\u00f3n.<\/p>\n\n\n\n<p><\/p>\n","protected":false},"excerpt":{"rendered":"<p>En una velada cargada de magia, tradici\u00f3n y color, la Banda Sinf\u00f3nica del Huila conquist\u00f3 a las familias neivanas con un homenaje a la infancia que integr\u00f3 cine, folclor y ritmos del Caribe. Bajo la direcci\u00f3n del maestro invitado Nelson Henry Cruz Rivas, de la Universidad Industrial de Santander, la agrupaci\u00f3n ofreci\u00f3 un repertorio pensado [&hellip;]<\/p>\n","protected":false},"author":2,"featured_media":96969,"comment_status":"closed","ping_status":"open","sticky":false,"template":"","format":"standard","meta":{"footnotes":""},"categories":[33],"tags":[],"class_list":["post-96968","post","type-post","status-publish","format-standard","has-post-thumbnail","hentry","category-huila"],"yoast_head":"<!-- This site is optimized with the Yoast SEO plugin v26.6 - https:\/\/yoast.com\/wordpress\/plugins\/seo\/ -->\n<title>Concierto especial de los ni\u00f1os en el Teatro Pigoanza -<\/title>\n<meta name=\"robots\" content=\"index, follow, max-snippet:-1, max-image-preview:large, max-video-preview:-1\" \/>\n<link rel=\"canonical\" href=\"https:\/\/luchonoticias.com\/editor\/concierto-especial-de-los-ninos-en-el-teatro-pigoanza\/\" \/>\n<meta property=\"og:locale\" content=\"es_ES\" \/>\n<meta property=\"og:type\" content=\"article\" \/>\n<meta property=\"og:title\" content=\"Concierto especial de los ni\u00f1os en el Teatro Pigoanza -\" \/>\n<meta property=\"og:url\" content=\"https:\/\/luchonoticias.com\/editor\/concierto-especial-de-los-ninos-en-el-teatro-pigoanza\/\" \/>\n<meta property=\"article:publisher\" content=\"https:\/\/www.facebook.com\/luchonoticiasneiva\" \/>\n<meta property=\"article:published_time\" content=\"2026-04-20T09:41:42+00:00\" \/>\n<meta property=\"article:modified_time\" content=\"2026-04-20T09:41:43+00:00\" \/>\n<meta property=\"og:image\" content=\"https:\/\/luchonoticias.com\/editor\/wp-content\/uploads\/2026\/04\/concierto.jpg\" \/>\n\t<meta property=\"og:image:width\" content=\"700\" \/>\n\t<meta property=\"og:image:height\" content=\"400\" \/>\n\t<meta property=\"og:image:type\" content=\"image\/jpeg\" \/>\n<meta name=\"author\" content=\"Editor General\" \/>\n<meta name=\"twitter:card\" content=\"summary_large_image\" \/>\n<meta name=\"twitter:label1\" content=\"Escrito por\" \/>\n\t<meta name=\"twitter:data1\" content=\"Editor General\" \/>\n\t<meta name=\"twitter:label2\" content=\"Tiempo de lectura\" \/>\n\t<meta name=\"twitter:data2\" content=\"3 minutos\" \/>\n<script type=\"application\/ld+json\" class=\"yoast-schema-graph\">{\"@context\":\"https:\/\/schema.org\",\"@graph\":[{\"@type\":\"Article\",\"@id\":\"https:\/\/luchonoticias.com\/editor\/concierto-especial-de-los-ninos-en-el-teatro-pigoanza\/#article\",\"isPartOf\":{\"@id\":\"https:\/\/luchonoticias.com\/editor\/concierto-especial-de-los-ninos-en-el-teatro-pigoanza\/\"},\"author\":{\"name\":\"Editor General\",\"@id\":\"https:\/\/luchonoticias.com\/editor\/#\/schema\/person\/29217990ddf6f14e35912b2866d591fb\"},\"headline\":\"Concierto especial de los ni\u00f1os en el Teatro Pigoanza\",\"datePublished\":\"2026-04-20T09:41:42+00:00\",\"dateModified\":\"2026-04-20T09:41:43+00:00\",\"mainEntityOfPage\":{\"@id\":\"https:\/\/luchonoticias.com\/editor\/concierto-especial-de-los-ninos-en-el-teatro-pigoanza\/\"},\"wordCount\":376,\"publisher\":{\"@id\":\"https:\/\/luchonoticias.com\/editor\/#\/schema\/person\/7a7fd911f58561fd056dbac7b55af9cd\"},\"image\":{\"@id\":\"https:\/\/luchonoticias.com\/editor\/concierto-especial-de-los-ninos-en-el-teatro-pigoanza\/#primaryimage\"},\"thumbnailUrl\":\"https:\/\/luchonoticias.com\/editor\/wp-content\/uploads\/2026\/04\/concierto.jpg\",\"articleSection\":[\"Huila\"],\"inLanguage\":\"es\"},{\"@type\":\"WebPage\",\"@id\":\"https:\/\/luchonoticias.com\/editor\/concierto-especial-de-los-ninos-en-el-teatro-pigoanza\/\",\"url\":\"https:\/\/luchonoticias.com\/editor\/concierto-especial-de-los-ninos-en-el-teatro-pigoanza\/\",\"name\":\"Concierto especial de los ni\u00f1os en el Teatro Pigoanza -\",\"isPartOf\":{\"@id\":\"https:\/\/luchonoticias.com\/editor\/#website\"},\"primaryImageOfPage\":{\"@id\":\"https:\/\/luchonoticias.com\/editor\/concierto-especial-de-los-ninos-en-el-teatro-pigoanza\/#primaryimage\"},\"image\":{\"@id\":\"https:\/\/luchonoticias.com\/editor\/concierto-especial-de-los-ninos-en-el-teatro-pigoanza\/#primaryimage\"},\"thumbnailUrl\":\"https:\/\/luchonoticias.com\/editor\/wp-content\/uploads\/2026\/04\/concierto.jpg\",\"datePublished\":\"2026-04-20T09:41:42+00:00\",\"dateModified\":\"2026-04-20T09:41:43+00:00\",\"breadcrumb\":{\"@id\":\"https:\/\/luchonoticias.com\/editor\/concierto-especial-de-los-ninos-en-el-teatro-pigoanza\/#breadcrumb\"},\"inLanguage\":\"es\",\"potentialAction\":[{\"@type\":\"ReadAction\",\"target\":[\"https:\/\/luchonoticias.com\/editor\/concierto-especial-de-los-ninos-en-el-teatro-pigoanza\/\"]}]},{\"@type\":\"ImageObject\",\"inLanguage\":\"es\",\"@id\":\"https:\/\/luchonoticias.com\/editor\/concierto-especial-de-los-ninos-en-el-teatro-pigoanza\/#primaryimage\",\"url\":\"https:\/\/luchonoticias.com\/editor\/wp-content\/uploads\/2026\/04\/concierto.jpg\",\"contentUrl\":\"https:\/\/luchonoticias.com\/editor\/wp-content\/uploads\/2026\/04\/concierto.jpg\",\"width\":700,\"height\":400},{\"@type\":\"BreadcrumbList\",\"@id\":\"https:\/\/luchonoticias.com\/editor\/concierto-especial-de-los-ninos-en-el-teatro-pigoanza\/#breadcrumb\",\"itemListElement\":[{\"@type\":\"ListItem\",\"position\":1,\"name\":\"Portada\",\"item\":\"https:\/\/luchonoticias.com\/editor\/\"},{\"@type\":\"ListItem\",\"position\":2,\"name\":\"Concierto especial de los ni\u00f1os en el Teatro Pigoanza\"}]},{\"@type\":\"WebSite\",\"@id\":\"https:\/\/luchonoticias.com\/editor\/#website\",\"url\":\"https:\/\/luchonoticias.com\/editor\/\",\"name\":\"\",\"description\":\"\",\"publisher\":{\"@id\":\"https:\/\/luchonoticias.com\/editor\/#\/schema\/person\/7a7fd911f58561fd056dbac7b55af9cd\"},\"potentialAction\":[{\"@type\":\"SearchAction\",\"target\":{\"@type\":\"EntryPoint\",\"urlTemplate\":\"https:\/\/luchonoticias.com\/editor\/?s={search_term_string}\"},\"query-input\":{\"@type\":\"PropertyValueSpecification\",\"valueRequired\":true,\"valueName\":\"search_term_string\"}}],\"inLanguage\":\"es\"},{\"@type\":[\"Person\",\"Organization\"],\"@id\":\"https:\/\/luchonoticias.com\/editor\/#\/schema\/person\/7a7fd911f58561fd056dbac7b55af9cd\",\"name\":\"admin\",\"image\":{\"@type\":\"ImageObject\",\"inLanguage\":\"es\",\"@id\":\"https:\/\/luchonoticias.com\/editor\/#\/schema\/person\/image\/\",\"url\":\"https:\/\/luchonoticias.com\/editor\/wp-content\/uploads\/2024\/02\/cropped-cropped-logolu.webp\",\"contentUrl\":\"https:\/\/luchonoticias.com\/editor\/wp-content\/uploads\/2024\/02\/cropped-cropped-logolu.webp\",\"width\":382,\"height\":170,\"caption\":\"admin\"},\"logo\":{\"@id\":\"https:\/\/luchonoticias.com\/editor\/#\/schema\/person\/image\/\"},\"sameAs\":[\"https:\/\/www.facebook.com\/luchonoticiasneiva\"]},{\"@type\":\"Person\",\"@id\":\"https:\/\/luchonoticias.com\/editor\/#\/schema\/person\/29217990ddf6f14e35912b2866d591fb\",\"name\":\"Editor General\",\"image\":{\"@type\":\"ImageObject\",\"inLanguage\":\"es\",\"@id\":\"https:\/\/luchonoticias.com\/editor\/#\/schema\/person\/image\/\",\"url\":\"https:\/\/luchonoticias.com\/editor\/wp-content\/uploads\/2024\/02\/cropped-cropped-logolu-150x150.webp\",\"contentUrl\":\"https:\/\/luchonoticias.com\/editor\/wp-content\/uploads\/2024\/02\/cropped-cropped-logolu-150x150.webp\",\"caption\":\"Editor General\"},\"sameAs\":[\"https:\/\/luchonoticias.com\/\"],\"url\":\"https:\/\/luchonoticias.com\/editor\/author\/editor-general\/\"}]}<\/script>\n<!-- \/ Yoast SEO plugin. -->","yoast_head_json":{"title":"Concierto especial de los ni\u00f1os en el Teatro Pigoanza -","robots":{"index":"index","follow":"follow","max-snippet":"max-snippet:-1","max-image-preview":"max-image-preview:large","max-video-preview":"max-video-preview:-1"},"canonical":"https:\/\/luchonoticias.com\/editor\/concierto-especial-de-los-ninos-en-el-teatro-pigoanza\/","og_locale":"es_ES","og_type":"article","og_title":"Concierto especial de los ni\u00f1os en el Teatro Pigoanza -","og_url":"https:\/\/luchonoticias.com\/editor\/concierto-especial-de-los-ninos-en-el-teatro-pigoanza\/","article_publisher":"https:\/\/www.facebook.com\/luchonoticiasneiva","article_published_time":"2026-04-20T09:41:42+00:00","article_modified_time":"2026-04-20T09:41:43+00:00","og_image":[{"width":700,"height":400,"url":"https:\/\/luchonoticias.com\/editor\/wp-content\/uploads\/2026\/04\/concierto.jpg","type":"image\/jpeg"}],"author":"Editor General","twitter_card":"summary_large_image","twitter_misc":{"Escrito por":"Editor General","Tiempo de lectura":"3 minutos"},"schema":{"@context":"https:\/\/schema.org","@graph":[{"@type":"Article","@id":"https:\/\/luchonoticias.com\/editor\/concierto-especial-de-los-ninos-en-el-teatro-pigoanza\/#article","isPartOf":{"@id":"https:\/\/luchonoticias.com\/editor\/concierto-especial-de-los-ninos-en-el-teatro-pigoanza\/"},"author":{"name":"Editor General","@id":"https:\/\/luchonoticias.com\/editor\/#\/schema\/person\/29217990ddf6f14e35912b2866d591fb"},"headline":"Concierto especial de los ni\u00f1os en el Teatro Pigoanza","datePublished":"2026-04-20T09:41:42+00:00","dateModified":"2026-04-20T09:41:43+00:00","mainEntityOfPage":{"@id":"https:\/\/luchonoticias.com\/editor\/concierto-especial-de-los-ninos-en-el-teatro-pigoanza\/"},"wordCount":376,"publisher":{"@id":"https:\/\/luchonoticias.com\/editor\/#\/schema\/person\/7a7fd911f58561fd056dbac7b55af9cd"},"image":{"@id":"https:\/\/luchonoticias.com\/editor\/concierto-especial-de-los-ninos-en-el-teatro-pigoanza\/#primaryimage"},"thumbnailUrl":"https:\/\/luchonoticias.com\/editor\/wp-content\/uploads\/2026\/04\/concierto.jpg","articleSection":["Huila"],"inLanguage":"es"},{"@type":"WebPage","@id":"https:\/\/luchonoticias.com\/editor\/concierto-especial-de-los-ninos-en-el-teatro-pigoanza\/","url":"https:\/\/luchonoticias.com\/editor\/concierto-especial-de-los-ninos-en-el-teatro-pigoanza\/","name":"Concierto especial de los ni\u00f1os en el Teatro Pigoanza -","isPartOf":{"@id":"https:\/\/luchonoticias.com\/editor\/#website"},"primaryImageOfPage":{"@id":"https:\/\/luchonoticias.com\/editor\/concierto-especial-de-los-ninos-en-el-teatro-pigoanza\/#primaryimage"},"image":{"@id":"https:\/\/luchonoticias.com\/editor\/concierto-especial-de-los-ninos-en-el-teatro-pigoanza\/#primaryimage"},"thumbnailUrl":"https:\/\/luchonoticias.com\/editor\/wp-content\/uploads\/2026\/04\/concierto.jpg","datePublished":"2026-04-20T09:41:42+00:00","dateModified":"2026-04-20T09:41:43+00:00","breadcrumb":{"@id":"https:\/\/luchonoticias.com\/editor\/concierto-especial-de-los-ninos-en-el-teatro-pigoanza\/#breadcrumb"},"inLanguage":"es","potentialAction":[{"@type":"ReadAction","target":["https:\/\/luchonoticias.com\/editor\/concierto-especial-de-los-ninos-en-el-teatro-pigoanza\/"]}]},{"@type":"ImageObject","inLanguage":"es","@id":"https:\/\/luchonoticias.com\/editor\/concierto-especial-de-los-ninos-en-el-teatro-pigoanza\/#primaryimage","url":"https:\/\/luchonoticias.com\/editor\/wp-content\/uploads\/2026\/04\/concierto.jpg","contentUrl":"https:\/\/luchonoticias.com\/editor\/wp-content\/uploads\/2026\/04\/concierto.jpg","width":700,"height":400},{"@type":"BreadcrumbList","@id":"https:\/\/luchonoticias.com\/editor\/concierto-especial-de-los-ninos-en-el-teatro-pigoanza\/#breadcrumb","itemListElement":[{"@type":"ListItem","position":1,"name":"Portada","item":"https:\/\/luchonoticias.com\/editor\/"},{"@type":"ListItem","position":2,"name":"Concierto especial de los ni\u00f1os en el Teatro Pigoanza"}]},{"@type":"WebSite","@id":"https:\/\/luchonoticias.com\/editor\/#website","url":"https:\/\/luchonoticias.com\/editor\/","name":"","description":"","publisher":{"@id":"https:\/\/luchonoticias.com\/editor\/#\/schema\/person\/7a7fd911f58561fd056dbac7b55af9cd"},"potentialAction":[{"@type":"SearchAction","target":{"@type":"EntryPoint","urlTemplate":"https:\/\/luchonoticias.com\/editor\/?s={search_term_string}"},"query-input":{"@type":"PropertyValueSpecification","valueRequired":true,"valueName":"search_term_string"}}],"inLanguage":"es"},{"@type":["Person","Organization"],"@id":"https:\/\/luchonoticias.com\/editor\/#\/schema\/person\/7a7fd911f58561fd056dbac7b55af9cd","name":"admin","image":{"@type":"ImageObject","inLanguage":"es","@id":"https:\/\/luchonoticias.com\/editor\/#\/schema\/person\/image\/","url":"https:\/\/luchonoticias.com\/editor\/wp-content\/uploads\/2024\/02\/cropped-cropped-logolu.webp","contentUrl":"https:\/\/luchonoticias.com\/editor\/wp-content\/uploads\/2024\/02\/cropped-cropped-logolu.webp","width":382,"height":170,"caption":"admin"},"logo":{"@id":"https:\/\/luchonoticias.com\/editor\/#\/schema\/person\/image\/"},"sameAs":["https:\/\/www.facebook.com\/luchonoticiasneiva"]},{"@type":"Person","@id":"https:\/\/luchonoticias.com\/editor\/#\/schema\/person\/29217990ddf6f14e35912b2866d591fb","name":"Editor General","image":{"@type":"ImageObject","inLanguage":"es","@id":"https:\/\/luchonoticias.com\/editor\/#\/schema\/person\/image\/","url":"https:\/\/luchonoticias.com\/editor\/wp-content\/uploads\/2024\/02\/cropped-cropped-logolu-150x150.webp","contentUrl":"https:\/\/luchonoticias.com\/editor\/wp-content\/uploads\/2024\/02\/cropped-cropped-logolu-150x150.webp","caption":"Editor General"},"sameAs":["https:\/\/luchonoticias.com\/"],"url":"https:\/\/luchonoticias.com\/editor\/author\/editor-general\/"}]}},"_links":{"self":[{"href":"https:\/\/luchonoticias.com\/editor\/wp-json\/wp\/v2\/posts\/96968","targetHints":{"allow":["GET"]}}],"collection":[{"href":"https:\/\/luchonoticias.com\/editor\/wp-json\/wp\/v2\/posts"}],"about":[{"href":"https:\/\/luchonoticias.com\/editor\/wp-json\/wp\/v2\/types\/post"}],"author":[{"embeddable":true,"href":"https:\/\/luchonoticias.com\/editor\/wp-json\/wp\/v2\/users\/2"}],"replies":[{"embeddable":true,"href":"https:\/\/luchonoticias.com\/editor\/wp-json\/wp\/v2\/comments?post=96968"}],"version-history":[{"count":1,"href":"https:\/\/luchonoticias.com\/editor\/wp-json\/wp\/v2\/posts\/96968\/revisions"}],"predecessor-version":[{"id":96972,"href":"https:\/\/luchonoticias.com\/editor\/wp-json\/wp\/v2\/posts\/96968\/revisions\/96972"}],"wp:featuredmedia":[{"embeddable":true,"href":"https:\/\/luchonoticias.com\/editor\/wp-json\/wp\/v2\/media\/96969"}],"wp:attachment":[{"href":"https:\/\/luchonoticias.com\/editor\/wp-json\/wp\/v2\/media?parent=96968"}],"wp:term":[{"taxonomy":"category","embeddable":true,"href":"https:\/\/luchonoticias.com\/editor\/wp-json\/wp\/v2\/categories?post=96968"},{"taxonomy":"post_tag","embeddable":true,"href":"https:\/\/luchonoticias.com\/editor\/wp-json\/wp\/v2\/tags?post=96968"}],"curies":[{"name":"wp","href":"https:\/\/api.w.org\/{rel}","templated":true}]}}