{"id":96978,"date":"2026-04-20T04:47:02","date_gmt":"2026-04-20T09:47:02","guid":{"rendered":"https:\/\/luchonoticias.com\/editor\/?p=96978"},"modified":"2026-04-20T04:47:03","modified_gmt":"2026-04-20T09:47:03","slug":"sismo-y-alerta-de-tsunami-en-japon","status":"publish","type":"post","link":"https:\/\/luchonoticias.com\/editor\/sismo-y-alerta-de-tsunami-en-japon\/","title":{"rendered":"Sismo y alerta de tsunami en Jap\u00f3n"},"content":{"rendered":"\n<p>Un terremoto de magnitud 7,4 sacudi\u00f3 este lunes el norte de Jap\u00f3n y gener\u00f3 olas de hasta 80 cent\u00edmetros, seg\u00fan inform\u00f3 la Agencia Meteorol\u00f3gica de Jap\u00f3n (JMA), que advirti\u00f3 sobre la posibilidad de que alcancen hasta tres metros.<\/p>\n\n\n\n<p>El sismo se registr\u00f3 a las 16:53 hora local (07:53 GMT) en el oc\u00e9ano Pac\u00edfico, frente a la prefectura de Iwate. Tras el evento, las autoridades emitieron una alerta e instaron a evacuar de inmediato las zonas costeras y \u00e1reas cercanas a r\u00edos hacia lugares seguros como terrenos elevados o edificios habilitados para emergencias, recomendando no regresar hasta que se levante la advertencia.<\/p>\n\n\n\n<p>El movimiento tel\u00farico fue lo suficientemente intenso como para sacudir edificaciones en Tokio, ubicada a varios cientos de kil\u00f3metros del epicentro. Ante la situaci\u00f3n, el gobierno japon\u00e9s activ\u00f3 un equipo de gesti\u00f3n de crisis para coordinar la respuesta.<\/p>\n\n\n\n<p>Jap\u00f3n es uno de los pa\u00edses con mayor actividad s\u00edsmica en el mundo, debido a su ubicaci\u00f3n sobre varias placas tect\u00f3nicas en el llamado Anillo de Fuego del Pac\u00edfico. Cada a\u00f1o se registran cerca de 1.500 sismos en su territorio, lo que representa aproximadamente el 18 % de los movimientos tel\u00faricos a nivel global.<\/p>\n\n\n\n<p>El antecedente m\u00e1s grave ocurri\u00f3 en 2011, cuando un terremoto de magnitud 9,0 desencaden\u00f3 un devastador tsunami que dej\u00f3 cerca de 18.500 muertos o desaparecidos y provoc\u00f3 la crisis nuclear en la central de Fukushima Daiichi.<\/p>\n","protected":false},"excerpt":{"rendered":"<p>Un terremoto de magnitud 7,4 sacudi\u00f3 este lunes el norte de Jap\u00f3n y gener\u00f3 olas de hasta 80 cent\u00edmetros, seg\u00fan inform\u00f3 la Agencia Meteorol\u00f3gica de Jap\u00f3n (JMA), que advirti\u00f3 sobre la posibilidad de que alcancen hasta tres metros. El sismo se registr\u00f3 a las 16:53 hora local (07:53 GMT) en el oc\u00e9ano Pac\u00edfico, frente a [&hellip;]<\/p>\n","protected":false},"author":2,"featured_media":96979,"comment_status":"closed","ping_status":"open","sticky":false,"template":"","format":"standard","meta":{"footnotes":""},"categories":[28],"tags":[],"class_list":["post-96978","post","type-post","status-publish","format-standard","has-post-thumbnail","hentry","category-actualidad"],"yoast_head":"<!-- This site is optimized with the Yoast SEO plugin v26.6 - https:\/\/yoast.com\/wordpress\/plugins\/seo\/ -->\n<title>Sismo y alerta de tsunami en Jap\u00f3n -<\/title>\n<meta name=\"robots\" content=\"index, follow, max-snippet:-1, max-image-preview:large, max-video-preview:-1\" \/>\n<link rel=\"canonical\" href=\"https:\/\/luchonoticias.com\/editor\/sismo-y-alerta-de-tsunami-en-japon\/\" \/>\n<meta property=\"og:locale\" content=\"es_ES\" \/>\n<meta property=\"og:type\" content=\"article\" \/>\n<meta property=\"og:title\" content=\"Sismo y alerta de tsunami en Jap\u00f3n -\" \/>\n<meta property=\"og:url\" content=\"https:\/\/luchonoticias.com\/editor\/sismo-y-alerta-de-tsunami-en-japon\/\" \/>\n<meta property=\"article:publisher\" content=\"https:\/\/www.facebook.com\/luchonoticiasneiva\" \/>\n<meta property=\"article:published_time\" content=\"2026-04-20T09:47:02+00:00\" \/>\n<meta property=\"article:modified_time\" content=\"2026-04-20T09:47:03+00:00\" \/>\n<meta property=\"og:image\" content=\"https:\/\/luchonoticias.com\/editor\/wp-content\/uploads\/2026\/04\/terremoto.jpg\" \/>\n\t<meta property=\"og:image:width\" content=\"700\" \/>\n\t<meta property=\"og:image:height\" content=\"400\" \/>\n\t<meta property=\"og:image:type\" content=\"image\/jpeg\" \/>\n<meta name=\"author\" content=\"Editor General\" \/>\n<meta name=\"twitter:card\" content=\"summary_large_image\" \/>\n<meta name=\"twitter:label1\" content=\"Escrito por\" \/>\n\t<meta name=\"twitter:data1\" content=\"Editor General\" \/>\n\t<meta name=\"twitter:label2\" content=\"Tiempo de lectura\" \/>\n\t<meta name=\"twitter:data2\" content=\"2 minutos\" \/>\n<script type=\"application\/ld+json\" class=\"yoast-schema-graph\">{\"@context\":\"https:\/\/schema.org\",\"@graph\":[{\"@type\":\"Article\",\"@id\":\"https:\/\/luchonoticias.com\/editor\/sismo-y-alerta-de-tsunami-en-japon\/#article\",\"isPartOf\":{\"@id\":\"https:\/\/luchonoticias.com\/editor\/sismo-y-alerta-de-tsunami-en-japon\/\"},\"author\":{\"name\":\"Editor General\",\"@id\":\"https:\/\/luchonoticias.com\/editor\/#\/schema\/person\/29217990ddf6f14e35912b2866d591fb\"},\"headline\":\"Sismo y alerta de tsunami en Jap\u00f3n\",\"datePublished\":\"2026-04-20T09:47:02+00:00\",\"dateModified\":\"2026-04-20T09:47:03+00:00\",\"mainEntityOfPage\":{\"@id\":\"https:\/\/luchonoticias.com\/editor\/sismo-y-alerta-de-tsunami-en-japon\/\"},\"wordCount\":249,\"publisher\":{\"@id\":\"https:\/\/luchonoticias.com\/editor\/#\/schema\/person\/7a7fd911f58561fd056dbac7b55af9cd\"},\"image\":{\"@id\":\"https:\/\/luchonoticias.com\/editor\/sismo-y-alerta-de-tsunami-en-japon\/#primaryimage\"},\"thumbnailUrl\":\"https:\/\/luchonoticias.com\/editor\/wp-content\/uploads\/2026\/04\/terremoto.jpg\",\"articleSection\":[\"Actualidad\"],\"inLanguage\":\"es\"},{\"@type\":\"WebPage\",\"@id\":\"https:\/\/luchonoticias.com\/editor\/sismo-y-alerta-de-tsunami-en-japon\/\",\"url\":\"https:\/\/luchonoticias.com\/editor\/sismo-y-alerta-de-tsunami-en-japon\/\",\"name\":\"Sismo y alerta de tsunami en Jap\u00f3n -\",\"isPartOf\":{\"@id\":\"https:\/\/luchonoticias.com\/editor\/#website\"},\"primaryImageOfPage\":{\"@id\":\"https:\/\/luchonoticias.com\/editor\/sismo-y-alerta-de-tsunami-en-japon\/#primaryimage\"},\"image\":{\"@id\":\"https:\/\/luchonoticias.com\/editor\/sismo-y-alerta-de-tsunami-en-japon\/#primaryimage\"},\"thumbnailUrl\":\"https:\/\/luchonoticias.com\/editor\/wp-content\/uploads\/2026\/04\/terremoto.jpg\",\"datePublished\":\"2026-04-20T09:47:02+00:00\",\"dateModified\":\"2026-04-20T09:47:03+00:00\",\"breadcrumb\":{\"@id\":\"https:\/\/luchonoticias.com\/editor\/sismo-y-alerta-de-tsunami-en-japon\/#breadcrumb\"},\"inLanguage\":\"es\",\"potentialAction\":[{\"@type\":\"ReadAction\",\"target\":[\"https:\/\/luchonoticias.com\/editor\/sismo-y-alerta-de-tsunami-en-japon\/\"]}]},{\"@type\":\"ImageObject\",\"inLanguage\":\"es\",\"@id\":\"https:\/\/luchonoticias.com\/editor\/sismo-y-alerta-de-tsunami-en-japon\/#primaryimage\",\"url\":\"https:\/\/luchonoticias.com\/editor\/wp-content\/uploads\/2026\/04\/terremoto.jpg\",\"contentUrl\":\"https:\/\/luchonoticias.com\/editor\/wp-content\/uploads\/2026\/04\/terremoto.jpg\",\"width\":700,\"height\":400},{\"@type\":\"BreadcrumbList\",\"@id\":\"https:\/\/luchonoticias.com\/editor\/sismo-y-alerta-de-tsunami-en-japon\/#breadcrumb\",\"itemListElement\":[{\"@type\":\"ListItem\",\"position\":1,\"name\":\"Portada\",\"item\":\"https:\/\/luchonoticias.com\/editor\/\"},{\"@type\":\"ListItem\",\"position\":2,\"name\":\"Sismo y alerta de tsunami en Jap\u00f3n\"}]},{\"@type\":\"WebSite\",\"@id\":\"https:\/\/luchonoticias.com\/editor\/#website\",\"url\":\"https:\/\/luchonoticias.com\/editor\/\",\"name\":\"\",\"description\":\"\",\"publisher\":{\"@id\":\"https:\/\/luchonoticias.com\/editor\/#\/schema\/person\/7a7fd911f58561fd056dbac7b55af9cd\"},\"potentialAction\":[{\"@type\":\"SearchAction\",\"target\":{\"@type\":\"EntryPoint\",\"urlTemplate\":\"https:\/\/luchonoticias.com\/editor\/?s={search_term_string}\"},\"query-input\":{\"@type\":\"PropertyValueSpecification\",\"valueRequired\":true,\"valueName\":\"search_term_string\"}}],\"inLanguage\":\"es\"},{\"@type\":[\"Person\",\"Organization\"],\"@id\":\"https:\/\/luchonoticias.com\/editor\/#\/schema\/person\/7a7fd911f58561fd056dbac7b55af9cd\",\"name\":\"admin\",\"image\":{\"@type\":\"ImageObject\",\"inLanguage\":\"es\",\"@id\":\"https:\/\/luchonoticias.com\/editor\/#\/schema\/person\/image\/\",\"url\":\"https:\/\/luchonoticias.com\/editor\/wp-content\/uploads\/2024\/02\/cropped-cropped-logolu.webp\",\"contentUrl\":\"https:\/\/luchonoticias.com\/editor\/wp-content\/uploads\/2024\/02\/cropped-cropped-logolu.webp\",\"width\":382,\"height\":170,\"caption\":\"admin\"},\"logo\":{\"@id\":\"https:\/\/luchonoticias.com\/editor\/#\/schema\/person\/image\/\"},\"sameAs\":[\"https:\/\/www.facebook.com\/luchonoticiasneiva\"]},{\"@type\":\"Person\",\"@id\":\"https:\/\/luchonoticias.com\/editor\/#\/schema\/person\/29217990ddf6f14e35912b2866d591fb\",\"name\":\"Editor General\",\"image\":{\"@type\":\"ImageObject\",\"inLanguage\":\"es\",\"@id\":\"https:\/\/luchonoticias.com\/editor\/#\/schema\/person\/image\/\",\"url\":\"https:\/\/luchonoticias.com\/editor\/wp-content\/uploads\/2024\/02\/cropped-cropped-logolu-150x150.webp\",\"contentUrl\":\"https:\/\/luchonoticias.com\/editor\/wp-content\/uploads\/2024\/02\/cropped-cropped-logolu-150x150.webp\",\"caption\":\"Editor General\"},\"sameAs\":[\"https:\/\/luchonoticias.com\/\"],\"url\":\"https:\/\/luchonoticias.com\/editor\/author\/editor-general\/\"}]}<\/script>\n<!-- \/ Yoast SEO plugin. -->","yoast_head_json":{"title":"Sismo y alerta de tsunami en Jap\u00f3n -","robots":{"index":"index","follow":"follow","max-snippet":"max-snippet:-1","max-image-preview":"max-image-preview:large","max-video-preview":"max-video-preview:-1"},"canonical":"https:\/\/luchonoticias.com\/editor\/sismo-y-alerta-de-tsunami-en-japon\/","og_locale":"es_ES","og_type":"article","og_title":"Sismo y alerta de tsunami en Jap\u00f3n -","og_url":"https:\/\/luchonoticias.com\/editor\/sismo-y-alerta-de-tsunami-en-japon\/","article_publisher":"https:\/\/www.facebook.com\/luchonoticiasneiva","article_published_time":"2026-04-20T09:47:02+00:00","article_modified_time":"2026-04-20T09:47:03+00:00","og_image":[{"width":700,"height":400,"url":"https:\/\/luchonoticias.com\/editor\/wp-content\/uploads\/2026\/04\/terremoto.jpg","type":"image\/jpeg"}],"author":"Editor General","twitter_card":"summary_large_image","twitter_misc":{"Escrito por":"Editor General","Tiempo de lectura":"2 minutos"},"schema":{"@context":"https:\/\/schema.org","@graph":[{"@type":"Article","@id":"https:\/\/luchonoticias.com\/editor\/sismo-y-alerta-de-tsunami-en-japon\/#article","isPartOf":{"@id":"https:\/\/luchonoticias.com\/editor\/sismo-y-alerta-de-tsunami-en-japon\/"},"author":{"name":"Editor General","@id":"https:\/\/luchonoticias.com\/editor\/#\/schema\/person\/29217990ddf6f14e35912b2866d591fb"},"headline":"Sismo y alerta de tsunami en Jap\u00f3n","datePublished":"2026-04-20T09:47:02+00:00","dateModified":"2026-04-20T09:47:03+00:00","mainEntityOfPage":{"@id":"https:\/\/luchonoticias.com\/editor\/sismo-y-alerta-de-tsunami-en-japon\/"},"wordCount":249,"publisher":{"@id":"https:\/\/luchonoticias.com\/editor\/#\/schema\/person\/7a7fd911f58561fd056dbac7b55af9cd"},"image":{"@id":"https:\/\/luchonoticias.com\/editor\/sismo-y-alerta-de-tsunami-en-japon\/#primaryimage"},"thumbnailUrl":"https:\/\/luchonoticias.com\/editor\/wp-content\/uploads\/2026\/04\/terremoto.jpg","articleSection":["Actualidad"],"inLanguage":"es"},{"@type":"WebPage","@id":"https:\/\/luchonoticias.com\/editor\/sismo-y-alerta-de-tsunami-en-japon\/","url":"https:\/\/luchonoticias.com\/editor\/sismo-y-alerta-de-tsunami-en-japon\/","name":"Sismo y alerta de tsunami en Jap\u00f3n -","isPartOf":{"@id":"https:\/\/luchonoticias.com\/editor\/#website"},"primaryImageOfPage":{"@id":"https:\/\/luchonoticias.com\/editor\/sismo-y-alerta-de-tsunami-en-japon\/#primaryimage"},"image":{"@id":"https:\/\/luchonoticias.com\/editor\/sismo-y-alerta-de-tsunami-en-japon\/#primaryimage"},"thumbnailUrl":"https:\/\/luchonoticias.com\/editor\/wp-content\/uploads\/2026\/04\/terremoto.jpg","datePublished":"2026-04-20T09:47:02+00:00","dateModified":"2026-04-20T09:47:03+00:00","breadcrumb":{"@id":"https:\/\/luchonoticias.com\/editor\/sismo-y-alerta-de-tsunami-en-japon\/#breadcrumb"},"inLanguage":"es","potentialAction":[{"@type":"ReadAction","target":["https:\/\/luchonoticias.com\/editor\/sismo-y-alerta-de-tsunami-en-japon\/"]}]},{"@type":"ImageObject","inLanguage":"es","@id":"https:\/\/luchonoticias.com\/editor\/sismo-y-alerta-de-tsunami-en-japon\/#primaryimage","url":"https:\/\/luchonoticias.com\/editor\/wp-content\/uploads\/2026\/04\/terremoto.jpg","contentUrl":"https:\/\/luchonoticias.com\/editor\/wp-content\/uploads\/2026\/04\/terremoto.jpg","width":700,"height":400},{"@type":"BreadcrumbList","@id":"https:\/\/luchonoticias.com\/editor\/sismo-y-alerta-de-tsunami-en-japon\/#breadcrumb","itemListElement":[{"@type":"ListItem","position":1,"name":"Portada","item":"https:\/\/luchonoticias.com\/editor\/"},{"@type":"ListItem","position":2,"name":"Sismo y alerta de tsunami en Jap\u00f3n"}]},{"@type":"WebSite","@id":"https:\/\/luchonoticias.com\/editor\/#website","url":"https:\/\/luchonoticias.com\/editor\/","name":"","description":"","publisher":{"@id":"https:\/\/luchonoticias.com\/editor\/#\/schema\/person\/7a7fd911f58561fd056dbac7b55af9cd"},"potentialAction":[{"@type":"SearchAction","target":{"@type":"EntryPoint","urlTemplate":"https:\/\/luchonoticias.com\/editor\/?s={search_term_string}"},"query-input":{"@type":"PropertyValueSpecification","valueRequired":true,"valueName":"search_term_string"}}],"inLanguage":"es"},{"@type":["Person","Organization"],"@id":"https:\/\/luchonoticias.com\/editor\/#\/schema\/person\/7a7fd911f58561fd056dbac7b55af9cd","name":"admin","image":{"@type":"ImageObject","inLanguage":"es","@id":"https:\/\/luchonoticias.com\/editor\/#\/schema\/person\/image\/","url":"https:\/\/luchonoticias.com\/editor\/wp-content\/uploads\/2024\/02\/cropped-cropped-logolu.webp","contentUrl":"https:\/\/luchonoticias.com\/editor\/wp-content\/uploads\/2024\/02\/cropped-cropped-logolu.webp","width":382,"height":170,"caption":"admin"},"logo":{"@id":"https:\/\/luchonoticias.com\/editor\/#\/schema\/person\/image\/"},"sameAs":["https:\/\/www.facebook.com\/luchonoticiasneiva"]},{"@type":"Person","@id":"https:\/\/luchonoticias.com\/editor\/#\/schema\/person\/29217990ddf6f14e35912b2866d591fb","name":"Editor General","image":{"@type":"ImageObject","inLanguage":"es","@id":"https:\/\/luchonoticias.com\/editor\/#\/schema\/person\/image\/","url":"https:\/\/luchonoticias.com\/editor\/wp-content\/uploads\/2024\/02\/cropped-cropped-logolu-150x150.webp","contentUrl":"https:\/\/luchonoticias.com\/editor\/wp-content\/uploads\/2024\/02\/cropped-cropped-logolu-150x150.webp","caption":"Editor General"},"sameAs":["https:\/\/luchonoticias.com\/"],"url":"https:\/\/luchonoticias.com\/editor\/author\/editor-general\/"}]}},"_links":{"self":[{"href":"https:\/\/luchonoticias.com\/editor\/wp-json\/wp\/v2\/posts\/96978","targetHints":{"allow":["GET"]}}],"collection":[{"href":"https:\/\/luchonoticias.com\/editor\/wp-json\/wp\/v2\/posts"}],"about":[{"href":"https:\/\/luchonoticias.com\/editor\/wp-json\/wp\/v2\/types\/post"}],"author":[{"embeddable":true,"href":"https:\/\/luchonoticias.com\/editor\/wp-json\/wp\/v2\/users\/2"}],"replies":[{"embeddable":true,"href":"https:\/\/luchonoticias.com\/editor\/wp-json\/wp\/v2\/comments?post=96978"}],"version-history":[{"count":1,"href":"https:\/\/luchonoticias.com\/editor\/wp-json\/wp\/v2\/posts\/96978\/revisions"}],"predecessor-version":[{"id":96980,"href":"https:\/\/luchonoticias.com\/editor\/wp-json\/wp\/v2\/posts\/96978\/revisions\/96980"}],"wp:featuredmedia":[{"embeddable":true,"href":"https:\/\/luchonoticias.com\/editor\/wp-json\/wp\/v2\/media\/96979"}],"wp:attachment":[{"href":"https:\/\/luchonoticias.com\/editor\/wp-json\/wp\/v2\/media?parent=96978"}],"wp:term":[{"taxonomy":"category","embeddable":true,"href":"https:\/\/luchonoticias.com\/editor\/wp-json\/wp\/v2\/categories?post=96978"},{"taxonomy":"post_tag","embeddable":true,"href":"https:\/\/luchonoticias.com\/editor\/wp-json\/wp\/v2\/tags?post=96978"}],"curies":[{"name":"wp","href":"https:\/\/api.w.org\/{rel}","templated":true}]}}