{"id":97055,"date":"2026-04-22T04:20:42","date_gmt":"2026-04-22T09:20:42","guid":{"rendered":"https:\/\/luchonoticias.com\/editor\/?p=97055"},"modified":"2026-04-22T04:20:43","modified_gmt":"2026-04-22T09:20:43","slug":"se-prolonga-alto-al-fuego-entre-estados-unidos-e-iran","status":"publish","type":"post","link":"https:\/\/luchonoticias.com\/editor\/se-prolonga-alto-al-fuego-entre-estados-unidos-e-iran\/","title":{"rendered":"Se prolonga alto al fuego entre Estados Unidos e Ir\u00e1n"},"content":{"rendered":"\n<p>El presidente de Estados Unidos, Donald Trump, anunci\u00f3 la extensi\u00f3n indefinida del alto el fuego con Ir\u00e1n tras una solicitud de Pakist\u00e1n, pa\u00eds que act\u00faa como mediador en medio de las negociaciones en curso.<\/p>\n\n\n\n<p>La decisi\u00f3n se conoce a menos de 24 horas de que venciera el cese de hostilidades. A trav\u00e9s de su red Truth Social, el mandatario indic\u00f3 que la tregua se mantendr\u00e1 \u201chasta que se presente una propuesta y concluyan las negociaciones, sea cual sea el resultado\u201d. Trump justific\u00f3 la medida al se\u00f1alar que el Gobierno iran\u00ed \u201cse encuentra gravemente dividido\u201d y que Islamabad pidi\u00f3 suspender cualquier ofensiva mientras Teher\u00e1n consolida una posici\u00f3n unificada.<\/p>\n\n\n\n<p>Pese a la extensi\u00f3n de la tregua, Washington mantendr\u00e1 el bloqueo naval contra embarcaciones iran\u00edes, implementado tras el fracaso de la primera ronda de conversaciones realizadas el 11 y 12 de abril. El vicepresidente JD Vance ten\u00eda previsto viajar a Islamabad para una segunda ronda de negociaciones, pero cancel\u00f3 su visita ante la falta de confirmaci\u00f3n oficial de Ir\u00e1n.<\/p>\n\n\n\n<p>En paralelo, Trump se reuni\u00f3 en la Casa Blanca con su equipo de Seguridad Nacional, en un encuentro en el que participaron el secretario de Estado, Marco Rubio; el secretario de Defensa, Pete Hegseth, y los asesores Steve Witkoff y Jared Kushner.<\/p>\n\n\n\n<p>La decisi\u00f3n de ampliar la tregua contrasta con declaraciones previas del mandatario, quien en entrevista con CNBC hab\u00eda descartado prolongarla. \u201cNo tenemos tanto tiempo\u201d, afirm\u00f3, aunque reconoci\u00f3 que un acuerdo podr\u00eda fortalecer la posici\u00f3n de Ir\u00e1n. Trump advirti\u00f3 adem\u00e1s que, de no alcanzarse un pacto, Estados Unidos retomar\u00eda los bombardeos contra territorio iran\u00ed.<\/p>\n\n\n\n<p>Por su parte, el presidente del Parlamento iran\u00ed, Mohamad Baqer Qalibaf, quien encabeza la delegaci\u00f3n de su pa\u00eds, asegur\u00f3 que Teher\u00e1n no aceptar\u00e1 \u201cnegociaciones bajo la sombra de la amenaza\u201d.<\/p>\n","protected":false},"excerpt":{"rendered":"<p>El presidente de Estados Unidos, Donald Trump, anunci\u00f3 la extensi\u00f3n indefinida del alto el fuego con Ir\u00e1n tras una solicitud de Pakist\u00e1n, pa\u00eds que act\u00faa como mediador en medio de las negociaciones en curso. La decisi\u00f3n se conoce a menos de 24 horas de que venciera el cese de hostilidades. A trav\u00e9s de su red [&hellip;]<\/p>\n","protected":false},"author":2,"featured_media":97056,"comment_status":"closed","ping_status":"open","sticky":false,"template":"","format":"standard","meta":{"footnotes":""},"categories":[28],"tags":[],"class_list":["post-97055","post","type-post","status-publish","format-standard","has-post-thumbnail","hentry","category-actualidad"],"yoast_head":"<!-- This site is optimized with the Yoast SEO plugin v26.6 - https:\/\/yoast.com\/wordpress\/plugins\/seo\/ -->\n<title>Se prolonga alto al fuego entre Estados Unidos e Ir\u00e1n -<\/title>\n<meta name=\"robots\" content=\"index, follow, max-snippet:-1, max-image-preview:large, max-video-preview:-1\" \/>\n<link rel=\"canonical\" href=\"https:\/\/luchonoticias.com\/editor\/se-prolonga-alto-al-fuego-entre-estados-unidos-e-iran\/\" \/>\n<meta property=\"og:locale\" content=\"es_ES\" \/>\n<meta property=\"og:type\" content=\"article\" \/>\n<meta property=\"og:title\" content=\"Se prolonga alto al fuego entre Estados Unidos e Ir\u00e1n -\" \/>\n<meta property=\"og:url\" content=\"https:\/\/luchonoticias.com\/editor\/se-prolonga-alto-al-fuego-entre-estados-unidos-e-iran\/\" \/>\n<meta property=\"article:publisher\" content=\"https:\/\/www.facebook.com\/luchonoticiasneiva\" \/>\n<meta property=\"article:published_time\" content=\"2026-04-22T09:20:42+00:00\" \/>\n<meta property=\"article:modified_time\" content=\"2026-04-22T09:20:43+00:00\" \/>\n<meta property=\"og:image\" content=\"https:\/\/luchonoticias.com\/editor\/wp-content\/uploads\/2026\/04\/IRAN-USA.jpg\" \/>\n\t<meta property=\"og:image:width\" content=\"700\" \/>\n\t<meta property=\"og:image:height\" content=\"400\" \/>\n\t<meta property=\"og:image:type\" content=\"image\/jpeg\" \/>\n<meta name=\"author\" content=\"Editor General\" \/>\n<meta name=\"twitter:card\" content=\"summary_large_image\" \/>\n<meta name=\"twitter:label1\" content=\"Escrito por\" \/>\n\t<meta name=\"twitter:data1\" content=\"Editor General\" \/>\n\t<meta name=\"twitter:label2\" content=\"Tiempo de lectura\" \/>\n\t<meta name=\"twitter:data2\" content=\"2 minutos\" \/>\n<script type=\"application\/ld+json\" class=\"yoast-schema-graph\">{\"@context\":\"https:\/\/schema.org\",\"@graph\":[{\"@type\":\"Article\",\"@id\":\"https:\/\/luchonoticias.com\/editor\/se-prolonga-alto-al-fuego-entre-estados-unidos-e-iran\/#article\",\"isPartOf\":{\"@id\":\"https:\/\/luchonoticias.com\/editor\/se-prolonga-alto-al-fuego-entre-estados-unidos-e-iran\/\"},\"author\":{\"name\":\"Editor General\",\"@id\":\"https:\/\/luchonoticias.com\/editor\/#\/schema\/person\/29217990ddf6f14e35912b2866d591fb\"},\"headline\":\"Se prolonga alto al fuego entre Estados Unidos e Ir\u00e1n\",\"datePublished\":\"2026-04-22T09:20:42+00:00\",\"dateModified\":\"2026-04-22T09:20:43+00:00\",\"mainEntityOfPage\":{\"@id\":\"https:\/\/luchonoticias.com\/editor\/se-prolonga-alto-al-fuego-entre-estados-unidos-e-iran\/\"},\"wordCount\":324,\"publisher\":{\"@id\":\"https:\/\/luchonoticias.com\/editor\/#\/schema\/person\/7a7fd911f58561fd056dbac7b55af9cd\"},\"image\":{\"@id\":\"https:\/\/luchonoticias.com\/editor\/se-prolonga-alto-al-fuego-entre-estados-unidos-e-iran\/#primaryimage\"},\"thumbnailUrl\":\"https:\/\/luchonoticias.com\/editor\/wp-content\/uploads\/2026\/04\/IRAN-USA.jpg\",\"articleSection\":[\"Actualidad\"],\"inLanguage\":\"es\"},{\"@type\":\"WebPage\",\"@id\":\"https:\/\/luchonoticias.com\/editor\/se-prolonga-alto-al-fuego-entre-estados-unidos-e-iran\/\",\"url\":\"https:\/\/luchonoticias.com\/editor\/se-prolonga-alto-al-fuego-entre-estados-unidos-e-iran\/\",\"name\":\"Se prolonga alto al fuego entre Estados Unidos e Ir\u00e1n -\",\"isPartOf\":{\"@id\":\"https:\/\/luchonoticias.com\/editor\/#website\"},\"primaryImageOfPage\":{\"@id\":\"https:\/\/luchonoticias.com\/editor\/se-prolonga-alto-al-fuego-entre-estados-unidos-e-iran\/#primaryimage\"},\"image\":{\"@id\":\"https:\/\/luchonoticias.com\/editor\/se-prolonga-alto-al-fuego-entre-estados-unidos-e-iran\/#primaryimage\"},\"thumbnailUrl\":\"https:\/\/luchonoticias.com\/editor\/wp-content\/uploads\/2026\/04\/IRAN-USA.jpg\",\"datePublished\":\"2026-04-22T09:20:42+00:00\",\"dateModified\":\"2026-04-22T09:20:43+00:00\",\"breadcrumb\":{\"@id\":\"https:\/\/luchonoticias.com\/editor\/se-prolonga-alto-al-fuego-entre-estados-unidos-e-iran\/#breadcrumb\"},\"inLanguage\":\"es\",\"potentialAction\":[{\"@type\":\"ReadAction\",\"target\":[\"https:\/\/luchonoticias.com\/editor\/se-prolonga-alto-al-fuego-entre-estados-unidos-e-iran\/\"]}]},{\"@type\":\"ImageObject\",\"inLanguage\":\"es\",\"@id\":\"https:\/\/luchonoticias.com\/editor\/se-prolonga-alto-al-fuego-entre-estados-unidos-e-iran\/#primaryimage\",\"url\":\"https:\/\/luchonoticias.com\/editor\/wp-content\/uploads\/2026\/04\/IRAN-USA.jpg\",\"contentUrl\":\"https:\/\/luchonoticias.com\/editor\/wp-content\/uploads\/2026\/04\/IRAN-USA.jpg\",\"width\":700,\"height\":400},{\"@type\":\"BreadcrumbList\",\"@id\":\"https:\/\/luchonoticias.com\/editor\/se-prolonga-alto-al-fuego-entre-estados-unidos-e-iran\/#breadcrumb\",\"itemListElement\":[{\"@type\":\"ListItem\",\"position\":1,\"name\":\"Portada\",\"item\":\"https:\/\/luchonoticias.com\/editor\/\"},{\"@type\":\"ListItem\",\"position\":2,\"name\":\"Se prolonga alto al fuego entre Estados Unidos e Ir\u00e1n\"}]},{\"@type\":\"WebSite\",\"@id\":\"https:\/\/luchonoticias.com\/editor\/#website\",\"url\":\"https:\/\/luchonoticias.com\/editor\/\",\"name\":\"\",\"description\":\"\",\"publisher\":{\"@id\":\"https:\/\/luchonoticias.com\/editor\/#\/schema\/person\/7a7fd911f58561fd056dbac7b55af9cd\"},\"potentialAction\":[{\"@type\":\"SearchAction\",\"target\":{\"@type\":\"EntryPoint\",\"urlTemplate\":\"https:\/\/luchonoticias.com\/editor\/?s={search_term_string}\"},\"query-input\":{\"@type\":\"PropertyValueSpecification\",\"valueRequired\":true,\"valueName\":\"search_term_string\"}}],\"inLanguage\":\"es\"},{\"@type\":[\"Person\",\"Organization\"],\"@id\":\"https:\/\/luchonoticias.com\/editor\/#\/schema\/person\/7a7fd911f58561fd056dbac7b55af9cd\",\"name\":\"admin\",\"image\":{\"@type\":\"ImageObject\",\"inLanguage\":\"es\",\"@id\":\"https:\/\/luchonoticias.com\/editor\/#\/schema\/person\/image\/\",\"url\":\"https:\/\/luchonoticias.com\/editor\/wp-content\/uploads\/2024\/02\/cropped-cropped-logolu.webp\",\"contentUrl\":\"https:\/\/luchonoticias.com\/editor\/wp-content\/uploads\/2024\/02\/cropped-cropped-logolu.webp\",\"width\":382,\"height\":170,\"caption\":\"admin\"},\"logo\":{\"@id\":\"https:\/\/luchonoticias.com\/editor\/#\/schema\/person\/image\/\"},\"sameAs\":[\"https:\/\/www.facebook.com\/luchonoticiasneiva\"]},{\"@type\":\"Person\",\"@id\":\"https:\/\/luchonoticias.com\/editor\/#\/schema\/person\/29217990ddf6f14e35912b2866d591fb\",\"name\":\"Editor General\",\"image\":{\"@type\":\"ImageObject\",\"inLanguage\":\"es\",\"@id\":\"https:\/\/luchonoticias.com\/editor\/#\/schema\/person\/image\/\",\"url\":\"https:\/\/luchonoticias.com\/editor\/wp-content\/uploads\/2024\/02\/cropped-cropped-logolu-150x150.webp\",\"contentUrl\":\"https:\/\/luchonoticias.com\/editor\/wp-content\/uploads\/2024\/02\/cropped-cropped-logolu-150x150.webp\",\"caption\":\"Editor General\"},\"sameAs\":[\"https:\/\/luchonoticias.com\/\"],\"url\":\"https:\/\/luchonoticias.com\/editor\/author\/editor-general\/\"}]}<\/script>\n<!-- \/ Yoast SEO plugin. -->","yoast_head_json":{"title":"Se prolonga alto al fuego entre Estados Unidos e Ir\u00e1n -","robots":{"index":"index","follow":"follow","max-snippet":"max-snippet:-1","max-image-preview":"max-image-preview:large","max-video-preview":"max-video-preview:-1"},"canonical":"https:\/\/luchonoticias.com\/editor\/se-prolonga-alto-al-fuego-entre-estados-unidos-e-iran\/","og_locale":"es_ES","og_type":"article","og_title":"Se prolonga alto al fuego entre Estados Unidos e Ir\u00e1n -","og_url":"https:\/\/luchonoticias.com\/editor\/se-prolonga-alto-al-fuego-entre-estados-unidos-e-iran\/","article_publisher":"https:\/\/www.facebook.com\/luchonoticiasneiva","article_published_time":"2026-04-22T09:20:42+00:00","article_modified_time":"2026-04-22T09:20:43+00:00","og_image":[{"width":700,"height":400,"url":"https:\/\/luchonoticias.com\/editor\/wp-content\/uploads\/2026\/04\/IRAN-USA.jpg","type":"image\/jpeg"}],"author":"Editor General","twitter_card":"summary_large_image","twitter_misc":{"Escrito por":"Editor General","Tiempo de lectura":"2 minutos"},"schema":{"@context":"https:\/\/schema.org","@graph":[{"@type":"Article","@id":"https:\/\/luchonoticias.com\/editor\/se-prolonga-alto-al-fuego-entre-estados-unidos-e-iran\/#article","isPartOf":{"@id":"https:\/\/luchonoticias.com\/editor\/se-prolonga-alto-al-fuego-entre-estados-unidos-e-iran\/"},"author":{"name":"Editor General","@id":"https:\/\/luchonoticias.com\/editor\/#\/schema\/person\/29217990ddf6f14e35912b2866d591fb"},"headline":"Se prolonga alto al fuego entre Estados Unidos e Ir\u00e1n","datePublished":"2026-04-22T09:20:42+00:00","dateModified":"2026-04-22T09:20:43+00:00","mainEntityOfPage":{"@id":"https:\/\/luchonoticias.com\/editor\/se-prolonga-alto-al-fuego-entre-estados-unidos-e-iran\/"},"wordCount":324,"publisher":{"@id":"https:\/\/luchonoticias.com\/editor\/#\/schema\/person\/7a7fd911f58561fd056dbac7b55af9cd"},"image":{"@id":"https:\/\/luchonoticias.com\/editor\/se-prolonga-alto-al-fuego-entre-estados-unidos-e-iran\/#primaryimage"},"thumbnailUrl":"https:\/\/luchonoticias.com\/editor\/wp-content\/uploads\/2026\/04\/IRAN-USA.jpg","articleSection":["Actualidad"],"inLanguage":"es"},{"@type":"WebPage","@id":"https:\/\/luchonoticias.com\/editor\/se-prolonga-alto-al-fuego-entre-estados-unidos-e-iran\/","url":"https:\/\/luchonoticias.com\/editor\/se-prolonga-alto-al-fuego-entre-estados-unidos-e-iran\/","name":"Se prolonga alto al fuego entre Estados Unidos e Ir\u00e1n -","isPartOf":{"@id":"https:\/\/luchonoticias.com\/editor\/#website"},"primaryImageOfPage":{"@id":"https:\/\/luchonoticias.com\/editor\/se-prolonga-alto-al-fuego-entre-estados-unidos-e-iran\/#primaryimage"},"image":{"@id":"https:\/\/luchonoticias.com\/editor\/se-prolonga-alto-al-fuego-entre-estados-unidos-e-iran\/#primaryimage"},"thumbnailUrl":"https:\/\/luchonoticias.com\/editor\/wp-content\/uploads\/2026\/04\/IRAN-USA.jpg","datePublished":"2026-04-22T09:20:42+00:00","dateModified":"2026-04-22T09:20:43+00:00","breadcrumb":{"@id":"https:\/\/luchonoticias.com\/editor\/se-prolonga-alto-al-fuego-entre-estados-unidos-e-iran\/#breadcrumb"},"inLanguage":"es","potentialAction":[{"@type":"ReadAction","target":["https:\/\/luchonoticias.com\/editor\/se-prolonga-alto-al-fuego-entre-estados-unidos-e-iran\/"]}]},{"@type":"ImageObject","inLanguage":"es","@id":"https:\/\/luchonoticias.com\/editor\/se-prolonga-alto-al-fuego-entre-estados-unidos-e-iran\/#primaryimage","url":"https:\/\/luchonoticias.com\/editor\/wp-content\/uploads\/2026\/04\/IRAN-USA.jpg","contentUrl":"https:\/\/luchonoticias.com\/editor\/wp-content\/uploads\/2026\/04\/IRAN-USA.jpg","width":700,"height":400},{"@type":"BreadcrumbList","@id":"https:\/\/luchonoticias.com\/editor\/se-prolonga-alto-al-fuego-entre-estados-unidos-e-iran\/#breadcrumb","itemListElement":[{"@type":"ListItem","position":1,"name":"Portada","item":"https:\/\/luchonoticias.com\/editor\/"},{"@type":"ListItem","position":2,"name":"Se prolonga alto al fuego entre Estados Unidos e Ir\u00e1n"}]},{"@type":"WebSite","@id":"https:\/\/luchonoticias.com\/editor\/#website","url":"https:\/\/luchonoticias.com\/editor\/","name":"","description":"","publisher":{"@id":"https:\/\/luchonoticias.com\/editor\/#\/schema\/person\/7a7fd911f58561fd056dbac7b55af9cd"},"potentialAction":[{"@type":"SearchAction","target":{"@type":"EntryPoint","urlTemplate":"https:\/\/luchonoticias.com\/editor\/?s={search_term_string}"},"query-input":{"@type":"PropertyValueSpecification","valueRequired":true,"valueName":"search_term_string"}}],"inLanguage":"es"},{"@type":["Person","Organization"],"@id":"https:\/\/luchonoticias.com\/editor\/#\/schema\/person\/7a7fd911f58561fd056dbac7b55af9cd","name":"admin","image":{"@type":"ImageObject","inLanguage":"es","@id":"https:\/\/luchonoticias.com\/editor\/#\/schema\/person\/image\/","url":"https:\/\/luchonoticias.com\/editor\/wp-content\/uploads\/2024\/02\/cropped-cropped-logolu.webp","contentUrl":"https:\/\/luchonoticias.com\/editor\/wp-content\/uploads\/2024\/02\/cropped-cropped-logolu.webp","width":382,"height":170,"caption":"admin"},"logo":{"@id":"https:\/\/luchonoticias.com\/editor\/#\/schema\/person\/image\/"},"sameAs":["https:\/\/www.facebook.com\/luchonoticiasneiva"]},{"@type":"Person","@id":"https:\/\/luchonoticias.com\/editor\/#\/schema\/person\/29217990ddf6f14e35912b2866d591fb","name":"Editor General","image":{"@type":"ImageObject","inLanguage":"es","@id":"https:\/\/luchonoticias.com\/editor\/#\/schema\/person\/image\/","url":"https:\/\/luchonoticias.com\/editor\/wp-content\/uploads\/2024\/02\/cropped-cropped-logolu-150x150.webp","contentUrl":"https:\/\/luchonoticias.com\/editor\/wp-content\/uploads\/2024\/02\/cropped-cropped-logolu-150x150.webp","caption":"Editor General"},"sameAs":["https:\/\/luchonoticias.com\/"],"url":"https:\/\/luchonoticias.com\/editor\/author\/editor-general\/"}]}},"_links":{"self":[{"href":"https:\/\/luchonoticias.com\/editor\/wp-json\/wp\/v2\/posts\/97055","targetHints":{"allow":["GET"]}}],"collection":[{"href":"https:\/\/luchonoticias.com\/editor\/wp-json\/wp\/v2\/posts"}],"about":[{"href":"https:\/\/luchonoticias.com\/editor\/wp-json\/wp\/v2\/types\/post"}],"author":[{"embeddable":true,"href":"https:\/\/luchonoticias.com\/editor\/wp-json\/wp\/v2\/users\/2"}],"replies":[{"embeddable":true,"href":"https:\/\/luchonoticias.com\/editor\/wp-json\/wp\/v2\/comments?post=97055"}],"version-history":[{"count":1,"href":"https:\/\/luchonoticias.com\/editor\/wp-json\/wp\/v2\/posts\/97055\/revisions"}],"predecessor-version":[{"id":97057,"href":"https:\/\/luchonoticias.com\/editor\/wp-json\/wp\/v2\/posts\/97055\/revisions\/97057"}],"wp:featuredmedia":[{"embeddable":true,"href":"https:\/\/luchonoticias.com\/editor\/wp-json\/wp\/v2\/media\/97056"}],"wp:attachment":[{"href":"https:\/\/luchonoticias.com\/editor\/wp-json\/wp\/v2\/media?parent=97055"}],"wp:term":[{"taxonomy":"category","embeddable":true,"href":"https:\/\/luchonoticias.com\/editor\/wp-json\/wp\/v2\/categories?post=97055"},{"taxonomy":"post_tag","embeddable":true,"href":"https:\/\/luchonoticias.com\/editor\/wp-json\/wp\/v2\/tags?post=97055"}],"curies":[{"name":"wp","href":"https:\/\/api.w.org\/{rel}","templated":true}]}}