{"id":97058,"date":"2026-04-22T04:23:25","date_gmt":"2026-04-22T09:23:25","guid":{"rendered":"https:\/\/luchonoticias.com\/editor\/?p=97058"},"modified":"2026-04-22T04:23:26","modified_gmt":"2026-04-22T09:23:26","slug":"se-viene-otro-aumento-del-salario-minimo","status":"publish","type":"post","link":"https:\/\/luchonoticias.com\/editor\/se-viene-otro-aumento-del-salario-minimo\/","title":{"rendered":"\u00bfSe viene otro aumento del salario m\u00ednimo?"},"content":{"rendered":"\n<p>El presidente de Colombia, Gustavo Petro, advirti\u00f3 que un eventual aumento del salario m\u00ednimo podr\u00eda depender de las decisiones del Banco de la Rep\u00fablica en materia de tasas de inter\u00e9s, actualmente ubicadas en 11,25 %. Seg\u00fan el mandatario, si la autoridad monetaria contin\u00faa elev\u00e1ndolas, su Gobierno responder\u00eda con un ajuste adicional del ingreso m\u00ednimo como medida de compensaci\u00f3n.<\/p>\n\n\n\n<p>La advertencia fue dirigida directamente al ministro de Hacienda, Germ\u00e1n \u00c1vila, a quien pidi\u00f3 prepararse ante un posible nuevo incremento. Petro argument\u00f3 que las altas tasas de inter\u00e9s afectan la econom\u00eda productiva y reiter\u00f3 que el salario m\u00ednimo, que ya subi\u00f3 23 % este a\u00f1o, podr\u00eda volver a ajustarse.<\/p>\n\n\n\n<p>\u201cSi nos suben m\u00e1s la tasa de inter\u00e9s, m\u00e1s protegemos; Germ\u00e1n, al\u00edstese porque la Constituci\u00f3n habla del salario vital y m\u00f3vil. Si la junta sigue en esa tonter\u00eda, subimos otra vez el salario\u201d, afirm\u00f3 el jefe de Estado.<\/p>\n\n\n\n<p>El mandatario tambi\u00e9n rechaz\u00f3 que un incremento salarial genere presiones inflacionarias y sostuvo que el alza reciente de precios responde a factores como la especulaci\u00f3n, especialmente en el sector energ\u00e9tico.<\/p>\n\n\n\n<p>Petro se\u00f1al\u00f3 que estas medidas ser\u00edan transitorias, mientras cambian las mayor\u00edas dentro de la junta directiva del banco central, a la que critic\u00f3 por su orientaci\u00f3n y pol\u00edtica monetaria.<\/p>\n\n\n\n<p>El anuncio abre un nuevo frente de tensi\u00f3n entre el Gobierno y el Banco de la Rep\u00fablica, en medio del debate sobre el control de la inflaci\u00f3n, el crecimiento econ\u00f3mico y el impacto de las tasas de inter\u00e9s en el empleo.<\/p>\n","protected":false},"excerpt":{"rendered":"<p>El presidente de Colombia, Gustavo Petro, advirti\u00f3 que un eventual aumento del salario m\u00ednimo podr\u00eda depender de las decisiones del Banco de la Rep\u00fablica en materia de tasas de inter\u00e9s, actualmente ubicadas en 11,25 %. Seg\u00fan el mandatario, si la autoridad monetaria contin\u00faa elev\u00e1ndolas, su Gobierno responder\u00eda con un ajuste adicional del ingreso m\u00ednimo como [&hellip;]<\/p>\n","protected":false},"author":2,"featured_media":97059,"comment_status":"closed","ping_status":"open","sticky":false,"template":"","format":"standard","meta":{"footnotes":""},"categories":[28,32],"tags":[],"class_list":["post-97058","post","type-post","status-publish","format-standard","has-post-thumbnail","hentry","category-actualidad","category-nacional"],"yoast_head":"<!-- This site is optimized with the Yoast SEO plugin v26.6 - https:\/\/yoast.com\/wordpress\/plugins\/seo\/ -->\n<title>\u00bfSe viene otro aumento del salario m\u00ednimo? -<\/title>\n<meta name=\"robots\" content=\"index, follow, max-snippet:-1, max-image-preview:large, max-video-preview:-1\" \/>\n<link rel=\"canonical\" href=\"https:\/\/luchonoticias.com\/editor\/se-viene-otro-aumento-del-salario-minimo\/\" \/>\n<meta property=\"og:locale\" content=\"es_ES\" \/>\n<meta property=\"og:type\" content=\"article\" \/>\n<meta property=\"og:title\" content=\"\u00bfSe viene otro aumento del salario m\u00ednimo? -\" \/>\n<meta property=\"og:url\" content=\"https:\/\/luchonoticias.com\/editor\/se-viene-otro-aumento-del-salario-minimo\/\" \/>\n<meta property=\"article:publisher\" content=\"https:\/\/www.facebook.com\/luchonoticiasneiva\" \/>\n<meta property=\"article:published_time\" content=\"2026-04-22T09:23:25+00:00\" \/>\n<meta property=\"article:modified_time\" content=\"2026-04-22T09:23:26+00:00\" \/>\n<meta property=\"og:image\" content=\"https:\/\/luchonoticias.com\/editor\/wp-content\/uploads\/2026\/04\/PETRO-5.jpg\" \/>\n\t<meta property=\"og:image:width\" content=\"700\" \/>\n\t<meta property=\"og:image:height\" content=\"400\" \/>\n\t<meta property=\"og:image:type\" content=\"image\/jpeg\" \/>\n<meta name=\"author\" content=\"Editor General\" \/>\n<meta name=\"twitter:card\" content=\"summary_large_image\" \/>\n<meta name=\"twitter:label1\" content=\"Escrito por\" \/>\n\t<meta name=\"twitter:data1\" content=\"Editor General\" \/>\n\t<meta name=\"twitter:label2\" content=\"Tiempo de lectura\" \/>\n\t<meta name=\"twitter:data2\" content=\"2 minutos\" \/>\n<script type=\"application\/ld+json\" class=\"yoast-schema-graph\">{\"@context\":\"https:\/\/schema.org\",\"@graph\":[{\"@type\":\"Article\",\"@id\":\"https:\/\/luchonoticias.com\/editor\/se-viene-otro-aumento-del-salario-minimo\/#article\",\"isPartOf\":{\"@id\":\"https:\/\/luchonoticias.com\/editor\/se-viene-otro-aumento-del-salario-minimo\/\"},\"author\":{\"name\":\"Editor General\",\"@id\":\"https:\/\/luchonoticias.com\/editor\/#\/schema\/person\/29217990ddf6f14e35912b2866d591fb\"},\"headline\":\"\u00bfSe viene otro aumento del salario m\u00ednimo?\",\"datePublished\":\"2026-04-22T09:23:25+00:00\",\"dateModified\":\"2026-04-22T09:23:26+00:00\",\"mainEntityOfPage\":{\"@id\":\"https:\/\/luchonoticias.com\/editor\/se-viene-otro-aumento-del-salario-minimo\/\"},\"wordCount\":286,\"publisher\":{\"@id\":\"https:\/\/luchonoticias.com\/editor\/#\/schema\/person\/7a7fd911f58561fd056dbac7b55af9cd\"},\"image\":{\"@id\":\"https:\/\/luchonoticias.com\/editor\/se-viene-otro-aumento-del-salario-minimo\/#primaryimage\"},\"thumbnailUrl\":\"https:\/\/luchonoticias.com\/editor\/wp-content\/uploads\/2026\/04\/PETRO-5.jpg\",\"articleSection\":[\"Actualidad\",\"Nacional\"],\"inLanguage\":\"es\"},{\"@type\":\"WebPage\",\"@id\":\"https:\/\/luchonoticias.com\/editor\/se-viene-otro-aumento-del-salario-minimo\/\",\"url\":\"https:\/\/luchonoticias.com\/editor\/se-viene-otro-aumento-del-salario-minimo\/\",\"name\":\"\u00bfSe viene otro aumento del salario m\u00ednimo? -\",\"isPartOf\":{\"@id\":\"https:\/\/luchonoticias.com\/editor\/#website\"},\"primaryImageOfPage\":{\"@id\":\"https:\/\/luchonoticias.com\/editor\/se-viene-otro-aumento-del-salario-minimo\/#primaryimage\"},\"image\":{\"@id\":\"https:\/\/luchonoticias.com\/editor\/se-viene-otro-aumento-del-salario-minimo\/#primaryimage\"},\"thumbnailUrl\":\"https:\/\/luchonoticias.com\/editor\/wp-content\/uploads\/2026\/04\/PETRO-5.jpg\",\"datePublished\":\"2026-04-22T09:23:25+00:00\",\"dateModified\":\"2026-04-22T09:23:26+00:00\",\"breadcrumb\":{\"@id\":\"https:\/\/luchonoticias.com\/editor\/se-viene-otro-aumento-del-salario-minimo\/#breadcrumb\"},\"inLanguage\":\"es\",\"potentialAction\":[{\"@type\":\"ReadAction\",\"target\":[\"https:\/\/luchonoticias.com\/editor\/se-viene-otro-aumento-del-salario-minimo\/\"]}]},{\"@type\":\"ImageObject\",\"inLanguage\":\"es\",\"@id\":\"https:\/\/luchonoticias.com\/editor\/se-viene-otro-aumento-del-salario-minimo\/#primaryimage\",\"url\":\"https:\/\/luchonoticias.com\/editor\/wp-content\/uploads\/2026\/04\/PETRO-5.jpg\",\"contentUrl\":\"https:\/\/luchonoticias.com\/editor\/wp-content\/uploads\/2026\/04\/PETRO-5.jpg\",\"width\":700,\"height\":400},{\"@type\":\"BreadcrumbList\",\"@id\":\"https:\/\/luchonoticias.com\/editor\/se-viene-otro-aumento-del-salario-minimo\/#breadcrumb\",\"itemListElement\":[{\"@type\":\"ListItem\",\"position\":1,\"name\":\"Portada\",\"item\":\"https:\/\/luchonoticias.com\/editor\/\"},{\"@type\":\"ListItem\",\"position\":2,\"name\":\"\u00bfSe viene otro aumento del salario m\u00ednimo?\"}]},{\"@type\":\"WebSite\",\"@id\":\"https:\/\/luchonoticias.com\/editor\/#website\",\"url\":\"https:\/\/luchonoticias.com\/editor\/\",\"name\":\"\",\"description\":\"\",\"publisher\":{\"@id\":\"https:\/\/luchonoticias.com\/editor\/#\/schema\/person\/7a7fd911f58561fd056dbac7b55af9cd\"},\"potentialAction\":[{\"@type\":\"SearchAction\",\"target\":{\"@type\":\"EntryPoint\",\"urlTemplate\":\"https:\/\/luchonoticias.com\/editor\/?s={search_term_string}\"},\"query-input\":{\"@type\":\"PropertyValueSpecification\",\"valueRequired\":true,\"valueName\":\"search_term_string\"}}],\"inLanguage\":\"es\"},{\"@type\":[\"Person\",\"Organization\"],\"@id\":\"https:\/\/luchonoticias.com\/editor\/#\/schema\/person\/7a7fd911f58561fd056dbac7b55af9cd\",\"name\":\"admin\",\"image\":{\"@type\":\"ImageObject\",\"inLanguage\":\"es\",\"@id\":\"https:\/\/luchonoticias.com\/editor\/#\/schema\/person\/image\/\",\"url\":\"https:\/\/luchonoticias.com\/editor\/wp-content\/uploads\/2024\/02\/cropped-cropped-logolu.webp\",\"contentUrl\":\"https:\/\/luchonoticias.com\/editor\/wp-content\/uploads\/2024\/02\/cropped-cropped-logolu.webp\",\"width\":382,\"height\":170,\"caption\":\"admin\"},\"logo\":{\"@id\":\"https:\/\/luchonoticias.com\/editor\/#\/schema\/person\/image\/\"},\"sameAs\":[\"https:\/\/www.facebook.com\/luchonoticiasneiva\"]},{\"@type\":\"Person\",\"@id\":\"https:\/\/luchonoticias.com\/editor\/#\/schema\/person\/29217990ddf6f14e35912b2866d591fb\",\"name\":\"Editor General\",\"image\":{\"@type\":\"ImageObject\",\"inLanguage\":\"es\",\"@id\":\"https:\/\/luchonoticias.com\/editor\/#\/schema\/person\/image\/\",\"url\":\"https:\/\/luchonoticias.com\/editor\/wp-content\/uploads\/2024\/02\/cropped-cropped-logolu-150x150.webp\",\"contentUrl\":\"https:\/\/luchonoticias.com\/editor\/wp-content\/uploads\/2024\/02\/cropped-cropped-logolu-150x150.webp\",\"caption\":\"Editor General\"},\"sameAs\":[\"https:\/\/luchonoticias.com\/\"],\"url\":\"https:\/\/luchonoticias.com\/editor\/author\/editor-general\/\"}]}<\/script>\n<!-- \/ Yoast SEO plugin. -->","yoast_head_json":{"title":"\u00bfSe viene otro aumento del salario m\u00ednimo? -","robots":{"index":"index","follow":"follow","max-snippet":"max-snippet:-1","max-image-preview":"max-image-preview:large","max-video-preview":"max-video-preview:-1"},"canonical":"https:\/\/luchonoticias.com\/editor\/se-viene-otro-aumento-del-salario-minimo\/","og_locale":"es_ES","og_type":"article","og_title":"\u00bfSe viene otro aumento del salario m\u00ednimo? -","og_url":"https:\/\/luchonoticias.com\/editor\/se-viene-otro-aumento-del-salario-minimo\/","article_publisher":"https:\/\/www.facebook.com\/luchonoticiasneiva","article_published_time":"2026-04-22T09:23:25+00:00","article_modified_time":"2026-04-22T09:23:26+00:00","og_image":[{"width":700,"height":400,"url":"https:\/\/luchonoticias.com\/editor\/wp-content\/uploads\/2026\/04\/PETRO-5.jpg","type":"image\/jpeg"}],"author":"Editor General","twitter_card":"summary_large_image","twitter_misc":{"Escrito por":"Editor General","Tiempo de lectura":"2 minutos"},"schema":{"@context":"https:\/\/schema.org","@graph":[{"@type":"Article","@id":"https:\/\/luchonoticias.com\/editor\/se-viene-otro-aumento-del-salario-minimo\/#article","isPartOf":{"@id":"https:\/\/luchonoticias.com\/editor\/se-viene-otro-aumento-del-salario-minimo\/"},"author":{"name":"Editor General","@id":"https:\/\/luchonoticias.com\/editor\/#\/schema\/person\/29217990ddf6f14e35912b2866d591fb"},"headline":"\u00bfSe viene otro aumento del salario m\u00ednimo?","datePublished":"2026-04-22T09:23:25+00:00","dateModified":"2026-04-22T09:23:26+00:00","mainEntityOfPage":{"@id":"https:\/\/luchonoticias.com\/editor\/se-viene-otro-aumento-del-salario-minimo\/"},"wordCount":286,"publisher":{"@id":"https:\/\/luchonoticias.com\/editor\/#\/schema\/person\/7a7fd911f58561fd056dbac7b55af9cd"},"image":{"@id":"https:\/\/luchonoticias.com\/editor\/se-viene-otro-aumento-del-salario-minimo\/#primaryimage"},"thumbnailUrl":"https:\/\/luchonoticias.com\/editor\/wp-content\/uploads\/2026\/04\/PETRO-5.jpg","articleSection":["Actualidad","Nacional"],"inLanguage":"es"},{"@type":"WebPage","@id":"https:\/\/luchonoticias.com\/editor\/se-viene-otro-aumento-del-salario-minimo\/","url":"https:\/\/luchonoticias.com\/editor\/se-viene-otro-aumento-del-salario-minimo\/","name":"\u00bfSe viene otro aumento del salario m\u00ednimo? -","isPartOf":{"@id":"https:\/\/luchonoticias.com\/editor\/#website"},"primaryImageOfPage":{"@id":"https:\/\/luchonoticias.com\/editor\/se-viene-otro-aumento-del-salario-minimo\/#primaryimage"},"image":{"@id":"https:\/\/luchonoticias.com\/editor\/se-viene-otro-aumento-del-salario-minimo\/#primaryimage"},"thumbnailUrl":"https:\/\/luchonoticias.com\/editor\/wp-content\/uploads\/2026\/04\/PETRO-5.jpg","datePublished":"2026-04-22T09:23:25+00:00","dateModified":"2026-04-22T09:23:26+00:00","breadcrumb":{"@id":"https:\/\/luchonoticias.com\/editor\/se-viene-otro-aumento-del-salario-minimo\/#breadcrumb"},"inLanguage":"es","potentialAction":[{"@type":"ReadAction","target":["https:\/\/luchonoticias.com\/editor\/se-viene-otro-aumento-del-salario-minimo\/"]}]},{"@type":"ImageObject","inLanguage":"es","@id":"https:\/\/luchonoticias.com\/editor\/se-viene-otro-aumento-del-salario-minimo\/#primaryimage","url":"https:\/\/luchonoticias.com\/editor\/wp-content\/uploads\/2026\/04\/PETRO-5.jpg","contentUrl":"https:\/\/luchonoticias.com\/editor\/wp-content\/uploads\/2026\/04\/PETRO-5.jpg","width":700,"height":400},{"@type":"BreadcrumbList","@id":"https:\/\/luchonoticias.com\/editor\/se-viene-otro-aumento-del-salario-minimo\/#breadcrumb","itemListElement":[{"@type":"ListItem","position":1,"name":"Portada","item":"https:\/\/luchonoticias.com\/editor\/"},{"@type":"ListItem","position":2,"name":"\u00bfSe viene otro aumento del salario m\u00ednimo?"}]},{"@type":"WebSite","@id":"https:\/\/luchonoticias.com\/editor\/#website","url":"https:\/\/luchonoticias.com\/editor\/","name":"","description":"","publisher":{"@id":"https:\/\/luchonoticias.com\/editor\/#\/schema\/person\/7a7fd911f58561fd056dbac7b55af9cd"},"potentialAction":[{"@type":"SearchAction","target":{"@type":"EntryPoint","urlTemplate":"https:\/\/luchonoticias.com\/editor\/?s={search_term_string}"},"query-input":{"@type":"PropertyValueSpecification","valueRequired":true,"valueName":"search_term_string"}}],"inLanguage":"es"},{"@type":["Person","Organization"],"@id":"https:\/\/luchonoticias.com\/editor\/#\/schema\/person\/7a7fd911f58561fd056dbac7b55af9cd","name":"admin","image":{"@type":"ImageObject","inLanguage":"es","@id":"https:\/\/luchonoticias.com\/editor\/#\/schema\/person\/image\/","url":"https:\/\/luchonoticias.com\/editor\/wp-content\/uploads\/2024\/02\/cropped-cropped-logolu.webp","contentUrl":"https:\/\/luchonoticias.com\/editor\/wp-content\/uploads\/2024\/02\/cropped-cropped-logolu.webp","width":382,"height":170,"caption":"admin"},"logo":{"@id":"https:\/\/luchonoticias.com\/editor\/#\/schema\/person\/image\/"},"sameAs":["https:\/\/www.facebook.com\/luchonoticiasneiva"]},{"@type":"Person","@id":"https:\/\/luchonoticias.com\/editor\/#\/schema\/person\/29217990ddf6f14e35912b2866d591fb","name":"Editor General","image":{"@type":"ImageObject","inLanguage":"es","@id":"https:\/\/luchonoticias.com\/editor\/#\/schema\/person\/image\/","url":"https:\/\/luchonoticias.com\/editor\/wp-content\/uploads\/2024\/02\/cropped-cropped-logolu-150x150.webp","contentUrl":"https:\/\/luchonoticias.com\/editor\/wp-content\/uploads\/2024\/02\/cropped-cropped-logolu-150x150.webp","caption":"Editor General"},"sameAs":["https:\/\/luchonoticias.com\/"],"url":"https:\/\/luchonoticias.com\/editor\/author\/editor-general\/"}]}},"_links":{"self":[{"href":"https:\/\/luchonoticias.com\/editor\/wp-json\/wp\/v2\/posts\/97058","targetHints":{"allow":["GET"]}}],"collection":[{"href":"https:\/\/luchonoticias.com\/editor\/wp-json\/wp\/v2\/posts"}],"about":[{"href":"https:\/\/luchonoticias.com\/editor\/wp-json\/wp\/v2\/types\/post"}],"author":[{"embeddable":true,"href":"https:\/\/luchonoticias.com\/editor\/wp-json\/wp\/v2\/users\/2"}],"replies":[{"embeddable":true,"href":"https:\/\/luchonoticias.com\/editor\/wp-json\/wp\/v2\/comments?post=97058"}],"version-history":[{"count":1,"href":"https:\/\/luchonoticias.com\/editor\/wp-json\/wp\/v2\/posts\/97058\/revisions"}],"predecessor-version":[{"id":97060,"href":"https:\/\/luchonoticias.com\/editor\/wp-json\/wp\/v2\/posts\/97058\/revisions\/97060"}],"wp:featuredmedia":[{"embeddable":true,"href":"https:\/\/luchonoticias.com\/editor\/wp-json\/wp\/v2\/media\/97059"}],"wp:attachment":[{"href":"https:\/\/luchonoticias.com\/editor\/wp-json\/wp\/v2\/media?parent=97058"}],"wp:term":[{"taxonomy":"category","embeddable":true,"href":"https:\/\/luchonoticias.com\/editor\/wp-json\/wp\/v2\/categories?post=97058"},{"taxonomy":"post_tag","embeddable":true,"href":"https:\/\/luchonoticias.com\/editor\/wp-json\/wp\/v2\/tags?post=97058"}],"curies":[{"name":"wp","href":"https:\/\/api.w.org\/{rel}","templated":true}]}}