{"id":97067,"date":"2026-04-22T04:43:48","date_gmt":"2026-04-22T09:43:48","guid":{"rendered":"https:\/\/luchonoticias.com\/editor\/?p=97067"},"modified":"2026-04-22T04:43:49","modified_gmt":"2026-04-22T09:43:49","slug":"se-agrava-la-deuda-del-sector-salud-en-colombia","status":"publish","type":"post","link":"https:\/\/luchonoticias.com\/editor\/se-agrava-la-deuda-del-sector-salud-en-colombia\/","title":{"rendered":"Se agrava la deuda del sector salud en Colombia"},"content":{"rendered":"\n<p>La crisis financiera del sistema de salud en Colombia contin\u00faa agrav\u00e1ndose. Un reciente informe de la Asociaci\u00f3n Colombiana de Hospitales y Cl\u00ednicas, con corte a diciembre de 2025, revel\u00f3 que la deuda de las EPS, el Estado y las aseguradoras con hospitales y cl\u00ednicas asciende a $25,7 billones, lo que representa un incremento del 7 % frente a junio del mismo a\u00f1o.<\/p>\n\n\n\n<p>El estudio, basado en informaci\u00f3n de 232 instituciones, tambi\u00e9n evidencia un deterioro en la calidad de pago: la cartera en mora alcanz\u00f3 el 58 %, confirmando una tendencia creciente de incumplimientos dentro del sistema.<\/p>\n\n\n\n<p>Las Entidades Promotoras de Salud (EPS) concentran la mayor parte de la deuda. El r\u00e9gimen contributivo representa el 50 % del total, con $12,9 billones, seguido del r\u00e9gimen subsidiado con 27,6 % ($7,1 billones). En tercer lugar se ubica el Estado, con cerca de $1,9 billones.<\/p>\n\n\n\n<p>Entre las entidades con mayores obligaciones figuran Nueva EPS, Coosalud, Sanitas, Savia Salud, Emssanar y Famisanar, que ya hab\u00edan liderado los niveles de endeudamiento en reportes anteriores.<\/p>\n\n\n\n<p>Uno de los puntos m\u00e1s cr\u00edticos del informe es el comportamiento de las EPS bajo intervenci\u00f3n estatal, que concentran $12,6 billones en deudas y presentan niveles de morosidad superiores al 65 %, lo que equivale a cerca del 80 % de la cartera vencida del sistema.<\/p>\n\n\n\n<p>El director general de la ACHC, Juan Carlos Giraldo Valencia, advirti\u00f3 que se requieren medidas urgentes como la capitalizaci\u00f3n de estas entidades, el aumento del giro directo, la creaci\u00f3n de un fondo de garant\u00edas y el cumplimiento estricto de normas que eviten la concentraci\u00f3n de pagos, con el fin de aliviar la presi\u00f3n financiera sobre los prestadores de servicios de salud.<\/p>\n\n\n\n<p>La falta de pagos est\u00e1 impactando directamente la operaci\u00f3n de hospitales y cl\u00ednicas. Seg\u00fan el gremio, cerca del 50 % de los activos de las IPS corresponde a cuentas por cobrar, lo que pone en riesgo el pago de salarios, la compra de insumos y la continuidad en la prestaci\u00f3n de servicios.<\/p>\n\n\n\n<p>Aunque la situaci\u00f3n no es nueva, s\u00ed muestra un deterioro significativo. En junio de 2025 la deuda ya alcanzaba los $24 billones, marcando un m\u00e1ximo hist\u00f3rico y evidenciando un crecimiento sostenido del problema.<\/p>\n\n\n\n<p>La ACHC reiter\u00f3 que el sistema enfrenta una crisis estructural de liquidez y urgi\u00f3 la adopci\u00f3n de medidas como la capitalizaci\u00f3n de las EPS, un mayor giro directo de recursos, la creaci\u00f3n de un fondo de garant\u00edas y la implementaci\u00f3n de un plan extraordinario de liquidez.<\/p>\n","protected":false},"excerpt":{"rendered":"<p>La crisis financiera del sistema de salud en Colombia contin\u00faa agrav\u00e1ndose. Un reciente informe de la Asociaci\u00f3n Colombiana de Hospitales y Cl\u00ednicas, con corte a diciembre de 2025, revel\u00f3 que la deuda de las EPS, el Estado y las aseguradoras con hospitales y cl\u00ednicas asciende a $25,7 billones, lo que representa un incremento del 7 [&hellip;]<\/p>\n","protected":false},"author":2,"featured_media":97068,"comment_status":"closed","ping_status":"open","sticky":false,"template":"","format":"standard","meta":{"footnotes":""},"categories":[28,32],"tags":[],"class_list":["post-97067","post","type-post","status-publish","format-standard","has-post-thumbnail","hentry","category-actualidad","category-nacional"],"yoast_head":"<!-- This site is optimized with the Yoast SEO plugin v26.6 - https:\/\/yoast.com\/wordpress\/plugins\/seo\/ -->\n<title>Se agrava la deuda del sector salud en Colombia -<\/title>\n<meta name=\"robots\" content=\"index, follow, max-snippet:-1, max-image-preview:large, max-video-preview:-1\" \/>\n<link rel=\"canonical\" href=\"https:\/\/luchonoticias.com\/editor\/se-agrava-la-deuda-del-sector-salud-en-colombia\/\" \/>\n<meta property=\"og:locale\" content=\"es_ES\" \/>\n<meta property=\"og:type\" content=\"article\" \/>\n<meta property=\"og:title\" content=\"Se agrava la deuda del sector salud en Colombia -\" \/>\n<meta property=\"og:url\" content=\"https:\/\/luchonoticias.com\/editor\/se-agrava-la-deuda-del-sector-salud-en-colombia\/\" \/>\n<meta property=\"article:publisher\" content=\"https:\/\/www.facebook.com\/luchonoticiasneiva\" \/>\n<meta property=\"article:published_time\" content=\"2026-04-22T09:43:48+00:00\" \/>\n<meta property=\"article:modified_time\" content=\"2026-04-22T09:43:49+00:00\" \/>\n<meta property=\"og:image\" content=\"https:\/\/luchonoticias.com\/editor\/wp-content\/uploads\/2026\/04\/salud-1.jpg\" \/>\n\t<meta property=\"og:image:width\" content=\"700\" \/>\n\t<meta property=\"og:image:height\" content=\"400\" \/>\n\t<meta property=\"og:image:type\" content=\"image\/jpeg\" \/>\n<meta name=\"author\" content=\"Editor General\" \/>\n<meta name=\"twitter:card\" content=\"summary_large_image\" \/>\n<meta name=\"twitter:label1\" content=\"Escrito por\" \/>\n\t<meta name=\"twitter:data1\" content=\"Editor General\" \/>\n\t<meta name=\"twitter:label2\" content=\"Tiempo de lectura\" \/>\n\t<meta name=\"twitter:data2\" content=\"2 minutos\" \/>\n<script type=\"application\/ld+json\" class=\"yoast-schema-graph\">{\"@context\":\"https:\/\/schema.org\",\"@graph\":[{\"@type\":\"Article\",\"@id\":\"https:\/\/luchonoticias.com\/editor\/se-agrava-la-deuda-del-sector-salud-en-colombia\/#article\",\"isPartOf\":{\"@id\":\"https:\/\/luchonoticias.com\/editor\/se-agrava-la-deuda-del-sector-salud-en-colombia\/\"},\"author\":{\"name\":\"Editor General\",\"@id\":\"https:\/\/luchonoticias.com\/editor\/#\/schema\/person\/29217990ddf6f14e35912b2866d591fb\"},\"headline\":\"Se agrava la deuda del sector salud en Colombia\",\"datePublished\":\"2026-04-22T09:43:48+00:00\",\"dateModified\":\"2026-04-22T09:43:49+00:00\",\"mainEntityOfPage\":{\"@id\":\"https:\/\/luchonoticias.com\/editor\/se-agrava-la-deuda-del-sector-salud-en-colombia\/\"},\"wordCount\":424,\"publisher\":{\"@id\":\"https:\/\/luchonoticias.com\/editor\/#\/schema\/person\/7a7fd911f58561fd056dbac7b55af9cd\"},\"image\":{\"@id\":\"https:\/\/luchonoticias.com\/editor\/se-agrava-la-deuda-del-sector-salud-en-colombia\/#primaryimage\"},\"thumbnailUrl\":\"https:\/\/luchonoticias.com\/editor\/wp-content\/uploads\/2026\/04\/salud-1.jpg\",\"articleSection\":[\"Actualidad\",\"Nacional\"],\"inLanguage\":\"es\"},{\"@type\":\"WebPage\",\"@id\":\"https:\/\/luchonoticias.com\/editor\/se-agrava-la-deuda-del-sector-salud-en-colombia\/\",\"url\":\"https:\/\/luchonoticias.com\/editor\/se-agrava-la-deuda-del-sector-salud-en-colombia\/\",\"name\":\"Se agrava la deuda del sector salud en Colombia -\",\"isPartOf\":{\"@id\":\"https:\/\/luchonoticias.com\/editor\/#website\"},\"primaryImageOfPage\":{\"@id\":\"https:\/\/luchonoticias.com\/editor\/se-agrava-la-deuda-del-sector-salud-en-colombia\/#primaryimage\"},\"image\":{\"@id\":\"https:\/\/luchonoticias.com\/editor\/se-agrava-la-deuda-del-sector-salud-en-colombia\/#primaryimage\"},\"thumbnailUrl\":\"https:\/\/luchonoticias.com\/editor\/wp-content\/uploads\/2026\/04\/salud-1.jpg\",\"datePublished\":\"2026-04-22T09:43:48+00:00\",\"dateModified\":\"2026-04-22T09:43:49+00:00\",\"breadcrumb\":{\"@id\":\"https:\/\/luchonoticias.com\/editor\/se-agrava-la-deuda-del-sector-salud-en-colombia\/#breadcrumb\"},\"inLanguage\":\"es\",\"potentialAction\":[{\"@type\":\"ReadAction\",\"target\":[\"https:\/\/luchonoticias.com\/editor\/se-agrava-la-deuda-del-sector-salud-en-colombia\/\"]}]},{\"@type\":\"ImageObject\",\"inLanguage\":\"es\",\"@id\":\"https:\/\/luchonoticias.com\/editor\/se-agrava-la-deuda-del-sector-salud-en-colombia\/#primaryimage\",\"url\":\"https:\/\/luchonoticias.com\/editor\/wp-content\/uploads\/2026\/04\/salud-1.jpg\",\"contentUrl\":\"https:\/\/luchonoticias.com\/editor\/wp-content\/uploads\/2026\/04\/salud-1.jpg\",\"width\":700,\"height\":400},{\"@type\":\"BreadcrumbList\",\"@id\":\"https:\/\/luchonoticias.com\/editor\/se-agrava-la-deuda-del-sector-salud-en-colombia\/#breadcrumb\",\"itemListElement\":[{\"@type\":\"ListItem\",\"position\":1,\"name\":\"Portada\",\"item\":\"https:\/\/luchonoticias.com\/editor\/\"},{\"@type\":\"ListItem\",\"position\":2,\"name\":\"Se agrava la deuda del sector salud en Colombia\"}]},{\"@type\":\"WebSite\",\"@id\":\"https:\/\/luchonoticias.com\/editor\/#website\",\"url\":\"https:\/\/luchonoticias.com\/editor\/\",\"name\":\"\",\"description\":\"\",\"publisher\":{\"@id\":\"https:\/\/luchonoticias.com\/editor\/#\/schema\/person\/7a7fd911f58561fd056dbac7b55af9cd\"},\"potentialAction\":[{\"@type\":\"SearchAction\",\"target\":{\"@type\":\"EntryPoint\",\"urlTemplate\":\"https:\/\/luchonoticias.com\/editor\/?s={search_term_string}\"},\"query-input\":{\"@type\":\"PropertyValueSpecification\",\"valueRequired\":true,\"valueName\":\"search_term_string\"}}],\"inLanguage\":\"es\"},{\"@type\":[\"Person\",\"Organization\"],\"@id\":\"https:\/\/luchonoticias.com\/editor\/#\/schema\/person\/7a7fd911f58561fd056dbac7b55af9cd\",\"name\":\"admin\",\"image\":{\"@type\":\"ImageObject\",\"inLanguage\":\"es\",\"@id\":\"https:\/\/luchonoticias.com\/editor\/#\/schema\/person\/image\/\",\"url\":\"https:\/\/luchonoticias.com\/editor\/wp-content\/uploads\/2024\/02\/cropped-cropped-logolu.webp\",\"contentUrl\":\"https:\/\/luchonoticias.com\/editor\/wp-content\/uploads\/2024\/02\/cropped-cropped-logolu.webp\",\"width\":382,\"height\":170,\"caption\":\"admin\"},\"logo\":{\"@id\":\"https:\/\/luchonoticias.com\/editor\/#\/schema\/person\/image\/\"},\"sameAs\":[\"https:\/\/www.facebook.com\/luchonoticiasneiva\"]},{\"@type\":\"Person\",\"@id\":\"https:\/\/luchonoticias.com\/editor\/#\/schema\/person\/29217990ddf6f14e35912b2866d591fb\",\"name\":\"Editor General\",\"image\":{\"@type\":\"ImageObject\",\"inLanguage\":\"es\",\"@id\":\"https:\/\/luchonoticias.com\/editor\/#\/schema\/person\/image\/\",\"url\":\"https:\/\/luchonoticias.com\/editor\/wp-content\/uploads\/2024\/02\/cropped-cropped-logolu-150x150.webp\",\"contentUrl\":\"https:\/\/luchonoticias.com\/editor\/wp-content\/uploads\/2024\/02\/cropped-cropped-logolu-150x150.webp\",\"caption\":\"Editor General\"},\"sameAs\":[\"https:\/\/luchonoticias.com\/\"],\"url\":\"https:\/\/luchonoticias.com\/editor\/author\/editor-general\/\"}]}<\/script>\n<!-- \/ Yoast SEO plugin. -->","yoast_head_json":{"title":"Se agrava la deuda del sector salud en Colombia -","robots":{"index":"index","follow":"follow","max-snippet":"max-snippet:-1","max-image-preview":"max-image-preview:large","max-video-preview":"max-video-preview:-1"},"canonical":"https:\/\/luchonoticias.com\/editor\/se-agrava-la-deuda-del-sector-salud-en-colombia\/","og_locale":"es_ES","og_type":"article","og_title":"Se agrava la deuda del sector salud en Colombia -","og_url":"https:\/\/luchonoticias.com\/editor\/se-agrava-la-deuda-del-sector-salud-en-colombia\/","article_publisher":"https:\/\/www.facebook.com\/luchonoticiasneiva","article_published_time":"2026-04-22T09:43:48+00:00","article_modified_time":"2026-04-22T09:43:49+00:00","og_image":[{"width":700,"height":400,"url":"https:\/\/luchonoticias.com\/editor\/wp-content\/uploads\/2026\/04\/salud-1.jpg","type":"image\/jpeg"}],"author":"Editor General","twitter_card":"summary_large_image","twitter_misc":{"Escrito por":"Editor General","Tiempo de lectura":"2 minutos"},"schema":{"@context":"https:\/\/schema.org","@graph":[{"@type":"Article","@id":"https:\/\/luchonoticias.com\/editor\/se-agrava-la-deuda-del-sector-salud-en-colombia\/#article","isPartOf":{"@id":"https:\/\/luchonoticias.com\/editor\/se-agrava-la-deuda-del-sector-salud-en-colombia\/"},"author":{"name":"Editor General","@id":"https:\/\/luchonoticias.com\/editor\/#\/schema\/person\/29217990ddf6f14e35912b2866d591fb"},"headline":"Se agrava la deuda del sector salud en Colombia","datePublished":"2026-04-22T09:43:48+00:00","dateModified":"2026-04-22T09:43:49+00:00","mainEntityOfPage":{"@id":"https:\/\/luchonoticias.com\/editor\/se-agrava-la-deuda-del-sector-salud-en-colombia\/"},"wordCount":424,"publisher":{"@id":"https:\/\/luchonoticias.com\/editor\/#\/schema\/person\/7a7fd911f58561fd056dbac7b55af9cd"},"image":{"@id":"https:\/\/luchonoticias.com\/editor\/se-agrava-la-deuda-del-sector-salud-en-colombia\/#primaryimage"},"thumbnailUrl":"https:\/\/luchonoticias.com\/editor\/wp-content\/uploads\/2026\/04\/salud-1.jpg","articleSection":["Actualidad","Nacional"],"inLanguage":"es"},{"@type":"WebPage","@id":"https:\/\/luchonoticias.com\/editor\/se-agrava-la-deuda-del-sector-salud-en-colombia\/","url":"https:\/\/luchonoticias.com\/editor\/se-agrava-la-deuda-del-sector-salud-en-colombia\/","name":"Se agrava la deuda del sector salud en Colombia -","isPartOf":{"@id":"https:\/\/luchonoticias.com\/editor\/#website"},"primaryImageOfPage":{"@id":"https:\/\/luchonoticias.com\/editor\/se-agrava-la-deuda-del-sector-salud-en-colombia\/#primaryimage"},"image":{"@id":"https:\/\/luchonoticias.com\/editor\/se-agrava-la-deuda-del-sector-salud-en-colombia\/#primaryimage"},"thumbnailUrl":"https:\/\/luchonoticias.com\/editor\/wp-content\/uploads\/2026\/04\/salud-1.jpg","datePublished":"2026-04-22T09:43:48+00:00","dateModified":"2026-04-22T09:43:49+00:00","breadcrumb":{"@id":"https:\/\/luchonoticias.com\/editor\/se-agrava-la-deuda-del-sector-salud-en-colombia\/#breadcrumb"},"inLanguage":"es","potentialAction":[{"@type":"ReadAction","target":["https:\/\/luchonoticias.com\/editor\/se-agrava-la-deuda-del-sector-salud-en-colombia\/"]}]},{"@type":"ImageObject","inLanguage":"es","@id":"https:\/\/luchonoticias.com\/editor\/se-agrava-la-deuda-del-sector-salud-en-colombia\/#primaryimage","url":"https:\/\/luchonoticias.com\/editor\/wp-content\/uploads\/2026\/04\/salud-1.jpg","contentUrl":"https:\/\/luchonoticias.com\/editor\/wp-content\/uploads\/2026\/04\/salud-1.jpg","width":700,"height":400},{"@type":"BreadcrumbList","@id":"https:\/\/luchonoticias.com\/editor\/se-agrava-la-deuda-del-sector-salud-en-colombia\/#breadcrumb","itemListElement":[{"@type":"ListItem","position":1,"name":"Portada","item":"https:\/\/luchonoticias.com\/editor\/"},{"@type":"ListItem","position":2,"name":"Se agrava la deuda del sector salud en Colombia"}]},{"@type":"WebSite","@id":"https:\/\/luchonoticias.com\/editor\/#website","url":"https:\/\/luchonoticias.com\/editor\/","name":"","description":"","publisher":{"@id":"https:\/\/luchonoticias.com\/editor\/#\/schema\/person\/7a7fd911f58561fd056dbac7b55af9cd"},"potentialAction":[{"@type":"SearchAction","target":{"@type":"EntryPoint","urlTemplate":"https:\/\/luchonoticias.com\/editor\/?s={search_term_string}"},"query-input":{"@type":"PropertyValueSpecification","valueRequired":true,"valueName":"search_term_string"}}],"inLanguage":"es"},{"@type":["Person","Organization"],"@id":"https:\/\/luchonoticias.com\/editor\/#\/schema\/person\/7a7fd911f58561fd056dbac7b55af9cd","name":"admin","image":{"@type":"ImageObject","inLanguage":"es","@id":"https:\/\/luchonoticias.com\/editor\/#\/schema\/person\/image\/","url":"https:\/\/luchonoticias.com\/editor\/wp-content\/uploads\/2024\/02\/cropped-cropped-logolu.webp","contentUrl":"https:\/\/luchonoticias.com\/editor\/wp-content\/uploads\/2024\/02\/cropped-cropped-logolu.webp","width":382,"height":170,"caption":"admin"},"logo":{"@id":"https:\/\/luchonoticias.com\/editor\/#\/schema\/person\/image\/"},"sameAs":["https:\/\/www.facebook.com\/luchonoticiasneiva"]},{"@type":"Person","@id":"https:\/\/luchonoticias.com\/editor\/#\/schema\/person\/29217990ddf6f14e35912b2866d591fb","name":"Editor General","image":{"@type":"ImageObject","inLanguage":"es","@id":"https:\/\/luchonoticias.com\/editor\/#\/schema\/person\/image\/","url":"https:\/\/luchonoticias.com\/editor\/wp-content\/uploads\/2024\/02\/cropped-cropped-logolu-150x150.webp","contentUrl":"https:\/\/luchonoticias.com\/editor\/wp-content\/uploads\/2024\/02\/cropped-cropped-logolu-150x150.webp","caption":"Editor General"},"sameAs":["https:\/\/luchonoticias.com\/"],"url":"https:\/\/luchonoticias.com\/editor\/author\/editor-general\/"}]}},"_links":{"self":[{"href":"https:\/\/luchonoticias.com\/editor\/wp-json\/wp\/v2\/posts\/97067","targetHints":{"allow":["GET"]}}],"collection":[{"href":"https:\/\/luchonoticias.com\/editor\/wp-json\/wp\/v2\/posts"}],"about":[{"href":"https:\/\/luchonoticias.com\/editor\/wp-json\/wp\/v2\/types\/post"}],"author":[{"embeddable":true,"href":"https:\/\/luchonoticias.com\/editor\/wp-json\/wp\/v2\/users\/2"}],"replies":[{"embeddable":true,"href":"https:\/\/luchonoticias.com\/editor\/wp-json\/wp\/v2\/comments?post=97067"}],"version-history":[{"count":1,"href":"https:\/\/luchonoticias.com\/editor\/wp-json\/wp\/v2\/posts\/97067\/revisions"}],"predecessor-version":[{"id":97069,"href":"https:\/\/luchonoticias.com\/editor\/wp-json\/wp\/v2\/posts\/97067\/revisions\/97069"}],"wp:featuredmedia":[{"embeddable":true,"href":"https:\/\/luchonoticias.com\/editor\/wp-json\/wp\/v2\/media\/97068"}],"wp:attachment":[{"href":"https:\/\/luchonoticias.com\/editor\/wp-json\/wp\/v2\/media?parent=97067"}],"wp:term":[{"taxonomy":"category","embeddable":true,"href":"https:\/\/luchonoticias.com\/editor\/wp-json\/wp\/v2\/categories?post=97067"},{"taxonomy":"post_tag","embeddable":true,"href":"https:\/\/luchonoticias.com\/editor\/wp-json\/wp\/v2\/tags?post=97067"}],"curies":[{"name":"wp","href":"https:\/\/api.w.org\/{rel}","templated":true}]}}