{"id":97078,"date":"2026-04-22T10:35:05","date_gmt":"2026-04-22T15:35:05","guid":{"rendered":"https:\/\/luchonoticias.com\/editor\/?p=97078"},"modified":"2026-04-22T10:35:06","modified_gmt":"2026-04-22T15:35:06","slug":"amnistia-internacional-preocupada-con-la-paz-total","status":"publish","type":"post","link":"https:\/\/luchonoticias.com\/editor\/amnistia-internacional-preocupada-con-la-paz-total\/","title":{"rendered":"Amnist\u00eda Internacional, preocupada con la Paz Total"},"content":{"rendered":"\n<p>Un informe anual de Amnist\u00eda Internacional advierte que la situaci\u00f3n de derechos humanos en Colombia durante 2025 sigue siendo cr\u00edtica, a pesar de los esfuerzos del Gobierno por avanzar en la pol\u00edtica de \u201cPaz Total\u201d. Seg\u00fan el reporte, la crisis humanitaria no solo persiste, sino que presenta un leve deterioro en sus indicadores, afectando de manera directa a amplios sectores de la poblaci\u00f3n civil.<\/p>\n\n\n\n<p>El documento se\u00f1ala que m\u00e1s de 1,5 millones de personas resultaron impactadas por hechos violentos en el \u00faltimo a\u00f1o, en un contexto marcado por homicidios, amenazas y desplazamientos forzados. En total, se registraron 2.794 incidentes de violencia, mientras que cerca de una quinta parte de la poblaci\u00f3n del pa\u00eds, m\u00e1s de nueve millones de personas, contin\u00faa siendo considerada v\u00edctima del conflicto armado.<\/p>\n\n\n\n<p>De acuerdo con el an\u00e1lisis, en varias regiones del pa\u00eds el control territorial sigue en manos de grupos armados no estatales, que ejercen un dominio autoritario y violento. Esta situaci\u00f3n se explica, en parte, por la ausencia del Estado en zonas hist\u00f3ricamente afectadas por el conflicto, lo que ha permitido la consolidaci\u00f3n de nuevas estructuras ilegales. Las principales v\u00edctimas de este escenario son comunidades campesinas, as\u00ed como poblaciones afrodescendientes e ind\u00edgenas.<\/p>\n\n\n\n<p>El informe tambi\u00e9n cuestiona el desarrollo de los actuales procesos de negociaci\u00f3n, al se\u00f1alar que durante 2025 no ha habido claridad suficiente en las garant\u00edas de verdad, justicia, reparaci\u00f3n y no repetici\u00f3n para las v\u00edctimas. En ese sentido, advierte que distintos sectores de la sociedad civil no se sienten representados ni escuchados en estos espacios, lo que contrasta con procesos anteriores en el pa\u00eds.<\/p>\n\n\n\n<p>Asimismo, la organizaci\u00f3n subraya que el Estado enfrenta dificultades para abordar la complejidad del conflicto, que presenta din\u00e1micas distintas seg\u00fan el territorio, como ocurre en regiones como Catatumbo o Guaviare.<\/p>\n\n\n\n<p>Finalmente, el reporte ubica a Colombia como el pa\u00eds m\u00e1s peligroso del mundo para la defensa de los derechos humanos. Durante 2025 se registraron 165 asesinatos de l\u00edderes sociales y defensores, lo que representa el nivel m\u00e1s alto de violencia letal contra este grupo en el actual periodo de Gobierno, evidenciando la persistencia de graves riesgos para quienes ejercen esta labor en el pa\u00eds.<\/p>\n\n\n\n<p><\/p>\n","protected":false},"excerpt":{"rendered":"<p>Un informe anual de Amnist\u00eda Internacional advierte que la situaci\u00f3n de derechos humanos en Colombia durante 2025 sigue siendo cr\u00edtica, a pesar de los esfuerzos del Gobierno por avanzar en la pol\u00edtica de \u201cPaz Total\u201d. Seg\u00fan el reporte, la crisis humanitaria no solo persiste, sino que presenta un leve deterioro en sus indicadores, afectando de [&hellip;]<\/p>\n","protected":false},"author":2,"featured_media":97079,"comment_status":"closed","ping_status":"open","sticky":false,"template":"","format":"standard","meta":{"footnotes":""},"categories":[28,36,32],"tags":[],"class_list":["post-97078","post","type-post","status-publish","format-standard","has-post-thumbnail","hentry","category-actualidad","category-destacado","category-nacional"],"yoast_head":"<!-- This site is optimized with the Yoast SEO plugin v26.6 - https:\/\/yoast.com\/wordpress\/plugins\/seo\/ -->\n<title>Amnist\u00eda Internacional, preocupada con la Paz Total -<\/title>\n<meta name=\"robots\" content=\"index, follow, max-snippet:-1, max-image-preview:large, max-video-preview:-1\" \/>\n<link rel=\"canonical\" href=\"https:\/\/luchonoticias.com\/editor\/amnistia-internacional-preocupada-con-la-paz-total\/\" \/>\n<meta property=\"og:locale\" content=\"es_ES\" \/>\n<meta property=\"og:type\" content=\"article\" \/>\n<meta property=\"og:title\" content=\"Amnist\u00eda Internacional, preocupada con la Paz Total -\" \/>\n<meta property=\"og:url\" content=\"https:\/\/luchonoticias.com\/editor\/amnistia-internacional-preocupada-con-la-paz-total\/\" \/>\n<meta property=\"article:publisher\" content=\"https:\/\/www.facebook.com\/luchonoticiasneiva\" \/>\n<meta property=\"article:published_time\" content=\"2026-04-22T15:35:05+00:00\" \/>\n<meta property=\"article:modified_time\" content=\"2026-04-22T15:35:06+00:00\" \/>\n<meta property=\"og:image\" content=\"https:\/\/luchonoticias.com\/editor\/wp-content\/uploads\/2026\/04\/PAZ-TOTAL.jpg\" \/>\n\t<meta property=\"og:image:width\" content=\"700\" \/>\n\t<meta property=\"og:image:height\" content=\"400\" \/>\n\t<meta property=\"og:image:type\" content=\"image\/jpeg\" \/>\n<meta name=\"author\" content=\"Editor General\" \/>\n<meta name=\"twitter:card\" content=\"summary_large_image\" \/>\n<meta name=\"twitter:label1\" content=\"Escrito por\" \/>\n\t<meta name=\"twitter:data1\" content=\"Editor General\" \/>\n\t<meta name=\"twitter:label2\" content=\"Tiempo de lectura\" \/>\n\t<meta name=\"twitter:data2\" content=\"2 minutos\" \/>\n<script type=\"application\/ld+json\" class=\"yoast-schema-graph\">{\"@context\":\"https:\/\/schema.org\",\"@graph\":[{\"@type\":\"Article\",\"@id\":\"https:\/\/luchonoticias.com\/editor\/amnistia-internacional-preocupada-con-la-paz-total\/#article\",\"isPartOf\":{\"@id\":\"https:\/\/luchonoticias.com\/editor\/amnistia-internacional-preocupada-con-la-paz-total\/\"},\"author\":{\"name\":\"Editor General\",\"@id\":\"https:\/\/luchonoticias.com\/editor\/#\/schema\/person\/29217990ddf6f14e35912b2866d591fb\"},\"headline\":\"Amnist\u00eda Internacional, preocupada con la Paz Total\",\"datePublished\":\"2026-04-22T15:35:05+00:00\",\"dateModified\":\"2026-04-22T15:35:06+00:00\",\"mainEntityOfPage\":{\"@id\":\"https:\/\/luchonoticias.com\/editor\/amnistia-internacional-preocupada-con-la-paz-total\/\"},\"wordCount\":394,\"publisher\":{\"@id\":\"https:\/\/luchonoticias.com\/editor\/#\/schema\/person\/7a7fd911f58561fd056dbac7b55af9cd\"},\"image\":{\"@id\":\"https:\/\/luchonoticias.com\/editor\/amnistia-internacional-preocupada-con-la-paz-total\/#primaryimage\"},\"thumbnailUrl\":\"https:\/\/luchonoticias.com\/editor\/wp-content\/uploads\/2026\/04\/PAZ-TOTAL.jpg\",\"articleSection\":[\"Actualidad\",\"Destacado\",\"Nacional\"],\"inLanguage\":\"es\"},{\"@type\":\"WebPage\",\"@id\":\"https:\/\/luchonoticias.com\/editor\/amnistia-internacional-preocupada-con-la-paz-total\/\",\"url\":\"https:\/\/luchonoticias.com\/editor\/amnistia-internacional-preocupada-con-la-paz-total\/\",\"name\":\"Amnist\u00eda Internacional, preocupada con la Paz Total -\",\"isPartOf\":{\"@id\":\"https:\/\/luchonoticias.com\/editor\/#website\"},\"primaryImageOfPage\":{\"@id\":\"https:\/\/luchonoticias.com\/editor\/amnistia-internacional-preocupada-con-la-paz-total\/#primaryimage\"},\"image\":{\"@id\":\"https:\/\/luchonoticias.com\/editor\/amnistia-internacional-preocupada-con-la-paz-total\/#primaryimage\"},\"thumbnailUrl\":\"https:\/\/luchonoticias.com\/editor\/wp-content\/uploads\/2026\/04\/PAZ-TOTAL.jpg\",\"datePublished\":\"2026-04-22T15:35:05+00:00\",\"dateModified\":\"2026-04-22T15:35:06+00:00\",\"breadcrumb\":{\"@id\":\"https:\/\/luchonoticias.com\/editor\/amnistia-internacional-preocupada-con-la-paz-total\/#breadcrumb\"},\"inLanguage\":\"es\",\"potentialAction\":[{\"@type\":\"ReadAction\",\"target\":[\"https:\/\/luchonoticias.com\/editor\/amnistia-internacional-preocupada-con-la-paz-total\/\"]}]},{\"@type\":\"ImageObject\",\"inLanguage\":\"es\",\"@id\":\"https:\/\/luchonoticias.com\/editor\/amnistia-internacional-preocupada-con-la-paz-total\/#primaryimage\",\"url\":\"https:\/\/luchonoticias.com\/editor\/wp-content\/uploads\/2026\/04\/PAZ-TOTAL.jpg\",\"contentUrl\":\"https:\/\/luchonoticias.com\/editor\/wp-content\/uploads\/2026\/04\/PAZ-TOTAL.jpg\",\"width\":700,\"height\":400},{\"@type\":\"BreadcrumbList\",\"@id\":\"https:\/\/luchonoticias.com\/editor\/amnistia-internacional-preocupada-con-la-paz-total\/#breadcrumb\",\"itemListElement\":[{\"@type\":\"ListItem\",\"position\":1,\"name\":\"Portada\",\"item\":\"https:\/\/luchonoticias.com\/editor\/\"},{\"@type\":\"ListItem\",\"position\":2,\"name\":\"Amnist\u00eda Internacional, preocupada con la Paz Total\"}]},{\"@type\":\"WebSite\",\"@id\":\"https:\/\/luchonoticias.com\/editor\/#website\",\"url\":\"https:\/\/luchonoticias.com\/editor\/\",\"name\":\"\",\"description\":\"\",\"publisher\":{\"@id\":\"https:\/\/luchonoticias.com\/editor\/#\/schema\/person\/7a7fd911f58561fd056dbac7b55af9cd\"},\"potentialAction\":[{\"@type\":\"SearchAction\",\"target\":{\"@type\":\"EntryPoint\",\"urlTemplate\":\"https:\/\/luchonoticias.com\/editor\/?s={search_term_string}\"},\"query-input\":{\"@type\":\"PropertyValueSpecification\",\"valueRequired\":true,\"valueName\":\"search_term_string\"}}],\"inLanguage\":\"es\"},{\"@type\":[\"Person\",\"Organization\"],\"@id\":\"https:\/\/luchonoticias.com\/editor\/#\/schema\/person\/7a7fd911f58561fd056dbac7b55af9cd\",\"name\":\"admin\",\"image\":{\"@type\":\"ImageObject\",\"inLanguage\":\"es\",\"@id\":\"https:\/\/luchonoticias.com\/editor\/#\/schema\/person\/image\/\",\"url\":\"https:\/\/luchonoticias.com\/editor\/wp-content\/uploads\/2024\/02\/cropped-cropped-logolu.webp\",\"contentUrl\":\"https:\/\/luchonoticias.com\/editor\/wp-content\/uploads\/2024\/02\/cropped-cropped-logolu.webp\",\"width\":382,\"height\":170,\"caption\":\"admin\"},\"logo\":{\"@id\":\"https:\/\/luchonoticias.com\/editor\/#\/schema\/person\/image\/\"},\"sameAs\":[\"https:\/\/www.facebook.com\/luchonoticiasneiva\"]},{\"@type\":\"Person\",\"@id\":\"https:\/\/luchonoticias.com\/editor\/#\/schema\/person\/29217990ddf6f14e35912b2866d591fb\",\"name\":\"Editor General\",\"image\":{\"@type\":\"ImageObject\",\"inLanguage\":\"es\",\"@id\":\"https:\/\/luchonoticias.com\/editor\/#\/schema\/person\/image\/\",\"url\":\"https:\/\/luchonoticias.com\/editor\/wp-content\/uploads\/2024\/02\/cropped-cropped-logolu-150x150.webp\",\"contentUrl\":\"https:\/\/luchonoticias.com\/editor\/wp-content\/uploads\/2024\/02\/cropped-cropped-logolu-150x150.webp\",\"caption\":\"Editor General\"},\"sameAs\":[\"https:\/\/luchonoticias.com\/\"],\"url\":\"https:\/\/luchonoticias.com\/editor\/author\/editor-general\/\"}]}<\/script>\n<!-- \/ Yoast SEO plugin. -->","yoast_head_json":{"title":"Amnist\u00eda Internacional, preocupada con la Paz Total -","robots":{"index":"index","follow":"follow","max-snippet":"max-snippet:-1","max-image-preview":"max-image-preview:large","max-video-preview":"max-video-preview:-1"},"canonical":"https:\/\/luchonoticias.com\/editor\/amnistia-internacional-preocupada-con-la-paz-total\/","og_locale":"es_ES","og_type":"article","og_title":"Amnist\u00eda Internacional, preocupada con la Paz Total -","og_url":"https:\/\/luchonoticias.com\/editor\/amnistia-internacional-preocupada-con-la-paz-total\/","article_publisher":"https:\/\/www.facebook.com\/luchonoticiasneiva","article_published_time":"2026-04-22T15:35:05+00:00","article_modified_time":"2026-04-22T15:35:06+00:00","og_image":[{"width":700,"height":400,"url":"https:\/\/luchonoticias.com\/editor\/wp-content\/uploads\/2026\/04\/PAZ-TOTAL.jpg","type":"image\/jpeg"}],"author":"Editor General","twitter_card":"summary_large_image","twitter_misc":{"Escrito por":"Editor General","Tiempo de lectura":"2 minutos"},"schema":{"@context":"https:\/\/schema.org","@graph":[{"@type":"Article","@id":"https:\/\/luchonoticias.com\/editor\/amnistia-internacional-preocupada-con-la-paz-total\/#article","isPartOf":{"@id":"https:\/\/luchonoticias.com\/editor\/amnistia-internacional-preocupada-con-la-paz-total\/"},"author":{"name":"Editor General","@id":"https:\/\/luchonoticias.com\/editor\/#\/schema\/person\/29217990ddf6f14e35912b2866d591fb"},"headline":"Amnist\u00eda Internacional, preocupada con la Paz Total","datePublished":"2026-04-22T15:35:05+00:00","dateModified":"2026-04-22T15:35:06+00:00","mainEntityOfPage":{"@id":"https:\/\/luchonoticias.com\/editor\/amnistia-internacional-preocupada-con-la-paz-total\/"},"wordCount":394,"publisher":{"@id":"https:\/\/luchonoticias.com\/editor\/#\/schema\/person\/7a7fd911f58561fd056dbac7b55af9cd"},"image":{"@id":"https:\/\/luchonoticias.com\/editor\/amnistia-internacional-preocupada-con-la-paz-total\/#primaryimage"},"thumbnailUrl":"https:\/\/luchonoticias.com\/editor\/wp-content\/uploads\/2026\/04\/PAZ-TOTAL.jpg","articleSection":["Actualidad","Destacado","Nacional"],"inLanguage":"es"},{"@type":"WebPage","@id":"https:\/\/luchonoticias.com\/editor\/amnistia-internacional-preocupada-con-la-paz-total\/","url":"https:\/\/luchonoticias.com\/editor\/amnistia-internacional-preocupada-con-la-paz-total\/","name":"Amnist\u00eda Internacional, preocupada con la Paz Total -","isPartOf":{"@id":"https:\/\/luchonoticias.com\/editor\/#website"},"primaryImageOfPage":{"@id":"https:\/\/luchonoticias.com\/editor\/amnistia-internacional-preocupada-con-la-paz-total\/#primaryimage"},"image":{"@id":"https:\/\/luchonoticias.com\/editor\/amnistia-internacional-preocupada-con-la-paz-total\/#primaryimage"},"thumbnailUrl":"https:\/\/luchonoticias.com\/editor\/wp-content\/uploads\/2026\/04\/PAZ-TOTAL.jpg","datePublished":"2026-04-22T15:35:05+00:00","dateModified":"2026-04-22T15:35:06+00:00","breadcrumb":{"@id":"https:\/\/luchonoticias.com\/editor\/amnistia-internacional-preocupada-con-la-paz-total\/#breadcrumb"},"inLanguage":"es","potentialAction":[{"@type":"ReadAction","target":["https:\/\/luchonoticias.com\/editor\/amnistia-internacional-preocupada-con-la-paz-total\/"]}]},{"@type":"ImageObject","inLanguage":"es","@id":"https:\/\/luchonoticias.com\/editor\/amnistia-internacional-preocupada-con-la-paz-total\/#primaryimage","url":"https:\/\/luchonoticias.com\/editor\/wp-content\/uploads\/2026\/04\/PAZ-TOTAL.jpg","contentUrl":"https:\/\/luchonoticias.com\/editor\/wp-content\/uploads\/2026\/04\/PAZ-TOTAL.jpg","width":700,"height":400},{"@type":"BreadcrumbList","@id":"https:\/\/luchonoticias.com\/editor\/amnistia-internacional-preocupada-con-la-paz-total\/#breadcrumb","itemListElement":[{"@type":"ListItem","position":1,"name":"Portada","item":"https:\/\/luchonoticias.com\/editor\/"},{"@type":"ListItem","position":2,"name":"Amnist\u00eda Internacional, preocupada con la Paz Total"}]},{"@type":"WebSite","@id":"https:\/\/luchonoticias.com\/editor\/#website","url":"https:\/\/luchonoticias.com\/editor\/","name":"","description":"","publisher":{"@id":"https:\/\/luchonoticias.com\/editor\/#\/schema\/person\/7a7fd911f58561fd056dbac7b55af9cd"},"potentialAction":[{"@type":"SearchAction","target":{"@type":"EntryPoint","urlTemplate":"https:\/\/luchonoticias.com\/editor\/?s={search_term_string}"},"query-input":{"@type":"PropertyValueSpecification","valueRequired":true,"valueName":"search_term_string"}}],"inLanguage":"es"},{"@type":["Person","Organization"],"@id":"https:\/\/luchonoticias.com\/editor\/#\/schema\/person\/7a7fd911f58561fd056dbac7b55af9cd","name":"admin","image":{"@type":"ImageObject","inLanguage":"es","@id":"https:\/\/luchonoticias.com\/editor\/#\/schema\/person\/image\/","url":"https:\/\/luchonoticias.com\/editor\/wp-content\/uploads\/2024\/02\/cropped-cropped-logolu.webp","contentUrl":"https:\/\/luchonoticias.com\/editor\/wp-content\/uploads\/2024\/02\/cropped-cropped-logolu.webp","width":382,"height":170,"caption":"admin"},"logo":{"@id":"https:\/\/luchonoticias.com\/editor\/#\/schema\/person\/image\/"},"sameAs":["https:\/\/www.facebook.com\/luchonoticiasneiva"]},{"@type":"Person","@id":"https:\/\/luchonoticias.com\/editor\/#\/schema\/person\/29217990ddf6f14e35912b2866d591fb","name":"Editor General","image":{"@type":"ImageObject","inLanguage":"es","@id":"https:\/\/luchonoticias.com\/editor\/#\/schema\/person\/image\/","url":"https:\/\/luchonoticias.com\/editor\/wp-content\/uploads\/2024\/02\/cropped-cropped-logolu-150x150.webp","contentUrl":"https:\/\/luchonoticias.com\/editor\/wp-content\/uploads\/2024\/02\/cropped-cropped-logolu-150x150.webp","caption":"Editor General"},"sameAs":["https:\/\/luchonoticias.com\/"],"url":"https:\/\/luchonoticias.com\/editor\/author\/editor-general\/"}]}},"_links":{"self":[{"href":"https:\/\/luchonoticias.com\/editor\/wp-json\/wp\/v2\/posts\/97078","targetHints":{"allow":["GET"]}}],"collection":[{"href":"https:\/\/luchonoticias.com\/editor\/wp-json\/wp\/v2\/posts"}],"about":[{"href":"https:\/\/luchonoticias.com\/editor\/wp-json\/wp\/v2\/types\/post"}],"author":[{"embeddable":true,"href":"https:\/\/luchonoticias.com\/editor\/wp-json\/wp\/v2\/users\/2"}],"replies":[{"embeddable":true,"href":"https:\/\/luchonoticias.com\/editor\/wp-json\/wp\/v2\/comments?post=97078"}],"version-history":[{"count":1,"href":"https:\/\/luchonoticias.com\/editor\/wp-json\/wp\/v2\/posts\/97078\/revisions"}],"predecessor-version":[{"id":97080,"href":"https:\/\/luchonoticias.com\/editor\/wp-json\/wp\/v2\/posts\/97078\/revisions\/97080"}],"wp:featuredmedia":[{"embeddable":true,"href":"https:\/\/luchonoticias.com\/editor\/wp-json\/wp\/v2\/media\/97079"}],"wp:attachment":[{"href":"https:\/\/luchonoticias.com\/editor\/wp-json\/wp\/v2\/media?parent=97078"}],"wp:term":[{"taxonomy":"category","embeddable":true,"href":"https:\/\/luchonoticias.com\/editor\/wp-json\/wp\/v2\/categories?post=97078"},{"taxonomy":"post_tag","embeddable":true,"href":"https:\/\/luchonoticias.com\/editor\/wp-json\/wp\/v2\/tags?post=97078"}],"curies":[{"name":"wp","href":"https:\/\/api.w.org\/{rel}","templated":true}]}}