{"id":97274,"date":"2026-04-26T04:23:45","date_gmt":"2026-04-26T09:23:45","guid":{"rendered":"https:\/\/luchonoticias.com\/editor\/?p=97274"},"modified":"2026-04-26T04:23:46","modified_gmt":"2026-04-26T09:23:46","slug":"ataque-a-donald-trump-en-evento-oficial","status":"publish","type":"post","link":"https:\/\/luchonoticias.com\/editor\/ataque-a-donald-trump-en-evento-oficial\/","title":{"rendered":"Ataque a Donald Trump en evento oficial"},"content":{"rendered":"\n<p>El presidente de Estados Unidos, Donald Trump, encabez\u00f3 una conferencia de prensa luego de ser evacuado de la cena anual de corresponsales de la Casa Blanca tras escucharse disparos. Durante su intervenci\u00f3n, destac\u00f3 la reacci\u00f3n de las fuerzas de seguridad y confirm\u00f3 la detenci\u00f3n del sospechoso. \u201cTodo est\u00e1 bajo control\u201d, afirm\u00f3.<\/p>\n\n\n\n<p>Seg\u00fan relat\u00f3 el mandatario, un hombre embisti\u00f3 un puesto de control de seguridad portando varias armas, pero fue reducido por agentes del Servicio Secreto. El sospechoso fue capturado y posteriormente identificado como Cole Tomas Allen, de 31 a\u00f1os y residente de Torrance, California. Trump lo calific\u00f3 como \u201cuna persona enferma\u201d y se\u00f1al\u00f3 que, preliminarmente, se tratar\u00eda de un \u201clobo solitario\u201d.<\/p>\n\n\n\n<p>El presidente tambi\u00e9n indic\u00f3 que un agente result\u00f3 herido de bala, aunque logr\u00f3 salvarse gracias a su chaleco antibalas. \u201cLe dispararon desde muy cerca, con un arma muy potente, y el chaleco hizo su trabajo. Acabo de hablar con \u00e9l y est\u00e1 muy bien\u201d, asegur\u00f3.<\/p>\n\n\n\n<p>En medio de la situaci\u00f3n, Trump reiter\u00f3 la necesidad de reforzar la seguridad en la Casa Blanca y anunci\u00f3 planes para construir una nueva sala con mayores medidas de protecci\u00f3n, incluyendo resistencia a drones y vidrios blindados. \u201cHoy necesitamos niveles de seguridad que probablemente nadie haya visto antes\u201d, sostuvo.<\/p>\n\n\n\n<p>Por su parte, el director del FBI, Kash Patel, inform\u00f3 que ya se inici\u00f3 una revisi\u00f3n exhaustiva del historial del detenido. \u201cAnalizaremos todas las pruebas de inmediato para garantizar la seguridad del pa\u00eds\u201d, se\u00f1al\u00f3.<\/p>\n\n\n\n<p>A su turno, el fiscal general adjunto interino, Todd Blanche, explic\u00f3 que el sospechoso enfrentar\u00e1 m\u00faltiples cargos relacionados con el tiroteo y la posesi\u00f3n de armas, entre otros que puedan derivarse de la investigaci\u00f3n.<\/p>\n\n\n\n<p>Tras el incidente, Trump tambi\u00e9n se pronunci\u00f3 en la red social Truth Social, donde confirm\u00f3 la detenci\u00f3n del atacante y pidi\u00f3 que el evento continuara con normalidad. \u201cEl Servicio Secreto y las fuerzas del orden hicieron un trabajo fant\u00e1stico. Actuaron con rapidez y valent\u00eda\u201d, escribi\u00f3.<\/p>\n\n\n\n<p>El mandatario a\u00f1adi\u00f3 que, independientemente de la decisi\u00f3n final sobre la continuidad del evento, la velada ser\u00eda muy distinta a lo previsto y que, probablemente, tendr\u00eda que repetirse en otra ocasi\u00f3n.<\/p>\n\n\n\n<p><\/p>\n","protected":false},"excerpt":{"rendered":"<p>El presidente de Estados Unidos, Donald Trump, encabez\u00f3 una conferencia de prensa luego de ser evacuado de la cena anual de corresponsales de la Casa Blanca tras escucharse disparos. Durante su intervenci\u00f3n, destac\u00f3 la reacci\u00f3n de las fuerzas de seguridad y confirm\u00f3 la detenci\u00f3n del sospechoso. \u201cTodo est\u00e1 bajo control\u201d, afirm\u00f3. Seg\u00fan relat\u00f3 el mandatario, [&hellip;]<\/p>\n","protected":false},"author":2,"featured_media":97275,"comment_status":"closed","ping_status":"open","sticky":false,"template":"","format":"standard","meta":{"footnotes":""},"categories":[28],"tags":[],"class_list":["post-97274","post","type-post","status-publish","format-standard","has-post-thumbnail","hentry","category-actualidad"],"yoast_head":"<!-- This site is optimized with the Yoast SEO plugin v26.6 - https:\/\/yoast.com\/wordpress\/plugins\/seo\/ -->\n<title>Ataque a Donald Trump en evento oficial -<\/title>\n<meta name=\"robots\" content=\"index, follow, max-snippet:-1, max-image-preview:large, max-video-preview:-1\" \/>\n<link rel=\"canonical\" href=\"https:\/\/luchonoticias.com\/editor\/ataque-a-donald-trump-en-evento-oficial\/\" \/>\n<meta property=\"og:locale\" content=\"es_ES\" \/>\n<meta property=\"og:type\" content=\"article\" \/>\n<meta property=\"og:title\" content=\"Ataque a Donald Trump en evento oficial -\" \/>\n<meta property=\"og:url\" content=\"https:\/\/luchonoticias.com\/editor\/ataque-a-donald-trump-en-evento-oficial\/\" \/>\n<meta property=\"article:publisher\" content=\"https:\/\/www.facebook.com\/luchonoticiasneiva\" \/>\n<meta property=\"article:published_time\" content=\"2026-04-26T09:23:45+00:00\" \/>\n<meta property=\"article:modified_time\" content=\"2026-04-26T09:23:46+00:00\" \/>\n<meta property=\"og:image\" content=\"https:\/\/luchonoticias.com\/editor\/wp-content\/uploads\/2026\/04\/DETENIDOS-4.jpg\" \/>\n\t<meta property=\"og:image:width\" content=\"700\" \/>\n\t<meta property=\"og:image:height\" content=\"400\" \/>\n\t<meta property=\"og:image:type\" content=\"image\/jpeg\" \/>\n<meta name=\"author\" content=\"Editor General\" \/>\n<meta name=\"twitter:card\" content=\"summary_large_image\" \/>\n<meta name=\"twitter:label1\" content=\"Escrito por\" \/>\n\t<meta name=\"twitter:data1\" content=\"Editor General\" \/>\n\t<meta name=\"twitter:label2\" content=\"Tiempo de lectura\" \/>\n\t<meta name=\"twitter:data2\" content=\"2 minutos\" \/>\n<script type=\"application\/ld+json\" class=\"yoast-schema-graph\">{\"@context\":\"https:\/\/schema.org\",\"@graph\":[{\"@type\":\"Article\",\"@id\":\"https:\/\/luchonoticias.com\/editor\/ataque-a-donald-trump-en-evento-oficial\/#article\",\"isPartOf\":{\"@id\":\"https:\/\/luchonoticias.com\/editor\/ataque-a-donald-trump-en-evento-oficial\/\"},\"author\":{\"name\":\"Editor General\",\"@id\":\"https:\/\/luchonoticias.com\/editor\/#\/schema\/person\/29217990ddf6f14e35912b2866d591fb\"},\"headline\":\"Ataque a Donald Trump en evento oficial\",\"datePublished\":\"2026-04-26T09:23:45+00:00\",\"dateModified\":\"2026-04-26T09:23:46+00:00\",\"mainEntityOfPage\":{\"@id\":\"https:\/\/luchonoticias.com\/editor\/ataque-a-donald-trump-en-evento-oficial\/\"},\"wordCount\":380,\"publisher\":{\"@id\":\"https:\/\/luchonoticias.com\/editor\/#\/schema\/person\/7a7fd911f58561fd056dbac7b55af9cd\"},\"image\":{\"@id\":\"https:\/\/luchonoticias.com\/editor\/ataque-a-donald-trump-en-evento-oficial\/#primaryimage\"},\"thumbnailUrl\":\"https:\/\/luchonoticias.com\/editor\/wp-content\/uploads\/2026\/04\/DETENIDOS-4.jpg\",\"articleSection\":[\"Actualidad\"],\"inLanguage\":\"es\"},{\"@type\":\"WebPage\",\"@id\":\"https:\/\/luchonoticias.com\/editor\/ataque-a-donald-trump-en-evento-oficial\/\",\"url\":\"https:\/\/luchonoticias.com\/editor\/ataque-a-donald-trump-en-evento-oficial\/\",\"name\":\"Ataque a Donald Trump en evento oficial -\",\"isPartOf\":{\"@id\":\"https:\/\/luchonoticias.com\/editor\/#website\"},\"primaryImageOfPage\":{\"@id\":\"https:\/\/luchonoticias.com\/editor\/ataque-a-donald-trump-en-evento-oficial\/#primaryimage\"},\"image\":{\"@id\":\"https:\/\/luchonoticias.com\/editor\/ataque-a-donald-trump-en-evento-oficial\/#primaryimage\"},\"thumbnailUrl\":\"https:\/\/luchonoticias.com\/editor\/wp-content\/uploads\/2026\/04\/DETENIDOS-4.jpg\",\"datePublished\":\"2026-04-26T09:23:45+00:00\",\"dateModified\":\"2026-04-26T09:23:46+00:00\",\"breadcrumb\":{\"@id\":\"https:\/\/luchonoticias.com\/editor\/ataque-a-donald-trump-en-evento-oficial\/#breadcrumb\"},\"inLanguage\":\"es\",\"potentialAction\":[{\"@type\":\"ReadAction\",\"target\":[\"https:\/\/luchonoticias.com\/editor\/ataque-a-donald-trump-en-evento-oficial\/\"]}]},{\"@type\":\"ImageObject\",\"inLanguage\":\"es\",\"@id\":\"https:\/\/luchonoticias.com\/editor\/ataque-a-donald-trump-en-evento-oficial\/#primaryimage\",\"url\":\"https:\/\/luchonoticias.com\/editor\/wp-content\/uploads\/2026\/04\/DETENIDOS-4.jpg\",\"contentUrl\":\"https:\/\/luchonoticias.com\/editor\/wp-content\/uploads\/2026\/04\/DETENIDOS-4.jpg\",\"width\":700,\"height\":400},{\"@type\":\"BreadcrumbList\",\"@id\":\"https:\/\/luchonoticias.com\/editor\/ataque-a-donald-trump-en-evento-oficial\/#breadcrumb\",\"itemListElement\":[{\"@type\":\"ListItem\",\"position\":1,\"name\":\"Portada\",\"item\":\"https:\/\/luchonoticias.com\/editor\/\"},{\"@type\":\"ListItem\",\"position\":2,\"name\":\"Ataque a Donald Trump en evento oficial\"}]},{\"@type\":\"WebSite\",\"@id\":\"https:\/\/luchonoticias.com\/editor\/#website\",\"url\":\"https:\/\/luchonoticias.com\/editor\/\",\"name\":\"\",\"description\":\"\",\"publisher\":{\"@id\":\"https:\/\/luchonoticias.com\/editor\/#\/schema\/person\/7a7fd911f58561fd056dbac7b55af9cd\"},\"potentialAction\":[{\"@type\":\"SearchAction\",\"target\":{\"@type\":\"EntryPoint\",\"urlTemplate\":\"https:\/\/luchonoticias.com\/editor\/?s={search_term_string}\"},\"query-input\":{\"@type\":\"PropertyValueSpecification\",\"valueRequired\":true,\"valueName\":\"search_term_string\"}}],\"inLanguage\":\"es\"},{\"@type\":[\"Person\",\"Organization\"],\"@id\":\"https:\/\/luchonoticias.com\/editor\/#\/schema\/person\/7a7fd911f58561fd056dbac7b55af9cd\",\"name\":\"admin\",\"image\":{\"@type\":\"ImageObject\",\"inLanguage\":\"es\",\"@id\":\"https:\/\/luchonoticias.com\/editor\/#\/schema\/person\/image\/\",\"url\":\"https:\/\/luchonoticias.com\/editor\/wp-content\/uploads\/2024\/02\/cropped-cropped-logolu.webp\",\"contentUrl\":\"https:\/\/luchonoticias.com\/editor\/wp-content\/uploads\/2024\/02\/cropped-cropped-logolu.webp\",\"width\":382,\"height\":170,\"caption\":\"admin\"},\"logo\":{\"@id\":\"https:\/\/luchonoticias.com\/editor\/#\/schema\/person\/image\/\"},\"sameAs\":[\"https:\/\/www.facebook.com\/luchonoticiasneiva\"]},{\"@type\":\"Person\",\"@id\":\"https:\/\/luchonoticias.com\/editor\/#\/schema\/person\/29217990ddf6f14e35912b2866d591fb\",\"name\":\"Editor General\",\"image\":{\"@type\":\"ImageObject\",\"inLanguage\":\"es\",\"@id\":\"https:\/\/luchonoticias.com\/editor\/#\/schema\/person\/image\/\",\"url\":\"https:\/\/luchonoticias.com\/editor\/wp-content\/uploads\/2024\/02\/cropped-cropped-logolu-150x150.webp\",\"contentUrl\":\"https:\/\/luchonoticias.com\/editor\/wp-content\/uploads\/2024\/02\/cropped-cropped-logolu-150x150.webp\",\"caption\":\"Editor General\"},\"sameAs\":[\"https:\/\/luchonoticias.com\/\"],\"url\":\"https:\/\/luchonoticias.com\/editor\/author\/editor-general\/\"}]}<\/script>\n<!-- \/ Yoast SEO plugin. -->","yoast_head_json":{"title":"Ataque a Donald Trump en evento oficial -","robots":{"index":"index","follow":"follow","max-snippet":"max-snippet:-1","max-image-preview":"max-image-preview:large","max-video-preview":"max-video-preview:-1"},"canonical":"https:\/\/luchonoticias.com\/editor\/ataque-a-donald-trump-en-evento-oficial\/","og_locale":"es_ES","og_type":"article","og_title":"Ataque a Donald Trump en evento oficial -","og_url":"https:\/\/luchonoticias.com\/editor\/ataque-a-donald-trump-en-evento-oficial\/","article_publisher":"https:\/\/www.facebook.com\/luchonoticiasneiva","article_published_time":"2026-04-26T09:23:45+00:00","article_modified_time":"2026-04-26T09:23:46+00:00","og_image":[{"width":700,"height":400,"url":"https:\/\/luchonoticias.com\/editor\/wp-content\/uploads\/2026\/04\/DETENIDOS-4.jpg","type":"image\/jpeg"}],"author":"Editor General","twitter_card":"summary_large_image","twitter_misc":{"Escrito por":"Editor General","Tiempo de lectura":"2 minutos"},"schema":{"@context":"https:\/\/schema.org","@graph":[{"@type":"Article","@id":"https:\/\/luchonoticias.com\/editor\/ataque-a-donald-trump-en-evento-oficial\/#article","isPartOf":{"@id":"https:\/\/luchonoticias.com\/editor\/ataque-a-donald-trump-en-evento-oficial\/"},"author":{"name":"Editor General","@id":"https:\/\/luchonoticias.com\/editor\/#\/schema\/person\/29217990ddf6f14e35912b2866d591fb"},"headline":"Ataque a Donald Trump en evento oficial","datePublished":"2026-04-26T09:23:45+00:00","dateModified":"2026-04-26T09:23:46+00:00","mainEntityOfPage":{"@id":"https:\/\/luchonoticias.com\/editor\/ataque-a-donald-trump-en-evento-oficial\/"},"wordCount":380,"publisher":{"@id":"https:\/\/luchonoticias.com\/editor\/#\/schema\/person\/7a7fd911f58561fd056dbac7b55af9cd"},"image":{"@id":"https:\/\/luchonoticias.com\/editor\/ataque-a-donald-trump-en-evento-oficial\/#primaryimage"},"thumbnailUrl":"https:\/\/luchonoticias.com\/editor\/wp-content\/uploads\/2026\/04\/DETENIDOS-4.jpg","articleSection":["Actualidad"],"inLanguage":"es"},{"@type":"WebPage","@id":"https:\/\/luchonoticias.com\/editor\/ataque-a-donald-trump-en-evento-oficial\/","url":"https:\/\/luchonoticias.com\/editor\/ataque-a-donald-trump-en-evento-oficial\/","name":"Ataque a Donald Trump en evento oficial -","isPartOf":{"@id":"https:\/\/luchonoticias.com\/editor\/#website"},"primaryImageOfPage":{"@id":"https:\/\/luchonoticias.com\/editor\/ataque-a-donald-trump-en-evento-oficial\/#primaryimage"},"image":{"@id":"https:\/\/luchonoticias.com\/editor\/ataque-a-donald-trump-en-evento-oficial\/#primaryimage"},"thumbnailUrl":"https:\/\/luchonoticias.com\/editor\/wp-content\/uploads\/2026\/04\/DETENIDOS-4.jpg","datePublished":"2026-04-26T09:23:45+00:00","dateModified":"2026-04-26T09:23:46+00:00","breadcrumb":{"@id":"https:\/\/luchonoticias.com\/editor\/ataque-a-donald-trump-en-evento-oficial\/#breadcrumb"},"inLanguage":"es","potentialAction":[{"@type":"ReadAction","target":["https:\/\/luchonoticias.com\/editor\/ataque-a-donald-trump-en-evento-oficial\/"]}]},{"@type":"ImageObject","inLanguage":"es","@id":"https:\/\/luchonoticias.com\/editor\/ataque-a-donald-trump-en-evento-oficial\/#primaryimage","url":"https:\/\/luchonoticias.com\/editor\/wp-content\/uploads\/2026\/04\/DETENIDOS-4.jpg","contentUrl":"https:\/\/luchonoticias.com\/editor\/wp-content\/uploads\/2026\/04\/DETENIDOS-4.jpg","width":700,"height":400},{"@type":"BreadcrumbList","@id":"https:\/\/luchonoticias.com\/editor\/ataque-a-donald-trump-en-evento-oficial\/#breadcrumb","itemListElement":[{"@type":"ListItem","position":1,"name":"Portada","item":"https:\/\/luchonoticias.com\/editor\/"},{"@type":"ListItem","position":2,"name":"Ataque a Donald Trump en evento oficial"}]},{"@type":"WebSite","@id":"https:\/\/luchonoticias.com\/editor\/#website","url":"https:\/\/luchonoticias.com\/editor\/","name":"","description":"","publisher":{"@id":"https:\/\/luchonoticias.com\/editor\/#\/schema\/person\/7a7fd911f58561fd056dbac7b55af9cd"},"potentialAction":[{"@type":"SearchAction","target":{"@type":"EntryPoint","urlTemplate":"https:\/\/luchonoticias.com\/editor\/?s={search_term_string}"},"query-input":{"@type":"PropertyValueSpecification","valueRequired":true,"valueName":"search_term_string"}}],"inLanguage":"es"},{"@type":["Person","Organization"],"@id":"https:\/\/luchonoticias.com\/editor\/#\/schema\/person\/7a7fd911f58561fd056dbac7b55af9cd","name":"admin","image":{"@type":"ImageObject","inLanguage":"es","@id":"https:\/\/luchonoticias.com\/editor\/#\/schema\/person\/image\/","url":"https:\/\/luchonoticias.com\/editor\/wp-content\/uploads\/2024\/02\/cropped-cropped-logolu.webp","contentUrl":"https:\/\/luchonoticias.com\/editor\/wp-content\/uploads\/2024\/02\/cropped-cropped-logolu.webp","width":382,"height":170,"caption":"admin"},"logo":{"@id":"https:\/\/luchonoticias.com\/editor\/#\/schema\/person\/image\/"},"sameAs":["https:\/\/www.facebook.com\/luchonoticiasneiva"]},{"@type":"Person","@id":"https:\/\/luchonoticias.com\/editor\/#\/schema\/person\/29217990ddf6f14e35912b2866d591fb","name":"Editor General","image":{"@type":"ImageObject","inLanguage":"es","@id":"https:\/\/luchonoticias.com\/editor\/#\/schema\/person\/image\/","url":"https:\/\/luchonoticias.com\/editor\/wp-content\/uploads\/2024\/02\/cropped-cropped-logolu-150x150.webp","contentUrl":"https:\/\/luchonoticias.com\/editor\/wp-content\/uploads\/2024\/02\/cropped-cropped-logolu-150x150.webp","caption":"Editor General"},"sameAs":["https:\/\/luchonoticias.com\/"],"url":"https:\/\/luchonoticias.com\/editor\/author\/editor-general\/"}]}},"_links":{"self":[{"href":"https:\/\/luchonoticias.com\/editor\/wp-json\/wp\/v2\/posts\/97274","targetHints":{"allow":["GET"]}}],"collection":[{"href":"https:\/\/luchonoticias.com\/editor\/wp-json\/wp\/v2\/posts"}],"about":[{"href":"https:\/\/luchonoticias.com\/editor\/wp-json\/wp\/v2\/types\/post"}],"author":[{"embeddable":true,"href":"https:\/\/luchonoticias.com\/editor\/wp-json\/wp\/v2\/users\/2"}],"replies":[{"embeddable":true,"href":"https:\/\/luchonoticias.com\/editor\/wp-json\/wp\/v2\/comments?post=97274"}],"version-history":[{"count":1,"href":"https:\/\/luchonoticias.com\/editor\/wp-json\/wp\/v2\/posts\/97274\/revisions"}],"predecessor-version":[{"id":97276,"href":"https:\/\/luchonoticias.com\/editor\/wp-json\/wp\/v2\/posts\/97274\/revisions\/97276"}],"wp:featuredmedia":[{"embeddable":true,"href":"https:\/\/luchonoticias.com\/editor\/wp-json\/wp\/v2\/media\/97275"}],"wp:attachment":[{"href":"https:\/\/luchonoticias.com\/editor\/wp-json\/wp\/v2\/media?parent=97274"}],"wp:term":[{"taxonomy":"category","embeddable":true,"href":"https:\/\/luchonoticias.com\/editor\/wp-json\/wp\/v2\/categories?post=97274"},{"taxonomy":"post_tag","embeddable":true,"href":"https:\/\/luchonoticias.com\/editor\/wp-json\/wp\/v2\/tags?post=97274"}],"curies":[{"name":"wp","href":"https:\/\/api.w.org\/{rel}","templated":true}]}}