{"id":97279,"date":"2026-04-26T04:34:30","date_gmt":"2026-04-26T09:34:30","guid":{"rendered":"https:\/\/luchonoticias.com\/editor\/?p=97279"},"modified":"2026-04-26T04:34:31","modified_gmt":"2026-04-26T09:34:31","slug":"miguel-uribe-respira-por-la-herida","status":"publish","type":"post","link":"https:\/\/luchonoticias.com\/editor\/miguel-uribe-respira-por-la-herida\/","title":{"rendered":"\u00bfMiguel Uribe respira por la herida?"},"content":{"rendered":"\n<p>En medio del inicio de la carrera hacia la Casa de Nari\u00f1o, el candidato presidencial Miguel Uribe Londo\u00f1o, avalado por el Partido Dem\u00f3crata Colombiano, present\u00f3 sus principales propuestas de gobierno y marc\u00f3 distancia con el Centro Democr\u00e1tico, colectividad de la que sali\u00f3 tras un proceso que calific\u00f3 como \u201cinjusto\u201d.<\/p>\n\n\n\n<p>El aspirante asegur\u00f3 que su candidatura surgi\u00f3 luego de ser excluido del partido liderado por el expresidente \u00c1lvaro Uribe V\u00e9lez. Se\u00f1al\u00f3 que cumpli\u00f3 con todas las normas internas, pero que su salida obedeci\u00f3 a decisiones sin debido proceso, y calific\u00f3 al exmandatario como \u201cautoritario\u201d y \u201ccaudillo\u201d.<\/p>\n\n\n\n<p>Uribe Londo\u00f1o explic\u00f3 que su aspiraci\u00f3n presidencial est\u00e1 motivada por continuar el legado de su hijo, Miguel Uribe Turbay, cuyo programa de gobierno \u2014seg\u00fan dijo\u2014 decidi\u00f3 retomar. En materia de seguridad, plante\u00f3 una postura cr\u00edtica frente a la pol\u00edtica de \u201cpaz total\u201d y sostuvo que debe terminar el 7 de agosto, insistiendo en que los responsables de delitos deben ser judicializados. Tambi\u00e9n vincul\u00f3 el asesinato de su hijo con su oposici\u00f3n a esta estrategia, al asegurar que este hecho se dio por sus denuncias sobre sus implicaciones.<\/p>\n\n\n\n<p>El candidato confirm\u00f3 adem\u00e1s que su relaci\u00f3n con \u00c1lvaro Uribe V\u00e9lez \u201cse termin\u00f3\u201d y cuestion\u00f3 a la senadora Paloma Valencia, a quien no ve con posibilidades de llegar a segunda vuelta. En contraste, destac\u00f3 al tambi\u00e9n candidato Abelardo de la Espriella como un \u201cprofesional exitoso\u201d y asegur\u00f3 que lo respaldar\u00eda en una eventual segunda vuelta, al tiempo que se defini\u00f3 como \u201cla tercera v\u00eda de la derecha\u201d y una alternativa dentro de ese sector pol\u00edtico.<\/p>\n\n\n\n<p>Sobre la investigaci\u00f3n por el asesinato de su hijo, indic\u00f3 que a\u00fan no se han identificado plenamente los autores intelectuales. \u201cTengo indicios, pero no pruebas\u201d, afirm\u00f3, aunque asegur\u00f3 que estos estar\u00edan en Colombia. Finalmente, pidi\u00f3 el respaldo ciudadano resaltando su experiencia en el sector privado y su capacidad de gesti\u00f3n, con un mensaje directo a los votantes: \u201cConf\u00eden en m\u00ed, ap\u00f3yenme\u201d.<\/p>\n","protected":false},"excerpt":{"rendered":"<p>En medio del inicio de la carrera hacia la Casa de Nari\u00f1o, el candidato presidencial Miguel Uribe Londo\u00f1o, avalado por el Partido Dem\u00f3crata Colombiano, present\u00f3 sus principales propuestas de gobierno y marc\u00f3 distancia con el Centro Democr\u00e1tico, colectividad de la que sali\u00f3 tras un proceso que calific\u00f3 como \u201cinjusto\u201d. El aspirante asegur\u00f3 que su candidatura [&hellip;]<\/p>\n","protected":false},"author":2,"featured_media":97280,"comment_status":"closed","ping_status":"open","sticky":false,"template":"","format":"standard","meta":{"footnotes":""},"categories":[28,32],"tags":[],"class_list":["post-97279","post","type-post","status-publish","format-standard","has-post-thumbnail","hentry","category-actualidad","category-nacional"],"yoast_head":"<!-- This site is optimized with the Yoast SEO plugin v26.6 - https:\/\/yoast.com\/wordpress\/plugins\/seo\/ -->\n<title>\u00bfMiguel Uribe respira por la herida? -<\/title>\n<meta name=\"robots\" content=\"index, follow, max-snippet:-1, max-image-preview:large, max-video-preview:-1\" \/>\n<link rel=\"canonical\" href=\"https:\/\/luchonoticias.com\/editor\/miguel-uribe-respira-por-la-herida\/\" \/>\n<meta property=\"og:locale\" content=\"es_ES\" \/>\n<meta property=\"og:type\" content=\"article\" \/>\n<meta property=\"og:title\" content=\"\u00bfMiguel Uribe respira por la herida? -\" \/>\n<meta property=\"og:url\" content=\"https:\/\/luchonoticias.com\/editor\/miguel-uribe-respira-por-la-herida\/\" \/>\n<meta property=\"article:publisher\" content=\"https:\/\/www.facebook.com\/luchonoticiasneiva\" \/>\n<meta property=\"article:published_time\" content=\"2026-04-26T09:34:30+00:00\" \/>\n<meta property=\"article:modified_time\" content=\"2026-04-26T09:34:31+00:00\" \/>\n<meta property=\"og:image\" content=\"https:\/\/luchonoticias.com\/editor\/wp-content\/uploads\/2026\/04\/miguel-uribe.jpg\" \/>\n\t<meta property=\"og:image:width\" content=\"700\" \/>\n\t<meta property=\"og:image:height\" content=\"400\" \/>\n\t<meta property=\"og:image:type\" content=\"image\/jpeg\" \/>\n<meta name=\"author\" content=\"Editor General\" \/>\n<meta name=\"twitter:card\" content=\"summary_large_image\" \/>\n<meta name=\"twitter:label1\" content=\"Escrito por\" \/>\n\t<meta name=\"twitter:data1\" content=\"Editor General\" \/>\n\t<meta name=\"twitter:label2\" content=\"Tiempo de lectura\" \/>\n\t<meta name=\"twitter:data2\" content=\"2 minutos\" \/>\n<script type=\"application\/ld+json\" class=\"yoast-schema-graph\">{\"@context\":\"https:\/\/schema.org\",\"@graph\":[{\"@type\":\"Article\",\"@id\":\"https:\/\/luchonoticias.com\/editor\/miguel-uribe-respira-por-la-herida\/#article\",\"isPartOf\":{\"@id\":\"https:\/\/luchonoticias.com\/editor\/miguel-uribe-respira-por-la-herida\/\"},\"author\":{\"name\":\"Editor General\",\"@id\":\"https:\/\/luchonoticias.com\/editor\/#\/schema\/person\/29217990ddf6f14e35912b2866d591fb\"},\"headline\":\"\u00bfMiguel Uribe respira por la herida?\",\"datePublished\":\"2026-04-26T09:34:30+00:00\",\"dateModified\":\"2026-04-26T09:34:31+00:00\",\"mainEntityOfPage\":{\"@id\":\"https:\/\/luchonoticias.com\/editor\/miguel-uribe-respira-por-la-herida\/\"},\"wordCount\":349,\"publisher\":{\"@id\":\"https:\/\/luchonoticias.com\/editor\/#\/schema\/person\/7a7fd911f58561fd056dbac7b55af9cd\"},\"image\":{\"@id\":\"https:\/\/luchonoticias.com\/editor\/miguel-uribe-respira-por-la-herida\/#primaryimage\"},\"thumbnailUrl\":\"https:\/\/luchonoticias.com\/editor\/wp-content\/uploads\/2026\/04\/miguel-uribe.jpg\",\"articleSection\":[\"Actualidad\",\"Nacional\"],\"inLanguage\":\"es\"},{\"@type\":\"WebPage\",\"@id\":\"https:\/\/luchonoticias.com\/editor\/miguel-uribe-respira-por-la-herida\/\",\"url\":\"https:\/\/luchonoticias.com\/editor\/miguel-uribe-respira-por-la-herida\/\",\"name\":\"\u00bfMiguel Uribe respira por la herida? -\",\"isPartOf\":{\"@id\":\"https:\/\/luchonoticias.com\/editor\/#website\"},\"primaryImageOfPage\":{\"@id\":\"https:\/\/luchonoticias.com\/editor\/miguel-uribe-respira-por-la-herida\/#primaryimage\"},\"image\":{\"@id\":\"https:\/\/luchonoticias.com\/editor\/miguel-uribe-respira-por-la-herida\/#primaryimage\"},\"thumbnailUrl\":\"https:\/\/luchonoticias.com\/editor\/wp-content\/uploads\/2026\/04\/miguel-uribe.jpg\",\"datePublished\":\"2026-04-26T09:34:30+00:00\",\"dateModified\":\"2026-04-26T09:34:31+00:00\",\"breadcrumb\":{\"@id\":\"https:\/\/luchonoticias.com\/editor\/miguel-uribe-respira-por-la-herida\/#breadcrumb\"},\"inLanguage\":\"es\",\"potentialAction\":[{\"@type\":\"ReadAction\",\"target\":[\"https:\/\/luchonoticias.com\/editor\/miguel-uribe-respira-por-la-herida\/\"]}]},{\"@type\":\"ImageObject\",\"inLanguage\":\"es\",\"@id\":\"https:\/\/luchonoticias.com\/editor\/miguel-uribe-respira-por-la-herida\/#primaryimage\",\"url\":\"https:\/\/luchonoticias.com\/editor\/wp-content\/uploads\/2026\/04\/miguel-uribe.jpg\",\"contentUrl\":\"https:\/\/luchonoticias.com\/editor\/wp-content\/uploads\/2026\/04\/miguel-uribe.jpg\",\"width\":700,\"height\":400},{\"@type\":\"BreadcrumbList\",\"@id\":\"https:\/\/luchonoticias.com\/editor\/miguel-uribe-respira-por-la-herida\/#breadcrumb\",\"itemListElement\":[{\"@type\":\"ListItem\",\"position\":1,\"name\":\"Portada\",\"item\":\"https:\/\/luchonoticias.com\/editor\/\"},{\"@type\":\"ListItem\",\"position\":2,\"name\":\"\u00bfMiguel Uribe respira por la herida?\"}]},{\"@type\":\"WebSite\",\"@id\":\"https:\/\/luchonoticias.com\/editor\/#website\",\"url\":\"https:\/\/luchonoticias.com\/editor\/\",\"name\":\"\",\"description\":\"\",\"publisher\":{\"@id\":\"https:\/\/luchonoticias.com\/editor\/#\/schema\/person\/7a7fd911f58561fd056dbac7b55af9cd\"},\"potentialAction\":[{\"@type\":\"SearchAction\",\"target\":{\"@type\":\"EntryPoint\",\"urlTemplate\":\"https:\/\/luchonoticias.com\/editor\/?s={search_term_string}\"},\"query-input\":{\"@type\":\"PropertyValueSpecification\",\"valueRequired\":true,\"valueName\":\"search_term_string\"}}],\"inLanguage\":\"es\"},{\"@type\":[\"Person\",\"Organization\"],\"@id\":\"https:\/\/luchonoticias.com\/editor\/#\/schema\/person\/7a7fd911f58561fd056dbac7b55af9cd\",\"name\":\"admin\",\"image\":{\"@type\":\"ImageObject\",\"inLanguage\":\"es\",\"@id\":\"https:\/\/luchonoticias.com\/editor\/#\/schema\/person\/image\/\",\"url\":\"https:\/\/luchonoticias.com\/editor\/wp-content\/uploads\/2024\/02\/cropped-cropped-logolu.webp\",\"contentUrl\":\"https:\/\/luchonoticias.com\/editor\/wp-content\/uploads\/2024\/02\/cropped-cropped-logolu.webp\",\"width\":382,\"height\":170,\"caption\":\"admin\"},\"logo\":{\"@id\":\"https:\/\/luchonoticias.com\/editor\/#\/schema\/person\/image\/\"},\"sameAs\":[\"https:\/\/www.facebook.com\/luchonoticiasneiva\"]},{\"@type\":\"Person\",\"@id\":\"https:\/\/luchonoticias.com\/editor\/#\/schema\/person\/29217990ddf6f14e35912b2866d591fb\",\"name\":\"Editor General\",\"image\":{\"@type\":\"ImageObject\",\"inLanguage\":\"es\",\"@id\":\"https:\/\/luchonoticias.com\/editor\/#\/schema\/person\/image\/\",\"url\":\"https:\/\/luchonoticias.com\/editor\/wp-content\/uploads\/2024\/02\/cropped-cropped-logolu-150x150.webp\",\"contentUrl\":\"https:\/\/luchonoticias.com\/editor\/wp-content\/uploads\/2024\/02\/cropped-cropped-logolu-150x150.webp\",\"caption\":\"Editor General\"},\"sameAs\":[\"https:\/\/luchonoticias.com\/\"],\"url\":\"https:\/\/luchonoticias.com\/editor\/author\/editor-general\/\"}]}<\/script>\n<!-- \/ Yoast SEO plugin. -->","yoast_head_json":{"title":"\u00bfMiguel Uribe respira por la herida? -","robots":{"index":"index","follow":"follow","max-snippet":"max-snippet:-1","max-image-preview":"max-image-preview:large","max-video-preview":"max-video-preview:-1"},"canonical":"https:\/\/luchonoticias.com\/editor\/miguel-uribe-respira-por-la-herida\/","og_locale":"es_ES","og_type":"article","og_title":"\u00bfMiguel Uribe respira por la herida? -","og_url":"https:\/\/luchonoticias.com\/editor\/miguel-uribe-respira-por-la-herida\/","article_publisher":"https:\/\/www.facebook.com\/luchonoticiasneiva","article_published_time":"2026-04-26T09:34:30+00:00","article_modified_time":"2026-04-26T09:34:31+00:00","og_image":[{"width":700,"height":400,"url":"https:\/\/luchonoticias.com\/editor\/wp-content\/uploads\/2026\/04\/miguel-uribe.jpg","type":"image\/jpeg"}],"author":"Editor General","twitter_card":"summary_large_image","twitter_misc":{"Escrito por":"Editor General","Tiempo de lectura":"2 minutos"},"schema":{"@context":"https:\/\/schema.org","@graph":[{"@type":"Article","@id":"https:\/\/luchonoticias.com\/editor\/miguel-uribe-respira-por-la-herida\/#article","isPartOf":{"@id":"https:\/\/luchonoticias.com\/editor\/miguel-uribe-respira-por-la-herida\/"},"author":{"name":"Editor General","@id":"https:\/\/luchonoticias.com\/editor\/#\/schema\/person\/29217990ddf6f14e35912b2866d591fb"},"headline":"\u00bfMiguel Uribe respira por la herida?","datePublished":"2026-04-26T09:34:30+00:00","dateModified":"2026-04-26T09:34:31+00:00","mainEntityOfPage":{"@id":"https:\/\/luchonoticias.com\/editor\/miguel-uribe-respira-por-la-herida\/"},"wordCount":349,"publisher":{"@id":"https:\/\/luchonoticias.com\/editor\/#\/schema\/person\/7a7fd911f58561fd056dbac7b55af9cd"},"image":{"@id":"https:\/\/luchonoticias.com\/editor\/miguel-uribe-respira-por-la-herida\/#primaryimage"},"thumbnailUrl":"https:\/\/luchonoticias.com\/editor\/wp-content\/uploads\/2026\/04\/miguel-uribe.jpg","articleSection":["Actualidad","Nacional"],"inLanguage":"es"},{"@type":"WebPage","@id":"https:\/\/luchonoticias.com\/editor\/miguel-uribe-respira-por-la-herida\/","url":"https:\/\/luchonoticias.com\/editor\/miguel-uribe-respira-por-la-herida\/","name":"\u00bfMiguel Uribe respira por la herida? -","isPartOf":{"@id":"https:\/\/luchonoticias.com\/editor\/#website"},"primaryImageOfPage":{"@id":"https:\/\/luchonoticias.com\/editor\/miguel-uribe-respira-por-la-herida\/#primaryimage"},"image":{"@id":"https:\/\/luchonoticias.com\/editor\/miguel-uribe-respira-por-la-herida\/#primaryimage"},"thumbnailUrl":"https:\/\/luchonoticias.com\/editor\/wp-content\/uploads\/2026\/04\/miguel-uribe.jpg","datePublished":"2026-04-26T09:34:30+00:00","dateModified":"2026-04-26T09:34:31+00:00","breadcrumb":{"@id":"https:\/\/luchonoticias.com\/editor\/miguel-uribe-respira-por-la-herida\/#breadcrumb"},"inLanguage":"es","potentialAction":[{"@type":"ReadAction","target":["https:\/\/luchonoticias.com\/editor\/miguel-uribe-respira-por-la-herida\/"]}]},{"@type":"ImageObject","inLanguage":"es","@id":"https:\/\/luchonoticias.com\/editor\/miguel-uribe-respira-por-la-herida\/#primaryimage","url":"https:\/\/luchonoticias.com\/editor\/wp-content\/uploads\/2026\/04\/miguel-uribe.jpg","contentUrl":"https:\/\/luchonoticias.com\/editor\/wp-content\/uploads\/2026\/04\/miguel-uribe.jpg","width":700,"height":400},{"@type":"BreadcrumbList","@id":"https:\/\/luchonoticias.com\/editor\/miguel-uribe-respira-por-la-herida\/#breadcrumb","itemListElement":[{"@type":"ListItem","position":1,"name":"Portada","item":"https:\/\/luchonoticias.com\/editor\/"},{"@type":"ListItem","position":2,"name":"\u00bfMiguel Uribe respira por la herida?"}]},{"@type":"WebSite","@id":"https:\/\/luchonoticias.com\/editor\/#website","url":"https:\/\/luchonoticias.com\/editor\/","name":"","description":"","publisher":{"@id":"https:\/\/luchonoticias.com\/editor\/#\/schema\/person\/7a7fd911f58561fd056dbac7b55af9cd"},"potentialAction":[{"@type":"SearchAction","target":{"@type":"EntryPoint","urlTemplate":"https:\/\/luchonoticias.com\/editor\/?s={search_term_string}"},"query-input":{"@type":"PropertyValueSpecification","valueRequired":true,"valueName":"search_term_string"}}],"inLanguage":"es"},{"@type":["Person","Organization"],"@id":"https:\/\/luchonoticias.com\/editor\/#\/schema\/person\/7a7fd911f58561fd056dbac7b55af9cd","name":"admin","image":{"@type":"ImageObject","inLanguage":"es","@id":"https:\/\/luchonoticias.com\/editor\/#\/schema\/person\/image\/","url":"https:\/\/luchonoticias.com\/editor\/wp-content\/uploads\/2024\/02\/cropped-cropped-logolu.webp","contentUrl":"https:\/\/luchonoticias.com\/editor\/wp-content\/uploads\/2024\/02\/cropped-cropped-logolu.webp","width":382,"height":170,"caption":"admin"},"logo":{"@id":"https:\/\/luchonoticias.com\/editor\/#\/schema\/person\/image\/"},"sameAs":["https:\/\/www.facebook.com\/luchonoticiasneiva"]},{"@type":"Person","@id":"https:\/\/luchonoticias.com\/editor\/#\/schema\/person\/29217990ddf6f14e35912b2866d591fb","name":"Editor General","image":{"@type":"ImageObject","inLanguage":"es","@id":"https:\/\/luchonoticias.com\/editor\/#\/schema\/person\/image\/","url":"https:\/\/luchonoticias.com\/editor\/wp-content\/uploads\/2024\/02\/cropped-cropped-logolu-150x150.webp","contentUrl":"https:\/\/luchonoticias.com\/editor\/wp-content\/uploads\/2024\/02\/cropped-cropped-logolu-150x150.webp","caption":"Editor General"},"sameAs":["https:\/\/luchonoticias.com\/"],"url":"https:\/\/luchonoticias.com\/editor\/author\/editor-general\/"}]}},"_links":{"self":[{"href":"https:\/\/luchonoticias.com\/editor\/wp-json\/wp\/v2\/posts\/97279","targetHints":{"allow":["GET"]}}],"collection":[{"href":"https:\/\/luchonoticias.com\/editor\/wp-json\/wp\/v2\/posts"}],"about":[{"href":"https:\/\/luchonoticias.com\/editor\/wp-json\/wp\/v2\/types\/post"}],"author":[{"embeddable":true,"href":"https:\/\/luchonoticias.com\/editor\/wp-json\/wp\/v2\/users\/2"}],"replies":[{"embeddable":true,"href":"https:\/\/luchonoticias.com\/editor\/wp-json\/wp\/v2\/comments?post=97279"}],"version-history":[{"count":1,"href":"https:\/\/luchonoticias.com\/editor\/wp-json\/wp\/v2\/posts\/97279\/revisions"}],"predecessor-version":[{"id":97281,"href":"https:\/\/luchonoticias.com\/editor\/wp-json\/wp\/v2\/posts\/97279\/revisions\/97281"}],"wp:featuredmedia":[{"embeddable":true,"href":"https:\/\/luchonoticias.com\/editor\/wp-json\/wp\/v2\/media\/97280"}],"wp:attachment":[{"href":"https:\/\/luchonoticias.com\/editor\/wp-json\/wp\/v2\/media?parent=97279"}],"wp:term":[{"taxonomy":"category","embeddable":true,"href":"https:\/\/luchonoticias.com\/editor\/wp-json\/wp\/v2\/categories?post=97279"},{"taxonomy":"post_tag","embeddable":true,"href":"https:\/\/luchonoticias.com\/editor\/wp-json\/wp\/v2\/tags?post=97279"}],"curies":[{"name":"wp","href":"https:\/\/api.w.org\/{rel}","templated":true}]}}