{"id":97282,"date":"2026-04-26T04:42:50","date_gmt":"2026-04-26T09:42:50","guid":{"rendered":"https:\/\/luchonoticias.com\/editor\/?p=97282"},"modified":"2026-04-26T04:42:50","modified_gmt":"2026-04-26T09:42:50","slug":"mellizos-pueden-tener-diferentes-padres-cientificamente-si","status":"publish","type":"post","link":"https:\/\/luchonoticias.com\/editor\/mellizos-pueden-tener-diferentes-padres-cientificamente-si\/","title":{"rendered":"\u00bfMellizos pueden tener diferentes padres?, cient\u00edficamente si"},"content":{"rendered":"\n<p>Un caso poco com\u00fan volvi\u00f3 a poner sobre la mesa una pregunta que para muchos parece improbable: \u00bfpueden dos mellizos tener padres diferentes? De acuerdo con la ciencia, la respuesta es s\u00ed.<\/p>\n\n\n\n<p>As\u00ed lo explic\u00f3 el bi\u00f3logo y doctor en gen\u00e9tica William Usaqu\u00e9n, director del grupo de gen\u00e9tica de poblaciones e identificaci\u00f3n humana de la Universidad Nacional de Colombia, quien analiz\u00f3 un caso de este tipo registrado en el pa\u00eds. Seg\u00fan el experto, se trata de un evento extremadamente inusual dentro de la pr\u00e1ctica cient\u00edfica.<\/p>\n\n\n\n<p>El fen\u00f3meno, conocido como superfecundaci\u00f3n, ocurre cuando una mujer libera m\u00e1s de un \u00f3vulo durante un mismo ciclo menstrual. En estos casos, los \u00f3vulos pueden ser fecundados en momentos cercanos, incluso con diferencia de uno a tres d\u00edas.<\/p>\n\n\n\n<p>Para que esto suceda, es necesario que haya relaciones sexuales con diferentes personas en un periodo muy corto, lo que permite que cada \u00f3vulo sea fecundado por un padre distinto.<\/p>\n\n\n\n<p>El caso fue detectado mediante una prueba de paternidad. El an\u00e1lisis gen\u00e9tico evidenci\u00f3 que uno de los mellizos coincid\u00eda plenamente con el presunto padre, mientras que el otro presentaba incompatibilidades. Ante este tipo de hallazgos, los especialistas aplican protocolos estrictos, que incluyen la repetici\u00f3n de las pruebas y la verificaci\u00f3n de todas las muestras para garantizar la confiabilidad del resultado.<\/p>\n\n\n\n<p>Aunque se trata de una situaci\u00f3n excepcional, el experto se\u00f1al\u00f3 que podr\u00eda haber m\u00e1s casos de los que se han documentado. Hasta ahora, desde el punto de vista cient\u00edfico, se han reportado alrededor de 20 en el mundo.<\/p>\n\n\n\n<p>Finalmente, explic\u00f3 que estas pruebas se basan en el estudio detallado del ADN, mediante el an\u00e1lisis de puntos espec\u00edficos del genoma que permiten determinar qu\u00e9 informaci\u00f3n gen\u00e9tica proviene de la madre y cu\u00e1l del padre.<\/p>\n\n\n\n<p><\/p>\n","protected":false},"excerpt":{"rendered":"<p>Un caso poco com\u00fan volvi\u00f3 a poner sobre la mesa una pregunta que para muchos parece improbable: \u00bfpueden dos mellizos tener padres diferentes? De acuerdo con la ciencia, la respuesta es s\u00ed. As\u00ed lo explic\u00f3 el bi\u00f3logo y doctor en gen\u00e9tica William Usaqu\u00e9n, director del grupo de gen\u00e9tica de poblaciones e identificaci\u00f3n humana de la [&hellip;]<\/p>\n","protected":false},"author":2,"featured_media":97283,"comment_status":"closed","ping_status":"open","sticky":false,"template":"","format":"standard","meta":{"footnotes":""},"categories":[28,32],"tags":[],"class_list":["post-97282","post","type-post","status-publish","format-standard","has-post-thumbnail","hentry","category-actualidad","category-nacional"],"yoast_head":"<!-- This site is optimized with the Yoast SEO plugin v26.6 - https:\/\/yoast.com\/wordpress\/plugins\/seo\/ -->\n<title>\u00bfMellizos pueden tener diferentes padres?, cient\u00edficamente si -<\/title>\n<meta name=\"robots\" content=\"index, follow, max-snippet:-1, max-image-preview:large, max-video-preview:-1\" \/>\n<link rel=\"canonical\" href=\"https:\/\/luchonoticias.com\/editor\/mellizos-pueden-tener-diferentes-padres-cientificamente-si\/\" \/>\n<meta property=\"og:locale\" content=\"es_ES\" \/>\n<meta property=\"og:type\" content=\"article\" \/>\n<meta property=\"og:title\" content=\"\u00bfMellizos pueden tener diferentes padres?, cient\u00edficamente si -\" \/>\n<meta property=\"og:url\" content=\"https:\/\/luchonoticias.com\/editor\/mellizos-pueden-tener-diferentes-padres-cientificamente-si\/\" \/>\n<meta property=\"article:publisher\" content=\"https:\/\/www.facebook.com\/luchonoticiasneiva\" \/>\n<meta property=\"article:published_time\" content=\"2026-04-26T09:42:50+00:00\" \/>\n<meta property=\"og:image\" content=\"https:\/\/luchonoticias.com\/editor\/wp-content\/uploads\/2026\/04\/mellizos.jpg\" \/>\n\t<meta property=\"og:image:width\" content=\"700\" \/>\n\t<meta property=\"og:image:height\" content=\"400\" \/>\n\t<meta property=\"og:image:type\" content=\"image\/jpeg\" \/>\n<meta name=\"author\" content=\"Editor General\" \/>\n<meta name=\"twitter:card\" content=\"summary_large_image\" \/>\n<meta name=\"twitter:label1\" content=\"Escrito por\" \/>\n\t<meta name=\"twitter:data1\" content=\"Editor General\" \/>\n\t<meta name=\"twitter:label2\" content=\"Tiempo de lectura\" \/>\n\t<meta name=\"twitter:data2\" content=\"2 minutos\" \/>\n<script type=\"application\/ld+json\" class=\"yoast-schema-graph\">{\"@context\":\"https:\/\/schema.org\",\"@graph\":[{\"@type\":\"Article\",\"@id\":\"https:\/\/luchonoticias.com\/editor\/mellizos-pueden-tener-diferentes-padres-cientificamente-si\/#article\",\"isPartOf\":{\"@id\":\"https:\/\/luchonoticias.com\/editor\/mellizos-pueden-tener-diferentes-padres-cientificamente-si\/\"},\"author\":{\"name\":\"Editor General\",\"@id\":\"https:\/\/luchonoticias.com\/editor\/#\/schema\/person\/29217990ddf6f14e35912b2866d591fb\"},\"headline\":\"\u00bfMellizos pueden tener diferentes padres?, cient\u00edficamente si\",\"datePublished\":\"2026-04-26T09:42:50+00:00\",\"mainEntityOfPage\":{\"@id\":\"https:\/\/luchonoticias.com\/editor\/mellizos-pueden-tener-diferentes-padres-cientificamente-si\/\"},\"wordCount\":322,\"publisher\":{\"@id\":\"https:\/\/luchonoticias.com\/editor\/#\/schema\/person\/7a7fd911f58561fd056dbac7b55af9cd\"},\"image\":{\"@id\":\"https:\/\/luchonoticias.com\/editor\/mellizos-pueden-tener-diferentes-padres-cientificamente-si\/#primaryimage\"},\"thumbnailUrl\":\"https:\/\/luchonoticias.com\/editor\/wp-content\/uploads\/2026\/04\/mellizos.jpg\",\"articleSection\":[\"Actualidad\",\"Nacional\"],\"inLanguage\":\"es\"},{\"@type\":\"WebPage\",\"@id\":\"https:\/\/luchonoticias.com\/editor\/mellizos-pueden-tener-diferentes-padres-cientificamente-si\/\",\"url\":\"https:\/\/luchonoticias.com\/editor\/mellizos-pueden-tener-diferentes-padres-cientificamente-si\/\",\"name\":\"\u00bfMellizos pueden tener diferentes padres?, cient\u00edficamente si -\",\"isPartOf\":{\"@id\":\"https:\/\/luchonoticias.com\/editor\/#website\"},\"primaryImageOfPage\":{\"@id\":\"https:\/\/luchonoticias.com\/editor\/mellizos-pueden-tener-diferentes-padres-cientificamente-si\/#primaryimage\"},\"image\":{\"@id\":\"https:\/\/luchonoticias.com\/editor\/mellizos-pueden-tener-diferentes-padres-cientificamente-si\/#primaryimage\"},\"thumbnailUrl\":\"https:\/\/luchonoticias.com\/editor\/wp-content\/uploads\/2026\/04\/mellizos.jpg\",\"datePublished\":\"2026-04-26T09:42:50+00:00\",\"breadcrumb\":{\"@id\":\"https:\/\/luchonoticias.com\/editor\/mellizos-pueden-tener-diferentes-padres-cientificamente-si\/#breadcrumb\"},\"inLanguage\":\"es\",\"potentialAction\":[{\"@type\":\"ReadAction\",\"target\":[\"https:\/\/luchonoticias.com\/editor\/mellizos-pueden-tener-diferentes-padres-cientificamente-si\/\"]}]},{\"@type\":\"ImageObject\",\"inLanguage\":\"es\",\"@id\":\"https:\/\/luchonoticias.com\/editor\/mellizos-pueden-tener-diferentes-padres-cientificamente-si\/#primaryimage\",\"url\":\"https:\/\/luchonoticias.com\/editor\/wp-content\/uploads\/2026\/04\/mellizos.jpg\",\"contentUrl\":\"https:\/\/luchonoticias.com\/editor\/wp-content\/uploads\/2026\/04\/mellizos.jpg\",\"width\":700,\"height\":400},{\"@type\":\"BreadcrumbList\",\"@id\":\"https:\/\/luchonoticias.com\/editor\/mellizos-pueden-tener-diferentes-padres-cientificamente-si\/#breadcrumb\",\"itemListElement\":[{\"@type\":\"ListItem\",\"position\":1,\"name\":\"Portada\",\"item\":\"https:\/\/luchonoticias.com\/editor\/\"},{\"@type\":\"ListItem\",\"position\":2,\"name\":\"\u00bfMellizos pueden tener diferentes padres?, cient\u00edficamente si\"}]},{\"@type\":\"WebSite\",\"@id\":\"https:\/\/luchonoticias.com\/editor\/#website\",\"url\":\"https:\/\/luchonoticias.com\/editor\/\",\"name\":\"\",\"description\":\"\",\"publisher\":{\"@id\":\"https:\/\/luchonoticias.com\/editor\/#\/schema\/person\/7a7fd911f58561fd056dbac7b55af9cd\"},\"potentialAction\":[{\"@type\":\"SearchAction\",\"target\":{\"@type\":\"EntryPoint\",\"urlTemplate\":\"https:\/\/luchonoticias.com\/editor\/?s={search_term_string}\"},\"query-input\":{\"@type\":\"PropertyValueSpecification\",\"valueRequired\":true,\"valueName\":\"search_term_string\"}}],\"inLanguage\":\"es\"},{\"@type\":[\"Person\",\"Organization\"],\"@id\":\"https:\/\/luchonoticias.com\/editor\/#\/schema\/person\/7a7fd911f58561fd056dbac7b55af9cd\",\"name\":\"admin\",\"image\":{\"@type\":\"ImageObject\",\"inLanguage\":\"es\",\"@id\":\"https:\/\/luchonoticias.com\/editor\/#\/schema\/person\/image\/\",\"url\":\"https:\/\/luchonoticias.com\/editor\/wp-content\/uploads\/2024\/02\/cropped-cropped-logolu.webp\",\"contentUrl\":\"https:\/\/luchonoticias.com\/editor\/wp-content\/uploads\/2024\/02\/cropped-cropped-logolu.webp\",\"width\":382,\"height\":170,\"caption\":\"admin\"},\"logo\":{\"@id\":\"https:\/\/luchonoticias.com\/editor\/#\/schema\/person\/image\/\"},\"sameAs\":[\"https:\/\/www.facebook.com\/luchonoticiasneiva\"]},{\"@type\":\"Person\",\"@id\":\"https:\/\/luchonoticias.com\/editor\/#\/schema\/person\/29217990ddf6f14e35912b2866d591fb\",\"name\":\"Editor General\",\"image\":{\"@type\":\"ImageObject\",\"inLanguage\":\"es\",\"@id\":\"https:\/\/luchonoticias.com\/editor\/#\/schema\/person\/image\/\",\"url\":\"https:\/\/luchonoticias.com\/editor\/wp-content\/uploads\/2024\/02\/cropped-cropped-logolu-150x150.webp\",\"contentUrl\":\"https:\/\/luchonoticias.com\/editor\/wp-content\/uploads\/2024\/02\/cropped-cropped-logolu-150x150.webp\",\"caption\":\"Editor General\"},\"sameAs\":[\"https:\/\/luchonoticias.com\/\"],\"url\":\"https:\/\/luchonoticias.com\/editor\/author\/editor-general\/\"}]}<\/script>\n<!-- \/ Yoast SEO plugin. -->","yoast_head_json":{"title":"\u00bfMellizos pueden tener diferentes padres?, cient\u00edficamente si -","robots":{"index":"index","follow":"follow","max-snippet":"max-snippet:-1","max-image-preview":"max-image-preview:large","max-video-preview":"max-video-preview:-1"},"canonical":"https:\/\/luchonoticias.com\/editor\/mellizos-pueden-tener-diferentes-padres-cientificamente-si\/","og_locale":"es_ES","og_type":"article","og_title":"\u00bfMellizos pueden tener diferentes padres?, cient\u00edficamente si -","og_url":"https:\/\/luchonoticias.com\/editor\/mellizos-pueden-tener-diferentes-padres-cientificamente-si\/","article_publisher":"https:\/\/www.facebook.com\/luchonoticiasneiva","article_published_time":"2026-04-26T09:42:50+00:00","og_image":[{"width":700,"height":400,"url":"https:\/\/luchonoticias.com\/editor\/wp-content\/uploads\/2026\/04\/mellizos.jpg","type":"image\/jpeg"}],"author":"Editor General","twitter_card":"summary_large_image","twitter_misc":{"Escrito por":"Editor General","Tiempo de lectura":"2 minutos"},"schema":{"@context":"https:\/\/schema.org","@graph":[{"@type":"Article","@id":"https:\/\/luchonoticias.com\/editor\/mellizos-pueden-tener-diferentes-padres-cientificamente-si\/#article","isPartOf":{"@id":"https:\/\/luchonoticias.com\/editor\/mellizos-pueden-tener-diferentes-padres-cientificamente-si\/"},"author":{"name":"Editor General","@id":"https:\/\/luchonoticias.com\/editor\/#\/schema\/person\/29217990ddf6f14e35912b2866d591fb"},"headline":"\u00bfMellizos pueden tener diferentes padres?, cient\u00edficamente si","datePublished":"2026-04-26T09:42:50+00:00","mainEntityOfPage":{"@id":"https:\/\/luchonoticias.com\/editor\/mellizos-pueden-tener-diferentes-padres-cientificamente-si\/"},"wordCount":322,"publisher":{"@id":"https:\/\/luchonoticias.com\/editor\/#\/schema\/person\/7a7fd911f58561fd056dbac7b55af9cd"},"image":{"@id":"https:\/\/luchonoticias.com\/editor\/mellizos-pueden-tener-diferentes-padres-cientificamente-si\/#primaryimage"},"thumbnailUrl":"https:\/\/luchonoticias.com\/editor\/wp-content\/uploads\/2026\/04\/mellizos.jpg","articleSection":["Actualidad","Nacional"],"inLanguage":"es"},{"@type":"WebPage","@id":"https:\/\/luchonoticias.com\/editor\/mellizos-pueden-tener-diferentes-padres-cientificamente-si\/","url":"https:\/\/luchonoticias.com\/editor\/mellizos-pueden-tener-diferentes-padres-cientificamente-si\/","name":"\u00bfMellizos pueden tener diferentes padres?, cient\u00edficamente si -","isPartOf":{"@id":"https:\/\/luchonoticias.com\/editor\/#website"},"primaryImageOfPage":{"@id":"https:\/\/luchonoticias.com\/editor\/mellizos-pueden-tener-diferentes-padres-cientificamente-si\/#primaryimage"},"image":{"@id":"https:\/\/luchonoticias.com\/editor\/mellizos-pueden-tener-diferentes-padres-cientificamente-si\/#primaryimage"},"thumbnailUrl":"https:\/\/luchonoticias.com\/editor\/wp-content\/uploads\/2026\/04\/mellizos.jpg","datePublished":"2026-04-26T09:42:50+00:00","breadcrumb":{"@id":"https:\/\/luchonoticias.com\/editor\/mellizos-pueden-tener-diferentes-padres-cientificamente-si\/#breadcrumb"},"inLanguage":"es","potentialAction":[{"@type":"ReadAction","target":["https:\/\/luchonoticias.com\/editor\/mellizos-pueden-tener-diferentes-padres-cientificamente-si\/"]}]},{"@type":"ImageObject","inLanguage":"es","@id":"https:\/\/luchonoticias.com\/editor\/mellizos-pueden-tener-diferentes-padres-cientificamente-si\/#primaryimage","url":"https:\/\/luchonoticias.com\/editor\/wp-content\/uploads\/2026\/04\/mellizos.jpg","contentUrl":"https:\/\/luchonoticias.com\/editor\/wp-content\/uploads\/2026\/04\/mellizos.jpg","width":700,"height":400},{"@type":"BreadcrumbList","@id":"https:\/\/luchonoticias.com\/editor\/mellizos-pueden-tener-diferentes-padres-cientificamente-si\/#breadcrumb","itemListElement":[{"@type":"ListItem","position":1,"name":"Portada","item":"https:\/\/luchonoticias.com\/editor\/"},{"@type":"ListItem","position":2,"name":"\u00bfMellizos pueden tener diferentes padres?, cient\u00edficamente si"}]},{"@type":"WebSite","@id":"https:\/\/luchonoticias.com\/editor\/#website","url":"https:\/\/luchonoticias.com\/editor\/","name":"","description":"","publisher":{"@id":"https:\/\/luchonoticias.com\/editor\/#\/schema\/person\/7a7fd911f58561fd056dbac7b55af9cd"},"potentialAction":[{"@type":"SearchAction","target":{"@type":"EntryPoint","urlTemplate":"https:\/\/luchonoticias.com\/editor\/?s={search_term_string}"},"query-input":{"@type":"PropertyValueSpecification","valueRequired":true,"valueName":"search_term_string"}}],"inLanguage":"es"},{"@type":["Person","Organization"],"@id":"https:\/\/luchonoticias.com\/editor\/#\/schema\/person\/7a7fd911f58561fd056dbac7b55af9cd","name":"admin","image":{"@type":"ImageObject","inLanguage":"es","@id":"https:\/\/luchonoticias.com\/editor\/#\/schema\/person\/image\/","url":"https:\/\/luchonoticias.com\/editor\/wp-content\/uploads\/2024\/02\/cropped-cropped-logolu.webp","contentUrl":"https:\/\/luchonoticias.com\/editor\/wp-content\/uploads\/2024\/02\/cropped-cropped-logolu.webp","width":382,"height":170,"caption":"admin"},"logo":{"@id":"https:\/\/luchonoticias.com\/editor\/#\/schema\/person\/image\/"},"sameAs":["https:\/\/www.facebook.com\/luchonoticiasneiva"]},{"@type":"Person","@id":"https:\/\/luchonoticias.com\/editor\/#\/schema\/person\/29217990ddf6f14e35912b2866d591fb","name":"Editor General","image":{"@type":"ImageObject","inLanguage":"es","@id":"https:\/\/luchonoticias.com\/editor\/#\/schema\/person\/image\/","url":"https:\/\/luchonoticias.com\/editor\/wp-content\/uploads\/2024\/02\/cropped-cropped-logolu-150x150.webp","contentUrl":"https:\/\/luchonoticias.com\/editor\/wp-content\/uploads\/2024\/02\/cropped-cropped-logolu-150x150.webp","caption":"Editor General"},"sameAs":["https:\/\/luchonoticias.com\/"],"url":"https:\/\/luchonoticias.com\/editor\/author\/editor-general\/"}]}},"_links":{"self":[{"href":"https:\/\/luchonoticias.com\/editor\/wp-json\/wp\/v2\/posts\/97282","targetHints":{"allow":["GET"]}}],"collection":[{"href":"https:\/\/luchonoticias.com\/editor\/wp-json\/wp\/v2\/posts"}],"about":[{"href":"https:\/\/luchonoticias.com\/editor\/wp-json\/wp\/v2\/types\/post"}],"author":[{"embeddable":true,"href":"https:\/\/luchonoticias.com\/editor\/wp-json\/wp\/v2\/users\/2"}],"replies":[{"embeddable":true,"href":"https:\/\/luchonoticias.com\/editor\/wp-json\/wp\/v2\/comments?post=97282"}],"version-history":[{"count":1,"href":"https:\/\/luchonoticias.com\/editor\/wp-json\/wp\/v2\/posts\/97282\/revisions"}],"predecessor-version":[{"id":97284,"href":"https:\/\/luchonoticias.com\/editor\/wp-json\/wp\/v2\/posts\/97282\/revisions\/97284"}],"wp:featuredmedia":[{"embeddable":true,"href":"https:\/\/luchonoticias.com\/editor\/wp-json\/wp\/v2\/media\/97283"}],"wp:attachment":[{"href":"https:\/\/luchonoticias.com\/editor\/wp-json\/wp\/v2\/media?parent=97282"}],"wp:term":[{"taxonomy":"category","embeddable":true,"href":"https:\/\/luchonoticias.com\/editor\/wp-json\/wp\/v2\/categories?post=97282"},{"taxonomy":"post_tag","embeddable":true,"href":"https:\/\/luchonoticias.com\/editor\/wp-json\/wp\/v2\/tags?post=97282"}],"curies":[{"name":"wp","href":"https:\/\/api.w.org\/{rel}","templated":true}]}}