{"id":97285,"date":"2026-04-26T04:49:32","date_gmt":"2026-04-26T09:49:32","guid":{"rendered":"https:\/\/luchonoticias.com\/editor\/?p=97285"},"modified":"2026-04-26T04:49:33","modified_gmt":"2026-04-26T09:49:33","slug":"recompensa-por-atentados-en-el-valle","status":"publish","type":"post","link":"https:\/\/luchonoticias.com\/editor\/recompensa-por-atentados-en-el-valle\/","title":{"rendered":"Recompensa por atentados en el Valle"},"content":{"rendered":"\n<p>El Gobierno nacional anunci\u00f3 una ofensiva militar y policial sin precedentes, apoyada en tecnolog\u00eda avanzada y una bolsa de recompensas, con el objetivo de desarticular estructuras criminales que operan en el suroccidente del pa\u00eds y restablecer la seguridad en la regi\u00f3n.<\/p>\n\n\n\n<p>Tras los recientes hechos violentos, el Ejecutivo lider\u00f3 un consejo de seguridad extraordinario en Palmira para definir una hoja de ruta inmediata. Como parte de las medidas, el ministro de Defensa, Pedro S\u00e1nchez Su\u00e1rez, anunci\u00f3 recompensas de hasta 5.000 millones de pesos por alias \u2018Marlon\u2019, 500 millones por alias \u2018Max Max\u2019 y 200 millones por alias \u2018Yogui\u2019.<\/p>\n\n\n\n<p>Adem\u00e1s, se estableci\u00f3 un incentivo de hasta 200 millones de pesos para quienes suministren informaci\u00f3n que permita prevenir nuevos atentados, como parte de una estrategia que busca fortalecer la colaboraci\u00f3n ciudadana a trav\u00e9s de la l\u00ednea 157.<\/p>\n\n\n\n<p>En el plano operativo, el Gobierno confirm\u00f3 el refuerzo del dispositivo de seguridad con la llegada de ocho nuevos pelotones del Ej\u00e9rcito Nacional y dos unidades blindadas, que ser\u00e1n desplegadas en el sur del Valle del Cauca y el norte del Cauca. Asimismo, se incorporar\u00e1n sistemas a\u00e9reos no tripulados (drones) para mejorar las labores de vigilancia y monitoreo, con el fin de optimizar la capacidad de respuesta de la Fuerza P\u00fablica.<\/p>\n\n\n\n<p>El jefe de la cartera de Defensa rechaz\u00f3 el uso de artefactos explosivos en zonas urbanas y la utilizaci\u00f3n de veh\u00edculos escolares por parte de grupos armados, calificando estas pr\u00e1cticas como graves violaciones al Derecho Internacional Humanitario. \u201cLos atentados terroristas son una muestra cobarde de debilidad. Doblegarnos es darle espacio al terrorismo y no vamos a permitir que sigan afectando a la poblaci\u00f3n civil\u201d, advirti\u00f3.<\/p>\n\n\n\n<p>La estrategia tambi\u00e9n contempla un enfoque en la asfixia financiera de estas estructuras, con el fortalecimiento de operaciones contra el narcotr\u00e1fico y la miner\u00eda ilegal, consideradas como principales fuentes de financiaci\u00f3n de la violencia. En ese sentido, el ministro hizo un llamado a los integrantes de estos grupos a someterse a la justicia y evitar la acumulaci\u00f3n de nuevos delitos.<\/p>\n\n\n\n<p>El consejo de seguridad cont\u00f3 con la participaci\u00f3n de la gobernadora del Valle del Cauca, Dilian Francisca Toro, y el alcalde de Cali, Alejandro Eder, quienes destacaron la articulaci\u00f3n con el Gobierno nacional para enfrentar la situaci\u00f3n.<\/p>\n\n\n\n<p>Finalmente, el ministro reiter\u00f3 que el Estado utilizar\u00e1 toda su capacidad para garantizar el orden p\u00fablico y mantener una ofensiva sostenida contra quienes atenten contra la Fuerza P\u00fablica y la ciudadan\u00eda.<\/p>\n\n\n\n<p><\/p>\n","protected":false},"excerpt":{"rendered":"<p>El Gobierno nacional anunci\u00f3 una ofensiva militar y policial sin precedentes, apoyada en tecnolog\u00eda avanzada y una bolsa de recompensas, con el objetivo de desarticular estructuras criminales que operan en el suroccidente del pa\u00eds y restablecer la seguridad en la regi\u00f3n. Tras los recientes hechos violentos, el Ejecutivo lider\u00f3 un consejo de seguridad extraordinario en [&hellip;]<\/p>\n","protected":false},"author":2,"featured_media":97286,"comment_status":"closed","ping_status":"open","sticky":false,"template":"","format":"standard","meta":{"footnotes":""},"categories":[28,32],"tags":[],"class_list":["post-97285","post","type-post","status-publish","format-standard","has-post-thumbnail","hentry","category-actualidad","category-nacional"],"yoast_head":"<!-- This site is optimized with the Yoast SEO plugin v26.6 - https:\/\/yoast.com\/wordpress\/plugins\/seo\/ -->\n<title>Recompensa por atentados en el Valle -<\/title>\n<meta name=\"robots\" content=\"index, follow, max-snippet:-1, max-image-preview:large, max-video-preview:-1\" \/>\n<link rel=\"canonical\" href=\"https:\/\/luchonoticias.com\/editor\/recompensa-por-atentados-en-el-valle\/\" \/>\n<meta property=\"og:locale\" content=\"es_ES\" \/>\n<meta property=\"og:type\" content=\"article\" \/>\n<meta property=\"og:title\" content=\"Recompensa por atentados en el Valle -\" \/>\n<meta property=\"og:url\" content=\"https:\/\/luchonoticias.com\/editor\/recompensa-por-atentados-en-el-valle\/\" \/>\n<meta property=\"article:publisher\" content=\"https:\/\/www.facebook.com\/luchonoticiasneiva\" \/>\n<meta property=\"article:published_time\" content=\"2026-04-26T09:49:32+00:00\" \/>\n<meta property=\"article:modified_time\" content=\"2026-04-26T09:49:33+00:00\" \/>\n<meta property=\"og:image\" content=\"https:\/\/luchonoticias.com\/editor\/wp-content\/uploads\/2026\/04\/RECOMPENSA-VALLE.jpg\" \/>\n\t<meta property=\"og:image:width\" content=\"700\" \/>\n\t<meta property=\"og:image:height\" content=\"400\" \/>\n\t<meta property=\"og:image:type\" content=\"image\/jpeg\" \/>\n<meta name=\"author\" content=\"Editor General\" \/>\n<meta name=\"twitter:card\" content=\"summary_large_image\" \/>\n<meta name=\"twitter:label1\" content=\"Escrito por\" \/>\n\t<meta name=\"twitter:data1\" content=\"Editor General\" \/>\n\t<meta name=\"twitter:label2\" content=\"Tiempo de lectura\" \/>\n\t<meta name=\"twitter:data2\" content=\"3 minutos\" \/>\n<script type=\"application\/ld+json\" class=\"yoast-schema-graph\">{\"@context\":\"https:\/\/schema.org\",\"@graph\":[{\"@type\":\"Article\",\"@id\":\"https:\/\/luchonoticias.com\/editor\/recompensa-por-atentados-en-el-valle\/#article\",\"isPartOf\":{\"@id\":\"https:\/\/luchonoticias.com\/editor\/recompensa-por-atentados-en-el-valle\/\"},\"author\":{\"name\":\"Editor General\",\"@id\":\"https:\/\/luchonoticias.com\/editor\/#\/schema\/person\/29217990ddf6f14e35912b2866d591fb\"},\"headline\":\"Recompensa por atentados en el Valle\",\"datePublished\":\"2026-04-26T09:49:32+00:00\",\"dateModified\":\"2026-04-26T09:49:33+00:00\",\"mainEntityOfPage\":{\"@id\":\"https:\/\/luchonoticias.com\/editor\/recompensa-por-atentados-en-el-valle\/\"},\"wordCount\":430,\"publisher\":{\"@id\":\"https:\/\/luchonoticias.com\/editor\/#\/schema\/person\/7a7fd911f58561fd056dbac7b55af9cd\"},\"image\":{\"@id\":\"https:\/\/luchonoticias.com\/editor\/recompensa-por-atentados-en-el-valle\/#primaryimage\"},\"thumbnailUrl\":\"https:\/\/luchonoticias.com\/editor\/wp-content\/uploads\/2026\/04\/RECOMPENSA-VALLE.jpg\",\"articleSection\":[\"Actualidad\",\"Nacional\"],\"inLanguage\":\"es\"},{\"@type\":\"WebPage\",\"@id\":\"https:\/\/luchonoticias.com\/editor\/recompensa-por-atentados-en-el-valle\/\",\"url\":\"https:\/\/luchonoticias.com\/editor\/recompensa-por-atentados-en-el-valle\/\",\"name\":\"Recompensa por atentados en el Valle -\",\"isPartOf\":{\"@id\":\"https:\/\/luchonoticias.com\/editor\/#website\"},\"primaryImageOfPage\":{\"@id\":\"https:\/\/luchonoticias.com\/editor\/recompensa-por-atentados-en-el-valle\/#primaryimage\"},\"image\":{\"@id\":\"https:\/\/luchonoticias.com\/editor\/recompensa-por-atentados-en-el-valle\/#primaryimage\"},\"thumbnailUrl\":\"https:\/\/luchonoticias.com\/editor\/wp-content\/uploads\/2026\/04\/RECOMPENSA-VALLE.jpg\",\"datePublished\":\"2026-04-26T09:49:32+00:00\",\"dateModified\":\"2026-04-26T09:49:33+00:00\",\"breadcrumb\":{\"@id\":\"https:\/\/luchonoticias.com\/editor\/recompensa-por-atentados-en-el-valle\/#breadcrumb\"},\"inLanguage\":\"es\",\"potentialAction\":[{\"@type\":\"ReadAction\",\"target\":[\"https:\/\/luchonoticias.com\/editor\/recompensa-por-atentados-en-el-valle\/\"]}]},{\"@type\":\"ImageObject\",\"inLanguage\":\"es\",\"@id\":\"https:\/\/luchonoticias.com\/editor\/recompensa-por-atentados-en-el-valle\/#primaryimage\",\"url\":\"https:\/\/luchonoticias.com\/editor\/wp-content\/uploads\/2026\/04\/RECOMPENSA-VALLE.jpg\",\"contentUrl\":\"https:\/\/luchonoticias.com\/editor\/wp-content\/uploads\/2026\/04\/RECOMPENSA-VALLE.jpg\",\"width\":700,\"height\":400},{\"@type\":\"BreadcrumbList\",\"@id\":\"https:\/\/luchonoticias.com\/editor\/recompensa-por-atentados-en-el-valle\/#breadcrumb\",\"itemListElement\":[{\"@type\":\"ListItem\",\"position\":1,\"name\":\"Portada\",\"item\":\"https:\/\/luchonoticias.com\/editor\/\"},{\"@type\":\"ListItem\",\"position\":2,\"name\":\"Recompensa por atentados en el Valle\"}]},{\"@type\":\"WebSite\",\"@id\":\"https:\/\/luchonoticias.com\/editor\/#website\",\"url\":\"https:\/\/luchonoticias.com\/editor\/\",\"name\":\"\",\"description\":\"\",\"publisher\":{\"@id\":\"https:\/\/luchonoticias.com\/editor\/#\/schema\/person\/7a7fd911f58561fd056dbac7b55af9cd\"},\"potentialAction\":[{\"@type\":\"SearchAction\",\"target\":{\"@type\":\"EntryPoint\",\"urlTemplate\":\"https:\/\/luchonoticias.com\/editor\/?s={search_term_string}\"},\"query-input\":{\"@type\":\"PropertyValueSpecification\",\"valueRequired\":true,\"valueName\":\"search_term_string\"}}],\"inLanguage\":\"es\"},{\"@type\":[\"Person\",\"Organization\"],\"@id\":\"https:\/\/luchonoticias.com\/editor\/#\/schema\/person\/7a7fd911f58561fd056dbac7b55af9cd\",\"name\":\"admin\",\"image\":{\"@type\":\"ImageObject\",\"inLanguage\":\"es\",\"@id\":\"https:\/\/luchonoticias.com\/editor\/#\/schema\/person\/image\/\",\"url\":\"https:\/\/luchonoticias.com\/editor\/wp-content\/uploads\/2024\/02\/cropped-cropped-logolu.webp\",\"contentUrl\":\"https:\/\/luchonoticias.com\/editor\/wp-content\/uploads\/2024\/02\/cropped-cropped-logolu.webp\",\"width\":382,\"height\":170,\"caption\":\"admin\"},\"logo\":{\"@id\":\"https:\/\/luchonoticias.com\/editor\/#\/schema\/person\/image\/\"},\"sameAs\":[\"https:\/\/www.facebook.com\/luchonoticiasneiva\"]},{\"@type\":\"Person\",\"@id\":\"https:\/\/luchonoticias.com\/editor\/#\/schema\/person\/29217990ddf6f14e35912b2866d591fb\",\"name\":\"Editor General\",\"image\":{\"@type\":\"ImageObject\",\"inLanguage\":\"es\",\"@id\":\"https:\/\/luchonoticias.com\/editor\/#\/schema\/person\/image\/\",\"url\":\"https:\/\/luchonoticias.com\/editor\/wp-content\/uploads\/2024\/02\/cropped-cropped-logolu-150x150.webp\",\"contentUrl\":\"https:\/\/luchonoticias.com\/editor\/wp-content\/uploads\/2024\/02\/cropped-cropped-logolu-150x150.webp\",\"caption\":\"Editor General\"},\"sameAs\":[\"https:\/\/luchonoticias.com\/\"],\"url\":\"https:\/\/luchonoticias.com\/editor\/author\/editor-general\/\"}]}<\/script>\n<!-- \/ Yoast SEO plugin. -->","yoast_head_json":{"title":"Recompensa por atentados en el Valle -","robots":{"index":"index","follow":"follow","max-snippet":"max-snippet:-1","max-image-preview":"max-image-preview:large","max-video-preview":"max-video-preview:-1"},"canonical":"https:\/\/luchonoticias.com\/editor\/recompensa-por-atentados-en-el-valle\/","og_locale":"es_ES","og_type":"article","og_title":"Recompensa por atentados en el Valle -","og_url":"https:\/\/luchonoticias.com\/editor\/recompensa-por-atentados-en-el-valle\/","article_publisher":"https:\/\/www.facebook.com\/luchonoticiasneiva","article_published_time":"2026-04-26T09:49:32+00:00","article_modified_time":"2026-04-26T09:49:33+00:00","og_image":[{"width":700,"height":400,"url":"https:\/\/luchonoticias.com\/editor\/wp-content\/uploads\/2026\/04\/RECOMPENSA-VALLE.jpg","type":"image\/jpeg"}],"author":"Editor General","twitter_card":"summary_large_image","twitter_misc":{"Escrito por":"Editor General","Tiempo de lectura":"3 minutos"},"schema":{"@context":"https:\/\/schema.org","@graph":[{"@type":"Article","@id":"https:\/\/luchonoticias.com\/editor\/recompensa-por-atentados-en-el-valle\/#article","isPartOf":{"@id":"https:\/\/luchonoticias.com\/editor\/recompensa-por-atentados-en-el-valle\/"},"author":{"name":"Editor General","@id":"https:\/\/luchonoticias.com\/editor\/#\/schema\/person\/29217990ddf6f14e35912b2866d591fb"},"headline":"Recompensa por atentados en el Valle","datePublished":"2026-04-26T09:49:32+00:00","dateModified":"2026-04-26T09:49:33+00:00","mainEntityOfPage":{"@id":"https:\/\/luchonoticias.com\/editor\/recompensa-por-atentados-en-el-valle\/"},"wordCount":430,"publisher":{"@id":"https:\/\/luchonoticias.com\/editor\/#\/schema\/person\/7a7fd911f58561fd056dbac7b55af9cd"},"image":{"@id":"https:\/\/luchonoticias.com\/editor\/recompensa-por-atentados-en-el-valle\/#primaryimage"},"thumbnailUrl":"https:\/\/luchonoticias.com\/editor\/wp-content\/uploads\/2026\/04\/RECOMPENSA-VALLE.jpg","articleSection":["Actualidad","Nacional"],"inLanguage":"es"},{"@type":"WebPage","@id":"https:\/\/luchonoticias.com\/editor\/recompensa-por-atentados-en-el-valle\/","url":"https:\/\/luchonoticias.com\/editor\/recompensa-por-atentados-en-el-valle\/","name":"Recompensa por atentados en el Valle -","isPartOf":{"@id":"https:\/\/luchonoticias.com\/editor\/#website"},"primaryImageOfPage":{"@id":"https:\/\/luchonoticias.com\/editor\/recompensa-por-atentados-en-el-valle\/#primaryimage"},"image":{"@id":"https:\/\/luchonoticias.com\/editor\/recompensa-por-atentados-en-el-valle\/#primaryimage"},"thumbnailUrl":"https:\/\/luchonoticias.com\/editor\/wp-content\/uploads\/2026\/04\/RECOMPENSA-VALLE.jpg","datePublished":"2026-04-26T09:49:32+00:00","dateModified":"2026-04-26T09:49:33+00:00","breadcrumb":{"@id":"https:\/\/luchonoticias.com\/editor\/recompensa-por-atentados-en-el-valle\/#breadcrumb"},"inLanguage":"es","potentialAction":[{"@type":"ReadAction","target":["https:\/\/luchonoticias.com\/editor\/recompensa-por-atentados-en-el-valle\/"]}]},{"@type":"ImageObject","inLanguage":"es","@id":"https:\/\/luchonoticias.com\/editor\/recompensa-por-atentados-en-el-valle\/#primaryimage","url":"https:\/\/luchonoticias.com\/editor\/wp-content\/uploads\/2026\/04\/RECOMPENSA-VALLE.jpg","contentUrl":"https:\/\/luchonoticias.com\/editor\/wp-content\/uploads\/2026\/04\/RECOMPENSA-VALLE.jpg","width":700,"height":400},{"@type":"BreadcrumbList","@id":"https:\/\/luchonoticias.com\/editor\/recompensa-por-atentados-en-el-valle\/#breadcrumb","itemListElement":[{"@type":"ListItem","position":1,"name":"Portada","item":"https:\/\/luchonoticias.com\/editor\/"},{"@type":"ListItem","position":2,"name":"Recompensa por atentados en el Valle"}]},{"@type":"WebSite","@id":"https:\/\/luchonoticias.com\/editor\/#website","url":"https:\/\/luchonoticias.com\/editor\/","name":"","description":"","publisher":{"@id":"https:\/\/luchonoticias.com\/editor\/#\/schema\/person\/7a7fd911f58561fd056dbac7b55af9cd"},"potentialAction":[{"@type":"SearchAction","target":{"@type":"EntryPoint","urlTemplate":"https:\/\/luchonoticias.com\/editor\/?s={search_term_string}"},"query-input":{"@type":"PropertyValueSpecification","valueRequired":true,"valueName":"search_term_string"}}],"inLanguage":"es"},{"@type":["Person","Organization"],"@id":"https:\/\/luchonoticias.com\/editor\/#\/schema\/person\/7a7fd911f58561fd056dbac7b55af9cd","name":"admin","image":{"@type":"ImageObject","inLanguage":"es","@id":"https:\/\/luchonoticias.com\/editor\/#\/schema\/person\/image\/","url":"https:\/\/luchonoticias.com\/editor\/wp-content\/uploads\/2024\/02\/cropped-cropped-logolu.webp","contentUrl":"https:\/\/luchonoticias.com\/editor\/wp-content\/uploads\/2024\/02\/cropped-cropped-logolu.webp","width":382,"height":170,"caption":"admin"},"logo":{"@id":"https:\/\/luchonoticias.com\/editor\/#\/schema\/person\/image\/"},"sameAs":["https:\/\/www.facebook.com\/luchonoticiasneiva"]},{"@type":"Person","@id":"https:\/\/luchonoticias.com\/editor\/#\/schema\/person\/29217990ddf6f14e35912b2866d591fb","name":"Editor General","image":{"@type":"ImageObject","inLanguage":"es","@id":"https:\/\/luchonoticias.com\/editor\/#\/schema\/person\/image\/","url":"https:\/\/luchonoticias.com\/editor\/wp-content\/uploads\/2024\/02\/cropped-cropped-logolu-150x150.webp","contentUrl":"https:\/\/luchonoticias.com\/editor\/wp-content\/uploads\/2024\/02\/cropped-cropped-logolu-150x150.webp","caption":"Editor General"},"sameAs":["https:\/\/luchonoticias.com\/"],"url":"https:\/\/luchonoticias.com\/editor\/author\/editor-general\/"}]}},"_links":{"self":[{"href":"https:\/\/luchonoticias.com\/editor\/wp-json\/wp\/v2\/posts\/97285","targetHints":{"allow":["GET"]}}],"collection":[{"href":"https:\/\/luchonoticias.com\/editor\/wp-json\/wp\/v2\/posts"}],"about":[{"href":"https:\/\/luchonoticias.com\/editor\/wp-json\/wp\/v2\/types\/post"}],"author":[{"embeddable":true,"href":"https:\/\/luchonoticias.com\/editor\/wp-json\/wp\/v2\/users\/2"}],"replies":[{"embeddable":true,"href":"https:\/\/luchonoticias.com\/editor\/wp-json\/wp\/v2\/comments?post=97285"}],"version-history":[{"count":1,"href":"https:\/\/luchonoticias.com\/editor\/wp-json\/wp\/v2\/posts\/97285\/revisions"}],"predecessor-version":[{"id":97287,"href":"https:\/\/luchonoticias.com\/editor\/wp-json\/wp\/v2\/posts\/97285\/revisions\/97287"}],"wp:featuredmedia":[{"embeddable":true,"href":"https:\/\/luchonoticias.com\/editor\/wp-json\/wp\/v2\/media\/97286"}],"wp:attachment":[{"href":"https:\/\/luchonoticias.com\/editor\/wp-json\/wp\/v2\/media?parent=97285"}],"wp:term":[{"taxonomy":"category","embeddable":true,"href":"https:\/\/luchonoticias.com\/editor\/wp-json\/wp\/v2\/categories?post=97285"},{"taxonomy":"post_tag","embeddable":true,"href":"https:\/\/luchonoticias.com\/editor\/wp-json\/wp\/v2\/tags?post=97285"}],"curies":[{"name":"wp","href":"https:\/\/api.w.org\/{rel}","templated":true}]}}