{"id":97310,"date":"2026-04-27T04:40:43","date_gmt":"2026-04-27T09:40:43","guid":{"rendered":"https:\/\/luchonoticias.com\/editor\/?p=97310"},"modified":"2026-04-27T04:40:45","modified_gmt":"2026-04-27T09:40:45","slug":"nueva-encuesta-electoral-cepeda-sigue-liderando","status":"publish","type":"post","link":"https:\/\/luchonoticias.com\/editor\/nueva-encuesta-electoral-cepeda-sigue-liderando\/","title":{"rendered":"Nueva encuesta electoral, Cepeda sigue liderando"},"content":{"rendered":"\n<p>La m\u00e1s reciente medici\u00f3n de intenci\u00f3n de voto de cara a la primera vuelta presidencial muestra un panorama claro: Iv\u00e1n Cepeda se mantiene como l\u00edder.<\/p>\n\n\n\n<p>Seg\u00fan los resultados, ante la pregunta de por cu\u00e1l candidato votar\u00edan si las elecciones fueran el pr\u00f3ximo domingo, Cepeda alcanza el 44,3%, seguido por Abelardo de la Espriella con 21,5% y Paloma Valencia con 19,8%. M\u00e1s atr\u00e1s aparecen Claudia L\u00f3pez (3,6%) y Sergio Fajardo (2,5%), mientras que el voto en blanco se ubica en 4,8%.<\/p>\n\n\n\n<p>El estudio tambi\u00e9n registra otros aspirantes con menos del 2% de intenci\u00f3n de voto, lo que refleja una alta fragmentaci\u00f3n entre los sectores minoritarios. Entre ellos figuran Santiago Botero (1,4%); Luis Gilberto Murillo, Carlos Caicedo, Mauricio Lizcano y Miguel Uribe Londo\u00f1o (0,4% cada uno); Sondra Macollins (0,2%); Roy Barreras (0,1%) y Gustavo Matamoros (0,0%).<\/p>\n\n\n\n<p>En un segundo escenario, con un n\u00famero m\u00e1s reducido de candidatos, la tendencia se mantiene: Cepeda obtiene el 44,7%, seguido por De la Espriella (22,9%) y Valencia (21,2%).<\/p>\n\n\n\n<p>En cuanto a la participaci\u00f3n, el 56,5% de los encuestados asegura que definitivamente votar\u00eda, mientras que un 20,1% se\u00f1ala que probablemente lo har\u00eda.<\/p>\n\n\n\n<p>Los resultados se basan en una muestra de 3.800 encuestas aplicadas en 149 municipios del pa\u00eds, con un margen de error de 1,89% y un nivel de confianza del 95%. El trabajo de campo se realiz\u00f3 entre el 15 y el 24 de abril de 2026 mediante entrevistas presenciales en hogares a personas mayores de 18 a\u00f1os de todos los niveles socioecon\u00f3micos.<\/p>\n","protected":false},"excerpt":{"rendered":"<p>La m\u00e1s reciente medici\u00f3n de intenci\u00f3n de voto de cara a la primera vuelta presidencial muestra un panorama claro: Iv\u00e1n Cepeda se mantiene como l\u00edder. Seg\u00fan los resultados, ante la pregunta de por cu\u00e1l candidato votar\u00edan si las elecciones fueran el pr\u00f3ximo domingo, Cepeda alcanza el 44,3%, seguido por Abelardo de la Espriella con 21,5% [&hellip;]<\/p>\n","protected":false},"author":2,"featured_media":97311,"comment_status":"closed","ping_status":"open","sticky":false,"template":"","format":"standard","meta":{"footnotes":""},"categories":[28,36,32],"tags":[],"class_list":["post-97310","post","type-post","status-publish","format-standard","has-post-thumbnail","hentry","category-actualidad","category-destacado","category-nacional"],"yoast_head":"<!-- This site is optimized with the Yoast SEO plugin v26.6 - https:\/\/yoast.com\/wordpress\/plugins\/seo\/ -->\n<title>Nueva encuesta electoral, Cepeda sigue liderando -<\/title>\n<meta name=\"robots\" content=\"index, follow, max-snippet:-1, max-image-preview:large, max-video-preview:-1\" \/>\n<link rel=\"canonical\" href=\"https:\/\/luchonoticias.com\/editor\/nueva-encuesta-electoral-cepeda-sigue-liderando\/\" \/>\n<meta property=\"og:locale\" content=\"es_ES\" \/>\n<meta property=\"og:type\" content=\"article\" \/>\n<meta property=\"og:title\" content=\"Nueva encuesta electoral, Cepeda sigue liderando -\" \/>\n<meta property=\"og:url\" content=\"https:\/\/luchonoticias.com\/editor\/nueva-encuesta-electoral-cepeda-sigue-liderando\/\" \/>\n<meta property=\"article:publisher\" content=\"https:\/\/www.facebook.com\/luchonoticiasneiva\" \/>\n<meta property=\"article:published_time\" content=\"2026-04-27T09:40:43+00:00\" \/>\n<meta property=\"article:modified_time\" content=\"2026-04-27T09:40:45+00:00\" \/>\n<meta property=\"og:image\" content=\"https:\/\/luchonoticias.com\/editor\/wp-content\/uploads\/2026\/04\/CEPEDA.jpg\" \/>\n\t<meta property=\"og:image:width\" content=\"700\" \/>\n\t<meta property=\"og:image:height\" content=\"400\" \/>\n\t<meta property=\"og:image:type\" content=\"image\/jpeg\" \/>\n<meta name=\"author\" content=\"Editor General\" \/>\n<meta name=\"twitter:card\" content=\"summary_large_image\" \/>\n<meta name=\"twitter:label1\" content=\"Escrito por\" \/>\n\t<meta name=\"twitter:data1\" content=\"Editor General\" \/>\n\t<meta name=\"twitter:label2\" content=\"Tiempo de lectura\" \/>\n\t<meta name=\"twitter:data2\" content=\"2 minutos\" \/>\n<script type=\"application\/ld+json\" class=\"yoast-schema-graph\">{\"@context\":\"https:\/\/schema.org\",\"@graph\":[{\"@type\":\"Article\",\"@id\":\"https:\/\/luchonoticias.com\/editor\/nueva-encuesta-electoral-cepeda-sigue-liderando\/#article\",\"isPartOf\":{\"@id\":\"https:\/\/luchonoticias.com\/editor\/nueva-encuesta-electoral-cepeda-sigue-liderando\/\"},\"author\":{\"name\":\"Editor General\",\"@id\":\"https:\/\/luchonoticias.com\/editor\/#\/schema\/person\/29217990ddf6f14e35912b2866d591fb\"},\"headline\":\"Nueva encuesta electoral, Cepeda sigue liderando\",\"datePublished\":\"2026-04-27T09:40:43+00:00\",\"dateModified\":\"2026-04-27T09:40:45+00:00\",\"mainEntityOfPage\":{\"@id\":\"https:\/\/luchonoticias.com\/editor\/nueva-encuesta-electoral-cepeda-sigue-liderando\/\"},\"wordCount\":253,\"publisher\":{\"@id\":\"https:\/\/luchonoticias.com\/editor\/#\/schema\/person\/7a7fd911f58561fd056dbac7b55af9cd\"},\"image\":{\"@id\":\"https:\/\/luchonoticias.com\/editor\/nueva-encuesta-electoral-cepeda-sigue-liderando\/#primaryimage\"},\"thumbnailUrl\":\"https:\/\/luchonoticias.com\/editor\/wp-content\/uploads\/2026\/04\/CEPEDA.jpg\",\"articleSection\":[\"Actualidad\",\"Destacado\",\"Nacional\"],\"inLanguage\":\"es\"},{\"@type\":\"WebPage\",\"@id\":\"https:\/\/luchonoticias.com\/editor\/nueva-encuesta-electoral-cepeda-sigue-liderando\/\",\"url\":\"https:\/\/luchonoticias.com\/editor\/nueva-encuesta-electoral-cepeda-sigue-liderando\/\",\"name\":\"Nueva encuesta electoral, Cepeda sigue liderando -\",\"isPartOf\":{\"@id\":\"https:\/\/luchonoticias.com\/editor\/#website\"},\"primaryImageOfPage\":{\"@id\":\"https:\/\/luchonoticias.com\/editor\/nueva-encuesta-electoral-cepeda-sigue-liderando\/#primaryimage\"},\"image\":{\"@id\":\"https:\/\/luchonoticias.com\/editor\/nueva-encuesta-electoral-cepeda-sigue-liderando\/#primaryimage\"},\"thumbnailUrl\":\"https:\/\/luchonoticias.com\/editor\/wp-content\/uploads\/2026\/04\/CEPEDA.jpg\",\"datePublished\":\"2026-04-27T09:40:43+00:00\",\"dateModified\":\"2026-04-27T09:40:45+00:00\",\"breadcrumb\":{\"@id\":\"https:\/\/luchonoticias.com\/editor\/nueva-encuesta-electoral-cepeda-sigue-liderando\/#breadcrumb\"},\"inLanguage\":\"es\",\"potentialAction\":[{\"@type\":\"ReadAction\",\"target\":[\"https:\/\/luchonoticias.com\/editor\/nueva-encuesta-electoral-cepeda-sigue-liderando\/\"]}]},{\"@type\":\"ImageObject\",\"inLanguage\":\"es\",\"@id\":\"https:\/\/luchonoticias.com\/editor\/nueva-encuesta-electoral-cepeda-sigue-liderando\/#primaryimage\",\"url\":\"https:\/\/luchonoticias.com\/editor\/wp-content\/uploads\/2026\/04\/CEPEDA.jpg\",\"contentUrl\":\"https:\/\/luchonoticias.com\/editor\/wp-content\/uploads\/2026\/04\/CEPEDA.jpg\",\"width\":700,\"height\":400},{\"@type\":\"BreadcrumbList\",\"@id\":\"https:\/\/luchonoticias.com\/editor\/nueva-encuesta-electoral-cepeda-sigue-liderando\/#breadcrumb\",\"itemListElement\":[{\"@type\":\"ListItem\",\"position\":1,\"name\":\"Portada\",\"item\":\"https:\/\/luchonoticias.com\/editor\/\"},{\"@type\":\"ListItem\",\"position\":2,\"name\":\"Nueva encuesta electoral, Cepeda sigue liderando\"}]},{\"@type\":\"WebSite\",\"@id\":\"https:\/\/luchonoticias.com\/editor\/#website\",\"url\":\"https:\/\/luchonoticias.com\/editor\/\",\"name\":\"\",\"description\":\"\",\"publisher\":{\"@id\":\"https:\/\/luchonoticias.com\/editor\/#\/schema\/person\/7a7fd911f58561fd056dbac7b55af9cd\"},\"potentialAction\":[{\"@type\":\"SearchAction\",\"target\":{\"@type\":\"EntryPoint\",\"urlTemplate\":\"https:\/\/luchonoticias.com\/editor\/?s={search_term_string}\"},\"query-input\":{\"@type\":\"PropertyValueSpecification\",\"valueRequired\":true,\"valueName\":\"search_term_string\"}}],\"inLanguage\":\"es\"},{\"@type\":[\"Person\",\"Organization\"],\"@id\":\"https:\/\/luchonoticias.com\/editor\/#\/schema\/person\/7a7fd911f58561fd056dbac7b55af9cd\",\"name\":\"admin\",\"image\":{\"@type\":\"ImageObject\",\"inLanguage\":\"es\",\"@id\":\"https:\/\/luchonoticias.com\/editor\/#\/schema\/person\/image\/\",\"url\":\"https:\/\/luchonoticias.com\/editor\/wp-content\/uploads\/2024\/02\/cropped-cropped-logolu.webp\",\"contentUrl\":\"https:\/\/luchonoticias.com\/editor\/wp-content\/uploads\/2024\/02\/cropped-cropped-logolu.webp\",\"width\":382,\"height\":170,\"caption\":\"admin\"},\"logo\":{\"@id\":\"https:\/\/luchonoticias.com\/editor\/#\/schema\/person\/image\/\"},\"sameAs\":[\"https:\/\/www.facebook.com\/luchonoticiasneiva\"]},{\"@type\":\"Person\",\"@id\":\"https:\/\/luchonoticias.com\/editor\/#\/schema\/person\/29217990ddf6f14e35912b2866d591fb\",\"name\":\"Editor General\",\"image\":{\"@type\":\"ImageObject\",\"inLanguage\":\"es\",\"@id\":\"https:\/\/luchonoticias.com\/editor\/#\/schema\/person\/image\/\",\"url\":\"https:\/\/luchonoticias.com\/editor\/wp-content\/uploads\/2024\/02\/cropped-cropped-logolu-150x150.webp\",\"contentUrl\":\"https:\/\/luchonoticias.com\/editor\/wp-content\/uploads\/2024\/02\/cropped-cropped-logolu-150x150.webp\",\"caption\":\"Editor General\"},\"sameAs\":[\"https:\/\/luchonoticias.com\/\"],\"url\":\"https:\/\/luchonoticias.com\/editor\/author\/editor-general\/\"}]}<\/script>\n<!-- \/ Yoast SEO plugin. -->","yoast_head_json":{"title":"Nueva encuesta electoral, Cepeda sigue liderando -","robots":{"index":"index","follow":"follow","max-snippet":"max-snippet:-1","max-image-preview":"max-image-preview:large","max-video-preview":"max-video-preview:-1"},"canonical":"https:\/\/luchonoticias.com\/editor\/nueva-encuesta-electoral-cepeda-sigue-liderando\/","og_locale":"es_ES","og_type":"article","og_title":"Nueva encuesta electoral, Cepeda sigue liderando -","og_url":"https:\/\/luchonoticias.com\/editor\/nueva-encuesta-electoral-cepeda-sigue-liderando\/","article_publisher":"https:\/\/www.facebook.com\/luchonoticiasneiva","article_published_time":"2026-04-27T09:40:43+00:00","article_modified_time":"2026-04-27T09:40:45+00:00","og_image":[{"width":700,"height":400,"url":"https:\/\/luchonoticias.com\/editor\/wp-content\/uploads\/2026\/04\/CEPEDA.jpg","type":"image\/jpeg"}],"author":"Editor General","twitter_card":"summary_large_image","twitter_misc":{"Escrito por":"Editor General","Tiempo de lectura":"2 minutos"},"schema":{"@context":"https:\/\/schema.org","@graph":[{"@type":"Article","@id":"https:\/\/luchonoticias.com\/editor\/nueva-encuesta-electoral-cepeda-sigue-liderando\/#article","isPartOf":{"@id":"https:\/\/luchonoticias.com\/editor\/nueva-encuesta-electoral-cepeda-sigue-liderando\/"},"author":{"name":"Editor General","@id":"https:\/\/luchonoticias.com\/editor\/#\/schema\/person\/29217990ddf6f14e35912b2866d591fb"},"headline":"Nueva encuesta electoral, Cepeda sigue liderando","datePublished":"2026-04-27T09:40:43+00:00","dateModified":"2026-04-27T09:40:45+00:00","mainEntityOfPage":{"@id":"https:\/\/luchonoticias.com\/editor\/nueva-encuesta-electoral-cepeda-sigue-liderando\/"},"wordCount":253,"publisher":{"@id":"https:\/\/luchonoticias.com\/editor\/#\/schema\/person\/7a7fd911f58561fd056dbac7b55af9cd"},"image":{"@id":"https:\/\/luchonoticias.com\/editor\/nueva-encuesta-electoral-cepeda-sigue-liderando\/#primaryimage"},"thumbnailUrl":"https:\/\/luchonoticias.com\/editor\/wp-content\/uploads\/2026\/04\/CEPEDA.jpg","articleSection":["Actualidad","Destacado","Nacional"],"inLanguage":"es"},{"@type":"WebPage","@id":"https:\/\/luchonoticias.com\/editor\/nueva-encuesta-electoral-cepeda-sigue-liderando\/","url":"https:\/\/luchonoticias.com\/editor\/nueva-encuesta-electoral-cepeda-sigue-liderando\/","name":"Nueva encuesta electoral, Cepeda sigue liderando -","isPartOf":{"@id":"https:\/\/luchonoticias.com\/editor\/#website"},"primaryImageOfPage":{"@id":"https:\/\/luchonoticias.com\/editor\/nueva-encuesta-electoral-cepeda-sigue-liderando\/#primaryimage"},"image":{"@id":"https:\/\/luchonoticias.com\/editor\/nueva-encuesta-electoral-cepeda-sigue-liderando\/#primaryimage"},"thumbnailUrl":"https:\/\/luchonoticias.com\/editor\/wp-content\/uploads\/2026\/04\/CEPEDA.jpg","datePublished":"2026-04-27T09:40:43+00:00","dateModified":"2026-04-27T09:40:45+00:00","breadcrumb":{"@id":"https:\/\/luchonoticias.com\/editor\/nueva-encuesta-electoral-cepeda-sigue-liderando\/#breadcrumb"},"inLanguage":"es","potentialAction":[{"@type":"ReadAction","target":["https:\/\/luchonoticias.com\/editor\/nueva-encuesta-electoral-cepeda-sigue-liderando\/"]}]},{"@type":"ImageObject","inLanguage":"es","@id":"https:\/\/luchonoticias.com\/editor\/nueva-encuesta-electoral-cepeda-sigue-liderando\/#primaryimage","url":"https:\/\/luchonoticias.com\/editor\/wp-content\/uploads\/2026\/04\/CEPEDA.jpg","contentUrl":"https:\/\/luchonoticias.com\/editor\/wp-content\/uploads\/2026\/04\/CEPEDA.jpg","width":700,"height":400},{"@type":"BreadcrumbList","@id":"https:\/\/luchonoticias.com\/editor\/nueva-encuesta-electoral-cepeda-sigue-liderando\/#breadcrumb","itemListElement":[{"@type":"ListItem","position":1,"name":"Portada","item":"https:\/\/luchonoticias.com\/editor\/"},{"@type":"ListItem","position":2,"name":"Nueva encuesta electoral, Cepeda sigue liderando"}]},{"@type":"WebSite","@id":"https:\/\/luchonoticias.com\/editor\/#website","url":"https:\/\/luchonoticias.com\/editor\/","name":"","description":"","publisher":{"@id":"https:\/\/luchonoticias.com\/editor\/#\/schema\/person\/7a7fd911f58561fd056dbac7b55af9cd"},"potentialAction":[{"@type":"SearchAction","target":{"@type":"EntryPoint","urlTemplate":"https:\/\/luchonoticias.com\/editor\/?s={search_term_string}"},"query-input":{"@type":"PropertyValueSpecification","valueRequired":true,"valueName":"search_term_string"}}],"inLanguage":"es"},{"@type":["Person","Organization"],"@id":"https:\/\/luchonoticias.com\/editor\/#\/schema\/person\/7a7fd911f58561fd056dbac7b55af9cd","name":"admin","image":{"@type":"ImageObject","inLanguage":"es","@id":"https:\/\/luchonoticias.com\/editor\/#\/schema\/person\/image\/","url":"https:\/\/luchonoticias.com\/editor\/wp-content\/uploads\/2024\/02\/cropped-cropped-logolu.webp","contentUrl":"https:\/\/luchonoticias.com\/editor\/wp-content\/uploads\/2024\/02\/cropped-cropped-logolu.webp","width":382,"height":170,"caption":"admin"},"logo":{"@id":"https:\/\/luchonoticias.com\/editor\/#\/schema\/person\/image\/"},"sameAs":["https:\/\/www.facebook.com\/luchonoticiasneiva"]},{"@type":"Person","@id":"https:\/\/luchonoticias.com\/editor\/#\/schema\/person\/29217990ddf6f14e35912b2866d591fb","name":"Editor General","image":{"@type":"ImageObject","inLanguage":"es","@id":"https:\/\/luchonoticias.com\/editor\/#\/schema\/person\/image\/","url":"https:\/\/luchonoticias.com\/editor\/wp-content\/uploads\/2024\/02\/cropped-cropped-logolu-150x150.webp","contentUrl":"https:\/\/luchonoticias.com\/editor\/wp-content\/uploads\/2024\/02\/cropped-cropped-logolu-150x150.webp","caption":"Editor General"},"sameAs":["https:\/\/luchonoticias.com\/"],"url":"https:\/\/luchonoticias.com\/editor\/author\/editor-general\/"}]}},"_links":{"self":[{"href":"https:\/\/luchonoticias.com\/editor\/wp-json\/wp\/v2\/posts\/97310","targetHints":{"allow":["GET"]}}],"collection":[{"href":"https:\/\/luchonoticias.com\/editor\/wp-json\/wp\/v2\/posts"}],"about":[{"href":"https:\/\/luchonoticias.com\/editor\/wp-json\/wp\/v2\/types\/post"}],"author":[{"embeddable":true,"href":"https:\/\/luchonoticias.com\/editor\/wp-json\/wp\/v2\/users\/2"}],"replies":[{"embeddable":true,"href":"https:\/\/luchonoticias.com\/editor\/wp-json\/wp\/v2\/comments?post=97310"}],"version-history":[{"count":1,"href":"https:\/\/luchonoticias.com\/editor\/wp-json\/wp\/v2\/posts\/97310\/revisions"}],"predecessor-version":[{"id":97312,"href":"https:\/\/luchonoticias.com\/editor\/wp-json\/wp\/v2\/posts\/97310\/revisions\/97312"}],"wp:featuredmedia":[{"embeddable":true,"href":"https:\/\/luchonoticias.com\/editor\/wp-json\/wp\/v2\/media\/97311"}],"wp:attachment":[{"href":"https:\/\/luchonoticias.com\/editor\/wp-json\/wp\/v2\/media?parent=97310"}],"wp:term":[{"taxonomy":"category","embeddable":true,"href":"https:\/\/luchonoticias.com\/editor\/wp-json\/wp\/v2\/categories?post=97310"},{"taxonomy":"post_tag","embeddable":true,"href":"https:\/\/luchonoticias.com\/editor\/wp-json\/wp\/v2\/tags?post=97310"}],"curies":[{"name":"wp","href":"https:\/\/api.w.org\/{rel}","templated":true}]}}