{"id":97321,"date":"2026-04-27T05:11:35","date_gmt":"2026-04-27T10:11:35","guid":{"rendered":"https:\/\/luchonoticias.com\/editor\/?p=97321"},"modified":"2026-04-27T05:11:36","modified_gmt":"2026-04-27T10:11:36","slug":"gran-simultanea-del-mes-del-nino-en-neiva","status":"publish","type":"post","link":"https:\/\/luchonoticias.com\/editor\/gran-simultanea-del-mes-del-nino-en-neiva\/","title":{"rendered":"Gran simult\u00e1nea del Mes del Ni\u00f1o en Neiva"},"content":{"rendered":"\n<p>Neiva vivi\u00f3 una jornada llena de color y participaci\u00f3n durante la Gran Simult\u00e1nea del Mes de la Ni\u00f1ez, una actividad que reuni\u00f3 a familias, ni\u00f1as, ni\u00f1os y adolescentes en torno al juego y la recreaci\u00f3n.<\/p>\n\n\n\n<p>La programaci\u00f3n comenz\u00f3 con una movilizaci\u00f3n desde el edificio de la Administraci\u00f3n Municipal, que recorri\u00f3 varias v\u00edas de la ciudad hasta llegar al Parque de los Ni\u00f1os, donde se concentraron las actividades principales.<\/p>\n\n\n\n<p>En este espacio se desarrollaron juegos, concursos y actividades l\u00fadicas dise\u00f1adas para la infancia. A pesar de la lluvia, la jornada se llev\u00f3 a cabo con normalidad y registr\u00f3 una alta participaci\u00f3n de la comunidad.<\/p>\n\n\n\n<figure class=\"wp-block-gallery has-nested-images columns-default is-cropped wp-block-gallery-1 is-layout-flex wp-block-gallery-is-layout-flex\">\n<figure class=\"wp-block-image size-large\"><img loading=\"lazy\" decoding=\"async\" width=\"1024\" height=\"576\" data-id=\"97323\" src=\"https:\/\/luchonoticias.com\/editor\/wp-content\/uploads\/2026\/04\/WhatsApp-Image-2026-04-26-at-19.37.33-1024x576.jpeg\" alt=\"\" class=\"wp-image-97323\" srcset=\"https:\/\/luchonoticias.com\/editor\/wp-content\/uploads\/2026\/04\/WhatsApp-Image-2026-04-26-at-19.37.33-1024x576.jpeg 1024w, https:\/\/luchonoticias.com\/editor\/wp-content\/uploads\/2026\/04\/WhatsApp-Image-2026-04-26-at-19.37.33-300x169.jpeg 300w, https:\/\/luchonoticias.com\/editor\/wp-content\/uploads\/2026\/04\/WhatsApp-Image-2026-04-26-at-19.37.33-768x432.jpeg 768w, https:\/\/luchonoticias.com\/editor\/wp-content\/uploads\/2026\/04\/WhatsApp-Image-2026-04-26-at-19.37.33.jpeg 1280w\" sizes=\"auto, (max-width: 1024px) 100vw, 1024px\" \/><\/figure>\n\n\n\n<figure class=\"wp-block-image size-large\"><img loading=\"lazy\" decoding=\"async\" width=\"1024\" height=\"768\" data-id=\"97324\" src=\"https:\/\/luchonoticias.com\/editor\/wp-content\/uploads\/2026\/04\/WhatsApp-Image-2026-04-26-at-19.37.33-1-1024x768.jpeg\" alt=\"\" class=\"wp-image-97324\" srcset=\"https:\/\/luchonoticias.com\/editor\/wp-content\/uploads\/2026\/04\/WhatsApp-Image-2026-04-26-at-19.37.33-1-1024x768.jpeg 1024w, https:\/\/luchonoticias.com\/editor\/wp-content\/uploads\/2026\/04\/WhatsApp-Image-2026-04-26-at-19.37.33-1-300x225.jpeg 300w, https:\/\/luchonoticias.com\/editor\/wp-content\/uploads\/2026\/04\/WhatsApp-Image-2026-04-26-at-19.37.33-1-768x576.jpeg 768w, https:\/\/luchonoticias.com\/editor\/wp-content\/uploads\/2026\/04\/WhatsApp-Image-2026-04-26-at-19.37.33-1.jpeg 1280w\" sizes=\"auto, (max-width: 1024px) 100vw, 1024px\" \/><\/figure>\n<\/figure>\n\n\n\n<p>Durante el evento, distintas dependencias de la administraci\u00f3n instalaron puntos de atenci\u00f3n con oferta institucional y espacios recreativos orientados a promover el bienestar, la integraci\u00f3n y el aprendizaje de ni\u00f1as, ni\u00f1os y adolescentes.<\/p>\n\n\n\n<p>La actividad hizo parte de la conmemoraci\u00f3n del Mes de la Ni\u00f1ez y busc\u00f3 fortalecer el reconocimiento del juego como un derecho fundamental, as\u00ed como promover entornos seguros para el desarrollo de la infancia en la ciudad.<\/p>\n","protected":false},"excerpt":{"rendered":"<p>Neiva vivi\u00f3 una jornada llena de color y participaci\u00f3n durante la Gran Simult\u00e1nea del Mes de la Ni\u00f1ez, una actividad que reuni\u00f3 a familias, ni\u00f1as, ni\u00f1os y adolescentes en torno al juego y la recreaci\u00f3n. La programaci\u00f3n comenz\u00f3 con una movilizaci\u00f3n desde el edificio de la Administraci\u00f3n Municipal, que recorri\u00f3 varias v\u00edas de la ciudad [&hellip;]<\/p>\n","protected":false},"author":2,"featured_media":97322,"comment_status":"closed","ping_status":"open","sticky":false,"template":"","format":"standard","meta":{"footnotes":""},"categories":[31,53],"tags":[],"class_list":["post-97321","post","type-post","status-publish","format-standard","has-post-thumbnail","hentry","category-local","category-neiva"],"yoast_head":"<!-- This site is optimized with the Yoast SEO plugin v26.6 - https:\/\/yoast.com\/wordpress\/plugins\/seo\/ -->\n<title>Gran simult\u00e1nea del Mes del Ni\u00f1o en Neiva -<\/title>\n<meta name=\"robots\" content=\"index, follow, max-snippet:-1, max-image-preview:large, max-video-preview:-1\" \/>\n<link rel=\"canonical\" href=\"https:\/\/luchonoticias.com\/editor\/gran-simultanea-del-mes-del-nino-en-neiva\/\" \/>\n<meta property=\"og:locale\" content=\"es_ES\" \/>\n<meta property=\"og:type\" content=\"article\" \/>\n<meta property=\"og:title\" content=\"Gran simult\u00e1nea del Mes del Ni\u00f1o en Neiva -\" \/>\n<meta property=\"og:url\" content=\"https:\/\/luchonoticias.com\/editor\/gran-simultanea-del-mes-del-nino-en-neiva\/\" \/>\n<meta property=\"article:publisher\" content=\"https:\/\/www.facebook.com\/luchonoticiasneiva\" \/>\n<meta property=\"article:published_time\" content=\"2026-04-27T10:11:35+00:00\" \/>\n<meta property=\"article:modified_time\" content=\"2026-04-27T10:11:36+00:00\" \/>\n<meta property=\"og:image\" content=\"https:\/\/luchonoticias.com\/editor\/wp-content\/uploads\/2026\/04\/MES-DEL-NINO.jpg\" \/>\n\t<meta property=\"og:image:width\" content=\"700\" \/>\n\t<meta property=\"og:image:height\" content=\"400\" \/>\n\t<meta property=\"og:image:type\" content=\"image\/jpeg\" \/>\n<meta name=\"author\" content=\"Editor General\" \/>\n<meta name=\"twitter:card\" content=\"summary_large_image\" \/>\n<meta name=\"twitter:label1\" content=\"Escrito por\" \/>\n\t<meta name=\"twitter:data1\" content=\"Editor General\" \/>\n\t<meta name=\"twitter:label2\" content=\"Tiempo de lectura\" \/>\n\t<meta name=\"twitter:data2\" content=\"2 minutos\" \/>\n<script type=\"application\/ld+json\" class=\"yoast-schema-graph\">{\"@context\":\"https:\/\/schema.org\",\"@graph\":[{\"@type\":\"Article\",\"@id\":\"https:\/\/luchonoticias.com\/editor\/gran-simultanea-del-mes-del-nino-en-neiva\/#article\",\"isPartOf\":{\"@id\":\"https:\/\/luchonoticias.com\/editor\/gran-simultanea-del-mes-del-nino-en-neiva\/\"},\"author\":{\"name\":\"Editor General\",\"@id\":\"https:\/\/luchonoticias.com\/editor\/#\/schema\/person\/29217990ddf6f14e35912b2866d591fb\"},\"headline\":\"Gran simult\u00e1nea del Mes del Ni\u00f1o en Neiva\",\"datePublished\":\"2026-04-27T10:11:35+00:00\",\"dateModified\":\"2026-04-27T10:11:36+00:00\",\"mainEntityOfPage\":{\"@id\":\"https:\/\/luchonoticias.com\/editor\/gran-simultanea-del-mes-del-nino-en-neiva\/\"},\"wordCount\":204,\"publisher\":{\"@id\":\"https:\/\/luchonoticias.com\/editor\/#\/schema\/person\/7a7fd911f58561fd056dbac7b55af9cd\"},\"image\":{\"@id\":\"https:\/\/luchonoticias.com\/editor\/gran-simultanea-del-mes-del-nino-en-neiva\/#primaryimage\"},\"thumbnailUrl\":\"https:\/\/luchonoticias.com\/editor\/wp-content\/uploads\/2026\/04\/MES-DEL-NINO.jpg\",\"articleSection\":[\"Local\",\"Neiva\"],\"inLanguage\":\"es\"},{\"@type\":\"WebPage\",\"@id\":\"https:\/\/luchonoticias.com\/editor\/gran-simultanea-del-mes-del-nino-en-neiva\/\",\"url\":\"https:\/\/luchonoticias.com\/editor\/gran-simultanea-del-mes-del-nino-en-neiva\/\",\"name\":\"Gran simult\u00e1nea del Mes del Ni\u00f1o en Neiva -\",\"isPartOf\":{\"@id\":\"https:\/\/luchonoticias.com\/editor\/#website\"},\"primaryImageOfPage\":{\"@id\":\"https:\/\/luchonoticias.com\/editor\/gran-simultanea-del-mes-del-nino-en-neiva\/#primaryimage\"},\"image\":{\"@id\":\"https:\/\/luchonoticias.com\/editor\/gran-simultanea-del-mes-del-nino-en-neiva\/#primaryimage\"},\"thumbnailUrl\":\"https:\/\/luchonoticias.com\/editor\/wp-content\/uploads\/2026\/04\/MES-DEL-NINO.jpg\",\"datePublished\":\"2026-04-27T10:11:35+00:00\",\"dateModified\":\"2026-04-27T10:11:36+00:00\",\"breadcrumb\":{\"@id\":\"https:\/\/luchonoticias.com\/editor\/gran-simultanea-del-mes-del-nino-en-neiva\/#breadcrumb\"},\"inLanguage\":\"es\",\"potentialAction\":[{\"@type\":\"ReadAction\",\"target\":[\"https:\/\/luchonoticias.com\/editor\/gran-simultanea-del-mes-del-nino-en-neiva\/\"]}]},{\"@type\":\"ImageObject\",\"inLanguage\":\"es\",\"@id\":\"https:\/\/luchonoticias.com\/editor\/gran-simultanea-del-mes-del-nino-en-neiva\/#primaryimage\",\"url\":\"https:\/\/luchonoticias.com\/editor\/wp-content\/uploads\/2026\/04\/MES-DEL-NINO.jpg\",\"contentUrl\":\"https:\/\/luchonoticias.com\/editor\/wp-content\/uploads\/2026\/04\/MES-DEL-NINO.jpg\",\"width\":700,\"height\":400},{\"@type\":\"BreadcrumbList\",\"@id\":\"https:\/\/luchonoticias.com\/editor\/gran-simultanea-del-mes-del-nino-en-neiva\/#breadcrumb\",\"itemListElement\":[{\"@type\":\"ListItem\",\"position\":1,\"name\":\"Portada\",\"item\":\"https:\/\/luchonoticias.com\/editor\/\"},{\"@type\":\"ListItem\",\"position\":2,\"name\":\"Gran simult\u00e1nea del Mes del Ni\u00f1o en Neiva\"}]},{\"@type\":\"WebSite\",\"@id\":\"https:\/\/luchonoticias.com\/editor\/#website\",\"url\":\"https:\/\/luchonoticias.com\/editor\/\",\"name\":\"\",\"description\":\"\",\"publisher\":{\"@id\":\"https:\/\/luchonoticias.com\/editor\/#\/schema\/person\/7a7fd911f58561fd056dbac7b55af9cd\"},\"potentialAction\":[{\"@type\":\"SearchAction\",\"target\":{\"@type\":\"EntryPoint\",\"urlTemplate\":\"https:\/\/luchonoticias.com\/editor\/?s={search_term_string}\"},\"query-input\":{\"@type\":\"PropertyValueSpecification\",\"valueRequired\":true,\"valueName\":\"search_term_string\"}}],\"inLanguage\":\"es\"},{\"@type\":[\"Person\",\"Organization\"],\"@id\":\"https:\/\/luchonoticias.com\/editor\/#\/schema\/person\/7a7fd911f58561fd056dbac7b55af9cd\",\"name\":\"admin\",\"image\":{\"@type\":\"ImageObject\",\"inLanguage\":\"es\",\"@id\":\"https:\/\/luchonoticias.com\/editor\/#\/schema\/person\/image\/\",\"url\":\"https:\/\/luchonoticias.com\/editor\/wp-content\/uploads\/2024\/02\/cropped-cropped-logolu.webp\",\"contentUrl\":\"https:\/\/luchonoticias.com\/editor\/wp-content\/uploads\/2024\/02\/cropped-cropped-logolu.webp\",\"width\":382,\"height\":170,\"caption\":\"admin\"},\"logo\":{\"@id\":\"https:\/\/luchonoticias.com\/editor\/#\/schema\/person\/image\/\"},\"sameAs\":[\"https:\/\/www.facebook.com\/luchonoticiasneiva\"]},{\"@type\":\"Person\",\"@id\":\"https:\/\/luchonoticias.com\/editor\/#\/schema\/person\/29217990ddf6f14e35912b2866d591fb\",\"name\":\"Editor General\",\"image\":{\"@type\":\"ImageObject\",\"inLanguage\":\"es\",\"@id\":\"https:\/\/luchonoticias.com\/editor\/#\/schema\/person\/image\/\",\"url\":\"https:\/\/luchonoticias.com\/editor\/wp-content\/uploads\/2024\/02\/cropped-cropped-logolu-150x150.webp\",\"contentUrl\":\"https:\/\/luchonoticias.com\/editor\/wp-content\/uploads\/2024\/02\/cropped-cropped-logolu-150x150.webp\",\"caption\":\"Editor General\"},\"sameAs\":[\"https:\/\/luchonoticias.com\/\"],\"url\":\"https:\/\/luchonoticias.com\/editor\/author\/editor-general\/\"}]}<\/script>\n<!-- \/ Yoast SEO plugin. -->","yoast_head_json":{"title":"Gran simult\u00e1nea del Mes del Ni\u00f1o en Neiva -","robots":{"index":"index","follow":"follow","max-snippet":"max-snippet:-1","max-image-preview":"max-image-preview:large","max-video-preview":"max-video-preview:-1"},"canonical":"https:\/\/luchonoticias.com\/editor\/gran-simultanea-del-mes-del-nino-en-neiva\/","og_locale":"es_ES","og_type":"article","og_title":"Gran simult\u00e1nea del Mes del Ni\u00f1o en Neiva -","og_url":"https:\/\/luchonoticias.com\/editor\/gran-simultanea-del-mes-del-nino-en-neiva\/","article_publisher":"https:\/\/www.facebook.com\/luchonoticiasneiva","article_published_time":"2026-04-27T10:11:35+00:00","article_modified_time":"2026-04-27T10:11:36+00:00","og_image":[{"width":700,"height":400,"url":"https:\/\/luchonoticias.com\/editor\/wp-content\/uploads\/2026\/04\/MES-DEL-NINO.jpg","type":"image\/jpeg"}],"author":"Editor General","twitter_card":"summary_large_image","twitter_misc":{"Escrito por":"Editor General","Tiempo de lectura":"2 minutos"},"schema":{"@context":"https:\/\/schema.org","@graph":[{"@type":"Article","@id":"https:\/\/luchonoticias.com\/editor\/gran-simultanea-del-mes-del-nino-en-neiva\/#article","isPartOf":{"@id":"https:\/\/luchonoticias.com\/editor\/gran-simultanea-del-mes-del-nino-en-neiva\/"},"author":{"name":"Editor General","@id":"https:\/\/luchonoticias.com\/editor\/#\/schema\/person\/29217990ddf6f14e35912b2866d591fb"},"headline":"Gran simult\u00e1nea del Mes del Ni\u00f1o en Neiva","datePublished":"2026-04-27T10:11:35+00:00","dateModified":"2026-04-27T10:11:36+00:00","mainEntityOfPage":{"@id":"https:\/\/luchonoticias.com\/editor\/gran-simultanea-del-mes-del-nino-en-neiva\/"},"wordCount":204,"publisher":{"@id":"https:\/\/luchonoticias.com\/editor\/#\/schema\/person\/7a7fd911f58561fd056dbac7b55af9cd"},"image":{"@id":"https:\/\/luchonoticias.com\/editor\/gran-simultanea-del-mes-del-nino-en-neiva\/#primaryimage"},"thumbnailUrl":"https:\/\/luchonoticias.com\/editor\/wp-content\/uploads\/2026\/04\/MES-DEL-NINO.jpg","articleSection":["Local","Neiva"],"inLanguage":"es"},{"@type":"WebPage","@id":"https:\/\/luchonoticias.com\/editor\/gran-simultanea-del-mes-del-nino-en-neiva\/","url":"https:\/\/luchonoticias.com\/editor\/gran-simultanea-del-mes-del-nino-en-neiva\/","name":"Gran simult\u00e1nea del Mes del Ni\u00f1o en Neiva -","isPartOf":{"@id":"https:\/\/luchonoticias.com\/editor\/#website"},"primaryImageOfPage":{"@id":"https:\/\/luchonoticias.com\/editor\/gran-simultanea-del-mes-del-nino-en-neiva\/#primaryimage"},"image":{"@id":"https:\/\/luchonoticias.com\/editor\/gran-simultanea-del-mes-del-nino-en-neiva\/#primaryimage"},"thumbnailUrl":"https:\/\/luchonoticias.com\/editor\/wp-content\/uploads\/2026\/04\/MES-DEL-NINO.jpg","datePublished":"2026-04-27T10:11:35+00:00","dateModified":"2026-04-27T10:11:36+00:00","breadcrumb":{"@id":"https:\/\/luchonoticias.com\/editor\/gran-simultanea-del-mes-del-nino-en-neiva\/#breadcrumb"},"inLanguage":"es","potentialAction":[{"@type":"ReadAction","target":["https:\/\/luchonoticias.com\/editor\/gran-simultanea-del-mes-del-nino-en-neiva\/"]}]},{"@type":"ImageObject","inLanguage":"es","@id":"https:\/\/luchonoticias.com\/editor\/gran-simultanea-del-mes-del-nino-en-neiva\/#primaryimage","url":"https:\/\/luchonoticias.com\/editor\/wp-content\/uploads\/2026\/04\/MES-DEL-NINO.jpg","contentUrl":"https:\/\/luchonoticias.com\/editor\/wp-content\/uploads\/2026\/04\/MES-DEL-NINO.jpg","width":700,"height":400},{"@type":"BreadcrumbList","@id":"https:\/\/luchonoticias.com\/editor\/gran-simultanea-del-mes-del-nino-en-neiva\/#breadcrumb","itemListElement":[{"@type":"ListItem","position":1,"name":"Portada","item":"https:\/\/luchonoticias.com\/editor\/"},{"@type":"ListItem","position":2,"name":"Gran simult\u00e1nea del Mes del Ni\u00f1o en Neiva"}]},{"@type":"WebSite","@id":"https:\/\/luchonoticias.com\/editor\/#website","url":"https:\/\/luchonoticias.com\/editor\/","name":"","description":"","publisher":{"@id":"https:\/\/luchonoticias.com\/editor\/#\/schema\/person\/7a7fd911f58561fd056dbac7b55af9cd"},"potentialAction":[{"@type":"SearchAction","target":{"@type":"EntryPoint","urlTemplate":"https:\/\/luchonoticias.com\/editor\/?s={search_term_string}"},"query-input":{"@type":"PropertyValueSpecification","valueRequired":true,"valueName":"search_term_string"}}],"inLanguage":"es"},{"@type":["Person","Organization"],"@id":"https:\/\/luchonoticias.com\/editor\/#\/schema\/person\/7a7fd911f58561fd056dbac7b55af9cd","name":"admin","image":{"@type":"ImageObject","inLanguage":"es","@id":"https:\/\/luchonoticias.com\/editor\/#\/schema\/person\/image\/","url":"https:\/\/luchonoticias.com\/editor\/wp-content\/uploads\/2024\/02\/cropped-cropped-logolu.webp","contentUrl":"https:\/\/luchonoticias.com\/editor\/wp-content\/uploads\/2024\/02\/cropped-cropped-logolu.webp","width":382,"height":170,"caption":"admin"},"logo":{"@id":"https:\/\/luchonoticias.com\/editor\/#\/schema\/person\/image\/"},"sameAs":["https:\/\/www.facebook.com\/luchonoticiasneiva"]},{"@type":"Person","@id":"https:\/\/luchonoticias.com\/editor\/#\/schema\/person\/29217990ddf6f14e35912b2866d591fb","name":"Editor General","image":{"@type":"ImageObject","inLanguage":"es","@id":"https:\/\/luchonoticias.com\/editor\/#\/schema\/person\/image\/","url":"https:\/\/luchonoticias.com\/editor\/wp-content\/uploads\/2024\/02\/cropped-cropped-logolu-150x150.webp","contentUrl":"https:\/\/luchonoticias.com\/editor\/wp-content\/uploads\/2024\/02\/cropped-cropped-logolu-150x150.webp","caption":"Editor General"},"sameAs":["https:\/\/luchonoticias.com\/"],"url":"https:\/\/luchonoticias.com\/editor\/author\/editor-general\/"}]}},"_links":{"self":[{"href":"https:\/\/luchonoticias.com\/editor\/wp-json\/wp\/v2\/posts\/97321","targetHints":{"allow":["GET"]}}],"collection":[{"href":"https:\/\/luchonoticias.com\/editor\/wp-json\/wp\/v2\/posts"}],"about":[{"href":"https:\/\/luchonoticias.com\/editor\/wp-json\/wp\/v2\/types\/post"}],"author":[{"embeddable":true,"href":"https:\/\/luchonoticias.com\/editor\/wp-json\/wp\/v2\/users\/2"}],"replies":[{"embeddable":true,"href":"https:\/\/luchonoticias.com\/editor\/wp-json\/wp\/v2\/comments?post=97321"}],"version-history":[{"count":1,"href":"https:\/\/luchonoticias.com\/editor\/wp-json\/wp\/v2\/posts\/97321\/revisions"}],"predecessor-version":[{"id":97325,"href":"https:\/\/luchonoticias.com\/editor\/wp-json\/wp\/v2\/posts\/97321\/revisions\/97325"}],"wp:featuredmedia":[{"embeddable":true,"href":"https:\/\/luchonoticias.com\/editor\/wp-json\/wp\/v2\/media\/97322"}],"wp:attachment":[{"href":"https:\/\/luchonoticias.com\/editor\/wp-json\/wp\/v2\/media?parent=97321"}],"wp:term":[{"taxonomy":"category","embeddable":true,"href":"https:\/\/luchonoticias.com\/editor\/wp-json\/wp\/v2\/categories?post=97321"},{"taxonomy":"post_tag","embeddable":true,"href":"https:\/\/luchonoticias.com\/editor\/wp-json\/wp\/v2\/tags?post=97321"}],"curies":[{"name":"wp","href":"https:\/\/api.w.org\/{rel}","templated":true}]}}