{"id":97327,"date":"2026-04-27T11:09:34","date_gmt":"2026-04-27T16:09:34","guid":{"rendered":"https:\/\/luchonoticias.com\/editor\/?p=97327"},"modified":"2026-04-27T11:09:35","modified_gmt":"2026-04-27T16:09:35","slug":"nuevos-sellos-para-alimentos-ultraprocesados","status":"publish","type":"post","link":"https:\/\/luchonoticias.com\/editor\/nuevos-sellos-para-alimentos-ultraprocesados\/","title":{"rendered":"\u00bfNuevos sellos para alimentos ultraprocesados?"},"content":{"rendered":"\n<p>El Ministerio de Salud y Protecci\u00f3n Social present\u00f3 un borrador de resoluci\u00f3n con el que busca actualizar las normas de etiquetado nutricional y frontal en Colombia, introduciendo cambios frente a la regulaci\u00f3n vigente.<\/p>\n\n\n\n<p>La propuesta contempla derogar la Resoluci\u00f3n 810 de 2021 y sus modificaciones, con el objetivo de unificar y fortalecer la informaci\u00f3n que reciben los consumidores sobre alimentos envasados y ultraprocesados.<\/p>\n\n\n\n<p>Entre las principales novedades est\u00e1 la creaci\u00f3n de un nuevo sello de advertencia para productos ultraprocesados, que se sumar\u00eda a los actuales sobre exceso de az\u00facares, sodio, grasas saturadas y grasas trans. Seg\u00fan el documento, la medida responde a evidencia cient\u00edfica que relaciona el consumo elevado de estos productos con enfermedades cr\u00f3nicas no transmisibles.<\/p>\n\n\n\n<p>\u201cEl objetivo es que los consumidores puedan identificar de manera r\u00e1pida y sencilla los productos que representan riesgos para la salud\u201d, se\u00f1ala el borrador.<\/p>\n\n\n\n<p>Asimismo, la iniciativa plantea incorporar microsellos en envases peque\u00f1os, para asegurar que incluso los productos de menor tama\u00f1o incluyan advertencias visibles y superar as\u00ed una de las limitaciones de la normativa actual.<\/p>\n\n\n\n<p>El proyecto tambi\u00e9n introduce ajustes t\u00e9cnicos, como mayor claridad en la clasificaci\u00f3n de alimentos seg\u00fan su nivel de procesamiento, correcciones en las tablas nutricionales para evitar inconsistencias y reglas m\u00e1s precisas sobre productos reconstituidos, envases m\u00faltiples y porciones.<\/p>\n\n\n\n<p>De acuerdo con el Ministerio, estos cambios buscan cerrar vac\u00edos normativos y mejorar la comprensi\u00f3n de la informaci\u00f3n por parte de los consumidores. La propuesta se apoya en estudios que evidencian el impacto de la dieta en la salud de los colombianos.<\/p>\n\n\n\n<p>En ese contexto, el documento se\u00f1ala que m\u00e1s del 50% de la poblaci\u00f3n consume alimentos procesados y que el 56,4% presenta exceso de peso, cifras que han impulsado la adopci\u00f3n de nuevas medidas de salud p\u00fablica.<\/p>\n\n\n\n<p>Adem\u00e1s, se destacan resultados positivos del etiquetado actual, como la reducci\u00f3n en la compra de productos con sellos de advertencia, lo que refuerza la necesidad de fortalecer esta pol\u00edtica.<\/p>\n\n\n\n<p><\/p>\n","protected":false},"excerpt":{"rendered":"<p>El Ministerio de Salud y Protecci\u00f3n Social present\u00f3 un borrador de resoluci\u00f3n con el que busca actualizar las normas de etiquetado nutricional y frontal en Colombia, introduciendo cambios frente a la regulaci\u00f3n vigente. La propuesta contempla derogar la Resoluci\u00f3n 810 de 2021 y sus modificaciones, con el objetivo de unificar y fortalecer la informaci\u00f3n que [&hellip;]<\/p>\n","protected":false},"author":2,"featured_media":97328,"comment_status":"closed","ping_status":"open","sticky":false,"template":"","format":"standard","meta":{"footnotes":""},"categories":[28,36,32],"tags":[],"class_list":["post-97327","post","type-post","status-publish","format-standard","has-post-thumbnail","hentry","category-actualidad","category-destacado","category-nacional"],"yoast_head":"<!-- This site is optimized with the Yoast SEO plugin v26.6 - https:\/\/yoast.com\/wordpress\/plugins\/seo\/ -->\n<title>\u00bfNuevos sellos para alimentos ultraprocesados? -<\/title>\n<meta name=\"robots\" content=\"index, follow, max-snippet:-1, max-image-preview:large, max-video-preview:-1\" \/>\n<link rel=\"canonical\" href=\"https:\/\/luchonoticias.com\/editor\/nuevos-sellos-para-alimentos-ultraprocesados\/\" \/>\n<meta property=\"og:locale\" content=\"es_ES\" \/>\n<meta property=\"og:type\" content=\"article\" \/>\n<meta property=\"og:title\" content=\"\u00bfNuevos sellos para alimentos ultraprocesados? -\" \/>\n<meta property=\"og:url\" content=\"https:\/\/luchonoticias.com\/editor\/nuevos-sellos-para-alimentos-ultraprocesados\/\" \/>\n<meta property=\"article:publisher\" content=\"https:\/\/www.facebook.com\/luchonoticiasneiva\" \/>\n<meta property=\"article:published_time\" content=\"2026-04-27T16:09:34+00:00\" \/>\n<meta property=\"article:modified_time\" content=\"2026-04-27T16:09:35+00:00\" \/>\n<meta property=\"og:image\" content=\"https:\/\/luchonoticias.com\/editor\/wp-content\/uploads\/2026\/04\/SELLOS-ULTRAPROCESADOS.jpg\" \/>\n\t<meta property=\"og:image:width\" content=\"700\" \/>\n\t<meta property=\"og:image:height\" content=\"400\" \/>\n\t<meta property=\"og:image:type\" content=\"image\/jpeg\" \/>\n<meta name=\"author\" content=\"Editor General\" \/>\n<meta name=\"twitter:card\" content=\"summary_large_image\" \/>\n<meta name=\"twitter:label1\" content=\"Escrito por\" \/>\n\t<meta name=\"twitter:data1\" content=\"Editor General\" \/>\n\t<meta name=\"twitter:label2\" content=\"Tiempo de lectura\" \/>\n\t<meta name=\"twitter:data2\" content=\"2 minutos\" \/>\n<script type=\"application\/ld+json\" class=\"yoast-schema-graph\">{\"@context\":\"https:\/\/schema.org\",\"@graph\":[{\"@type\":\"Article\",\"@id\":\"https:\/\/luchonoticias.com\/editor\/nuevos-sellos-para-alimentos-ultraprocesados\/#article\",\"isPartOf\":{\"@id\":\"https:\/\/luchonoticias.com\/editor\/nuevos-sellos-para-alimentos-ultraprocesados\/\"},\"author\":{\"name\":\"Editor General\",\"@id\":\"https:\/\/luchonoticias.com\/editor\/#\/schema\/person\/29217990ddf6f14e35912b2866d591fb\"},\"headline\":\"\u00bfNuevos sellos para alimentos ultraprocesados?\",\"datePublished\":\"2026-04-27T16:09:34+00:00\",\"dateModified\":\"2026-04-27T16:09:35+00:00\",\"mainEntityOfPage\":{\"@id\":\"https:\/\/luchonoticias.com\/editor\/nuevos-sellos-para-alimentos-ultraprocesados\/\"},\"wordCount\":351,\"publisher\":{\"@id\":\"https:\/\/luchonoticias.com\/editor\/#\/schema\/person\/7a7fd911f58561fd056dbac7b55af9cd\"},\"image\":{\"@id\":\"https:\/\/luchonoticias.com\/editor\/nuevos-sellos-para-alimentos-ultraprocesados\/#primaryimage\"},\"thumbnailUrl\":\"https:\/\/luchonoticias.com\/editor\/wp-content\/uploads\/2026\/04\/SELLOS-ULTRAPROCESADOS.jpg\",\"articleSection\":[\"Actualidad\",\"Destacado\",\"Nacional\"],\"inLanguage\":\"es\"},{\"@type\":\"WebPage\",\"@id\":\"https:\/\/luchonoticias.com\/editor\/nuevos-sellos-para-alimentos-ultraprocesados\/\",\"url\":\"https:\/\/luchonoticias.com\/editor\/nuevos-sellos-para-alimentos-ultraprocesados\/\",\"name\":\"\u00bfNuevos sellos para alimentos ultraprocesados? -\",\"isPartOf\":{\"@id\":\"https:\/\/luchonoticias.com\/editor\/#website\"},\"primaryImageOfPage\":{\"@id\":\"https:\/\/luchonoticias.com\/editor\/nuevos-sellos-para-alimentos-ultraprocesados\/#primaryimage\"},\"image\":{\"@id\":\"https:\/\/luchonoticias.com\/editor\/nuevos-sellos-para-alimentos-ultraprocesados\/#primaryimage\"},\"thumbnailUrl\":\"https:\/\/luchonoticias.com\/editor\/wp-content\/uploads\/2026\/04\/SELLOS-ULTRAPROCESADOS.jpg\",\"datePublished\":\"2026-04-27T16:09:34+00:00\",\"dateModified\":\"2026-04-27T16:09:35+00:00\",\"breadcrumb\":{\"@id\":\"https:\/\/luchonoticias.com\/editor\/nuevos-sellos-para-alimentos-ultraprocesados\/#breadcrumb\"},\"inLanguage\":\"es\",\"potentialAction\":[{\"@type\":\"ReadAction\",\"target\":[\"https:\/\/luchonoticias.com\/editor\/nuevos-sellos-para-alimentos-ultraprocesados\/\"]}]},{\"@type\":\"ImageObject\",\"inLanguage\":\"es\",\"@id\":\"https:\/\/luchonoticias.com\/editor\/nuevos-sellos-para-alimentos-ultraprocesados\/#primaryimage\",\"url\":\"https:\/\/luchonoticias.com\/editor\/wp-content\/uploads\/2026\/04\/SELLOS-ULTRAPROCESADOS.jpg\",\"contentUrl\":\"https:\/\/luchonoticias.com\/editor\/wp-content\/uploads\/2026\/04\/SELLOS-ULTRAPROCESADOS.jpg\",\"width\":700,\"height\":400},{\"@type\":\"BreadcrumbList\",\"@id\":\"https:\/\/luchonoticias.com\/editor\/nuevos-sellos-para-alimentos-ultraprocesados\/#breadcrumb\",\"itemListElement\":[{\"@type\":\"ListItem\",\"position\":1,\"name\":\"Portada\",\"item\":\"https:\/\/luchonoticias.com\/editor\/\"},{\"@type\":\"ListItem\",\"position\":2,\"name\":\"\u00bfNuevos sellos para alimentos ultraprocesados?\"}]},{\"@type\":\"WebSite\",\"@id\":\"https:\/\/luchonoticias.com\/editor\/#website\",\"url\":\"https:\/\/luchonoticias.com\/editor\/\",\"name\":\"\",\"description\":\"\",\"publisher\":{\"@id\":\"https:\/\/luchonoticias.com\/editor\/#\/schema\/person\/7a7fd911f58561fd056dbac7b55af9cd\"},\"potentialAction\":[{\"@type\":\"SearchAction\",\"target\":{\"@type\":\"EntryPoint\",\"urlTemplate\":\"https:\/\/luchonoticias.com\/editor\/?s={search_term_string}\"},\"query-input\":{\"@type\":\"PropertyValueSpecification\",\"valueRequired\":true,\"valueName\":\"search_term_string\"}}],\"inLanguage\":\"es\"},{\"@type\":[\"Person\",\"Organization\"],\"@id\":\"https:\/\/luchonoticias.com\/editor\/#\/schema\/person\/7a7fd911f58561fd056dbac7b55af9cd\",\"name\":\"admin\",\"image\":{\"@type\":\"ImageObject\",\"inLanguage\":\"es\",\"@id\":\"https:\/\/luchonoticias.com\/editor\/#\/schema\/person\/image\/\",\"url\":\"https:\/\/luchonoticias.com\/editor\/wp-content\/uploads\/2024\/02\/cropped-cropped-logolu.webp\",\"contentUrl\":\"https:\/\/luchonoticias.com\/editor\/wp-content\/uploads\/2024\/02\/cropped-cropped-logolu.webp\",\"width\":382,\"height\":170,\"caption\":\"admin\"},\"logo\":{\"@id\":\"https:\/\/luchonoticias.com\/editor\/#\/schema\/person\/image\/\"},\"sameAs\":[\"https:\/\/www.facebook.com\/luchonoticiasneiva\"]},{\"@type\":\"Person\",\"@id\":\"https:\/\/luchonoticias.com\/editor\/#\/schema\/person\/29217990ddf6f14e35912b2866d591fb\",\"name\":\"Editor General\",\"image\":{\"@type\":\"ImageObject\",\"inLanguage\":\"es\",\"@id\":\"https:\/\/luchonoticias.com\/editor\/#\/schema\/person\/image\/\",\"url\":\"https:\/\/luchonoticias.com\/editor\/wp-content\/uploads\/2024\/02\/cropped-cropped-logolu-150x150.webp\",\"contentUrl\":\"https:\/\/luchonoticias.com\/editor\/wp-content\/uploads\/2024\/02\/cropped-cropped-logolu-150x150.webp\",\"caption\":\"Editor General\"},\"sameAs\":[\"https:\/\/luchonoticias.com\/\"],\"url\":\"https:\/\/luchonoticias.com\/editor\/author\/editor-general\/\"}]}<\/script>\n<!-- \/ Yoast SEO plugin. -->","yoast_head_json":{"title":"\u00bfNuevos sellos para alimentos ultraprocesados? -","robots":{"index":"index","follow":"follow","max-snippet":"max-snippet:-1","max-image-preview":"max-image-preview:large","max-video-preview":"max-video-preview:-1"},"canonical":"https:\/\/luchonoticias.com\/editor\/nuevos-sellos-para-alimentos-ultraprocesados\/","og_locale":"es_ES","og_type":"article","og_title":"\u00bfNuevos sellos para alimentos ultraprocesados? -","og_url":"https:\/\/luchonoticias.com\/editor\/nuevos-sellos-para-alimentos-ultraprocesados\/","article_publisher":"https:\/\/www.facebook.com\/luchonoticiasneiva","article_published_time":"2026-04-27T16:09:34+00:00","article_modified_time":"2026-04-27T16:09:35+00:00","og_image":[{"width":700,"height":400,"url":"https:\/\/luchonoticias.com\/editor\/wp-content\/uploads\/2026\/04\/SELLOS-ULTRAPROCESADOS.jpg","type":"image\/jpeg"}],"author":"Editor General","twitter_card":"summary_large_image","twitter_misc":{"Escrito por":"Editor General","Tiempo de lectura":"2 minutos"},"schema":{"@context":"https:\/\/schema.org","@graph":[{"@type":"Article","@id":"https:\/\/luchonoticias.com\/editor\/nuevos-sellos-para-alimentos-ultraprocesados\/#article","isPartOf":{"@id":"https:\/\/luchonoticias.com\/editor\/nuevos-sellos-para-alimentos-ultraprocesados\/"},"author":{"name":"Editor General","@id":"https:\/\/luchonoticias.com\/editor\/#\/schema\/person\/29217990ddf6f14e35912b2866d591fb"},"headline":"\u00bfNuevos sellos para alimentos ultraprocesados?","datePublished":"2026-04-27T16:09:34+00:00","dateModified":"2026-04-27T16:09:35+00:00","mainEntityOfPage":{"@id":"https:\/\/luchonoticias.com\/editor\/nuevos-sellos-para-alimentos-ultraprocesados\/"},"wordCount":351,"publisher":{"@id":"https:\/\/luchonoticias.com\/editor\/#\/schema\/person\/7a7fd911f58561fd056dbac7b55af9cd"},"image":{"@id":"https:\/\/luchonoticias.com\/editor\/nuevos-sellos-para-alimentos-ultraprocesados\/#primaryimage"},"thumbnailUrl":"https:\/\/luchonoticias.com\/editor\/wp-content\/uploads\/2026\/04\/SELLOS-ULTRAPROCESADOS.jpg","articleSection":["Actualidad","Destacado","Nacional"],"inLanguage":"es"},{"@type":"WebPage","@id":"https:\/\/luchonoticias.com\/editor\/nuevos-sellos-para-alimentos-ultraprocesados\/","url":"https:\/\/luchonoticias.com\/editor\/nuevos-sellos-para-alimentos-ultraprocesados\/","name":"\u00bfNuevos sellos para alimentos ultraprocesados? -","isPartOf":{"@id":"https:\/\/luchonoticias.com\/editor\/#website"},"primaryImageOfPage":{"@id":"https:\/\/luchonoticias.com\/editor\/nuevos-sellos-para-alimentos-ultraprocesados\/#primaryimage"},"image":{"@id":"https:\/\/luchonoticias.com\/editor\/nuevos-sellos-para-alimentos-ultraprocesados\/#primaryimage"},"thumbnailUrl":"https:\/\/luchonoticias.com\/editor\/wp-content\/uploads\/2026\/04\/SELLOS-ULTRAPROCESADOS.jpg","datePublished":"2026-04-27T16:09:34+00:00","dateModified":"2026-04-27T16:09:35+00:00","breadcrumb":{"@id":"https:\/\/luchonoticias.com\/editor\/nuevos-sellos-para-alimentos-ultraprocesados\/#breadcrumb"},"inLanguage":"es","potentialAction":[{"@type":"ReadAction","target":["https:\/\/luchonoticias.com\/editor\/nuevos-sellos-para-alimentos-ultraprocesados\/"]}]},{"@type":"ImageObject","inLanguage":"es","@id":"https:\/\/luchonoticias.com\/editor\/nuevos-sellos-para-alimentos-ultraprocesados\/#primaryimage","url":"https:\/\/luchonoticias.com\/editor\/wp-content\/uploads\/2026\/04\/SELLOS-ULTRAPROCESADOS.jpg","contentUrl":"https:\/\/luchonoticias.com\/editor\/wp-content\/uploads\/2026\/04\/SELLOS-ULTRAPROCESADOS.jpg","width":700,"height":400},{"@type":"BreadcrumbList","@id":"https:\/\/luchonoticias.com\/editor\/nuevos-sellos-para-alimentos-ultraprocesados\/#breadcrumb","itemListElement":[{"@type":"ListItem","position":1,"name":"Portada","item":"https:\/\/luchonoticias.com\/editor\/"},{"@type":"ListItem","position":2,"name":"\u00bfNuevos sellos para alimentos ultraprocesados?"}]},{"@type":"WebSite","@id":"https:\/\/luchonoticias.com\/editor\/#website","url":"https:\/\/luchonoticias.com\/editor\/","name":"","description":"","publisher":{"@id":"https:\/\/luchonoticias.com\/editor\/#\/schema\/person\/7a7fd911f58561fd056dbac7b55af9cd"},"potentialAction":[{"@type":"SearchAction","target":{"@type":"EntryPoint","urlTemplate":"https:\/\/luchonoticias.com\/editor\/?s={search_term_string}"},"query-input":{"@type":"PropertyValueSpecification","valueRequired":true,"valueName":"search_term_string"}}],"inLanguage":"es"},{"@type":["Person","Organization"],"@id":"https:\/\/luchonoticias.com\/editor\/#\/schema\/person\/7a7fd911f58561fd056dbac7b55af9cd","name":"admin","image":{"@type":"ImageObject","inLanguage":"es","@id":"https:\/\/luchonoticias.com\/editor\/#\/schema\/person\/image\/","url":"https:\/\/luchonoticias.com\/editor\/wp-content\/uploads\/2024\/02\/cropped-cropped-logolu.webp","contentUrl":"https:\/\/luchonoticias.com\/editor\/wp-content\/uploads\/2024\/02\/cropped-cropped-logolu.webp","width":382,"height":170,"caption":"admin"},"logo":{"@id":"https:\/\/luchonoticias.com\/editor\/#\/schema\/person\/image\/"},"sameAs":["https:\/\/www.facebook.com\/luchonoticiasneiva"]},{"@type":"Person","@id":"https:\/\/luchonoticias.com\/editor\/#\/schema\/person\/29217990ddf6f14e35912b2866d591fb","name":"Editor General","image":{"@type":"ImageObject","inLanguage":"es","@id":"https:\/\/luchonoticias.com\/editor\/#\/schema\/person\/image\/","url":"https:\/\/luchonoticias.com\/editor\/wp-content\/uploads\/2024\/02\/cropped-cropped-logolu-150x150.webp","contentUrl":"https:\/\/luchonoticias.com\/editor\/wp-content\/uploads\/2024\/02\/cropped-cropped-logolu-150x150.webp","caption":"Editor General"},"sameAs":["https:\/\/luchonoticias.com\/"],"url":"https:\/\/luchonoticias.com\/editor\/author\/editor-general\/"}]}},"_links":{"self":[{"href":"https:\/\/luchonoticias.com\/editor\/wp-json\/wp\/v2\/posts\/97327","targetHints":{"allow":["GET"]}}],"collection":[{"href":"https:\/\/luchonoticias.com\/editor\/wp-json\/wp\/v2\/posts"}],"about":[{"href":"https:\/\/luchonoticias.com\/editor\/wp-json\/wp\/v2\/types\/post"}],"author":[{"embeddable":true,"href":"https:\/\/luchonoticias.com\/editor\/wp-json\/wp\/v2\/users\/2"}],"replies":[{"embeddable":true,"href":"https:\/\/luchonoticias.com\/editor\/wp-json\/wp\/v2\/comments?post=97327"}],"version-history":[{"count":1,"href":"https:\/\/luchonoticias.com\/editor\/wp-json\/wp\/v2\/posts\/97327\/revisions"}],"predecessor-version":[{"id":97329,"href":"https:\/\/luchonoticias.com\/editor\/wp-json\/wp\/v2\/posts\/97327\/revisions\/97329"}],"wp:featuredmedia":[{"embeddable":true,"href":"https:\/\/luchonoticias.com\/editor\/wp-json\/wp\/v2\/media\/97328"}],"wp:attachment":[{"href":"https:\/\/luchonoticias.com\/editor\/wp-json\/wp\/v2\/media?parent=97327"}],"wp:term":[{"taxonomy":"category","embeddable":true,"href":"https:\/\/luchonoticias.com\/editor\/wp-json\/wp\/v2\/categories?post=97327"},{"taxonomy":"post_tag","embeddable":true,"href":"https:\/\/luchonoticias.com\/editor\/wp-json\/wp\/v2\/tags?post=97327"}],"curies":[{"name":"wp","href":"https:\/\/api.w.org\/{rel}","templated":true}]}}