{"id":97338,"date":"2026-04-27T16:02:56","date_gmt":"2026-04-27T21:02:56","guid":{"rendered":"https:\/\/luchonoticias.com\/editor\/?p=97338"},"modified":"2026-04-27T16:02:57","modified_gmt":"2026-04-27T21:02:57","slug":"ex-director-de-gestion-del-riesgo-de-neiva-nuevo-gerente-del-san-juan-de-dios","status":"publish","type":"post","link":"https:\/\/luchonoticias.com\/editor\/ex-director-de-gestion-del-riesgo-de-neiva-nuevo-gerente-del-san-juan-de-dios\/","title":{"rendered":"Ex director de gesti\u00f3n del riesgo de Neiva, nuevo gerente del San Juan de Dios"},"content":{"rendered":"\n<p>El Ministerio de Salud posesion\u00f3 a Pedro Tinjac\u00e1 como nuevo director general del Hospital San Juan de Dios. <\/p>\n\n\n\n<p>Tinjac\u00e1, M\u00e9dico cirujano, epidemi\u00f3logo y especialista en administraci\u00f3n en salud, cuenta con m\u00e1s de 40 a\u00f1os de experiencia en en el sector.<\/p>\n\n\n\n<p>Recordar que el posesionado fue Jefe de Oficina de Gesti\u00f3n del riesgo de desastres de la Alcald\u00eda de Neiva y miembro de la Academia Huilense de Historia.<\/p>\n\n\n\n<p>El nombramiento de Tinjac\u00e1 ocurre en un momento en que el Gobierno le apunta a la reactivaci\u00f3n del Hospital San Juan de Dios, s\u00edmbolo de la salud p\u00fablica en Colombia y referente hist\u00f3rico de la medicina, la investigaci\u00f3n y la formaci\u00f3n de profesionales de la salud.<\/p>\n","protected":false},"excerpt":{"rendered":"<p>El Ministerio de Salud posesion\u00f3 a Pedro Tinjac\u00e1 como nuevo director general del Hospital San Juan de Dios. Tinjac\u00e1, M\u00e9dico cirujano, epidemi\u00f3logo y especialista en administraci\u00f3n en salud, cuenta con m\u00e1s de 40 a\u00f1os de experiencia en en el sector. Recordar que el posesionado fue Jefe de Oficina de Gesti\u00f3n del riesgo de desastres de [&hellip;]<\/p>\n","protected":false},"author":2,"featured_media":97339,"comment_status":"closed","ping_status":"open","sticky":false,"template":"","format":"standard","meta":{"footnotes":""},"categories":[36,33],"tags":[],"class_list":["post-97338","post","type-post","status-publish","format-standard","has-post-thumbnail","hentry","category-destacado","category-huila"],"yoast_head":"<!-- This site is optimized with the Yoast SEO plugin v26.6 - https:\/\/yoast.com\/wordpress\/plugins\/seo\/ -->\n<title>Ex director de gesti\u00f3n del riesgo de Neiva, nuevo gerente del San Juan de Dios -<\/title>\n<meta name=\"robots\" content=\"index, follow, max-snippet:-1, max-image-preview:large, max-video-preview:-1\" \/>\n<link rel=\"canonical\" href=\"https:\/\/luchonoticias.com\/editor\/ex-director-de-gestion-del-riesgo-de-neiva-nuevo-gerente-del-san-juan-de-dios\/\" \/>\n<meta property=\"og:locale\" content=\"es_ES\" \/>\n<meta property=\"og:type\" content=\"article\" \/>\n<meta property=\"og:title\" content=\"Ex director de gesti\u00f3n del riesgo de Neiva, nuevo gerente del San Juan de Dios -\" \/>\n<meta property=\"og:url\" content=\"https:\/\/luchonoticias.com\/editor\/ex-director-de-gestion-del-riesgo-de-neiva-nuevo-gerente-del-san-juan-de-dios\/\" \/>\n<meta property=\"article:publisher\" content=\"https:\/\/www.facebook.com\/luchonoticiasneiva\" \/>\n<meta property=\"article:published_time\" content=\"2026-04-27T21:02:56+00:00\" \/>\n<meta property=\"article:modified_time\" content=\"2026-04-27T21:02:57+00:00\" \/>\n<meta property=\"og:image\" content=\"https:\/\/luchonoticias.com\/editor\/wp-content\/uploads\/2026\/04\/tinjaca.jpg\" \/>\n\t<meta property=\"og:image:width\" content=\"700\" \/>\n\t<meta property=\"og:image:height\" content=\"400\" \/>\n\t<meta property=\"og:image:type\" content=\"image\/jpeg\" \/>\n<meta name=\"author\" content=\"Editor General\" \/>\n<meta name=\"twitter:card\" content=\"summary_large_image\" \/>\n<meta name=\"twitter:label1\" content=\"Escrito por\" \/>\n\t<meta name=\"twitter:data1\" content=\"Editor General\" \/>\n\t<meta name=\"twitter:label2\" content=\"Tiempo de lectura\" \/>\n\t<meta name=\"twitter:data2\" content=\"1 minuto\" \/>\n<script type=\"application\/ld+json\" class=\"yoast-schema-graph\">{\"@context\":\"https:\/\/schema.org\",\"@graph\":[{\"@type\":\"Article\",\"@id\":\"https:\/\/luchonoticias.com\/editor\/ex-director-de-gestion-del-riesgo-de-neiva-nuevo-gerente-del-san-juan-de-dios\/#article\",\"isPartOf\":{\"@id\":\"https:\/\/luchonoticias.com\/editor\/ex-director-de-gestion-del-riesgo-de-neiva-nuevo-gerente-del-san-juan-de-dios\/\"},\"author\":{\"name\":\"Editor General\",\"@id\":\"https:\/\/luchonoticias.com\/editor\/#\/schema\/person\/29217990ddf6f14e35912b2866d591fb\"},\"headline\":\"Ex director de gesti\u00f3n del riesgo de Neiva, nuevo gerente del San Juan de Dios\",\"datePublished\":\"2026-04-27T21:02:56+00:00\",\"dateModified\":\"2026-04-27T21:02:57+00:00\",\"mainEntityOfPage\":{\"@id\":\"https:\/\/luchonoticias.com\/editor\/ex-director-de-gestion-del-riesgo-de-neiva-nuevo-gerente-del-san-juan-de-dios\/\"},\"wordCount\":141,\"publisher\":{\"@id\":\"https:\/\/luchonoticias.com\/editor\/#\/schema\/person\/7a7fd911f58561fd056dbac7b55af9cd\"},\"image\":{\"@id\":\"https:\/\/luchonoticias.com\/editor\/ex-director-de-gestion-del-riesgo-de-neiva-nuevo-gerente-del-san-juan-de-dios\/#primaryimage\"},\"thumbnailUrl\":\"https:\/\/luchonoticias.com\/editor\/wp-content\/uploads\/2026\/04\/tinjaca.jpg\",\"articleSection\":[\"Destacado\",\"Huila\"],\"inLanguage\":\"es\"},{\"@type\":\"WebPage\",\"@id\":\"https:\/\/luchonoticias.com\/editor\/ex-director-de-gestion-del-riesgo-de-neiva-nuevo-gerente-del-san-juan-de-dios\/\",\"url\":\"https:\/\/luchonoticias.com\/editor\/ex-director-de-gestion-del-riesgo-de-neiva-nuevo-gerente-del-san-juan-de-dios\/\",\"name\":\"Ex director de gesti\u00f3n del riesgo de Neiva, nuevo gerente del San Juan de Dios -\",\"isPartOf\":{\"@id\":\"https:\/\/luchonoticias.com\/editor\/#website\"},\"primaryImageOfPage\":{\"@id\":\"https:\/\/luchonoticias.com\/editor\/ex-director-de-gestion-del-riesgo-de-neiva-nuevo-gerente-del-san-juan-de-dios\/#primaryimage\"},\"image\":{\"@id\":\"https:\/\/luchonoticias.com\/editor\/ex-director-de-gestion-del-riesgo-de-neiva-nuevo-gerente-del-san-juan-de-dios\/#primaryimage\"},\"thumbnailUrl\":\"https:\/\/luchonoticias.com\/editor\/wp-content\/uploads\/2026\/04\/tinjaca.jpg\",\"datePublished\":\"2026-04-27T21:02:56+00:00\",\"dateModified\":\"2026-04-27T21:02:57+00:00\",\"breadcrumb\":{\"@id\":\"https:\/\/luchonoticias.com\/editor\/ex-director-de-gestion-del-riesgo-de-neiva-nuevo-gerente-del-san-juan-de-dios\/#breadcrumb\"},\"inLanguage\":\"es\",\"potentialAction\":[{\"@type\":\"ReadAction\",\"target\":[\"https:\/\/luchonoticias.com\/editor\/ex-director-de-gestion-del-riesgo-de-neiva-nuevo-gerente-del-san-juan-de-dios\/\"]}]},{\"@type\":\"ImageObject\",\"inLanguage\":\"es\",\"@id\":\"https:\/\/luchonoticias.com\/editor\/ex-director-de-gestion-del-riesgo-de-neiva-nuevo-gerente-del-san-juan-de-dios\/#primaryimage\",\"url\":\"https:\/\/luchonoticias.com\/editor\/wp-content\/uploads\/2026\/04\/tinjaca.jpg\",\"contentUrl\":\"https:\/\/luchonoticias.com\/editor\/wp-content\/uploads\/2026\/04\/tinjaca.jpg\",\"width\":700,\"height\":400},{\"@type\":\"BreadcrumbList\",\"@id\":\"https:\/\/luchonoticias.com\/editor\/ex-director-de-gestion-del-riesgo-de-neiva-nuevo-gerente-del-san-juan-de-dios\/#breadcrumb\",\"itemListElement\":[{\"@type\":\"ListItem\",\"position\":1,\"name\":\"Portada\",\"item\":\"https:\/\/luchonoticias.com\/editor\/\"},{\"@type\":\"ListItem\",\"position\":2,\"name\":\"Ex director de gesti\u00f3n del riesgo de Neiva, nuevo gerente del San Juan de Dios\"}]},{\"@type\":\"WebSite\",\"@id\":\"https:\/\/luchonoticias.com\/editor\/#website\",\"url\":\"https:\/\/luchonoticias.com\/editor\/\",\"name\":\"\",\"description\":\"\",\"publisher\":{\"@id\":\"https:\/\/luchonoticias.com\/editor\/#\/schema\/person\/7a7fd911f58561fd056dbac7b55af9cd\"},\"potentialAction\":[{\"@type\":\"SearchAction\",\"target\":{\"@type\":\"EntryPoint\",\"urlTemplate\":\"https:\/\/luchonoticias.com\/editor\/?s={search_term_string}\"},\"query-input\":{\"@type\":\"PropertyValueSpecification\",\"valueRequired\":true,\"valueName\":\"search_term_string\"}}],\"inLanguage\":\"es\"},{\"@type\":[\"Person\",\"Organization\"],\"@id\":\"https:\/\/luchonoticias.com\/editor\/#\/schema\/person\/7a7fd911f58561fd056dbac7b55af9cd\",\"name\":\"admin\",\"image\":{\"@type\":\"ImageObject\",\"inLanguage\":\"es\",\"@id\":\"https:\/\/luchonoticias.com\/editor\/#\/schema\/person\/image\/\",\"url\":\"https:\/\/luchonoticias.com\/editor\/wp-content\/uploads\/2024\/02\/cropped-cropped-logolu.webp\",\"contentUrl\":\"https:\/\/luchonoticias.com\/editor\/wp-content\/uploads\/2024\/02\/cropped-cropped-logolu.webp\",\"width\":382,\"height\":170,\"caption\":\"admin\"},\"logo\":{\"@id\":\"https:\/\/luchonoticias.com\/editor\/#\/schema\/person\/image\/\"},\"sameAs\":[\"https:\/\/www.facebook.com\/luchonoticiasneiva\"]},{\"@type\":\"Person\",\"@id\":\"https:\/\/luchonoticias.com\/editor\/#\/schema\/person\/29217990ddf6f14e35912b2866d591fb\",\"name\":\"Editor General\",\"image\":{\"@type\":\"ImageObject\",\"inLanguage\":\"es\",\"@id\":\"https:\/\/luchonoticias.com\/editor\/#\/schema\/person\/image\/\",\"url\":\"https:\/\/luchonoticias.com\/editor\/wp-content\/uploads\/2024\/02\/cropped-cropped-logolu-150x150.webp\",\"contentUrl\":\"https:\/\/luchonoticias.com\/editor\/wp-content\/uploads\/2024\/02\/cropped-cropped-logolu-150x150.webp\",\"caption\":\"Editor General\"},\"sameAs\":[\"https:\/\/luchonoticias.com\/\"],\"url\":\"https:\/\/luchonoticias.com\/editor\/author\/editor-general\/\"}]}<\/script>\n<!-- \/ Yoast SEO plugin. -->","yoast_head_json":{"title":"Ex director de gesti\u00f3n del riesgo de Neiva, nuevo gerente del San Juan de Dios -","robots":{"index":"index","follow":"follow","max-snippet":"max-snippet:-1","max-image-preview":"max-image-preview:large","max-video-preview":"max-video-preview:-1"},"canonical":"https:\/\/luchonoticias.com\/editor\/ex-director-de-gestion-del-riesgo-de-neiva-nuevo-gerente-del-san-juan-de-dios\/","og_locale":"es_ES","og_type":"article","og_title":"Ex director de gesti\u00f3n del riesgo de Neiva, nuevo gerente del San Juan de Dios -","og_url":"https:\/\/luchonoticias.com\/editor\/ex-director-de-gestion-del-riesgo-de-neiva-nuevo-gerente-del-san-juan-de-dios\/","article_publisher":"https:\/\/www.facebook.com\/luchonoticiasneiva","article_published_time":"2026-04-27T21:02:56+00:00","article_modified_time":"2026-04-27T21:02:57+00:00","og_image":[{"width":700,"height":400,"url":"https:\/\/luchonoticias.com\/editor\/wp-content\/uploads\/2026\/04\/tinjaca.jpg","type":"image\/jpeg"}],"author":"Editor General","twitter_card":"summary_large_image","twitter_misc":{"Escrito por":"Editor General","Tiempo de lectura":"1 minuto"},"schema":{"@context":"https:\/\/schema.org","@graph":[{"@type":"Article","@id":"https:\/\/luchonoticias.com\/editor\/ex-director-de-gestion-del-riesgo-de-neiva-nuevo-gerente-del-san-juan-de-dios\/#article","isPartOf":{"@id":"https:\/\/luchonoticias.com\/editor\/ex-director-de-gestion-del-riesgo-de-neiva-nuevo-gerente-del-san-juan-de-dios\/"},"author":{"name":"Editor General","@id":"https:\/\/luchonoticias.com\/editor\/#\/schema\/person\/29217990ddf6f14e35912b2866d591fb"},"headline":"Ex director de gesti\u00f3n del riesgo de Neiva, nuevo gerente del San Juan de Dios","datePublished":"2026-04-27T21:02:56+00:00","dateModified":"2026-04-27T21:02:57+00:00","mainEntityOfPage":{"@id":"https:\/\/luchonoticias.com\/editor\/ex-director-de-gestion-del-riesgo-de-neiva-nuevo-gerente-del-san-juan-de-dios\/"},"wordCount":141,"publisher":{"@id":"https:\/\/luchonoticias.com\/editor\/#\/schema\/person\/7a7fd911f58561fd056dbac7b55af9cd"},"image":{"@id":"https:\/\/luchonoticias.com\/editor\/ex-director-de-gestion-del-riesgo-de-neiva-nuevo-gerente-del-san-juan-de-dios\/#primaryimage"},"thumbnailUrl":"https:\/\/luchonoticias.com\/editor\/wp-content\/uploads\/2026\/04\/tinjaca.jpg","articleSection":["Destacado","Huila"],"inLanguage":"es"},{"@type":"WebPage","@id":"https:\/\/luchonoticias.com\/editor\/ex-director-de-gestion-del-riesgo-de-neiva-nuevo-gerente-del-san-juan-de-dios\/","url":"https:\/\/luchonoticias.com\/editor\/ex-director-de-gestion-del-riesgo-de-neiva-nuevo-gerente-del-san-juan-de-dios\/","name":"Ex director de gesti\u00f3n del riesgo de Neiva, nuevo gerente del San Juan de Dios -","isPartOf":{"@id":"https:\/\/luchonoticias.com\/editor\/#website"},"primaryImageOfPage":{"@id":"https:\/\/luchonoticias.com\/editor\/ex-director-de-gestion-del-riesgo-de-neiva-nuevo-gerente-del-san-juan-de-dios\/#primaryimage"},"image":{"@id":"https:\/\/luchonoticias.com\/editor\/ex-director-de-gestion-del-riesgo-de-neiva-nuevo-gerente-del-san-juan-de-dios\/#primaryimage"},"thumbnailUrl":"https:\/\/luchonoticias.com\/editor\/wp-content\/uploads\/2026\/04\/tinjaca.jpg","datePublished":"2026-04-27T21:02:56+00:00","dateModified":"2026-04-27T21:02:57+00:00","breadcrumb":{"@id":"https:\/\/luchonoticias.com\/editor\/ex-director-de-gestion-del-riesgo-de-neiva-nuevo-gerente-del-san-juan-de-dios\/#breadcrumb"},"inLanguage":"es","potentialAction":[{"@type":"ReadAction","target":["https:\/\/luchonoticias.com\/editor\/ex-director-de-gestion-del-riesgo-de-neiva-nuevo-gerente-del-san-juan-de-dios\/"]}]},{"@type":"ImageObject","inLanguage":"es","@id":"https:\/\/luchonoticias.com\/editor\/ex-director-de-gestion-del-riesgo-de-neiva-nuevo-gerente-del-san-juan-de-dios\/#primaryimage","url":"https:\/\/luchonoticias.com\/editor\/wp-content\/uploads\/2026\/04\/tinjaca.jpg","contentUrl":"https:\/\/luchonoticias.com\/editor\/wp-content\/uploads\/2026\/04\/tinjaca.jpg","width":700,"height":400},{"@type":"BreadcrumbList","@id":"https:\/\/luchonoticias.com\/editor\/ex-director-de-gestion-del-riesgo-de-neiva-nuevo-gerente-del-san-juan-de-dios\/#breadcrumb","itemListElement":[{"@type":"ListItem","position":1,"name":"Portada","item":"https:\/\/luchonoticias.com\/editor\/"},{"@type":"ListItem","position":2,"name":"Ex director de gesti\u00f3n del riesgo de Neiva, nuevo gerente del San Juan de Dios"}]},{"@type":"WebSite","@id":"https:\/\/luchonoticias.com\/editor\/#website","url":"https:\/\/luchonoticias.com\/editor\/","name":"","description":"","publisher":{"@id":"https:\/\/luchonoticias.com\/editor\/#\/schema\/person\/7a7fd911f58561fd056dbac7b55af9cd"},"potentialAction":[{"@type":"SearchAction","target":{"@type":"EntryPoint","urlTemplate":"https:\/\/luchonoticias.com\/editor\/?s={search_term_string}"},"query-input":{"@type":"PropertyValueSpecification","valueRequired":true,"valueName":"search_term_string"}}],"inLanguage":"es"},{"@type":["Person","Organization"],"@id":"https:\/\/luchonoticias.com\/editor\/#\/schema\/person\/7a7fd911f58561fd056dbac7b55af9cd","name":"admin","image":{"@type":"ImageObject","inLanguage":"es","@id":"https:\/\/luchonoticias.com\/editor\/#\/schema\/person\/image\/","url":"https:\/\/luchonoticias.com\/editor\/wp-content\/uploads\/2024\/02\/cropped-cropped-logolu.webp","contentUrl":"https:\/\/luchonoticias.com\/editor\/wp-content\/uploads\/2024\/02\/cropped-cropped-logolu.webp","width":382,"height":170,"caption":"admin"},"logo":{"@id":"https:\/\/luchonoticias.com\/editor\/#\/schema\/person\/image\/"},"sameAs":["https:\/\/www.facebook.com\/luchonoticiasneiva"]},{"@type":"Person","@id":"https:\/\/luchonoticias.com\/editor\/#\/schema\/person\/29217990ddf6f14e35912b2866d591fb","name":"Editor General","image":{"@type":"ImageObject","inLanguage":"es","@id":"https:\/\/luchonoticias.com\/editor\/#\/schema\/person\/image\/","url":"https:\/\/luchonoticias.com\/editor\/wp-content\/uploads\/2024\/02\/cropped-cropped-logolu-150x150.webp","contentUrl":"https:\/\/luchonoticias.com\/editor\/wp-content\/uploads\/2024\/02\/cropped-cropped-logolu-150x150.webp","caption":"Editor General"},"sameAs":["https:\/\/luchonoticias.com\/"],"url":"https:\/\/luchonoticias.com\/editor\/author\/editor-general\/"}]}},"_links":{"self":[{"href":"https:\/\/luchonoticias.com\/editor\/wp-json\/wp\/v2\/posts\/97338","targetHints":{"allow":["GET"]}}],"collection":[{"href":"https:\/\/luchonoticias.com\/editor\/wp-json\/wp\/v2\/posts"}],"about":[{"href":"https:\/\/luchonoticias.com\/editor\/wp-json\/wp\/v2\/types\/post"}],"author":[{"embeddable":true,"href":"https:\/\/luchonoticias.com\/editor\/wp-json\/wp\/v2\/users\/2"}],"replies":[{"embeddable":true,"href":"https:\/\/luchonoticias.com\/editor\/wp-json\/wp\/v2\/comments?post=97338"}],"version-history":[{"count":1,"href":"https:\/\/luchonoticias.com\/editor\/wp-json\/wp\/v2\/posts\/97338\/revisions"}],"predecessor-version":[{"id":97340,"href":"https:\/\/luchonoticias.com\/editor\/wp-json\/wp\/v2\/posts\/97338\/revisions\/97340"}],"wp:featuredmedia":[{"embeddable":true,"href":"https:\/\/luchonoticias.com\/editor\/wp-json\/wp\/v2\/media\/97339"}],"wp:attachment":[{"href":"https:\/\/luchonoticias.com\/editor\/wp-json\/wp\/v2\/media?parent=97338"}],"wp:term":[{"taxonomy":"category","embeddable":true,"href":"https:\/\/luchonoticias.com\/editor\/wp-json\/wp\/v2\/categories?post=97338"},{"taxonomy":"post_tag","embeddable":true,"href":"https:\/\/luchonoticias.com\/editor\/wp-json\/wp\/v2\/tags?post=97338"}],"curies":[{"name":"wp","href":"https:\/\/api.w.org\/{rel}","templated":true}]}}