{"id":97359,"date":"2026-04-28T04:23:16","date_gmt":"2026-04-28T09:23:16","guid":{"rendered":"https:\/\/luchonoticias.com\/editor\/?p=97359"},"modified":"2026-04-28T04:23:17","modified_gmt":"2026-04-28T09:23:17","slug":"entrega-de-sillas-para-poblacion-en-situacion-de-discapacidad","status":"publish","type":"post","link":"https:\/\/luchonoticias.com\/editor\/entrega-de-sillas-para-poblacion-en-situacion-de-discapacidad\/","title":{"rendered":"Entrega de sillas para poblaci\u00f3n en situaci\u00f3n de discapacidad"},"content":{"rendered":"\n<p>El Gobierno Departamental realiz\u00f3 la entrega de 108 sillas de ruedas a poblaci\u00f3n con discapacidad, en lo que constituye una de las jornadas m\u00e1s amplias de ayudas t\u00e9cnicas en el Huila. La iniciativa hace parte de un programa orientado a mejorar las condiciones de vida de personas en situaci\u00f3n de vulnerabilidad.<\/p>\n\n\n\n<p>Las sillas, de tipo est\u00e1ndar, neurol\u00f3gico e infantil, fueron adquiridas con recursos superiores a los $400 millones provenientes del Banco de Apoyo de Ayudas T\u00e9cnicas, un fondo destinado a financiar equipos y apoyos para poblaciones espec\u00edficas.<\/p>\n\n\n\n<figure class=\"wp-block-gallery has-nested-images columns-default is-cropped wp-block-gallery-1 is-layout-flex wp-block-gallery-is-layout-flex\">\n<figure class=\"wp-block-image size-large\"><img loading=\"lazy\" decoding=\"async\" width=\"1024\" height=\"683\" data-id=\"97361\" src=\"https:\/\/luchonoticias.com\/editor\/wp-content\/uploads\/2026\/04\/WhatsApp-Image-2026-04-27-at-20.47.04-1024x683.jpeg\" alt=\"\" class=\"wp-image-97361\" srcset=\"https:\/\/luchonoticias.com\/editor\/wp-content\/uploads\/2026\/04\/WhatsApp-Image-2026-04-27-at-20.47.04-1024x683.jpeg 1024w, https:\/\/luchonoticias.com\/editor\/wp-content\/uploads\/2026\/04\/WhatsApp-Image-2026-04-27-at-20.47.04-300x200.jpeg 300w, https:\/\/luchonoticias.com\/editor\/wp-content\/uploads\/2026\/04\/WhatsApp-Image-2026-04-27-at-20.47.04-768x512.jpeg 768w, https:\/\/luchonoticias.com\/editor\/wp-content\/uploads\/2026\/04\/WhatsApp-Image-2026-04-27-at-20.47.04.jpeg 1280w\" sizes=\"auto, (max-width: 1024px) 100vw, 1024px\" \/><\/figure>\n\n\n\n<figure class=\"wp-block-image size-large\"><img loading=\"lazy\" decoding=\"async\" width=\"1024\" height=\"683\" data-id=\"97362\" src=\"https:\/\/luchonoticias.com\/editor\/wp-content\/uploads\/2026\/04\/WhatsApp-Image-2026-04-27-at-20.47.04-1-1024x683.jpeg\" alt=\"\" class=\"wp-image-97362\" srcset=\"https:\/\/luchonoticias.com\/editor\/wp-content\/uploads\/2026\/04\/WhatsApp-Image-2026-04-27-at-20.47.04-1-1024x683.jpeg 1024w, https:\/\/luchonoticias.com\/editor\/wp-content\/uploads\/2026\/04\/WhatsApp-Image-2026-04-27-at-20.47.04-1-300x200.jpeg 300w, https:\/\/luchonoticias.com\/editor\/wp-content\/uploads\/2026\/04\/WhatsApp-Image-2026-04-27-at-20.47.04-1-768x512.jpeg 768w, https:\/\/luchonoticias.com\/editor\/wp-content\/uploads\/2026\/04\/WhatsApp-Image-2026-04-27-at-20.47.04-1.jpeg 1280w\" sizes=\"auto, (max-width: 1024px) 100vw, 1024px\" \/><\/figure>\n<\/figure>\n\n\n\n<p>El secretario de Salud del Huila, C\u00e9sar Germ\u00e1n Roa, se\u00f1al\u00f3 que esta entrega responde a un trabajo articulado que busca ampliar la cobertura de este tipo de beneficios en el departamento. Adem\u00e1s, hizo un llamado a los municipios para fortalecer la inversi\u00f3n en esta poblaci\u00f3n y record\u00f3 que las EPS tienen la responsabilidad de suministrar estas ayudas.<\/p>\n\n\n\n<p>Por su parte, la gestora social \u00c1ngela Parra Fajardo destac\u00f3 que estos apoyos representan m\u00e1s que una soluci\u00f3n t\u00e9cnica, al contribuir a la autonom\u00eda, la inclusi\u00f3n y la dignidad de los beneficiarios. \u201cCada silla es una oportunidad para mejorar la movilidad y la participaci\u00f3n en la sociedad\u201d, se\u00f1al\u00f3.<\/p>\n\n\n\n<figure class=\"wp-block-gallery has-nested-images columns-default is-cropped wp-block-gallery-2 is-layout-flex wp-block-gallery-is-layout-flex\">\n<figure class=\"wp-block-image size-large\"><img loading=\"lazy\" decoding=\"async\" width=\"1024\" height=\"683\" data-id=\"97363\" src=\"https:\/\/luchonoticias.com\/editor\/wp-content\/uploads\/2026\/04\/WhatsApp-Image-2026-04-27-at-20.47.02-1024x683.jpeg\" alt=\"\" class=\"wp-image-97363\" srcset=\"https:\/\/luchonoticias.com\/editor\/wp-content\/uploads\/2026\/04\/WhatsApp-Image-2026-04-27-at-20.47.02-1024x683.jpeg 1024w, https:\/\/luchonoticias.com\/editor\/wp-content\/uploads\/2026\/04\/WhatsApp-Image-2026-04-27-at-20.47.02-300x200.jpeg 300w, https:\/\/luchonoticias.com\/editor\/wp-content\/uploads\/2026\/04\/WhatsApp-Image-2026-04-27-at-20.47.02-768x512.jpeg 768w, https:\/\/luchonoticias.com\/editor\/wp-content\/uploads\/2026\/04\/WhatsApp-Image-2026-04-27-at-20.47.02.jpeg 1280w\" sizes=\"auto, (max-width: 1024px) 100vw, 1024px\" \/><\/figure>\n\n\n\n<figure class=\"wp-block-image size-large\"><img loading=\"lazy\" decoding=\"async\" width=\"1024\" height=\"683\" data-id=\"97364\" src=\"https:\/\/luchonoticias.com\/editor\/wp-content\/uploads\/2026\/04\/WhatsApp-Image-2026-04-27-at-20.47.05-1024x683.jpeg\" alt=\"\" class=\"wp-image-97364\" srcset=\"https:\/\/luchonoticias.com\/editor\/wp-content\/uploads\/2026\/04\/WhatsApp-Image-2026-04-27-at-20.47.05-1024x683.jpeg 1024w, https:\/\/luchonoticias.com\/editor\/wp-content\/uploads\/2026\/04\/WhatsApp-Image-2026-04-27-at-20.47.05-300x200.jpeg 300w, https:\/\/luchonoticias.com\/editor\/wp-content\/uploads\/2026\/04\/WhatsApp-Image-2026-04-27-at-20.47.05-768x512.jpeg 768w, https:\/\/luchonoticias.com\/editor\/wp-content\/uploads\/2026\/04\/WhatsApp-Image-2026-04-27-at-20.47.05.jpeg 1280w\" sizes=\"auto, (max-width: 1024px) 100vw, 1024px\" \/><\/figure>\n<\/figure>\n\n\n\n<p>Las ayudas ser\u00e1n distribuidas en municipios como Baraya, Colombia, Tello, Neiva, La Plata, Pitalito, Palestina, Palermo, Teruel, \u00cdquira, Campoalegre, La Argentina, Tarqui, El Pital y Garz\u00f3n. En las pr\u00f3ximas semanas se prev\u00e9 la entrega de nuevos apoyos en otras localidades.<\/p>\n\n\n\n<p>Actualmente, m\u00e1s de 32 mil personas cuentan con certificado de discapacidad en el Huila. Para acceder a este documento, los interesados deben presentar su historia cl\u00ednica con diagn\u00f3stico y documento de identidad ante la Secretar\u00eda de Salud de su municipio. Tras la verificaci\u00f3n de requisitos, ser\u00e1n remitidos a una IPS certificadora para su valoraci\u00f3n. El certificado no tiene costo y permite acceder a la oferta institucional a nivel territorial y nacional.<\/p>\n\n\n\n<p><\/p>\n","protected":false},"excerpt":{"rendered":"<p>El Gobierno Departamental realiz\u00f3 la entrega de 108 sillas de ruedas a poblaci\u00f3n con discapacidad, en lo que constituye una de las jornadas m\u00e1s amplias de ayudas t\u00e9cnicas en el Huila. La iniciativa hace parte de un programa orientado a mejorar las condiciones de vida de personas en situaci\u00f3n de vulnerabilidad. Las sillas, de tipo [&hellip;]<\/p>\n","protected":false},"author":2,"featured_media":97360,"comment_status":"closed","ping_status":"open","sticky":false,"template":"","format":"standard","meta":{"footnotes":""},"categories":[33],"tags":[],"class_list":["post-97359","post","type-post","status-publish","format-standard","has-post-thumbnail","hentry","category-huila"],"yoast_head":"<!-- This site is optimized with the Yoast SEO plugin v26.6 - https:\/\/yoast.com\/wordpress\/plugins\/seo\/ -->\n<title>Entrega de sillas para poblaci\u00f3n en situaci\u00f3n de discapacidad -<\/title>\n<meta name=\"robots\" content=\"index, follow, max-snippet:-1, max-image-preview:large, max-video-preview:-1\" \/>\n<link rel=\"canonical\" href=\"https:\/\/luchonoticias.com\/editor\/entrega-de-sillas-para-poblacion-en-situacion-de-discapacidad\/\" \/>\n<meta property=\"og:locale\" content=\"es_ES\" \/>\n<meta property=\"og:type\" content=\"article\" \/>\n<meta property=\"og:title\" content=\"Entrega de sillas para poblaci\u00f3n en situaci\u00f3n de discapacidad -\" \/>\n<meta property=\"og:url\" content=\"https:\/\/luchonoticias.com\/editor\/entrega-de-sillas-para-poblacion-en-situacion-de-discapacidad\/\" \/>\n<meta property=\"article:publisher\" content=\"https:\/\/www.facebook.com\/luchonoticiasneiva\" \/>\n<meta property=\"article:published_time\" content=\"2026-04-28T09:23:16+00:00\" \/>\n<meta property=\"article:modified_time\" content=\"2026-04-28T09:23:17+00:00\" \/>\n<meta property=\"og:image\" content=\"https:\/\/luchonoticias.com\/editor\/wp-content\/uploads\/2026\/04\/silla-de-ruedas.jpg\" \/>\n\t<meta property=\"og:image:width\" content=\"700\" \/>\n\t<meta property=\"og:image:height\" content=\"400\" \/>\n\t<meta property=\"og:image:type\" content=\"image\/jpeg\" \/>\n<meta name=\"author\" content=\"Editor General\" \/>\n<meta name=\"twitter:card\" content=\"summary_large_image\" \/>\n<meta name=\"twitter:label1\" content=\"Escrito por\" \/>\n\t<meta name=\"twitter:data1\" content=\"Editor General\" \/>\n\t<meta name=\"twitter:label2\" content=\"Tiempo de lectura\" \/>\n\t<meta name=\"twitter:data2\" content=\"3 minutos\" \/>\n<script type=\"application\/ld+json\" class=\"yoast-schema-graph\">{\"@context\":\"https:\/\/schema.org\",\"@graph\":[{\"@type\":\"Article\",\"@id\":\"https:\/\/luchonoticias.com\/editor\/entrega-de-sillas-para-poblacion-en-situacion-de-discapacidad\/#article\",\"isPartOf\":{\"@id\":\"https:\/\/luchonoticias.com\/editor\/entrega-de-sillas-para-poblacion-en-situacion-de-discapacidad\/\"},\"author\":{\"name\":\"Editor General\",\"@id\":\"https:\/\/luchonoticias.com\/editor\/#\/schema\/person\/29217990ddf6f14e35912b2866d591fb\"},\"headline\":\"Entrega de sillas para poblaci\u00f3n en situaci\u00f3n de discapacidad\",\"datePublished\":\"2026-04-28T09:23:16+00:00\",\"dateModified\":\"2026-04-28T09:23:17+00:00\",\"mainEntityOfPage\":{\"@id\":\"https:\/\/luchonoticias.com\/editor\/entrega-de-sillas-para-poblacion-en-situacion-de-discapacidad\/\"},\"wordCount\":342,\"publisher\":{\"@id\":\"https:\/\/luchonoticias.com\/editor\/#\/schema\/person\/7a7fd911f58561fd056dbac7b55af9cd\"},\"image\":{\"@id\":\"https:\/\/luchonoticias.com\/editor\/entrega-de-sillas-para-poblacion-en-situacion-de-discapacidad\/#primaryimage\"},\"thumbnailUrl\":\"https:\/\/luchonoticias.com\/editor\/wp-content\/uploads\/2026\/04\/silla-de-ruedas.jpg\",\"articleSection\":[\"Huila\"],\"inLanguage\":\"es\"},{\"@type\":\"WebPage\",\"@id\":\"https:\/\/luchonoticias.com\/editor\/entrega-de-sillas-para-poblacion-en-situacion-de-discapacidad\/\",\"url\":\"https:\/\/luchonoticias.com\/editor\/entrega-de-sillas-para-poblacion-en-situacion-de-discapacidad\/\",\"name\":\"Entrega de sillas para poblaci\u00f3n en situaci\u00f3n de discapacidad -\",\"isPartOf\":{\"@id\":\"https:\/\/luchonoticias.com\/editor\/#website\"},\"primaryImageOfPage\":{\"@id\":\"https:\/\/luchonoticias.com\/editor\/entrega-de-sillas-para-poblacion-en-situacion-de-discapacidad\/#primaryimage\"},\"image\":{\"@id\":\"https:\/\/luchonoticias.com\/editor\/entrega-de-sillas-para-poblacion-en-situacion-de-discapacidad\/#primaryimage\"},\"thumbnailUrl\":\"https:\/\/luchonoticias.com\/editor\/wp-content\/uploads\/2026\/04\/silla-de-ruedas.jpg\",\"datePublished\":\"2026-04-28T09:23:16+00:00\",\"dateModified\":\"2026-04-28T09:23:17+00:00\",\"breadcrumb\":{\"@id\":\"https:\/\/luchonoticias.com\/editor\/entrega-de-sillas-para-poblacion-en-situacion-de-discapacidad\/#breadcrumb\"},\"inLanguage\":\"es\",\"potentialAction\":[{\"@type\":\"ReadAction\",\"target\":[\"https:\/\/luchonoticias.com\/editor\/entrega-de-sillas-para-poblacion-en-situacion-de-discapacidad\/\"]}]},{\"@type\":\"ImageObject\",\"inLanguage\":\"es\",\"@id\":\"https:\/\/luchonoticias.com\/editor\/entrega-de-sillas-para-poblacion-en-situacion-de-discapacidad\/#primaryimage\",\"url\":\"https:\/\/luchonoticias.com\/editor\/wp-content\/uploads\/2026\/04\/silla-de-ruedas.jpg\",\"contentUrl\":\"https:\/\/luchonoticias.com\/editor\/wp-content\/uploads\/2026\/04\/silla-de-ruedas.jpg\",\"width\":700,\"height\":400},{\"@type\":\"BreadcrumbList\",\"@id\":\"https:\/\/luchonoticias.com\/editor\/entrega-de-sillas-para-poblacion-en-situacion-de-discapacidad\/#breadcrumb\",\"itemListElement\":[{\"@type\":\"ListItem\",\"position\":1,\"name\":\"Portada\",\"item\":\"https:\/\/luchonoticias.com\/editor\/\"},{\"@type\":\"ListItem\",\"position\":2,\"name\":\"Entrega de sillas para poblaci\u00f3n en situaci\u00f3n de discapacidad\"}]},{\"@type\":\"WebSite\",\"@id\":\"https:\/\/luchonoticias.com\/editor\/#website\",\"url\":\"https:\/\/luchonoticias.com\/editor\/\",\"name\":\"\",\"description\":\"\",\"publisher\":{\"@id\":\"https:\/\/luchonoticias.com\/editor\/#\/schema\/person\/7a7fd911f58561fd056dbac7b55af9cd\"},\"potentialAction\":[{\"@type\":\"SearchAction\",\"target\":{\"@type\":\"EntryPoint\",\"urlTemplate\":\"https:\/\/luchonoticias.com\/editor\/?s={search_term_string}\"},\"query-input\":{\"@type\":\"PropertyValueSpecification\",\"valueRequired\":true,\"valueName\":\"search_term_string\"}}],\"inLanguage\":\"es\"},{\"@type\":[\"Person\",\"Organization\"],\"@id\":\"https:\/\/luchonoticias.com\/editor\/#\/schema\/person\/7a7fd911f58561fd056dbac7b55af9cd\",\"name\":\"admin\",\"image\":{\"@type\":\"ImageObject\",\"inLanguage\":\"es\",\"@id\":\"https:\/\/luchonoticias.com\/editor\/#\/schema\/person\/image\/\",\"url\":\"https:\/\/luchonoticias.com\/editor\/wp-content\/uploads\/2024\/02\/cropped-cropped-logolu.webp\",\"contentUrl\":\"https:\/\/luchonoticias.com\/editor\/wp-content\/uploads\/2024\/02\/cropped-cropped-logolu.webp\",\"width\":382,\"height\":170,\"caption\":\"admin\"},\"logo\":{\"@id\":\"https:\/\/luchonoticias.com\/editor\/#\/schema\/person\/image\/\"},\"sameAs\":[\"https:\/\/www.facebook.com\/luchonoticiasneiva\"]},{\"@type\":\"Person\",\"@id\":\"https:\/\/luchonoticias.com\/editor\/#\/schema\/person\/29217990ddf6f14e35912b2866d591fb\",\"name\":\"Editor General\",\"image\":{\"@type\":\"ImageObject\",\"inLanguage\":\"es\",\"@id\":\"https:\/\/luchonoticias.com\/editor\/#\/schema\/person\/image\/\",\"url\":\"https:\/\/luchonoticias.com\/editor\/wp-content\/uploads\/2024\/02\/cropped-cropped-logolu-150x150.webp\",\"contentUrl\":\"https:\/\/luchonoticias.com\/editor\/wp-content\/uploads\/2024\/02\/cropped-cropped-logolu-150x150.webp\",\"caption\":\"Editor General\"},\"sameAs\":[\"https:\/\/luchonoticias.com\/\"],\"url\":\"https:\/\/luchonoticias.com\/editor\/author\/editor-general\/\"}]}<\/script>\n<!-- \/ Yoast SEO plugin. -->","yoast_head_json":{"title":"Entrega de sillas para poblaci\u00f3n en situaci\u00f3n de discapacidad -","robots":{"index":"index","follow":"follow","max-snippet":"max-snippet:-1","max-image-preview":"max-image-preview:large","max-video-preview":"max-video-preview:-1"},"canonical":"https:\/\/luchonoticias.com\/editor\/entrega-de-sillas-para-poblacion-en-situacion-de-discapacidad\/","og_locale":"es_ES","og_type":"article","og_title":"Entrega de sillas para poblaci\u00f3n en situaci\u00f3n de discapacidad -","og_url":"https:\/\/luchonoticias.com\/editor\/entrega-de-sillas-para-poblacion-en-situacion-de-discapacidad\/","article_publisher":"https:\/\/www.facebook.com\/luchonoticiasneiva","article_published_time":"2026-04-28T09:23:16+00:00","article_modified_time":"2026-04-28T09:23:17+00:00","og_image":[{"width":700,"height":400,"url":"https:\/\/luchonoticias.com\/editor\/wp-content\/uploads\/2026\/04\/silla-de-ruedas.jpg","type":"image\/jpeg"}],"author":"Editor General","twitter_card":"summary_large_image","twitter_misc":{"Escrito por":"Editor General","Tiempo de lectura":"3 minutos"},"schema":{"@context":"https:\/\/schema.org","@graph":[{"@type":"Article","@id":"https:\/\/luchonoticias.com\/editor\/entrega-de-sillas-para-poblacion-en-situacion-de-discapacidad\/#article","isPartOf":{"@id":"https:\/\/luchonoticias.com\/editor\/entrega-de-sillas-para-poblacion-en-situacion-de-discapacidad\/"},"author":{"name":"Editor General","@id":"https:\/\/luchonoticias.com\/editor\/#\/schema\/person\/29217990ddf6f14e35912b2866d591fb"},"headline":"Entrega de sillas para poblaci\u00f3n en situaci\u00f3n de discapacidad","datePublished":"2026-04-28T09:23:16+00:00","dateModified":"2026-04-28T09:23:17+00:00","mainEntityOfPage":{"@id":"https:\/\/luchonoticias.com\/editor\/entrega-de-sillas-para-poblacion-en-situacion-de-discapacidad\/"},"wordCount":342,"publisher":{"@id":"https:\/\/luchonoticias.com\/editor\/#\/schema\/person\/7a7fd911f58561fd056dbac7b55af9cd"},"image":{"@id":"https:\/\/luchonoticias.com\/editor\/entrega-de-sillas-para-poblacion-en-situacion-de-discapacidad\/#primaryimage"},"thumbnailUrl":"https:\/\/luchonoticias.com\/editor\/wp-content\/uploads\/2026\/04\/silla-de-ruedas.jpg","articleSection":["Huila"],"inLanguage":"es"},{"@type":"WebPage","@id":"https:\/\/luchonoticias.com\/editor\/entrega-de-sillas-para-poblacion-en-situacion-de-discapacidad\/","url":"https:\/\/luchonoticias.com\/editor\/entrega-de-sillas-para-poblacion-en-situacion-de-discapacidad\/","name":"Entrega de sillas para poblaci\u00f3n en situaci\u00f3n de discapacidad -","isPartOf":{"@id":"https:\/\/luchonoticias.com\/editor\/#website"},"primaryImageOfPage":{"@id":"https:\/\/luchonoticias.com\/editor\/entrega-de-sillas-para-poblacion-en-situacion-de-discapacidad\/#primaryimage"},"image":{"@id":"https:\/\/luchonoticias.com\/editor\/entrega-de-sillas-para-poblacion-en-situacion-de-discapacidad\/#primaryimage"},"thumbnailUrl":"https:\/\/luchonoticias.com\/editor\/wp-content\/uploads\/2026\/04\/silla-de-ruedas.jpg","datePublished":"2026-04-28T09:23:16+00:00","dateModified":"2026-04-28T09:23:17+00:00","breadcrumb":{"@id":"https:\/\/luchonoticias.com\/editor\/entrega-de-sillas-para-poblacion-en-situacion-de-discapacidad\/#breadcrumb"},"inLanguage":"es","potentialAction":[{"@type":"ReadAction","target":["https:\/\/luchonoticias.com\/editor\/entrega-de-sillas-para-poblacion-en-situacion-de-discapacidad\/"]}]},{"@type":"ImageObject","inLanguage":"es","@id":"https:\/\/luchonoticias.com\/editor\/entrega-de-sillas-para-poblacion-en-situacion-de-discapacidad\/#primaryimage","url":"https:\/\/luchonoticias.com\/editor\/wp-content\/uploads\/2026\/04\/silla-de-ruedas.jpg","contentUrl":"https:\/\/luchonoticias.com\/editor\/wp-content\/uploads\/2026\/04\/silla-de-ruedas.jpg","width":700,"height":400},{"@type":"BreadcrumbList","@id":"https:\/\/luchonoticias.com\/editor\/entrega-de-sillas-para-poblacion-en-situacion-de-discapacidad\/#breadcrumb","itemListElement":[{"@type":"ListItem","position":1,"name":"Portada","item":"https:\/\/luchonoticias.com\/editor\/"},{"@type":"ListItem","position":2,"name":"Entrega de sillas para poblaci\u00f3n en situaci\u00f3n de discapacidad"}]},{"@type":"WebSite","@id":"https:\/\/luchonoticias.com\/editor\/#website","url":"https:\/\/luchonoticias.com\/editor\/","name":"","description":"","publisher":{"@id":"https:\/\/luchonoticias.com\/editor\/#\/schema\/person\/7a7fd911f58561fd056dbac7b55af9cd"},"potentialAction":[{"@type":"SearchAction","target":{"@type":"EntryPoint","urlTemplate":"https:\/\/luchonoticias.com\/editor\/?s={search_term_string}"},"query-input":{"@type":"PropertyValueSpecification","valueRequired":true,"valueName":"search_term_string"}}],"inLanguage":"es"},{"@type":["Person","Organization"],"@id":"https:\/\/luchonoticias.com\/editor\/#\/schema\/person\/7a7fd911f58561fd056dbac7b55af9cd","name":"admin","image":{"@type":"ImageObject","inLanguage":"es","@id":"https:\/\/luchonoticias.com\/editor\/#\/schema\/person\/image\/","url":"https:\/\/luchonoticias.com\/editor\/wp-content\/uploads\/2024\/02\/cropped-cropped-logolu.webp","contentUrl":"https:\/\/luchonoticias.com\/editor\/wp-content\/uploads\/2024\/02\/cropped-cropped-logolu.webp","width":382,"height":170,"caption":"admin"},"logo":{"@id":"https:\/\/luchonoticias.com\/editor\/#\/schema\/person\/image\/"},"sameAs":["https:\/\/www.facebook.com\/luchonoticiasneiva"]},{"@type":"Person","@id":"https:\/\/luchonoticias.com\/editor\/#\/schema\/person\/29217990ddf6f14e35912b2866d591fb","name":"Editor General","image":{"@type":"ImageObject","inLanguage":"es","@id":"https:\/\/luchonoticias.com\/editor\/#\/schema\/person\/image\/","url":"https:\/\/luchonoticias.com\/editor\/wp-content\/uploads\/2024\/02\/cropped-cropped-logolu-150x150.webp","contentUrl":"https:\/\/luchonoticias.com\/editor\/wp-content\/uploads\/2024\/02\/cropped-cropped-logolu-150x150.webp","caption":"Editor General"},"sameAs":["https:\/\/luchonoticias.com\/"],"url":"https:\/\/luchonoticias.com\/editor\/author\/editor-general\/"}]}},"_links":{"self":[{"href":"https:\/\/luchonoticias.com\/editor\/wp-json\/wp\/v2\/posts\/97359","targetHints":{"allow":["GET"]}}],"collection":[{"href":"https:\/\/luchonoticias.com\/editor\/wp-json\/wp\/v2\/posts"}],"about":[{"href":"https:\/\/luchonoticias.com\/editor\/wp-json\/wp\/v2\/types\/post"}],"author":[{"embeddable":true,"href":"https:\/\/luchonoticias.com\/editor\/wp-json\/wp\/v2\/users\/2"}],"replies":[{"embeddable":true,"href":"https:\/\/luchonoticias.com\/editor\/wp-json\/wp\/v2\/comments?post=97359"}],"version-history":[{"count":1,"href":"https:\/\/luchonoticias.com\/editor\/wp-json\/wp\/v2\/posts\/97359\/revisions"}],"predecessor-version":[{"id":97365,"href":"https:\/\/luchonoticias.com\/editor\/wp-json\/wp\/v2\/posts\/97359\/revisions\/97365"}],"wp:featuredmedia":[{"embeddable":true,"href":"https:\/\/luchonoticias.com\/editor\/wp-json\/wp\/v2\/media\/97360"}],"wp:attachment":[{"href":"https:\/\/luchonoticias.com\/editor\/wp-json\/wp\/v2\/media?parent=97359"}],"wp:term":[{"taxonomy":"category","embeddable":true,"href":"https:\/\/luchonoticias.com\/editor\/wp-json\/wp\/v2\/categories?post=97359"},{"taxonomy":"post_tag","embeddable":true,"href":"https:\/\/luchonoticias.com\/editor\/wp-json\/wp\/v2\/tags?post=97359"}],"curies":[{"name":"wp","href":"https:\/\/api.w.org\/{rel}","templated":true}]}}