{"id":97366,"date":"2026-04-28T04:28:00","date_gmt":"2026-04-28T09:28:00","guid":{"rendered":"https:\/\/luchonoticias.com\/editor\/?p=97366"},"modified":"2026-04-28T04:28:01","modified_gmt":"2026-04-28T09:28:01","slug":"lanzada-campana-de-inclusion-para-la-poblacion-lgbtiq","status":"publish","type":"post","link":"https:\/\/luchonoticias.com\/editor\/lanzada-campana-de-inclusion-para-la-poblacion-lgbtiq\/","title":{"rendered":"Lanzada campa\u00f1a de inclusi\u00f3n para la poblaci\u00f3n LGBTIQ+"},"content":{"rendered":"\n<p>La Gobernaci\u00f3n del Huila present\u00f3 el sello \u201cYo no discrimino, \u00bfy t\u00fa?\u201d, una iniciativa orientada a fortalecer el respeto, la inclusi\u00f3n y la garant\u00eda de derechos de la poblaci\u00f3n LGBTIQ+ en el departamento.<\/p>\n\n\n\n<p>La estrategia, liderada por la Secretar\u00eda de la Mujer, Familia e Inclusi\u00f3n Social, promueve que las alcald\u00edas municipales implementen acciones espec\u00edficas para prevenir la discriminaci\u00f3n por orientaci\u00f3n sexual e identidad de g\u00e9nero, as\u00ed como para mejorar la atenci\u00f3n institucional a esta poblaci\u00f3n.<\/p>\n\n\n\n<p>Durante el lanzamiento, la gestora social \u00c1ngela Parra se\u00f1al\u00f3 que la iniciativa busca consolidar un territorio m\u00e1s respetuoso y diverso. A su vez, la secretaria Natalia Ortiz explic\u00f3 que el sello implica compromisos verificables por parte de los municipios, m\u00e1s all\u00e1 de un reconocimiento simb\u00f3lico.<\/p>\n\n\n\n<figure class=\"wp-block-gallery has-nested-images columns-default is-cropped wp-block-gallery-1 is-layout-flex wp-block-gallery-is-layout-flex\">\n<figure class=\"wp-block-image size-large\"><img loading=\"lazy\" decoding=\"async\" width=\"1024\" height=\"682\" data-id=\"97369\" src=\"https:\/\/luchonoticias.com\/editor\/wp-content\/uploads\/2026\/04\/WhatsApp-Image-2026-04-27-at-21.15.31-1024x682.jpeg\" alt=\"\" class=\"wp-image-97369\" srcset=\"https:\/\/luchonoticias.com\/editor\/wp-content\/uploads\/2026\/04\/WhatsApp-Image-2026-04-27-at-21.15.31-1024x682.jpeg 1024w, https:\/\/luchonoticias.com\/editor\/wp-content\/uploads\/2026\/04\/WhatsApp-Image-2026-04-27-at-21.15.31-300x200.jpeg 300w, https:\/\/luchonoticias.com\/editor\/wp-content\/uploads\/2026\/04\/WhatsApp-Image-2026-04-27-at-21.15.31-768x512.jpeg 768w, https:\/\/luchonoticias.com\/editor\/wp-content\/uploads\/2026\/04\/WhatsApp-Image-2026-04-27-at-21.15.31-1536x1023.jpeg 1536w, https:\/\/luchonoticias.com\/editor\/wp-content\/uploads\/2026\/04\/WhatsApp-Image-2026-04-27-at-21.15.31.jpeg 1600w\" sizes=\"auto, (max-width: 1024px) 100vw, 1024px\" \/><\/figure>\n\n\n\n<figure class=\"wp-block-image size-large\"><img loading=\"lazy\" decoding=\"async\" width=\"1024\" height=\"682\" data-id=\"97368\" src=\"https:\/\/luchonoticias.com\/editor\/wp-content\/uploads\/2026\/04\/WhatsApp-Image-2026-04-27-at-21.15.33-1024x682.jpeg\" alt=\"\" class=\"wp-image-97368\" srcset=\"https:\/\/luchonoticias.com\/editor\/wp-content\/uploads\/2026\/04\/WhatsApp-Image-2026-04-27-at-21.15.33-1024x682.jpeg 1024w, https:\/\/luchonoticias.com\/editor\/wp-content\/uploads\/2026\/04\/WhatsApp-Image-2026-04-27-at-21.15.33-300x200.jpeg 300w, https:\/\/luchonoticias.com\/editor\/wp-content\/uploads\/2026\/04\/WhatsApp-Image-2026-04-27-at-21.15.33-768x512.jpeg 768w, https:\/\/luchonoticias.com\/editor\/wp-content\/uploads\/2026\/04\/WhatsApp-Image-2026-04-27-at-21.15.33-1536x1023.jpeg 1536w, https:\/\/luchonoticias.com\/editor\/wp-content\/uploads\/2026\/04\/WhatsApp-Image-2026-04-27-at-21.15.33.jpeg 1600w\" sizes=\"auto, (max-width: 1024px) 100vw, 1024px\" \/><\/figure>\n<\/figure>\n\n\n\n<p>Entre las acciones exigidas se incluyen la capacitaci\u00f3n a funcionarios p\u00fablicos, la adopci\u00f3n de protocolos de atenci\u00f3n inclusiva, la habilitaci\u00f3n de canales de denuncia y el fortalecimiento de espacios de participaci\u00f3n como las Mesas Municipales de Diversidad Sexual.<\/p>\n\n\n\n<p>El proceso de certificaci\u00f3n es voluntario, contempla evaluaci\u00f3n t\u00e9cnica y seguimiento anual, y tendr\u00e1 una vigencia de un a\u00f1o renovable. Con esta apuesta, el Gobierno Departamental espera que los 37 municipios avancen en la construcci\u00f3n de entornos libres de discriminaci\u00f3n y con mayores garant\u00edas para la diversidad.<\/p>\n","protected":false},"excerpt":{"rendered":"<p>La Gobernaci\u00f3n del Huila present\u00f3 el sello \u201cYo no discrimino, \u00bfy t\u00fa?\u201d, una iniciativa orientada a fortalecer el respeto, la inclusi\u00f3n y la garant\u00eda de derechos de la poblaci\u00f3n LGBTIQ+ en el departamento. La estrategia, liderada por la Secretar\u00eda de la Mujer, Familia e Inclusi\u00f3n Social, promueve que las alcald\u00edas municipales implementen acciones espec\u00edficas para [&hellip;]<\/p>\n","protected":false},"author":2,"featured_media":97367,"comment_status":"closed","ping_status":"open","sticky":false,"template":"","format":"standard","meta":{"footnotes":""},"categories":[33],"tags":[],"class_list":["post-97366","post","type-post","status-publish","format-standard","has-post-thumbnail","hentry","category-huila"],"yoast_head":"<!-- This site is optimized with the Yoast SEO plugin v26.6 - https:\/\/yoast.com\/wordpress\/plugins\/seo\/ -->\n<title>Lanzada campa\u00f1a de inclusi\u00f3n para la poblaci\u00f3n LGBTIQ+ -<\/title>\n<meta name=\"robots\" content=\"index, follow, max-snippet:-1, max-image-preview:large, max-video-preview:-1\" \/>\n<link rel=\"canonical\" href=\"https:\/\/luchonoticias.com\/editor\/lanzada-campana-de-inclusion-para-la-poblacion-lgbtiq\/\" \/>\n<meta property=\"og:locale\" content=\"es_ES\" \/>\n<meta property=\"og:type\" content=\"article\" \/>\n<meta property=\"og:title\" content=\"Lanzada campa\u00f1a de inclusi\u00f3n para la poblaci\u00f3n LGBTIQ+ -\" \/>\n<meta property=\"og:url\" content=\"https:\/\/luchonoticias.com\/editor\/lanzada-campana-de-inclusion-para-la-poblacion-lgbtiq\/\" \/>\n<meta property=\"article:publisher\" content=\"https:\/\/www.facebook.com\/luchonoticiasneiva\" \/>\n<meta property=\"article:published_time\" content=\"2026-04-28T09:28:00+00:00\" \/>\n<meta property=\"article:modified_time\" content=\"2026-04-28T09:28:01+00:00\" \/>\n<meta property=\"og:image\" content=\"https:\/\/luchonoticias.com\/editor\/wp-content\/uploads\/2026\/04\/campana-LGBTIQ.jpg\" \/>\n\t<meta property=\"og:image:width\" content=\"700\" \/>\n\t<meta property=\"og:image:height\" content=\"400\" \/>\n\t<meta property=\"og:image:type\" content=\"image\/jpeg\" \/>\n<meta name=\"author\" content=\"Editor General\" \/>\n<meta name=\"twitter:card\" content=\"summary_large_image\" \/>\n<meta name=\"twitter:label1\" content=\"Escrito por\" \/>\n\t<meta name=\"twitter:data1\" content=\"Editor General\" \/>\n\t<meta name=\"twitter:label2\" content=\"Tiempo de lectura\" \/>\n\t<meta name=\"twitter:data2\" content=\"2 minutos\" \/>\n<script type=\"application\/ld+json\" class=\"yoast-schema-graph\">{\"@context\":\"https:\/\/schema.org\",\"@graph\":[{\"@type\":\"Article\",\"@id\":\"https:\/\/luchonoticias.com\/editor\/lanzada-campana-de-inclusion-para-la-poblacion-lgbtiq\/#article\",\"isPartOf\":{\"@id\":\"https:\/\/luchonoticias.com\/editor\/lanzada-campana-de-inclusion-para-la-poblacion-lgbtiq\/\"},\"author\":{\"name\":\"Editor General\",\"@id\":\"https:\/\/luchonoticias.com\/editor\/#\/schema\/person\/29217990ddf6f14e35912b2866d591fb\"},\"headline\":\"Lanzada campa\u00f1a de inclusi\u00f3n para la poblaci\u00f3n LGBTIQ+\",\"datePublished\":\"2026-04-28T09:28:00+00:00\",\"dateModified\":\"2026-04-28T09:28:01+00:00\",\"mainEntityOfPage\":{\"@id\":\"https:\/\/luchonoticias.com\/editor\/lanzada-campana-de-inclusion-para-la-poblacion-lgbtiq\/\"},\"wordCount\":245,\"publisher\":{\"@id\":\"https:\/\/luchonoticias.com\/editor\/#\/schema\/person\/7a7fd911f58561fd056dbac7b55af9cd\"},\"image\":{\"@id\":\"https:\/\/luchonoticias.com\/editor\/lanzada-campana-de-inclusion-para-la-poblacion-lgbtiq\/#primaryimage\"},\"thumbnailUrl\":\"https:\/\/luchonoticias.com\/editor\/wp-content\/uploads\/2026\/04\/campana-LGBTIQ.jpg\",\"articleSection\":[\"Huila\"],\"inLanguage\":\"es\"},{\"@type\":\"WebPage\",\"@id\":\"https:\/\/luchonoticias.com\/editor\/lanzada-campana-de-inclusion-para-la-poblacion-lgbtiq\/\",\"url\":\"https:\/\/luchonoticias.com\/editor\/lanzada-campana-de-inclusion-para-la-poblacion-lgbtiq\/\",\"name\":\"Lanzada campa\u00f1a de inclusi\u00f3n para la poblaci\u00f3n LGBTIQ+ -\",\"isPartOf\":{\"@id\":\"https:\/\/luchonoticias.com\/editor\/#website\"},\"primaryImageOfPage\":{\"@id\":\"https:\/\/luchonoticias.com\/editor\/lanzada-campana-de-inclusion-para-la-poblacion-lgbtiq\/#primaryimage\"},\"image\":{\"@id\":\"https:\/\/luchonoticias.com\/editor\/lanzada-campana-de-inclusion-para-la-poblacion-lgbtiq\/#primaryimage\"},\"thumbnailUrl\":\"https:\/\/luchonoticias.com\/editor\/wp-content\/uploads\/2026\/04\/campana-LGBTIQ.jpg\",\"datePublished\":\"2026-04-28T09:28:00+00:00\",\"dateModified\":\"2026-04-28T09:28:01+00:00\",\"breadcrumb\":{\"@id\":\"https:\/\/luchonoticias.com\/editor\/lanzada-campana-de-inclusion-para-la-poblacion-lgbtiq\/#breadcrumb\"},\"inLanguage\":\"es\",\"potentialAction\":[{\"@type\":\"ReadAction\",\"target\":[\"https:\/\/luchonoticias.com\/editor\/lanzada-campana-de-inclusion-para-la-poblacion-lgbtiq\/\"]}]},{\"@type\":\"ImageObject\",\"inLanguage\":\"es\",\"@id\":\"https:\/\/luchonoticias.com\/editor\/lanzada-campana-de-inclusion-para-la-poblacion-lgbtiq\/#primaryimage\",\"url\":\"https:\/\/luchonoticias.com\/editor\/wp-content\/uploads\/2026\/04\/campana-LGBTIQ.jpg\",\"contentUrl\":\"https:\/\/luchonoticias.com\/editor\/wp-content\/uploads\/2026\/04\/campana-LGBTIQ.jpg\",\"width\":700,\"height\":400},{\"@type\":\"BreadcrumbList\",\"@id\":\"https:\/\/luchonoticias.com\/editor\/lanzada-campana-de-inclusion-para-la-poblacion-lgbtiq\/#breadcrumb\",\"itemListElement\":[{\"@type\":\"ListItem\",\"position\":1,\"name\":\"Portada\",\"item\":\"https:\/\/luchonoticias.com\/editor\/\"},{\"@type\":\"ListItem\",\"position\":2,\"name\":\"Lanzada campa\u00f1a de inclusi\u00f3n para la poblaci\u00f3n LGBTIQ+\"}]},{\"@type\":\"WebSite\",\"@id\":\"https:\/\/luchonoticias.com\/editor\/#website\",\"url\":\"https:\/\/luchonoticias.com\/editor\/\",\"name\":\"\",\"description\":\"\",\"publisher\":{\"@id\":\"https:\/\/luchonoticias.com\/editor\/#\/schema\/person\/7a7fd911f58561fd056dbac7b55af9cd\"},\"potentialAction\":[{\"@type\":\"SearchAction\",\"target\":{\"@type\":\"EntryPoint\",\"urlTemplate\":\"https:\/\/luchonoticias.com\/editor\/?s={search_term_string}\"},\"query-input\":{\"@type\":\"PropertyValueSpecification\",\"valueRequired\":true,\"valueName\":\"search_term_string\"}}],\"inLanguage\":\"es\"},{\"@type\":[\"Person\",\"Organization\"],\"@id\":\"https:\/\/luchonoticias.com\/editor\/#\/schema\/person\/7a7fd911f58561fd056dbac7b55af9cd\",\"name\":\"admin\",\"image\":{\"@type\":\"ImageObject\",\"inLanguage\":\"es\",\"@id\":\"https:\/\/luchonoticias.com\/editor\/#\/schema\/person\/image\/\",\"url\":\"https:\/\/luchonoticias.com\/editor\/wp-content\/uploads\/2024\/02\/cropped-cropped-logolu.webp\",\"contentUrl\":\"https:\/\/luchonoticias.com\/editor\/wp-content\/uploads\/2024\/02\/cropped-cropped-logolu.webp\",\"width\":382,\"height\":170,\"caption\":\"admin\"},\"logo\":{\"@id\":\"https:\/\/luchonoticias.com\/editor\/#\/schema\/person\/image\/\"},\"sameAs\":[\"https:\/\/www.facebook.com\/luchonoticiasneiva\"]},{\"@type\":\"Person\",\"@id\":\"https:\/\/luchonoticias.com\/editor\/#\/schema\/person\/29217990ddf6f14e35912b2866d591fb\",\"name\":\"Editor General\",\"image\":{\"@type\":\"ImageObject\",\"inLanguage\":\"es\",\"@id\":\"https:\/\/luchonoticias.com\/editor\/#\/schema\/person\/image\/\",\"url\":\"https:\/\/luchonoticias.com\/editor\/wp-content\/uploads\/2024\/02\/cropped-cropped-logolu-150x150.webp\",\"contentUrl\":\"https:\/\/luchonoticias.com\/editor\/wp-content\/uploads\/2024\/02\/cropped-cropped-logolu-150x150.webp\",\"caption\":\"Editor General\"},\"sameAs\":[\"https:\/\/luchonoticias.com\/\"],\"url\":\"https:\/\/luchonoticias.com\/editor\/author\/editor-general\/\"}]}<\/script>\n<!-- \/ Yoast SEO plugin. -->","yoast_head_json":{"title":"Lanzada campa\u00f1a de inclusi\u00f3n para la poblaci\u00f3n LGBTIQ+ -","robots":{"index":"index","follow":"follow","max-snippet":"max-snippet:-1","max-image-preview":"max-image-preview:large","max-video-preview":"max-video-preview:-1"},"canonical":"https:\/\/luchonoticias.com\/editor\/lanzada-campana-de-inclusion-para-la-poblacion-lgbtiq\/","og_locale":"es_ES","og_type":"article","og_title":"Lanzada campa\u00f1a de inclusi\u00f3n para la poblaci\u00f3n LGBTIQ+ -","og_url":"https:\/\/luchonoticias.com\/editor\/lanzada-campana-de-inclusion-para-la-poblacion-lgbtiq\/","article_publisher":"https:\/\/www.facebook.com\/luchonoticiasneiva","article_published_time":"2026-04-28T09:28:00+00:00","article_modified_time":"2026-04-28T09:28:01+00:00","og_image":[{"width":700,"height":400,"url":"https:\/\/luchonoticias.com\/editor\/wp-content\/uploads\/2026\/04\/campana-LGBTIQ.jpg","type":"image\/jpeg"}],"author":"Editor General","twitter_card":"summary_large_image","twitter_misc":{"Escrito por":"Editor General","Tiempo de lectura":"2 minutos"},"schema":{"@context":"https:\/\/schema.org","@graph":[{"@type":"Article","@id":"https:\/\/luchonoticias.com\/editor\/lanzada-campana-de-inclusion-para-la-poblacion-lgbtiq\/#article","isPartOf":{"@id":"https:\/\/luchonoticias.com\/editor\/lanzada-campana-de-inclusion-para-la-poblacion-lgbtiq\/"},"author":{"name":"Editor General","@id":"https:\/\/luchonoticias.com\/editor\/#\/schema\/person\/29217990ddf6f14e35912b2866d591fb"},"headline":"Lanzada campa\u00f1a de inclusi\u00f3n para la poblaci\u00f3n LGBTIQ+","datePublished":"2026-04-28T09:28:00+00:00","dateModified":"2026-04-28T09:28:01+00:00","mainEntityOfPage":{"@id":"https:\/\/luchonoticias.com\/editor\/lanzada-campana-de-inclusion-para-la-poblacion-lgbtiq\/"},"wordCount":245,"publisher":{"@id":"https:\/\/luchonoticias.com\/editor\/#\/schema\/person\/7a7fd911f58561fd056dbac7b55af9cd"},"image":{"@id":"https:\/\/luchonoticias.com\/editor\/lanzada-campana-de-inclusion-para-la-poblacion-lgbtiq\/#primaryimage"},"thumbnailUrl":"https:\/\/luchonoticias.com\/editor\/wp-content\/uploads\/2026\/04\/campana-LGBTIQ.jpg","articleSection":["Huila"],"inLanguage":"es"},{"@type":"WebPage","@id":"https:\/\/luchonoticias.com\/editor\/lanzada-campana-de-inclusion-para-la-poblacion-lgbtiq\/","url":"https:\/\/luchonoticias.com\/editor\/lanzada-campana-de-inclusion-para-la-poblacion-lgbtiq\/","name":"Lanzada campa\u00f1a de inclusi\u00f3n para la poblaci\u00f3n LGBTIQ+ -","isPartOf":{"@id":"https:\/\/luchonoticias.com\/editor\/#website"},"primaryImageOfPage":{"@id":"https:\/\/luchonoticias.com\/editor\/lanzada-campana-de-inclusion-para-la-poblacion-lgbtiq\/#primaryimage"},"image":{"@id":"https:\/\/luchonoticias.com\/editor\/lanzada-campana-de-inclusion-para-la-poblacion-lgbtiq\/#primaryimage"},"thumbnailUrl":"https:\/\/luchonoticias.com\/editor\/wp-content\/uploads\/2026\/04\/campana-LGBTIQ.jpg","datePublished":"2026-04-28T09:28:00+00:00","dateModified":"2026-04-28T09:28:01+00:00","breadcrumb":{"@id":"https:\/\/luchonoticias.com\/editor\/lanzada-campana-de-inclusion-para-la-poblacion-lgbtiq\/#breadcrumb"},"inLanguage":"es","potentialAction":[{"@type":"ReadAction","target":["https:\/\/luchonoticias.com\/editor\/lanzada-campana-de-inclusion-para-la-poblacion-lgbtiq\/"]}]},{"@type":"ImageObject","inLanguage":"es","@id":"https:\/\/luchonoticias.com\/editor\/lanzada-campana-de-inclusion-para-la-poblacion-lgbtiq\/#primaryimage","url":"https:\/\/luchonoticias.com\/editor\/wp-content\/uploads\/2026\/04\/campana-LGBTIQ.jpg","contentUrl":"https:\/\/luchonoticias.com\/editor\/wp-content\/uploads\/2026\/04\/campana-LGBTIQ.jpg","width":700,"height":400},{"@type":"BreadcrumbList","@id":"https:\/\/luchonoticias.com\/editor\/lanzada-campana-de-inclusion-para-la-poblacion-lgbtiq\/#breadcrumb","itemListElement":[{"@type":"ListItem","position":1,"name":"Portada","item":"https:\/\/luchonoticias.com\/editor\/"},{"@type":"ListItem","position":2,"name":"Lanzada campa\u00f1a de inclusi\u00f3n para la poblaci\u00f3n LGBTIQ+"}]},{"@type":"WebSite","@id":"https:\/\/luchonoticias.com\/editor\/#website","url":"https:\/\/luchonoticias.com\/editor\/","name":"","description":"","publisher":{"@id":"https:\/\/luchonoticias.com\/editor\/#\/schema\/person\/7a7fd911f58561fd056dbac7b55af9cd"},"potentialAction":[{"@type":"SearchAction","target":{"@type":"EntryPoint","urlTemplate":"https:\/\/luchonoticias.com\/editor\/?s={search_term_string}"},"query-input":{"@type":"PropertyValueSpecification","valueRequired":true,"valueName":"search_term_string"}}],"inLanguage":"es"},{"@type":["Person","Organization"],"@id":"https:\/\/luchonoticias.com\/editor\/#\/schema\/person\/7a7fd911f58561fd056dbac7b55af9cd","name":"admin","image":{"@type":"ImageObject","inLanguage":"es","@id":"https:\/\/luchonoticias.com\/editor\/#\/schema\/person\/image\/","url":"https:\/\/luchonoticias.com\/editor\/wp-content\/uploads\/2024\/02\/cropped-cropped-logolu.webp","contentUrl":"https:\/\/luchonoticias.com\/editor\/wp-content\/uploads\/2024\/02\/cropped-cropped-logolu.webp","width":382,"height":170,"caption":"admin"},"logo":{"@id":"https:\/\/luchonoticias.com\/editor\/#\/schema\/person\/image\/"},"sameAs":["https:\/\/www.facebook.com\/luchonoticiasneiva"]},{"@type":"Person","@id":"https:\/\/luchonoticias.com\/editor\/#\/schema\/person\/29217990ddf6f14e35912b2866d591fb","name":"Editor General","image":{"@type":"ImageObject","inLanguage":"es","@id":"https:\/\/luchonoticias.com\/editor\/#\/schema\/person\/image\/","url":"https:\/\/luchonoticias.com\/editor\/wp-content\/uploads\/2024\/02\/cropped-cropped-logolu-150x150.webp","contentUrl":"https:\/\/luchonoticias.com\/editor\/wp-content\/uploads\/2024\/02\/cropped-cropped-logolu-150x150.webp","caption":"Editor General"},"sameAs":["https:\/\/luchonoticias.com\/"],"url":"https:\/\/luchonoticias.com\/editor\/author\/editor-general\/"}]}},"_links":{"self":[{"href":"https:\/\/luchonoticias.com\/editor\/wp-json\/wp\/v2\/posts\/97366","targetHints":{"allow":["GET"]}}],"collection":[{"href":"https:\/\/luchonoticias.com\/editor\/wp-json\/wp\/v2\/posts"}],"about":[{"href":"https:\/\/luchonoticias.com\/editor\/wp-json\/wp\/v2\/types\/post"}],"author":[{"embeddable":true,"href":"https:\/\/luchonoticias.com\/editor\/wp-json\/wp\/v2\/users\/2"}],"replies":[{"embeddable":true,"href":"https:\/\/luchonoticias.com\/editor\/wp-json\/wp\/v2\/comments?post=97366"}],"version-history":[{"count":1,"href":"https:\/\/luchonoticias.com\/editor\/wp-json\/wp\/v2\/posts\/97366\/revisions"}],"predecessor-version":[{"id":97370,"href":"https:\/\/luchonoticias.com\/editor\/wp-json\/wp\/v2\/posts\/97366\/revisions\/97370"}],"wp:featuredmedia":[{"embeddable":true,"href":"https:\/\/luchonoticias.com\/editor\/wp-json\/wp\/v2\/media\/97367"}],"wp:attachment":[{"href":"https:\/\/luchonoticias.com\/editor\/wp-json\/wp\/v2\/media?parent=97366"}],"wp:term":[{"taxonomy":"category","embeddable":true,"href":"https:\/\/luchonoticias.com\/editor\/wp-json\/wp\/v2\/categories?post=97366"},{"taxonomy":"post_tag","embeddable":true,"href":"https:\/\/luchonoticias.com\/editor\/wp-json\/wp\/v2\/tags?post=97366"}],"curies":[{"name":"wp","href":"https:\/\/api.w.org\/{rel}","templated":true}]}}