{"id":97374,"date":"2026-04-28T04:41:05","date_gmt":"2026-04-28T09:41:05","guid":{"rendered":"https:\/\/luchonoticias.com\/editor\/?p=97374"},"modified":"2026-04-28T04:41:07","modified_gmt":"2026-04-28T09:41:07","slug":"petro-denuncia-contra-ivan-mordisco-admitida-en-la-cpi","status":"publish","type":"post","link":"https:\/\/luchonoticias.com\/editor\/petro-denuncia-contra-ivan-mordisco-admitida-en-la-cpi\/","title":{"rendered":"Petro: denuncia contra Iv\u00e1n Mordisco, admitida en la CPI"},"content":{"rendered":"\n<p>El presidente Gustavo Petro inform\u00f3 que la Corte Penal Internacional admiti\u00f3 una denuncia presentada por el Estado colombiano relacionada con acciones atribuidas a disidencias armadas.<\/p>\n\n\n\n<p>De acuerdo con el documento expuesto durante una alocuci\u00f3n presidencial, la solicitud ante la Fiscal\u00eda del alto tribunal se centra en N\u00e9stor Gregorio Vera Fern\u00e1ndez, se\u00f1alado como comandante del Estado Mayor Central (EMC) de las disidencias de las FARC-EP.<\/p>\n\n\n\n<p>La denuncia busca que se eval\u00fae la posible comisi\u00f3n de cr\u00edmenes de lesa humanidad y cr\u00edmenes de guerra, que habr\u00edan ocurrido de manera continuada entre 2017 y 2026.<\/p>\n\n\n\n<p>El mandatario tambi\u00e9n indic\u00f3 que pidi\u00f3 extender la investigaci\u00f3n a otros integrantes de estas estructuras armadas, entre ellos un hombre conocido con el alias de \u201cMarlon\u201d y jefes de frentes que operan en el departamento del Cauca.<\/p>\n\n\n\n<p>En ese contexto, el presidente sostuvo que estos grupos no corresponder\u00edan a las antiguas FARC, sino a estructuras ligadas al narcotr\u00e1fico, y cuestion\u00f3 el avance de las investigaciones a nivel nacional.<\/p>\n","protected":false},"excerpt":{"rendered":"<p>El presidente Gustavo Petro inform\u00f3 que la Corte Penal Internacional admiti\u00f3 una denuncia presentada por el Estado colombiano relacionada con acciones atribuidas a disidencias armadas. De acuerdo con el documento expuesto durante una alocuci\u00f3n presidencial, la solicitud ante la Fiscal\u00eda del alto tribunal se centra en N\u00e9stor Gregorio Vera Fern\u00e1ndez, se\u00f1alado como comandante del Estado [&hellip;]<\/p>\n","protected":false},"author":2,"featured_media":97375,"comment_status":"closed","ping_status":"open","sticky":false,"template":"","format":"standard","meta":{"footnotes":""},"categories":[28,32],"tags":[],"class_list":["post-97374","post","type-post","status-publish","format-standard","has-post-thumbnail","hentry","category-actualidad","category-nacional"],"yoast_head":"<!-- This site is optimized with the Yoast SEO plugin v26.6 - https:\/\/yoast.com\/wordpress\/plugins\/seo\/ -->\n<title>Petro: denuncia contra Iv\u00e1n Mordisco, admitida en la CPI -<\/title>\n<meta name=\"robots\" content=\"index, follow, max-snippet:-1, max-image-preview:large, max-video-preview:-1\" \/>\n<link rel=\"canonical\" href=\"https:\/\/luchonoticias.com\/editor\/petro-denuncia-contra-ivan-mordisco-admitida-en-la-cpi\/\" \/>\n<meta property=\"og:locale\" content=\"es_ES\" \/>\n<meta property=\"og:type\" content=\"article\" \/>\n<meta property=\"og:title\" content=\"Petro: denuncia contra Iv\u00e1n Mordisco, admitida en la CPI -\" \/>\n<meta property=\"og:url\" content=\"https:\/\/luchonoticias.com\/editor\/petro-denuncia-contra-ivan-mordisco-admitida-en-la-cpi\/\" \/>\n<meta property=\"article:publisher\" content=\"https:\/\/www.facebook.com\/luchonoticiasneiva\" \/>\n<meta property=\"article:published_time\" content=\"2026-04-28T09:41:05+00:00\" \/>\n<meta property=\"article:modified_time\" content=\"2026-04-28T09:41:07+00:00\" \/>\n<meta property=\"og:image\" content=\"https:\/\/luchonoticias.com\/editor\/wp-content\/uploads\/2026\/04\/PETRO-6.jpg\" \/>\n\t<meta property=\"og:image:width\" content=\"700\" \/>\n\t<meta property=\"og:image:height\" content=\"400\" \/>\n\t<meta property=\"og:image:type\" content=\"image\/jpeg\" \/>\n<meta name=\"author\" content=\"Editor General\" \/>\n<meta name=\"twitter:card\" content=\"summary_large_image\" \/>\n<meta name=\"twitter:label1\" content=\"Escrito por\" \/>\n\t<meta name=\"twitter:data1\" content=\"Editor General\" \/>\n\t<meta name=\"twitter:label2\" content=\"Tiempo de lectura\" \/>\n\t<meta name=\"twitter:data2\" content=\"1 minuto\" \/>\n<script type=\"application\/ld+json\" class=\"yoast-schema-graph\">{\"@context\":\"https:\/\/schema.org\",\"@graph\":[{\"@type\":\"Article\",\"@id\":\"https:\/\/luchonoticias.com\/editor\/petro-denuncia-contra-ivan-mordisco-admitida-en-la-cpi\/#article\",\"isPartOf\":{\"@id\":\"https:\/\/luchonoticias.com\/editor\/petro-denuncia-contra-ivan-mordisco-admitida-en-la-cpi\/\"},\"author\":{\"name\":\"Editor General\",\"@id\":\"https:\/\/luchonoticias.com\/editor\/#\/schema\/person\/29217990ddf6f14e35912b2866d591fb\"},\"headline\":\"Petro: denuncia contra Iv\u00e1n Mordisco, admitida en la CPI\",\"datePublished\":\"2026-04-28T09:41:05+00:00\",\"dateModified\":\"2026-04-28T09:41:07+00:00\",\"mainEntityOfPage\":{\"@id\":\"https:\/\/luchonoticias.com\/editor\/petro-denuncia-contra-ivan-mordisco-admitida-en-la-cpi\/\"},\"wordCount\":182,\"publisher\":{\"@id\":\"https:\/\/luchonoticias.com\/editor\/#\/schema\/person\/7a7fd911f58561fd056dbac7b55af9cd\"},\"image\":{\"@id\":\"https:\/\/luchonoticias.com\/editor\/petro-denuncia-contra-ivan-mordisco-admitida-en-la-cpi\/#primaryimage\"},\"thumbnailUrl\":\"https:\/\/luchonoticias.com\/editor\/wp-content\/uploads\/2026\/04\/PETRO-6.jpg\",\"articleSection\":[\"Actualidad\",\"Nacional\"],\"inLanguage\":\"es\"},{\"@type\":\"WebPage\",\"@id\":\"https:\/\/luchonoticias.com\/editor\/petro-denuncia-contra-ivan-mordisco-admitida-en-la-cpi\/\",\"url\":\"https:\/\/luchonoticias.com\/editor\/petro-denuncia-contra-ivan-mordisco-admitida-en-la-cpi\/\",\"name\":\"Petro: denuncia contra Iv\u00e1n Mordisco, admitida en la CPI -\",\"isPartOf\":{\"@id\":\"https:\/\/luchonoticias.com\/editor\/#website\"},\"primaryImageOfPage\":{\"@id\":\"https:\/\/luchonoticias.com\/editor\/petro-denuncia-contra-ivan-mordisco-admitida-en-la-cpi\/#primaryimage\"},\"image\":{\"@id\":\"https:\/\/luchonoticias.com\/editor\/petro-denuncia-contra-ivan-mordisco-admitida-en-la-cpi\/#primaryimage\"},\"thumbnailUrl\":\"https:\/\/luchonoticias.com\/editor\/wp-content\/uploads\/2026\/04\/PETRO-6.jpg\",\"datePublished\":\"2026-04-28T09:41:05+00:00\",\"dateModified\":\"2026-04-28T09:41:07+00:00\",\"breadcrumb\":{\"@id\":\"https:\/\/luchonoticias.com\/editor\/petro-denuncia-contra-ivan-mordisco-admitida-en-la-cpi\/#breadcrumb\"},\"inLanguage\":\"es\",\"potentialAction\":[{\"@type\":\"ReadAction\",\"target\":[\"https:\/\/luchonoticias.com\/editor\/petro-denuncia-contra-ivan-mordisco-admitida-en-la-cpi\/\"]}]},{\"@type\":\"ImageObject\",\"inLanguage\":\"es\",\"@id\":\"https:\/\/luchonoticias.com\/editor\/petro-denuncia-contra-ivan-mordisco-admitida-en-la-cpi\/#primaryimage\",\"url\":\"https:\/\/luchonoticias.com\/editor\/wp-content\/uploads\/2026\/04\/PETRO-6.jpg\",\"contentUrl\":\"https:\/\/luchonoticias.com\/editor\/wp-content\/uploads\/2026\/04\/PETRO-6.jpg\",\"width\":700,\"height\":400},{\"@type\":\"BreadcrumbList\",\"@id\":\"https:\/\/luchonoticias.com\/editor\/petro-denuncia-contra-ivan-mordisco-admitida-en-la-cpi\/#breadcrumb\",\"itemListElement\":[{\"@type\":\"ListItem\",\"position\":1,\"name\":\"Portada\",\"item\":\"https:\/\/luchonoticias.com\/editor\/\"},{\"@type\":\"ListItem\",\"position\":2,\"name\":\"Petro: denuncia contra Iv\u00e1n Mordisco, admitida en la CPI\"}]},{\"@type\":\"WebSite\",\"@id\":\"https:\/\/luchonoticias.com\/editor\/#website\",\"url\":\"https:\/\/luchonoticias.com\/editor\/\",\"name\":\"\",\"description\":\"\",\"publisher\":{\"@id\":\"https:\/\/luchonoticias.com\/editor\/#\/schema\/person\/7a7fd911f58561fd056dbac7b55af9cd\"},\"potentialAction\":[{\"@type\":\"SearchAction\",\"target\":{\"@type\":\"EntryPoint\",\"urlTemplate\":\"https:\/\/luchonoticias.com\/editor\/?s={search_term_string}\"},\"query-input\":{\"@type\":\"PropertyValueSpecification\",\"valueRequired\":true,\"valueName\":\"search_term_string\"}}],\"inLanguage\":\"es\"},{\"@type\":[\"Person\",\"Organization\"],\"@id\":\"https:\/\/luchonoticias.com\/editor\/#\/schema\/person\/7a7fd911f58561fd056dbac7b55af9cd\",\"name\":\"admin\",\"image\":{\"@type\":\"ImageObject\",\"inLanguage\":\"es\",\"@id\":\"https:\/\/luchonoticias.com\/editor\/#\/schema\/person\/image\/\",\"url\":\"https:\/\/luchonoticias.com\/editor\/wp-content\/uploads\/2024\/02\/cropped-cropped-logolu.webp\",\"contentUrl\":\"https:\/\/luchonoticias.com\/editor\/wp-content\/uploads\/2024\/02\/cropped-cropped-logolu.webp\",\"width\":382,\"height\":170,\"caption\":\"admin\"},\"logo\":{\"@id\":\"https:\/\/luchonoticias.com\/editor\/#\/schema\/person\/image\/\"},\"sameAs\":[\"https:\/\/www.facebook.com\/luchonoticiasneiva\"]},{\"@type\":\"Person\",\"@id\":\"https:\/\/luchonoticias.com\/editor\/#\/schema\/person\/29217990ddf6f14e35912b2866d591fb\",\"name\":\"Editor General\",\"image\":{\"@type\":\"ImageObject\",\"inLanguage\":\"es\",\"@id\":\"https:\/\/luchonoticias.com\/editor\/#\/schema\/person\/image\/\",\"url\":\"https:\/\/luchonoticias.com\/editor\/wp-content\/uploads\/2024\/02\/cropped-cropped-logolu-150x150.webp\",\"contentUrl\":\"https:\/\/luchonoticias.com\/editor\/wp-content\/uploads\/2024\/02\/cropped-cropped-logolu-150x150.webp\",\"caption\":\"Editor General\"},\"sameAs\":[\"https:\/\/luchonoticias.com\/\"],\"url\":\"https:\/\/luchonoticias.com\/editor\/author\/editor-general\/\"}]}<\/script>\n<!-- \/ Yoast SEO plugin. -->","yoast_head_json":{"title":"Petro: denuncia contra Iv\u00e1n Mordisco, admitida en la CPI -","robots":{"index":"index","follow":"follow","max-snippet":"max-snippet:-1","max-image-preview":"max-image-preview:large","max-video-preview":"max-video-preview:-1"},"canonical":"https:\/\/luchonoticias.com\/editor\/petro-denuncia-contra-ivan-mordisco-admitida-en-la-cpi\/","og_locale":"es_ES","og_type":"article","og_title":"Petro: denuncia contra Iv\u00e1n Mordisco, admitida en la CPI -","og_url":"https:\/\/luchonoticias.com\/editor\/petro-denuncia-contra-ivan-mordisco-admitida-en-la-cpi\/","article_publisher":"https:\/\/www.facebook.com\/luchonoticiasneiva","article_published_time":"2026-04-28T09:41:05+00:00","article_modified_time":"2026-04-28T09:41:07+00:00","og_image":[{"width":700,"height":400,"url":"https:\/\/luchonoticias.com\/editor\/wp-content\/uploads\/2026\/04\/PETRO-6.jpg","type":"image\/jpeg"}],"author":"Editor General","twitter_card":"summary_large_image","twitter_misc":{"Escrito por":"Editor General","Tiempo de lectura":"1 minuto"},"schema":{"@context":"https:\/\/schema.org","@graph":[{"@type":"Article","@id":"https:\/\/luchonoticias.com\/editor\/petro-denuncia-contra-ivan-mordisco-admitida-en-la-cpi\/#article","isPartOf":{"@id":"https:\/\/luchonoticias.com\/editor\/petro-denuncia-contra-ivan-mordisco-admitida-en-la-cpi\/"},"author":{"name":"Editor General","@id":"https:\/\/luchonoticias.com\/editor\/#\/schema\/person\/29217990ddf6f14e35912b2866d591fb"},"headline":"Petro: denuncia contra Iv\u00e1n Mordisco, admitida en la CPI","datePublished":"2026-04-28T09:41:05+00:00","dateModified":"2026-04-28T09:41:07+00:00","mainEntityOfPage":{"@id":"https:\/\/luchonoticias.com\/editor\/petro-denuncia-contra-ivan-mordisco-admitida-en-la-cpi\/"},"wordCount":182,"publisher":{"@id":"https:\/\/luchonoticias.com\/editor\/#\/schema\/person\/7a7fd911f58561fd056dbac7b55af9cd"},"image":{"@id":"https:\/\/luchonoticias.com\/editor\/petro-denuncia-contra-ivan-mordisco-admitida-en-la-cpi\/#primaryimage"},"thumbnailUrl":"https:\/\/luchonoticias.com\/editor\/wp-content\/uploads\/2026\/04\/PETRO-6.jpg","articleSection":["Actualidad","Nacional"],"inLanguage":"es"},{"@type":"WebPage","@id":"https:\/\/luchonoticias.com\/editor\/petro-denuncia-contra-ivan-mordisco-admitida-en-la-cpi\/","url":"https:\/\/luchonoticias.com\/editor\/petro-denuncia-contra-ivan-mordisco-admitida-en-la-cpi\/","name":"Petro: denuncia contra Iv\u00e1n Mordisco, admitida en la CPI -","isPartOf":{"@id":"https:\/\/luchonoticias.com\/editor\/#website"},"primaryImageOfPage":{"@id":"https:\/\/luchonoticias.com\/editor\/petro-denuncia-contra-ivan-mordisco-admitida-en-la-cpi\/#primaryimage"},"image":{"@id":"https:\/\/luchonoticias.com\/editor\/petro-denuncia-contra-ivan-mordisco-admitida-en-la-cpi\/#primaryimage"},"thumbnailUrl":"https:\/\/luchonoticias.com\/editor\/wp-content\/uploads\/2026\/04\/PETRO-6.jpg","datePublished":"2026-04-28T09:41:05+00:00","dateModified":"2026-04-28T09:41:07+00:00","breadcrumb":{"@id":"https:\/\/luchonoticias.com\/editor\/petro-denuncia-contra-ivan-mordisco-admitida-en-la-cpi\/#breadcrumb"},"inLanguage":"es","potentialAction":[{"@type":"ReadAction","target":["https:\/\/luchonoticias.com\/editor\/petro-denuncia-contra-ivan-mordisco-admitida-en-la-cpi\/"]}]},{"@type":"ImageObject","inLanguage":"es","@id":"https:\/\/luchonoticias.com\/editor\/petro-denuncia-contra-ivan-mordisco-admitida-en-la-cpi\/#primaryimage","url":"https:\/\/luchonoticias.com\/editor\/wp-content\/uploads\/2026\/04\/PETRO-6.jpg","contentUrl":"https:\/\/luchonoticias.com\/editor\/wp-content\/uploads\/2026\/04\/PETRO-6.jpg","width":700,"height":400},{"@type":"BreadcrumbList","@id":"https:\/\/luchonoticias.com\/editor\/petro-denuncia-contra-ivan-mordisco-admitida-en-la-cpi\/#breadcrumb","itemListElement":[{"@type":"ListItem","position":1,"name":"Portada","item":"https:\/\/luchonoticias.com\/editor\/"},{"@type":"ListItem","position":2,"name":"Petro: denuncia contra Iv\u00e1n Mordisco, admitida en la CPI"}]},{"@type":"WebSite","@id":"https:\/\/luchonoticias.com\/editor\/#website","url":"https:\/\/luchonoticias.com\/editor\/","name":"","description":"","publisher":{"@id":"https:\/\/luchonoticias.com\/editor\/#\/schema\/person\/7a7fd911f58561fd056dbac7b55af9cd"},"potentialAction":[{"@type":"SearchAction","target":{"@type":"EntryPoint","urlTemplate":"https:\/\/luchonoticias.com\/editor\/?s={search_term_string}"},"query-input":{"@type":"PropertyValueSpecification","valueRequired":true,"valueName":"search_term_string"}}],"inLanguage":"es"},{"@type":["Person","Organization"],"@id":"https:\/\/luchonoticias.com\/editor\/#\/schema\/person\/7a7fd911f58561fd056dbac7b55af9cd","name":"admin","image":{"@type":"ImageObject","inLanguage":"es","@id":"https:\/\/luchonoticias.com\/editor\/#\/schema\/person\/image\/","url":"https:\/\/luchonoticias.com\/editor\/wp-content\/uploads\/2024\/02\/cropped-cropped-logolu.webp","contentUrl":"https:\/\/luchonoticias.com\/editor\/wp-content\/uploads\/2024\/02\/cropped-cropped-logolu.webp","width":382,"height":170,"caption":"admin"},"logo":{"@id":"https:\/\/luchonoticias.com\/editor\/#\/schema\/person\/image\/"},"sameAs":["https:\/\/www.facebook.com\/luchonoticiasneiva"]},{"@type":"Person","@id":"https:\/\/luchonoticias.com\/editor\/#\/schema\/person\/29217990ddf6f14e35912b2866d591fb","name":"Editor General","image":{"@type":"ImageObject","inLanguage":"es","@id":"https:\/\/luchonoticias.com\/editor\/#\/schema\/person\/image\/","url":"https:\/\/luchonoticias.com\/editor\/wp-content\/uploads\/2024\/02\/cropped-cropped-logolu-150x150.webp","contentUrl":"https:\/\/luchonoticias.com\/editor\/wp-content\/uploads\/2024\/02\/cropped-cropped-logolu-150x150.webp","caption":"Editor General"},"sameAs":["https:\/\/luchonoticias.com\/"],"url":"https:\/\/luchonoticias.com\/editor\/author\/editor-general\/"}]}},"_links":{"self":[{"href":"https:\/\/luchonoticias.com\/editor\/wp-json\/wp\/v2\/posts\/97374","targetHints":{"allow":["GET"]}}],"collection":[{"href":"https:\/\/luchonoticias.com\/editor\/wp-json\/wp\/v2\/posts"}],"about":[{"href":"https:\/\/luchonoticias.com\/editor\/wp-json\/wp\/v2\/types\/post"}],"author":[{"embeddable":true,"href":"https:\/\/luchonoticias.com\/editor\/wp-json\/wp\/v2\/users\/2"}],"replies":[{"embeddable":true,"href":"https:\/\/luchonoticias.com\/editor\/wp-json\/wp\/v2\/comments?post=97374"}],"version-history":[{"count":1,"href":"https:\/\/luchonoticias.com\/editor\/wp-json\/wp\/v2\/posts\/97374\/revisions"}],"predecessor-version":[{"id":97376,"href":"https:\/\/luchonoticias.com\/editor\/wp-json\/wp\/v2\/posts\/97374\/revisions\/97376"}],"wp:featuredmedia":[{"embeddable":true,"href":"https:\/\/luchonoticias.com\/editor\/wp-json\/wp\/v2\/media\/97375"}],"wp:attachment":[{"href":"https:\/\/luchonoticias.com\/editor\/wp-json\/wp\/v2\/media?parent=97374"}],"wp:term":[{"taxonomy":"category","embeddable":true,"href":"https:\/\/luchonoticias.com\/editor\/wp-json\/wp\/v2\/categories?post=97374"},{"taxonomy":"post_tag","embeddable":true,"href":"https:\/\/luchonoticias.com\/editor\/wp-json\/wp\/v2\/tags?post=97374"}],"curies":[{"name":"wp","href":"https:\/\/api.w.org\/{rel}","templated":true}]}}