{"id":97377,"date":"2026-04-28T04:46:19","date_gmt":"2026-04-28T09:46:19","guid":{"rendered":"https:\/\/luchonoticias.com\/editor\/?p=97377"},"modified":"2026-04-28T04:46:20","modified_gmt":"2026-04-28T09:46:20","slug":"importante-ley-de-salud-nuclear-no-avanza-en-el-congreso","status":"publish","type":"post","link":"https:\/\/luchonoticias.com\/editor\/importante-ley-de-salud-nuclear-no-avanza-en-el-congreso\/","title":{"rendered":"Importante ley de salud nuclear, no avanza en el Congreso"},"content":{"rendered":"\n<p>El proyecto de ley nuclear en Colombia qued\u00f3 nuevamente en pausa tras la suspensi\u00f3n de la sesi\u00f3n en la Comisi\u00f3n Primera del Senado, donde deb\u00eda continuar su tr\u00e1mite. La iniciativa, que ya super\u00f3 dos debates en la C\u00e1mara de Representantes, no pudo ser discutida por la ausencia de congresistas en un momento clave del calendario legislativo.<\/p>\n\n\n\n<p>Aunque el proyecto cuenta con ponencia positiva y est\u00e1 listo para su tercer debate, la falta de qu\u00f3rum ha reducido el margen de tiempo para que complete los dos debates restantes necesarios para convertirse en ley.<\/p>\n\n\n\n<p>Camilo Prieto, director de la Red Nuclear Colombiana, hizo un llamado a los integrantes de la comisi\u00f3n para retomar la discusi\u00f3n. Se\u00f1al\u00f3 que el avance de la iniciativa depende de la asistencia de los senadores y lament\u00f3 que en semanas recientes no haya sido posible sesionar. Tambi\u00e9n invit\u00f3 a las congresistas Paloma Valencia y Aida Quilcu\u00e9 a participar activamente en el debate.<\/p>\n\n\n\n<p>Prieto reconoci\u00f3 que el contexto pol\u00edtico y las campa\u00f1as electorales han influido en la din\u00e1mica legislativa, aunque insisti\u00f3 en que la discusi\u00f3n del proyecto podr\u00eda enviar un mensaje de unidad en medio de las diferencias.<\/p>\n\n\n\n<p>La iniciativa busca establecer un marco legal para el uso pac\u00edfico y regulado de la energ\u00eda nuclear en el pa\u00eds, con aplicaciones en sectores como salud, agricultura, industria y medio ambiente. En el \u00e1mbito sanitario, el proyecto cobra relevancia debido a que el c\u00e1ncer es una de las principales causas de muerte en Colombia, lo que plantea la necesidad de fortalecer herramientas de diagn\u00f3stico y tratamiento.<\/p>\n\n\n\n<p>Adem\u00e1s, la propuesta pretende reducir la dependencia de insumos m\u00e9dicos importados, una situaci\u00f3n que actualmente impacta los costos, los tiempos de atenci\u00f3n y el acceso a tecnolog\u00edas especializadas.<\/p>\n\n\n\n<p>Por ahora, el futuro del proyecto depender\u00e1 de que la Comisi\u00f3n Primera del Senado logre sesionar y avanzar en su discusi\u00f3n antes de que termine la legislatura.<\/p>\n\n\n\n<p><\/p>\n","protected":false},"excerpt":{"rendered":"<p>El proyecto de ley nuclear en Colombia qued\u00f3 nuevamente en pausa tras la suspensi\u00f3n de la sesi\u00f3n en la Comisi\u00f3n Primera del Senado, donde deb\u00eda continuar su tr\u00e1mite. La iniciativa, que ya super\u00f3 dos debates en la C\u00e1mara de Representantes, no pudo ser discutida por la ausencia de congresistas en un momento clave del calendario [&hellip;]<\/p>\n","protected":false},"author":2,"featured_media":97378,"comment_status":"closed","ping_status":"open","sticky":false,"template":"","format":"standard","meta":{"footnotes":""},"categories":[28,32],"tags":[],"class_list":["post-97377","post","type-post","status-publish","format-standard","has-post-thumbnail","hentry","category-actualidad","category-nacional"],"yoast_head":"<!-- This site is optimized with the Yoast SEO plugin v26.6 - https:\/\/yoast.com\/wordpress\/plugins\/seo\/ -->\n<title>Importante ley de salud nuclear, no avanza en el Congreso -<\/title>\n<meta name=\"robots\" content=\"index, follow, max-snippet:-1, max-image-preview:large, max-video-preview:-1\" \/>\n<link rel=\"canonical\" href=\"https:\/\/luchonoticias.com\/editor\/importante-ley-de-salud-nuclear-no-avanza-en-el-congreso\/\" \/>\n<meta property=\"og:locale\" content=\"es_ES\" \/>\n<meta property=\"og:type\" content=\"article\" \/>\n<meta property=\"og:title\" content=\"Importante ley de salud nuclear, no avanza en el Congreso -\" \/>\n<meta property=\"og:url\" content=\"https:\/\/luchonoticias.com\/editor\/importante-ley-de-salud-nuclear-no-avanza-en-el-congreso\/\" \/>\n<meta property=\"article:publisher\" content=\"https:\/\/www.facebook.com\/luchonoticiasneiva\" \/>\n<meta property=\"article:published_time\" content=\"2026-04-28T09:46:19+00:00\" \/>\n<meta property=\"article:modified_time\" content=\"2026-04-28T09:46:20+00:00\" \/>\n<meta property=\"og:image\" content=\"https:\/\/luchonoticias.com\/editor\/wp-content\/uploads\/2026\/04\/CONGRESO.jpg\" \/>\n\t<meta property=\"og:image:width\" content=\"700\" \/>\n\t<meta property=\"og:image:height\" content=\"400\" \/>\n\t<meta property=\"og:image:type\" content=\"image\/jpeg\" \/>\n<meta name=\"author\" content=\"Editor General\" \/>\n<meta name=\"twitter:card\" content=\"summary_large_image\" \/>\n<meta name=\"twitter:label1\" content=\"Escrito por\" \/>\n\t<meta name=\"twitter:data1\" content=\"Editor General\" \/>\n\t<meta name=\"twitter:label2\" content=\"Tiempo de lectura\" \/>\n\t<meta name=\"twitter:data2\" content=\"2 minutos\" \/>\n<script type=\"application\/ld+json\" class=\"yoast-schema-graph\">{\"@context\":\"https:\/\/schema.org\",\"@graph\":[{\"@type\":\"Article\",\"@id\":\"https:\/\/luchonoticias.com\/editor\/importante-ley-de-salud-nuclear-no-avanza-en-el-congreso\/#article\",\"isPartOf\":{\"@id\":\"https:\/\/luchonoticias.com\/editor\/importante-ley-de-salud-nuclear-no-avanza-en-el-congreso\/\"},\"author\":{\"name\":\"Editor General\",\"@id\":\"https:\/\/luchonoticias.com\/editor\/#\/schema\/person\/29217990ddf6f14e35912b2866d591fb\"},\"headline\":\"Importante ley de salud nuclear, no avanza en el Congreso\",\"datePublished\":\"2026-04-28T09:46:19+00:00\",\"dateModified\":\"2026-04-28T09:46:20+00:00\",\"mainEntityOfPage\":{\"@id\":\"https:\/\/luchonoticias.com\/editor\/importante-ley-de-salud-nuclear-no-avanza-en-el-congreso\/\"},\"wordCount\":348,\"publisher\":{\"@id\":\"https:\/\/luchonoticias.com\/editor\/#\/schema\/person\/7a7fd911f58561fd056dbac7b55af9cd\"},\"image\":{\"@id\":\"https:\/\/luchonoticias.com\/editor\/importante-ley-de-salud-nuclear-no-avanza-en-el-congreso\/#primaryimage\"},\"thumbnailUrl\":\"https:\/\/luchonoticias.com\/editor\/wp-content\/uploads\/2026\/04\/CONGRESO.jpg\",\"articleSection\":[\"Actualidad\",\"Nacional\"],\"inLanguage\":\"es\"},{\"@type\":\"WebPage\",\"@id\":\"https:\/\/luchonoticias.com\/editor\/importante-ley-de-salud-nuclear-no-avanza-en-el-congreso\/\",\"url\":\"https:\/\/luchonoticias.com\/editor\/importante-ley-de-salud-nuclear-no-avanza-en-el-congreso\/\",\"name\":\"Importante ley de salud nuclear, no avanza en el Congreso -\",\"isPartOf\":{\"@id\":\"https:\/\/luchonoticias.com\/editor\/#website\"},\"primaryImageOfPage\":{\"@id\":\"https:\/\/luchonoticias.com\/editor\/importante-ley-de-salud-nuclear-no-avanza-en-el-congreso\/#primaryimage\"},\"image\":{\"@id\":\"https:\/\/luchonoticias.com\/editor\/importante-ley-de-salud-nuclear-no-avanza-en-el-congreso\/#primaryimage\"},\"thumbnailUrl\":\"https:\/\/luchonoticias.com\/editor\/wp-content\/uploads\/2026\/04\/CONGRESO.jpg\",\"datePublished\":\"2026-04-28T09:46:19+00:00\",\"dateModified\":\"2026-04-28T09:46:20+00:00\",\"breadcrumb\":{\"@id\":\"https:\/\/luchonoticias.com\/editor\/importante-ley-de-salud-nuclear-no-avanza-en-el-congreso\/#breadcrumb\"},\"inLanguage\":\"es\",\"potentialAction\":[{\"@type\":\"ReadAction\",\"target\":[\"https:\/\/luchonoticias.com\/editor\/importante-ley-de-salud-nuclear-no-avanza-en-el-congreso\/\"]}]},{\"@type\":\"ImageObject\",\"inLanguage\":\"es\",\"@id\":\"https:\/\/luchonoticias.com\/editor\/importante-ley-de-salud-nuclear-no-avanza-en-el-congreso\/#primaryimage\",\"url\":\"https:\/\/luchonoticias.com\/editor\/wp-content\/uploads\/2026\/04\/CONGRESO.jpg\",\"contentUrl\":\"https:\/\/luchonoticias.com\/editor\/wp-content\/uploads\/2026\/04\/CONGRESO.jpg\",\"width\":700,\"height\":400},{\"@type\":\"BreadcrumbList\",\"@id\":\"https:\/\/luchonoticias.com\/editor\/importante-ley-de-salud-nuclear-no-avanza-en-el-congreso\/#breadcrumb\",\"itemListElement\":[{\"@type\":\"ListItem\",\"position\":1,\"name\":\"Portada\",\"item\":\"https:\/\/luchonoticias.com\/editor\/\"},{\"@type\":\"ListItem\",\"position\":2,\"name\":\"Importante ley de salud nuclear, no avanza en el Congreso\"}]},{\"@type\":\"WebSite\",\"@id\":\"https:\/\/luchonoticias.com\/editor\/#website\",\"url\":\"https:\/\/luchonoticias.com\/editor\/\",\"name\":\"\",\"description\":\"\",\"publisher\":{\"@id\":\"https:\/\/luchonoticias.com\/editor\/#\/schema\/person\/7a7fd911f58561fd056dbac7b55af9cd\"},\"potentialAction\":[{\"@type\":\"SearchAction\",\"target\":{\"@type\":\"EntryPoint\",\"urlTemplate\":\"https:\/\/luchonoticias.com\/editor\/?s={search_term_string}\"},\"query-input\":{\"@type\":\"PropertyValueSpecification\",\"valueRequired\":true,\"valueName\":\"search_term_string\"}}],\"inLanguage\":\"es\"},{\"@type\":[\"Person\",\"Organization\"],\"@id\":\"https:\/\/luchonoticias.com\/editor\/#\/schema\/person\/7a7fd911f58561fd056dbac7b55af9cd\",\"name\":\"admin\",\"image\":{\"@type\":\"ImageObject\",\"inLanguage\":\"es\",\"@id\":\"https:\/\/luchonoticias.com\/editor\/#\/schema\/person\/image\/\",\"url\":\"https:\/\/luchonoticias.com\/editor\/wp-content\/uploads\/2024\/02\/cropped-cropped-logolu.webp\",\"contentUrl\":\"https:\/\/luchonoticias.com\/editor\/wp-content\/uploads\/2024\/02\/cropped-cropped-logolu.webp\",\"width\":382,\"height\":170,\"caption\":\"admin\"},\"logo\":{\"@id\":\"https:\/\/luchonoticias.com\/editor\/#\/schema\/person\/image\/\"},\"sameAs\":[\"https:\/\/www.facebook.com\/luchonoticiasneiva\"]},{\"@type\":\"Person\",\"@id\":\"https:\/\/luchonoticias.com\/editor\/#\/schema\/person\/29217990ddf6f14e35912b2866d591fb\",\"name\":\"Editor General\",\"image\":{\"@type\":\"ImageObject\",\"inLanguage\":\"es\",\"@id\":\"https:\/\/luchonoticias.com\/editor\/#\/schema\/person\/image\/\",\"url\":\"https:\/\/luchonoticias.com\/editor\/wp-content\/uploads\/2024\/02\/cropped-cropped-logolu-150x150.webp\",\"contentUrl\":\"https:\/\/luchonoticias.com\/editor\/wp-content\/uploads\/2024\/02\/cropped-cropped-logolu-150x150.webp\",\"caption\":\"Editor General\"},\"sameAs\":[\"https:\/\/luchonoticias.com\/\"],\"url\":\"https:\/\/luchonoticias.com\/editor\/author\/editor-general\/\"}]}<\/script>\n<!-- \/ Yoast SEO plugin. -->","yoast_head_json":{"title":"Importante ley de salud nuclear, no avanza en el Congreso -","robots":{"index":"index","follow":"follow","max-snippet":"max-snippet:-1","max-image-preview":"max-image-preview:large","max-video-preview":"max-video-preview:-1"},"canonical":"https:\/\/luchonoticias.com\/editor\/importante-ley-de-salud-nuclear-no-avanza-en-el-congreso\/","og_locale":"es_ES","og_type":"article","og_title":"Importante ley de salud nuclear, no avanza en el Congreso -","og_url":"https:\/\/luchonoticias.com\/editor\/importante-ley-de-salud-nuclear-no-avanza-en-el-congreso\/","article_publisher":"https:\/\/www.facebook.com\/luchonoticiasneiva","article_published_time":"2026-04-28T09:46:19+00:00","article_modified_time":"2026-04-28T09:46:20+00:00","og_image":[{"width":700,"height":400,"url":"https:\/\/luchonoticias.com\/editor\/wp-content\/uploads\/2026\/04\/CONGRESO.jpg","type":"image\/jpeg"}],"author":"Editor General","twitter_card":"summary_large_image","twitter_misc":{"Escrito por":"Editor General","Tiempo de lectura":"2 minutos"},"schema":{"@context":"https:\/\/schema.org","@graph":[{"@type":"Article","@id":"https:\/\/luchonoticias.com\/editor\/importante-ley-de-salud-nuclear-no-avanza-en-el-congreso\/#article","isPartOf":{"@id":"https:\/\/luchonoticias.com\/editor\/importante-ley-de-salud-nuclear-no-avanza-en-el-congreso\/"},"author":{"name":"Editor General","@id":"https:\/\/luchonoticias.com\/editor\/#\/schema\/person\/29217990ddf6f14e35912b2866d591fb"},"headline":"Importante ley de salud nuclear, no avanza en el Congreso","datePublished":"2026-04-28T09:46:19+00:00","dateModified":"2026-04-28T09:46:20+00:00","mainEntityOfPage":{"@id":"https:\/\/luchonoticias.com\/editor\/importante-ley-de-salud-nuclear-no-avanza-en-el-congreso\/"},"wordCount":348,"publisher":{"@id":"https:\/\/luchonoticias.com\/editor\/#\/schema\/person\/7a7fd911f58561fd056dbac7b55af9cd"},"image":{"@id":"https:\/\/luchonoticias.com\/editor\/importante-ley-de-salud-nuclear-no-avanza-en-el-congreso\/#primaryimage"},"thumbnailUrl":"https:\/\/luchonoticias.com\/editor\/wp-content\/uploads\/2026\/04\/CONGRESO.jpg","articleSection":["Actualidad","Nacional"],"inLanguage":"es"},{"@type":"WebPage","@id":"https:\/\/luchonoticias.com\/editor\/importante-ley-de-salud-nuclear-no-avanza-en-el-congreso\/","url":"https:\/\/luchonoticias.com\/editor\/importante-ley-de-salud-nuclear-no-avanza-en-el-congreso\/","name":"Importante ley de salud nuclear, no avanza en el Congreso -","isPartOf":{"@id":"https:\/\/luchonoticias.com\/editor\/#website"},"primaryImageOfPage":{"@id":"https:\/\/luchonoticias.com\/editor\/importante-ley-de-salud-nuclear-no-avanza-en-el-congreso\/#primaryimage"},"image":{"@id":"https:\/\/luchonoticias.com\/editor\/importante-ley-de-salud-nuclear-no-avanza-en-el-congreso\/#primaryimage"},"thumbnailUrl":"https:\/\/luchonoticias.com\/editor\/wp-content\/uploads\/2026\/04\/CONGRESO.jpg","datePublished":"2026-04-28T09:46:19+00:00","dateModified":"2026-04-28T09:46:20+00:00","breadcrumb":{"@id":"https:\/\/luchonoticias.com\/editor\/importante-ley-de-salud-nuclear-no-avanza-en-el-congreso\/#breadcrumb"},"inLanguage":"es","potentialAction":[{"@type":"ReadAction","target":["https:\/\/luchonoticias.com\/editor\/importante-ley-de-salud-nuclear-no-avanza-en-el-congreso\/"]}]},{"@type":"ImageObject","inLanguage":"es","@id":"https:\/\/luchonoticias.com\/editor\/importante-ley-de-salud-nuclear-no-avanza-en-el-congreso\/#primaryimage","url":"https:\/\/luchonoticias.com\/editor\/wp-content\/uploads\/2026\/04\/CONGRESO.jpg","contentUrl":"https:\/\/luchonoticias.com\/editor\/wp-content\/uploads\/2026\/04\/CONGRESO.jpg","width":700,"height":400},{"@type":"BreadcrumbList","@id":"https:\/\/luchonoticias.com\/editor\/importante-ley-de-salud-nuclear-no-avanza-en-el-congreso\/#breadcrumb","itemListElement":[{"@type":"ListItem","position":1,"name":"Portada","item":"https:\/\/luchonoticias.com\/editor\/"},{"@type":"ListItem","position":2,"name":"Importante ley de salud nuclear, no avanza en el Congreso"}]},{"@type":"WebSite","@id":"https:\/\/luchonoticias.com\/editor\/#website","url":"https:\/\/luchonoticias.com\/editor\/","name":"","description":"","publisher":{"@id":"https:\/\/luchonoticias.com\/editor\/#\/schema\/person\/7a7fd911f58561fd056dbac7b55af9cd"},"potentialAction":[{"@type":"SearchAction","target":{"@type":"EntryPoint","urlTemplate":"https:\/\/luchonoticias.com\/editor\/?s={search_term_string}"},"query-input":{"@type":"PropertyValueSpecification","valueRequired":true,"valueName":"search_term_string"}}],"inLanguage":"es"},{"@type":["Person","Organization"],"@id":"https:\/\/luchonoticias.com\/editor\/#\/schema\/person\/7a7fd911f58561fd056dbac7b55af9cd","name":"admin","image":{"@type":"ImageObject","inLanguage":"es","@id":"https:\/\/luchonoticias.com\/editor\/#\/schema\/person\/image\/","url":"https:\/\/luchonoticias.com\/editor\/wp-content\/uploads\/2024\/02\/cropped-cropped-logolu.webp","contentUrl":"https:\/\/luchonoticias.com\/editor\/wp-content\/uploads\/2024\/02\/cropped-cropped-logolu.webp","width":382,"height":170,"caption":"admin"},"logo":{"@id":"https:\/\/luchonoticias.com\/editor\/#\/schema\/person\/image\/"},"sameAs":["https:\/\/www.facebook.com\/luchonoticiasneiva"]},{"@type":"Person","@id":"https:\/\/luchonoticias.com\/editor\/#\/schema\/person\/29217990ddf6f14e35912b2866d591fb","name":"Editor General","image":{"@type":"ImageObject","inLanguage":"es","@id":"https:\/\/luchonoticias.com\/editor\/#\/schema\/person\/image\/","url":"https:\/\/luchonoticias.com\/editor\/wp-content\/uploads\/2024\/02\/cropped-cropped-logolu-150x150.webp","contentUrl":"https:\/\/luchonoticias.com\/editor\/wp-content\/uploads\/2024\/02\/cropped-cropped-logolu-150x150.webp","caption":"Editor General"},"sameAs":["https:\/\/luchonoticias.com\/"],"url":"https:\/\/luchonoticias.com\/editor\/author\/editor-general\/"}]}},"_links":{"self":[{"href":"https:\/\/luchonoticias.com\/editor\/wp-json\/wp\/v2\/posts\/97377","targetHints":{"allow":["GET"]}}],"collection":[{"href":"https:\/\/luchonoticias.com\/editor\/wp-json\/wp\/v2\/posts"}],"about":[{"href":"https:\/\/luchonoticias.com\/editor\/wp-json\/wp\/v2\/types\/post"}],"author":[{"embeddable":true,"href":"https:\/\/luchonoticias.com\/editor\/wp-json\/wp\/v2\/users\/2"}],"replies":[{"embeddable":true,"href":"https:\/\/luchonoticias.com\/editor\/wp-json\/wp\/v2\/comments?post=97377"}],"version-history":[{"count":1,"href":"https:\/\/luchonoticias.com\/editor\/wp-json\/wp\/v2\/posts\/97377\/revisions"}],"predecessor-version":[{"id":97379,"href":"https:\/\/luchonoticias.com\/editor\/wp-json\/wp\/v2\/posts\/97377\/revisions\/97379"}],"wp:featuredmedia":[{"embeddable":true,"href":"https:\/\/luchonoticias.com\/editor\/wp-json\/wp\/v2\/media\/97378"}],"wp:attachment":[{"href":"https:\/\/luchonoticias.com\/editor\/wp-json\/wp\/v2\/media?parent=97377"}],"wp:term":[{"taxonomy":"category","embeddable":true,"href":"https:\/\/luchonoticias.com\/editor\/wp-json\/wp\/v2\/categories?post=97377"},{"taxonomy":"post_tag","embeddable":true,"href":"https:\/\/luchonoticias.com\/editor\/wp-json\/wp\/v2\/tags?post=97377"}],"curies":[{"name":"wp","href":"https:\/\/api.w.org\/{rel}","templated":true}]}}