{"id":97393,"date":"2026-04-28T15:42:04","date_gmt":"2026-04-28T20:42:04","guid":{"rendered":"https:\/\/luchonoticias.com\/editor\/?p=97393"},"modified":"2026-04-28T15:42:05","modified_gmt":"2026-04-28T20:42:05","slug":"gobernacion-busca-estimular-el-turismo-en-san-agustin","status":"publish","type":"post","link":"https:\/\/luchonoticias.com\/editor\/gobernacion-busca-estimular-el-turismo-en-san-agustin\/","title":{"rendered":"Gobernaci\u00f3n busca estimular el turismo en San Agust\u00edn"},"content":{"rendered":"\n<p>Con el prop\u00f3sito de dinamizar el turismo en San Agust\u00edn y atraer m\u00e1s visitantes, la Secretar\u00eda de Desarrollo Econ\u00f3mico y Turismo, lider\u00f3 una mesa de trabajo con actores del sector en este municipio.<\/p>\n\n\n\n<p>El encuentro, realizado en el hotel Yuma, reuni\u00f3 a representantes de la Alcald\u00eda, la Polic\u00eda de Turismo, empresarios, agencias de viaje, gu\u00edas y hoteleros. El espacio permiti\u00f3 un di\u00e1logo directo para identificar necesidades y plantear acciones orientadas a fortalecer la promoci\u00f3n del destino.<\/p>\n\n\n\n<p>Entre las principales preocupaciones expuestas se destacaron el estado de las v\u00edas, las demoras en la movilidad por los pare y siga en la ruta Neiva\u2013San Agust\u00edn y la necesidad de reforzar la visibilidad tur\u00edstica de la regi\u00f3n.<\/p>\n\n\n\n<figure class=\"wp-block-gallery has-nested-images columns-default is-cropped wp-block-gallery-1 is-layout-flex wp-block-gallery-is-layout-flex\">\n<figure class=\"wp-block-image size-large\"><img loading=\"lazy\" decoding=\"async\" width=\"1024\" height=\"682\" data-id=\"97396\" src=\"https:\/\/luchonoticias.com\/editor\/wp-content\/uploads\/2026\/04\/WhatsApp-Image-2026-04-28-at-14.53.58-1024x682.jpeg\" alt=\"\" class=\"wp-image-97396\" srcset=\"https:\/\/luchonoticias.com\/editor\/wp-content\/uploads\/2026\/04\/WhatsApp-Image-2026-04-28-at-14.53.58-1024x682.jpeg 1024w, https:\/\/luchonoticias.com\/editor\/wp-content\/uploads\/2026\/04\/WhatsApp-Image-2026-04-28-at-14.53.58-300x200.jpeg 300w, https:\/\/luchonoticias.com\/editor\/wp-content\/uploads\/2026\/04\/WhatsApp-Image-2026-04-28-at-14.53.58-768x512.jpeg 768w, https:\/\/luchonoticias.com\/editor\/wp-content\/uploads\/2026\/04\/WhatsApp-Image-2026-04-28-at-14.53.58-1536x1023.jpeg 1536w, https:\/\/luchonoticias.com\/editor\/wp-content\/uploads\/2026\/04\/WhatsApp-Image-2026-04-28-at-14.53.58.jpeg 1600w\" sizes=\"auto, (max-width: 1024px) 100vw, 1024px\" \/><\/figure>\n\n\n\n<figure class=\"wp-block-image size-large\"><img loading=\"lazy\" decoding=\"async\" width=\"1024\" height=\"682\" data-id=\"97395\" src=\"https:\/\/luchonoticias.com\/editor\/wp-content\/uploads\/2026\/04\/WhatsApp-Image-2026-04-28-at-14.53.58-1-1024x682.jpeg\" alt=\"\" class=\"wp-image-97395\" srcset=\"https:\/\/luchonoticias.com\/editor\/wp-content\/uploads\/2026\/04\/WhatsApp-Image-2026-04-28-at-14.53.58-1-1024x682.jpeg 1024w, https:\/\/luchonoticias.com\/editor\/wp-content\/uploads\/2026\/04\/WhatsApp-Image-2026-04-28-at-14.53.58-1-300x200.jpeg 300w, https:\/\/luchonoticias.com\/editor\/wp-content\/uploads\/2026\/04\/WhatsApp-Image-2026-04-28-at-14.53.58-1-768x512.jpeg 768w, https:\/\/luchonoticias.com\/editor\/wp-content\/uploads\/2026\/04\/WhatsApp-Image-2026-04-28-at-14.53.58-1-1536x1023.jpeg 1536w, https:\/\/luchonoticias.com\/editor\/wp-content\/uploads\/2026\/04\/WhatsApp-Image-2026-04-28-at-14.53.58-1.jpeg 1600w\" sizes=\"auto, (max-width: 1024px) 100vw, 1024px\" \/><\/figure>\n<\/figure>\n\n\n\n<p>Desde la Secretar\u00eda de Desarrollo Econ\u00f3mico y Turismo se reiter\u00f3 el compromiso de articular esfuerzos con distintas entidades para gestionar soluciones, incluso en aspectos que, aunque no son de su competencia directa, inciden en el desarrollo del sector.<\/p>\n\n\n\n<p>\u201cNos importa el territorio. Por eso estamos en San Agust\u00edn, junto a los operadores tur\u00edsticos, definiendo acciones para fortalecer los procesos del municipio\u201d, se\u00f1al\u00f3 la secretaria Natalia Alejandra Ortiz Valderrama.<\/p>\n\n\n\n<p>La iniciativa busca consolidar un trabajo conjunto entre sector p\u00fablico y privado, enfocado en mejorar la seguridad, la infraestructura vial, la promoci\u00f3n y la calidad del servicio.<\/p>\n\n\n\n<p>A su turno, los empresarios resaltaron el valor de estos espacios participativos. \u201cLa reuni\u00f3n fue muy valiosa porque permiti\u00f3 identificar debilidades y plantear soluciones conjuntas entre el departamento, el municipio y el sector privado\u201d, afirm\u00f3 Iv\u00e1n Hoyos, representante de Corpo San Agust\u00edn.<\/p>\n\n\n\n<p>Con estas acciones, la Gobernaci\u00f3n del Huila ratifica su apuesta por el turismo como motor de desarrollo econ\u00f3mico y continuar\u00e1 promoviendo mesas de trabajo en distintos municipios del departamento.<\/p>\n","protected":false},"excerpt":{"rendered":"<p>Con el prop\u00f3sito de dinamizar el turismo en San Agust\u00edn y atraer m\u00e1s visitantes, la Secretar\u00eda de Desarrollo Econ\u00f3mico y Turismo, lider\u00f3 una mesa de trabajo con actores del sector en este municipio. El encuentro, realizado en el hotel Yuma, reuni\u00f3 a representantes de la Alcald\u00eda, la Polic\u00eda de Turismo, empresarios, agencias de viaje, gu\u00edas [&hellip;]<\/p>\n","protected":false},"author":2,"featured_media":97394,"comment_status":"closed","ping_status":"open","sticky":false,"template":"","format":"standard","meta":{"footnotes":""},"categories":[36,33],"tags":[],"class_list":["post-97393","post","type-post","status-publish","format-standard","has-post-thumbnail","hentry","category-destacado","category-huila"],"yoast_head":"<!-- This site is optimized with the Yoast SEO plugin v26.6 - https:\/\/yoast.com\/wordpress\/plugins\/seo\/ -->\n<title>Gobernaci\u00f3n busca estimular el turismo en San Agust\u00edn -<\/title>\n<meta name=\"robots\" content=\"index, follow, max-snippet:-1, max-image-preview:large, max-video-preview:-1\" \/>\n<link rel=\"canonical\" href=\"https:\/\/luchonoticias.com\/editor\/gobernacion-busca-estimular-el-turismo-en-san-agustin\/\" \/>\n<meta property=\"og:locale\" content=\"es_ES\" \/>\n<meta property=\"og:type\" content=\"article\" \/>\n<meta property=\"og:title\" content=\"Gobernaci\u00f3n busca estimular el turismo en San Agust\u00edn -\" \/>\n<meta property=\"og:url\" content=\"https:\/\/luchonoticias.com\/editor\/gobernacion-busca-estimular-el-turismo-en-san-agustin\/\" \/>\n<meta property=\"article:publisher\" content=\"https:\/\/www.facebook.com\/luchonoticiasneiva\" \/>\n<meta property=\"article:published_time\" content=\"2026-04-28T20:42:04+00:00\" \/>\n<meta property=\"article:modified_time\" content=\"2026-04-28T20:42:05+00:00\" \/>\n<meta property=\"og:image\" content=\"https:\/\/luchonoticias.com\/editor\/wp-content\/uploads\/2026\/04\/turismo-san-agustin.jpg\" \/>\n\t<meta property=\"og:image:width\" content=\"700\" \/>\n\t<meta property=\"og:image:height\" content=\"400\" \/>\n\t<meta property=\"og:image:type\" content=\"image\/jpeg\" \/>\n<meta name=\"author\" content=\"Editor General\" \/>\n<meta name=\"twitter:card\" content=\"summary_large_image\" \/>\n<meta name=\"twitter:label1\" content=\"Escrito por\" \/>\n\t<meta name=\"twitter:data1\" content=\"Editor General\" \/>\n\t<meta name=\"twitter:label2\" content=\"Tiempo de lectura\" \/>\n\t<meta name=\"twitter:data2\" content=\"2 minutos\" \/>\n<script type=\"application\/ld+json\" class=\"yoast-schema-graph\">{\"@context\":\"https:\/\/schema.org\",\"@graph\":[{\"@type\":\"Article\",\"@id\":\"https:\/\/luchonoticias.com\/editor\/gobernacion-busca-estimular-el-turismo-en-san-agustin\/#article\",\"isPartOf\":{\"@id\":\"https:\/\/luchonoticias.com\/editor\/gobernacion-busca-estimular-el-turismo-en-san-agustin\/\"},\"author\":{\"name\":\"Editor General\",\"@id\":\"https:\/\/luchonoticias.com\/editor\/#\/schema\/person\/29217990ddf6f14e35912b2866d591fb\"},\"headline\":\"Gobernaci\u00f3n busca estimular el turismo en San Agust\u00edn\",\"datePublished\":\"2026-04-28T20:42:04+00:00\",\"dateModified\":\"2026-04-28T20:42:05+00:00\",\"mainEntityOfPage\":{\"@id\":\"https:\/\/luchonoticias.com\/editor\/gobernacion-busca-estimular-el-turismo-en-san-agustin\/\"},\"wordCount\":317,\"publisher\":{\"@id\":\"https:\/\/luchonoticias.com\/editor\/#\/schema\/person\/7a7fd911f58561fd056dbac7b55af9cd\"},\"image\":{\"@id\":\"https:\/\/luchonoticias.com\/editor\/gobernacion-busca-estimular-el-turismo-en-san-agustin\/#primaryimage\"},\"thumbnailUrl\":\"https:\/\/luchonoticias.com\/editor\/wp-content\/uploads\/2026\/04\/turismo-san-agustin.jpg\",\"articleSection\":[\"Destacado\",\"Huila\"],\"inLanguage\":\"es\"},{\"@type\":\"WebPage\",\"@id\":\"https:\/\/luchonoticias.com\/editor\/gobernacion-busca-estimular-el-turismo-en-san-agustin\/\",\"url\":\"https:\/\/luchonoticias.com\/editor\/gobernacion-busca-estimular-el-turismo-en-san-agustin\/\",\"name\":\"Gobernaci\u00f3n busca estimular el turismo en San Agust\u00edn -\",\"isPartOf\":{\"@id\":\"https:\/\/luchonoticias.com\/editor\/#website\"},\"primaryImageOfPage\":{\"@id\":\"https:\/\/luchonoticias.com\/editor\/gobernacion-busca-estimular-el-turismo-en-san-agustin\/#primaryimage\"},\"image\":{\"@id\":\"https:\/\/luchonoticias.com\/editor\/gobernacion-busca-estimular-el-turismo-en-san-agustin\/#primaryimage\"},\"thumbnailUrl\":\"https:\/\/luchonoticias.com\/editor\/wp-content\/uploads\/2026\/04\/turismo-san-agustin.jpg\",\"datePublished\":\"2026-04-28T20:42:04+00:00\",\"dateModified\":\"2026-04-28T20:42:05+00:00\",\"breadcrumb\":{\"@id\":\"https:\/\/luchonoticias.com\/editor\/gobernacion-busca-estimular-el-turismo-en-san-agustin\/#breadcrumb\"},\"inLanguage\":\"es\",\"potentialAction\":[{\"@type\":\"ReadAction\",\"target\":[\"https:\/\/luchonoticias.com\/editor\/gobernacion-busca-estimular-el-turismo-en-san-agustin\/\"]}]},{\"@type\":\"ImageObject\",\"inLanguage\":\"es\",\"@id\":\"https:\/\/luchonoticias.com\/editor\/gobernacion-busca-estimular-el-turismo-en-san-agustin\/#primaryimage\",\"url\":\"https:\/\/luchonoticias.com\/editor\/wp-content\/uploads\/2026\/04\/turismo-san-agustin.jpg\",\"contentUrl\":\"https:\/\/luchonoticias.com\/editor\/wp-content\/uploads\/2026\/04\/turismo-san-agustin.jpg\",\"width\":700,\"height\":400},{\"@type\":\"BreadcrumbList\",\"@id\":\"https:\/\/luchonoticias.com\/editor\/gobernacion-busca-estimular-el-turismo-en-san-agustin\/#breadcrumb\",\"itemListElement\":[{\"@type\":\"ListItem\",\"position\":1,\"name\":\"Portada\",\"item\":\"https:\/\/luchonoticias.com\/editor\/\"},{\"@type\":\"ListItem\",\"position\":2,\"name\":\"Gobernaci\u00f3n busca estimular el turismo en San Agust\u00edn\"}]},{\"@type\":\"WebSite\",\"@id\":\"https:\/\/luchonoticias.com\/editor\/#website\",\"url\":\"https:\/\/luchonoticias.com\/editor\/\",\"name\":\"\",\"description\":\"\",\"publisher\":{\"@id\":\"https:\/\/luchonoticias.com\/editor\/#\/schema\/person\/7a7fd911f58561fd056dbac7b55af9cd\"},\"potentialAction\":[{\"@type\":\"SearchAction\",\"target\":{\"@type\":\"EntryPoint\",\"urlTemplate\":\"https:\/\/luchonoticias.com\/editor\/?s={search_term_string}\"},\"query-input\":{\"@type\":\"PropertyValueSpecification\",\"valueRequired\":true,\"valueName\":\"search_term_string\"}}],\"inLanguage\":\"es\"},{\"@type\":[\"Person\",\"Organization\"],\"@id\":\"https:\/\/luchonoticias.com\/editor\/#\/schema\/person\/7a7fd911f58561fd056dbac7b55af9cd\",\"name\":\"admin\",\"image\":{\"@type\":\"ImageObject\",\"inLanguage\":\"es\",\"@id\":\"https:\/\/luchonoticias.com\/editor\/#\/schema\/person\/image\/\",\"url\":\"https:\/\/luchonoticias.com\/editor\/wp-content\/uploads\/2024\/02\/cropped-cropped-logolu.webp\",\"contentUrl\":\"https:\/\/luchonoticias.com\/editor\/wp-content\/uploads\/2024\/02\/cropped-cropped-logolu.webp\",\"width\":382,\"height\":170,\"caption\":\"admin\"},\"logo\":{\"@id\":\"https:\/\/luchonoticias.com\/editor\/#\/schema\/person\/image\/\"},\"sameAs\":[\"https:\/\/www.facebook.com\/luchonoticiasneiva\"]},{\"@type\":\"Person\",\"@id\":\"https:\/\/luchonoticias.com\/editor\/#\/schema\/person\/29217990ddf6f14e35912b2866d591fb\",\"name\":\"Editor General\",\"image\":{\"@type\":\"ImageObject\",\"inLanguage\":\"es\",\"@id\":\"https:\/\/luchonoticias.com\/editor\/#\/schema\/person\/image\/\",\"url\":\"https:\/\/luchonoticias.com\/editor\/wp-content\/uploads\/2024\/02\/cropped-cropped-logolu-150x150.webp\",\"contentUrl\":\"https:\/\/luchonoticias.com\/editor\/wp-content\/uploads\/2024\/02\/cropped-cropped-logolu-150x150.webp\",\"caption\":\"Editor General\"},\"sameAs\":[\"https:\/\/luchonoticias.com\/\"],\"url\":\"https:\/\/luchonoticias.com\/editor\/author\/editor-general\/\"}]}<\/script>\n<!-- \/ Yoast SEO plugin. -->","yoast_head_json":{"title":"Gobernaci\u00f3n busca estimular el turismo en San Agust\u00edn -","robots":{"index":"index","follow":"follow","max-snippet":"max-snippet:-1","max-image-preview":"max-image-preview:large","max-video-preview":"max-video-preview:-1"},"canonical":"https:\/\/luchonoticias.com\/editor\/gobernacion-busca-estimular-el-turismo-en-san-agustin\/","og_locale":"es_ES","og_type":"article","og_title":"Gobernaci\u00f3n busca estimular el turismo en San Agust\u00edn -","og_url":"https:\/\/luchonoticias.com\/editor\/gobernacion-busca-estimular-el-turismo-en-san-agustin\/","article_publisher":"https:\/\/www.facebook.com\/luchonoticiasneiva","article_published_time":"2026-04-28T20:42:04+00:00","article_modified_time":"2026-04-28T20:42:05+00:00","og_image":[{"width":700,"height":400,"url":"https:\/\/luchonoticias.com\/editor\/wp-content\/uploads\/2026\/04\/turismo-san-agustin.jpg","type":"image\/jpeg"}],"author":"Editor General","twitter_card":"summary_large_image","twitter_misc":{"Escrito por":"Editor General","Tiempo de lectura":"2 minutos"},"schema":{"@context":"https:\/\/schema.org","@graph":[{"@type":"Article","@id":"https:\/\/luchonoticias.com\/editor\/gobernacion-busca-estimular-el-turismo-en-san-agustin\/#article","isPartOf":{"@id":"https:\/\/luchonoticias.com\/editor\/gobernacion-busca-estimular-el-turismo-en-san-agustin\/"},"author":{"name":"Editor General","@id":"https:\/\/luchonoticias.com\/editor\/#\/schema\/person\/29217990ddf6f14e35912b2866d591fb"},"headline":"Gobernaci\u00f3n busca estimular el turismo en San Agust\u00edn","datePublished":"2026-04-28T20:42:04+00:00","dateModified":"2026-04-28T20:42:05+00:00","mainEntityOfPage":{"@id":"https:\/\/luchonoticias.com\/editor\/gobernacion-busca-estimular-el-turismo-en-san-agustin\/"},"wordCount":317,"publisher":{"@id":"https:\/\/luchonoticias.com\/editor\/#\/schema\/person\/7a7fd911f58561fd056dbac7b55af9cd"},"image":{"@id":"https:\/\/luchonoticias.com\/editor\/gobernacion-busca-estimular-el-turismo-en-san-agustin\/#primaryimage"},"thumbnailUrl":"https:\/\/luchonoticias.com\/editor\/wp-content\/uploads\/2026\/04\/turismo-san-agustin.jpg","articleSection":["Destacado","Huila"],"inLanguage":"es"},{"@type":"WebPage","@id":"https:\/\/luchonoticias.com\/editor\/gobernacion-busca-estimular-el-turismo-en-san-agustin\/","url":"https:\/\/luchonoticias.com\/editor\/gobernacion-busca-estimular-el-turismo-en-san-agustin\/","name":"Gobernaci\u00f3n busca estimular el turismo en San Agust\u00edn -","isPartOf":{"@id":"https:\/\/luchonoticias.com\/editor\/#website"},"primaryImageOfPage":{"@id":"https:\/\/luchonoticias.com\/editor\/gobernacion-busca-estimular-el-turismo-en-san-agustin\/#primaryimage"},"image":{"@id":"https:\/\/luchonoticias.com\/editor\/gobernacion-busca-estimular-el-turismo-en-san-agustin\/#primaryimage"},"thumbnailUrl":"https:\/\/luchonoticias.com\/editor\/wp-content\/uploads\/2026\/04\/turismo-san-agustin.jpg","datePublished":"2026-04-28T20:42:04+00:00","dateModified":"2026-04-28T20:42:05+00:00","breadcrumb":{"@id":"https:\/\/luchonoticias.com\/editor\/gobernacion-busca-estimular-el-turismo-en-san-agustin\/#breadcrumb"},"inLanguage":"es","potentialAction":[{"@type":"ReadAction","target":["https:\/\/luchonoticias.com\/editor\/gobernacion-busca-estimular-el-turismo-en-san-agustin\/"]}]},{"@type":"ImageObject","inLanguage":"es","@id":"https:\/\/luchonoticias.com\/editor\/gobernacion-busca-estimular-el-turismo-en-san-agustin\/#primaryimage","url":"https:\/\/luchonoticias.com\/editor\/wp-content\/uploads\/2026\/04\/turismo-san-agustin.jpg","contentUrl":"https:\/\/luchonoticias.com\/editor\/wp-content\/uploads\/2026\/04\/turismo-san-agustin.jpg","width":700,"height":400},{"@type":"BreadcrumbList","@id":"https:\/\/luchonoticias.com\/editor\/gobernacion-busca-estimular-el-turismo-en-san-agustin\/#breadcrumb","itemListElement":[{"@type":"ListItem","position":1,"name":"Portada","item":"https:\/\/luchonoticias.com\/editor\/"},{"@type":"ListItem","position":2,"name":"Gobernaci\u00f3n busca estimular el turismo en San Agust\u00edn"}]},{"@type":"WebSite","@id":"https:\/\/luchonoticias.com\/editor\/#website","url":"https:\/\/luchonoticias.com\/editor\/","name":"","description":"","publisher":{"@id":"https:\/\/luchonoticias.com\/editor\/#\/schema\/person\/7a7fd911f58561fd056dbac7b55af9cd"},"potentialAction":[{"@type":"SearchAction","target":{"@type":"EntryPoint","urlTemplate":"https:\/\/luchonoticias.com\/editor\/?s={search_term_string}"},"query-input":{"@type":"PropertyValueSpecification","valueRequired":true,"valueName":"search_term_string"}}],"inLanguage":"es"},{"@type":["Person","Organization"],"@id":"https:\/\/luchonoticias.com\/editor\/#\/schema\/person\/7a7fd911f58561fd056dbac7b55af9cd","name":"admin","image":{"@type":"ImageObject","inLanguage":"es","@id":"https:\/\/luchonoticias.com\/editor\/#\/schema\/person\/image\/","url":"https:\/\/luchonoticias.com\/editor\/wp-content\/uploads\/2024\/02\/cropped-cropped-logolu.webp","contentUrl":"https:\/\/luchonoticias.com\/editor\/wp-content\/uploads\/2024\/02\/cropped-cropped-logolu.webp","width":382,"height":170,"caption":"admin"},"logo":{"@id":"https:\/\/luchonoticias.com\/editor\/#\/schema\/person\/image\/"},"sameAs":["https:\/\/www.facebook.com\/luchonoticiasneiva"]},{"@type":"Person","@id":"https:\/\/luchonoticias.com\/editor\/#\/schema\/person\/29217990ddf6f14e35912b2866d591fb","name":"Editor General","image":{"@type":"ImageObject","inLanguage":"es","@id":"https:\/\/luchonoticias.com\/editor\/#\/schema\/person\/image\/","url":"https:\/\/luchonoticias.com\/editor\/wp-content\/uploads\/2024\/02\/cropped-cropped-logolu-150x150.webp","contentUrl":"https:\/\/luchonoticias.com\/editor\/wp-content\/uploads\/2024\/02\/cropped-cropped-logolu-150x150.webp","caption":"Editor General"},"sameAs":["https:\/\/luchonoticias.com\/"],"url":"https:\/\/luchonoticias.com\/editor\/author\/editor-general\/"}]}},"_links":{"self":[{"href":"https:\/\/luchonoticias.com\/editor\/wp-json\/wp\/v2\/posts\/97393","targetHints":{"allow":["GET"]}}],"collection":[{"href":"https:\/\/luchonoticias.com\/editor\/wp-json\/wp\/v2\/posts"}],"about":[{"href":"https:\/\/luchonoticias.com\/editor\/wp-json\/wp\/v2\/types\/post"}],"author":[{"embeddable":true,"href":"https:\/\/luchonoticias.com\/editor\/wp-json\/wp\/v2\/users\/2"}],"replies":[{"embeddable":true,"href":"https:\/\/luchonoticias.com\/editor\/wp-json\/wp\/v2\/comments?post=97393"}],"version-history":[{"count":1,"href":"https:\/\/luchonoticias.com\/editor\/wp-json\/wp\/v2\/posts\/97393\/revisions"}],"predecessor-version":[{"id":97397,"href":"https:\/\/luchonoticias.com\/editor\/wp-json\/wp\/v2\/posts\/97393\/revisions\/97397"}],"wp:featuredmedia":[{"embeddable":true,"href":"https:\/\/luchonoticias.com\/editor\/wp-json\/wp\/v2\/media\/97394"}],"wp:attachment":[{"href":"https:\/\/luchonoticias.com\/editor\/wp-json\/wp\/v2\/media?parent=97393"}],"wp:term":[{"taxonomy":"category","embeddable":true,"href":"https:\/\/luchonoticias.com\/editor\/wp-json\/wp\/v2\/categories?post=97393"},{"taxonomy":"post_tag","embeddable":true,"href":"https:\/\/luchonoticias.com\/editor\/wp-json\/wp\/v2\/tags?post=97393"}],"curies":[{"name":"wp","href":"https:\/\/api.w.org\/{rel}","templated":true}]}}