{"id":97398,"date":"2026-04-28T15:47:54","date_gmt":"2026-04-28T20:47:54","guid":{"rendered":"https:\/\/luchonoticias.com\/editor\/?p=97398"},"modified":"2026-04-28T15:47:56","modified_gmt":"2026-04-28T20:47:56","slug":"asamblea-pide-fortalecer-la-competitividad-del-doble-anis","status":"publish","type":"post","link":"https:\/\/luchonoticias.com\/editor\/asamblea-pide-fortalecer-la-competitividad-del-doble-anis\/","title":{"rendered":"Asamblea pide fortalecer la competitividad del Doble Anis"},"content":{"rendered":"\n<p>En ejercicio de su funci\u00f3n de control pol\u00edtico, la Asamblea Departamental del Huila adelant\u00f3 un debate para analizar los resultados de la negociaci\u00f3n entre el Gobierno Departamental y la Industria Licorera de Antioquia, en el marco de las facultades otorgadas por la Ordenanza No. 012 de 2025.<\/p>\n\n\n\n<p>Durante la sesi\u00f3n, el diputado ponente, Jos\u00e9 Armando Acu\u00f1a Molina, junto a los dem\u00e1s corporados, solicit\u00f3 a las secretar\u00edas de Hacienda, Gobierno y a la Oficina de Contrataci\u00f3n un informe detallado sobre los estados financieros y las estrategias de comercializaci\u00f3n del Aguardiente Doble An\u00eds.<\/p>\n\n\n\n<p>La Duma fue enf\u00e1tica en se\u00f1alar que, frente al escenario de libre mercado, es necesario que la marca regional fortalezca su posicionamiento y logre una mayor competitividad frente a otros productos del mismo segmento.<\/p>\n\n\n\n<p>Entre los principales puntos del debate se destac\u00f3 la necesidad de reforzar el posicionamiento de marca mediante campa\u00f1as de marketing m\u00e1s s\u00f3lidas, que permitan una mayor presencia del producto tanto en el mercado local como a nivel nacional.<\/p>\n\n\n\n<p>Asimismo, los diputados insistieron en que, en un mercado abierto, el Doble An\u00eds debe consolidar estrategias de publicidad y comercializaci\u00f3n que contribuyan a proteger las rentas del departamento.<\/p>\n\n\n\n<p>En materia de transparencia, las funcionarias citadas respondieron a las inquietudes planteadas, entregando informaci\u00f3n relacionada con los gr\u00e1ficos de ventas y el estado actual del contrato vigente.<\/p>\n\n\n\n<p>Finalmente, durante la sesi\u00f3n, la Asamblea otorg\u00f3 la exaltaci\u00f3n al artista Gilberth Andr\u00e9s Fierro Ram\u00edrez (Gilany) mediante la Resoluci\u00f3n 065 de 2026, en reconocimiento a su aporte a la cultura y la m\u00fasica del Huila.<\/p>\n","protected":false},"excerpt":{"rendered":"<p>En ejercicio de su funci\u00f3n de control pol\u00edtico, la Asamblea Departamental del Huila adelant\u00f3 un debate para analizar los resultados de la negociaci\u00f3n entre el Gobierno Departamental y la Industria Licorera de Antioquia, en el marco de las facultades otorgadas por la Ordenanza No. 012 de 2025. Durante la sesi\u00f3n, el diputado ponente, Jos\u00e9 Armando [&hellip;]<\/p>\n","protected":false},"author":2,"featured_media":97399,"comment_status":"closed","ping_status":"open","sticky":false,"template":"","format":"standard","meta":{"footnotes":""},"categories":[33],"tags":[],"class_list":["post-97398","post","type-post","status-publish","format-standard","has-post-thumbnail","hentry","category-huila"],"yoast_head":"<!-- This site is optimized with the Yoast SEO plugin v26.6 - https:\/\/yoast.com\/wordpress\/plugins\/seo\/ -->\n<title>Asamblea pide fortalecer la competitividad del Doble Anis -<\/title>\n<meta name=\"robots\" content=\"index, follow, max-snippet:-1, max-image-preview:large, max-video-preview:-1\" \/>\n<link rel=\"canonical\" href=\"https:\/\/luchonoticias.com\/editor\/asamblea-pide-fortalecer-la-competitividad-del-doble-anis\/\" \/>\n<meta property=\"og:locale\" content=\"es_ES\" \/>\n<meta property=\"og:type\" content=\"article\" \/>\n<meta property=\"og:title\" content=\"Asamblea pide fortalecer la competitividad del Doble Anis -\" \/>\n<meta property=\"og:url\" content=\"https:\/\/luchonoticias.com\/editor\/asamblea-pide-fortalecer-la-competitividad-del-doble-anis\/\" \/>\n<meta property=\"article:publisher\" content=\"https:\/\/www.facebook.com\/luchonoticiasneiva\" \/>\n<meta property=\"article:published_time\" content=\"2026-04-28T20:47:54+00:00\" \/>\n<meta property=\"article:modified_time\" content=\"2026-04-28T20:47:56+00:00\" \/>\n<meta property=\"og:image\" content=\"https:\/\/luchonoticias.com\/editor\/wp-content\/uploads\/2026\/04\/asamblea-2.jpg\" \/>\n\t<meta property=\"og:image:width\" content=\"700\" \/>\n\t<meta property=\"og:image:height\" content=\"400\" \/>\n\t<meta property=\"og:image:type\" content=\"image\/jpeg\" \/>\n<meta name=\"author\" content=\"Editor General\" \/>\n<meta name=\"twitter:card\" content=\"summary_large_image\" \/>\n<meta name=\"twitter:label1\" content=\"Escrito por\" \/>\n\t<meta name=\"twitter:data1\" content=\"Editor General\" \/>\n\t<meta name=\"twitter:label2\" content=\"Tiempo de lectura\" \/>\n\t<meta name=\"twitter:data2\" content=\"2 minutos\" \/>\n<script type=\"application\/ld+json\" class=\"yoast-schema-graph\">{\"@context\":\"https:\/\/schema.org\",\"@graph\":[{\"@type\":\"Article\",\"@id\":\"https:\/\/luchonoticias.com\/editor\/asamblea-pide-fortalecer-la-competitividad-del-doble-anis\/#article\",\"isPartOf\":{\"@id\":\"https:\/\/luchonoticias.com\/editor\/asamblea-pide-fortalecer-la-competitividad-del-doble-anis\/\"},\"author\":{\"name\":\"Editor General\",\"@id\":\"https:\/\/luchonoticias.com\/editor\/#\/schema\/person\/29217990ddf6f14e35912b2866d591fb\"},\"headline\":\"Asamblea pide fortalecer la competitividad del Doble Anis\",\"datePublished\":\"2026-04-28T20:47:54+00:00\",\"dateModified\":\"2026-04-28T20:47:56+00:00\",\"mainEntityOfPage\":{\"@id\":\"https:\/\/luchonoticias.com\/editor\/asamblea-pide-fortalecer-la-competitividad-del-doble-anis\/\"},\"wordCount\":282,\"publisher\":{\"@id\":\"https:\/\/luchonoticias.com\/editor\/#\/schema\/person\/7a7fd911f58561fd056dbac7b55af9cd\"},\"image\":{\"@id\":\"https:\/\/luchonoticias.com\/editor\/asamblea-pide-fortalecer-la-competitividad-del-doble-anis\/#primaryimage\"},\"thumbnailUrl\":\"https:\/\/luchonoticias.com\/editor\/wp-content\/uploads\/2026\/04\/asamblea-2.jpg\",\"articleSection\":[\"Huila\"],\"inLanguage\":\"es\"},{\"@type\":\"WebPage\",\"@id\":\"https:\/\/luchonoticias.com\/editor\/asamblea-pide-fortalecer-la-competitividad-del-doble-anis\/\",\"url\":\"https:\/\/luchonoticias.com\/editor\/asamblea-pide-fortalecer-la-competitividad-del-doble-anis\/\",\"name\":\"Asamblea pide fortalecer la competitividad del Doble Anis -\",\"isPartOf\":{\"@id\":\"https:\/\/luchonoticias.com\/editor\/#website\"},\"primaryImageOfPage\":{\"@id\":\"https:\/\/luchonoticias.com\/editor\/asamblea-pide-fortalecer-la-competitividad-del-doble-anis\/#primaryimage\"},\"image\":{\"@id\":\"https:\/\/luchonoticias.com\/editor\/asamblea-pide-fortalecer-la-competitividad-del-doble-anis\/#primaryimage\"},\"thumbnailUrl\":\"https:\/\/luchonoticias.com\/editor\/wp-content\/uploads\/2026\/04\/asamblea-2.jpg\",\"datePublished\":\"2026-04-28T20:47:54+00:00\",\"dateModified\":\"2026-04-28T20:47:56+00:00\",\"breadcrumb\":{\"@id\":\"https:\/\/luchonoticias.com\/editor\/asamblea-pide-fortalecer-la-competitividad-del-doble-anis\/#breadcrumb\"},\"inLanguage\":\"es\",\"potentialAction\":[{\"@type\":\"ReadAction\",\"target\":[\"https:\/\/luchonoticias.com\/editor\/asamblea-pide-fortalecer-la-competitividad-del-doble-anis\/\"]}]},{\"@type\":\"ImageObject\",\"inLanguage\":\"es\",\"@id\":\"https:\/\/luchonoticias.com\/editor\/asamblea-pide-fortalecer-la-competitividad-del-doble-anis\/#primaryimage\",\"url\":\"https:\/\/luchonoticias.com\/editor\/wp-content\/uploads\/2026\/04\/asamblea-2.jpg\",\"contentUrl\":\"https:\/\/luchonoticias.com\/editor\/wp-content\/uploads\/2026\/04\/asamblea-2.jpg\",\"width\":700,\"height\":400},{\"@type\":\"BreadcrumbList\",\"@id\":\"https:\/\/luchonoticias.com\/editor\/asamblea-pide-fortalecer-la-competitividad-del-doble-anis\/#breadcrumb\",\"itemListElement\":[{\"@type\":\"ListItem\",\"position\":1,\"name\":\"Portada\",\"item\":\"https:\/\/luchonoticias.com\/editor\/\"},{\"@type\":\"ListItem\",\"position\":2,\"name\":\"Asamblea pide fortalecer la competitividad del Doble Anis\"}]},{\"@type\":\"WebSite\",\"@id\":\"https:\/\/luchonoticias.com\/editor\/#website\",\"url\":\"https:\/\/luchonoticias.com\/editor\/\",\"name\":\"\",\"description\":\"\",\"publisher\":{\"@id\":\"https:\/\/luchonoticias.com\/editor\/#\/schema\/person\/7a7fd911f58561fd056dbac7b55af9cd\"},\"potentialAction\":[{\"@type\":\"SearchAction\",\"target\":{\"@type\":\"EntryPoint\",\"urlTemplate\":\"https:\/\/luchonoticias.com\/editor\/?s={search_term_string}\"},\"query-input\":{\"@type\":\"PropertyValueSpecification\",\"valueRequired\":true,\"valueName\":\"search_term_string\"}}],\"inLanguage\":\"es\"},{\"@type\":[\"Person\",\"Organization\"],\"@id\":\"https:\/\/luchonoticias.com\/editor\/#\/schema\/person\/7a7fd911f58561fd056dbac7b55af9cd\",\"name\":\"admin\",\"image\":{\"@type\":\"ImageObject\",\"inLanguage\":\"es\",\"@id\":\"https:\/\/luchonoticias.com\/editor\/#\/schema\/person\/image\/\",\"url\":\"https:\/\/luchonoticias.com\/editor\/wp-content\/uploads\/2024\/02\/cropped-cropped-logolu.webp\",\"contentUrl\":\"https:\/\/luchonoticias.com\/editor\/wp-content\/uploads\/2024\/02\/cropped-cropped-logolu.webp\",\"width\":382,\"height\":170,\"caption\":\"admin\"},\"logo\":{\"@id\":\"https:\/\/luchonoticias.com\/editor\/#\/schema\/person\/image\/\"},\"sameAs\":[\"https:\/\/www.facebook.com\/luchonoticiasneiva\"]},{\"@type\":\"Person\",\"@id\":\"https:\/\/luchonoticias.com\/editor\/#\/schema\/person\/29217990ddf6f14e35912b2866d591fb\",\"name\":\"Editor General\",\"image\":{\"@type\":\"ImageObject\",\"inLanguage\":\"es\",\"@id\":\"https:\/\/luchonoticias.com\/editor\/#\/schema\/person\/image\/\",\"url\":\"https:\/\/luchonoticias.com\/editor\/wp-content\/uploads\/2024\/02\/cropped-cropped-logolu-150x150.webp\",\"contentUrl\":\"https:\/\/luchonoticias.com\/editor\/wp-content\/uploads\/2024\/02\/cropped-cropped-logolu-150x150.webp\",\"caption\":\"Editor General\"},\"sameAs\":[\"https:\/\/luchonoticias.com\/\"],\"url\":\"https:\/\/luchonoticias.com\/editor\/author\/editor-general\/\"}]}<\/script>\n<!-- \/ Yoast SEO plugin. -->","yoast_head_json":{"title":"Asamblea pide fortalecer la competitividad del Doble Anis -","robots":{"index":"index","follow":"follow","max-snippet":"max-snippet:-1","max-image-preview":"max-image-preview:large","max-video-preview":"max-video-preview:-1"},"canonical":"https:\/\/luchonoticias.com\/editor\/asamblea-pide-fortalecer-la-competitividad-del-doble-anis\/","og_locale":"es_ES","og_type":"article","og_title":"Asamblea pide fortalecer la competitividad del Doble Anis -","og_url":"https:\/\/luchonoticias.com\/editor\/asamblea-pide-fortalecer-la-competitividad-del-doble-anis\/","article_publisher":"https:\/\/www.facebook.com\/luchonoticiasneiva","article_published_time":"2026-04-28T20:47:54+00:00","article_modified_time":"2026-04-28T20:47:56+00:00","og_image":[{"width":700,"height":400,"url":"https:\/\/luchonoticias.com\/editor\/wp-content\/uploads\/2026\/04\/asamblea-2.jpg","type":"image\/jpeg"}],"author":"Editor General","twitter_card":"summary_large_image","twitter_misc":{"Escrito por":"Editor General","Tiempo de lectura":"2 minutos"},"schema":{"@context":"https:\/\/schema.org","@graph":[{"@type":"Article","@id":"https:\/\/luchonoticias.com\/editor\/asamblea-pide-fortalecer-la-competitividad-del-doble-anis\/#article","isPartOf":{"@id":"https:\/\/luchonoticias.com\/editor\/asamblea-pide-fortalecer-la-competitividad-del-doble-anis\/"},"author":{"name":"Editor General","@id":"https:\/\/luchonoticias.com\/editor\/#\/schema\/person\/29217990ddf6f14e35912b2866d591fb"},"headline":"Asamblea pide fortalecer la competitividad del Doble Anis","datePublished":"2026-04-28T20:47:54+00:00","dateModified":"2026-04-28T20:47:56+00:00","mainEntityOfPage":{"@id":"https:\/\/luchonoticias.com\/editor\/asamblea-pide-fortalecer-la-competitividad-del-doble-anis\/"},"wordCount":282,"publisher":{"@id":"https:\/\/luchonoticias.com\/editor\/#\/schema\/person\/7a7fd911f58561fd056dbac7b55af9cd"},"image":{"@id":"https:\/\/luchonoticias.com\/editor\/asamblea-pide-fortalecer-la-competitividad-del-doble-anis\/#primaryimage"},"thumbnailUrl":"https:\/\/luchonoticias.com\/editor\/wp-content\/uploads\/2026\/04\/asamblea-2.jpg","articleSection":["Huila"],"inLanguage":"es"},{"@type":"WebPage","@id":"https:\/\/luchonoticias.com\/editor\/asamblea-pide-fortalecer-la-competitividad-del-doble-anis\/","url":"https:\/\/luchonoticias.com\/editor\/asamblea-pide-fortalecer-la-competitividad-del-doble-anis\/","name":"Asamblea pide fortalecer la competitividad del Doble Anis -","isPartOf":{"@id":"https:\/\/luchonoticias.com\/editor\/#website"},"primaryImageOfPage":{"@id":"https:\/\/luchonoticias.com\/editor\/asamblea-pide-fortalecer-la-competitividad-del-doble-anis\/#primaryimage"},"image":{"@id":"https:\/\/luchonoticias.com\/editor\/asamblea-pide-fortalecer-la-competitividad-del-doble-anis\/#primaryimage"},"thumbnailUrl":"https:\/\/luchonoticias.com\/editor\/wp-content\/uploads\/2026\/04\/asamblea-2.jpg","datePublished":"2026-04-28T20:47:54+00:00","dateModified":"2026-04-28T20:47:56+00:00","breadcrumb":{"@id":"https:\/\/luchonoticias.com\/editor\/asamblea-pide-fortalecer-la-competitividad-del-doble-anis\/#breadcrumb"},"inLanguage":"es","potentialAction":[{"@type":"ReadAction","target":["https:\/\/luchonoticias.com\/editor\/asamblea-pide-fortalecer-la-competitividad-del-doble-anis\/"]}]},{"@type":"ImageObject","inLanguage":"es","@id":"https:\/\/luchonoticias.com\/editor\/asamblea-pide-fortalecer-la-competitividad-del-doble-anis\/#primaryimage","url":"https:\/\/luchonoticias.com\/editor\/wp-content\/uploads\/2026\/04\/asamblea-2.jpg","contentUrl":"https:\/\/luchonoticias.com\/editor\/wp-content\/uploads\/2026\/04\/asamblea-2.jpg","width":700,"height":400},{"@type":"BreadcrumbList","@id":"https:\/\/luchonoticias.com\/editor\/asamblea-pide-fortalecer-la-competitividad-del-doble-anis\/#breadcrumb","itemListElement":[{"@type":"ListItem","position":1,"name":"Portada","item":"https:\/\/luchonoticias.com\/editor\/"},{"@type":"ListItem","position":2,"name":"Asamblea pide fortalecer la competitividad del Doble Anis"}]},{"@type":"WebSite","@id":"https:\/\/luchonoticias.com\/editor\/#website","url":"https:\/\/luchonoticias.com\/editor\/","name":"","description":"","publisher":{"@id":"https:\/\/luchonoticias.com\/editor\/#\/schema\/person\/7a7fd911f58561fd056dbac7b55af9cd"},"potentialAction":[{"@type":"SearchAction","target":{"@type":"EntryPoint","urlTemplate":"https:\/\/luchonoticias.com\/editor\/?s={search_term_string}"},"query-input":{"@type":"PropertyValueSpecification","valueRequired":true,"valueName":"search_term_string"}}],"inLanguage":"es"},{"@type":["Person","Organization"],"@id":"https:\/\/luchonoticias.com\/editor\/#\/schema\/person\/7a7fd911f58561fd056dbac7b55af9cd","name":"admin","image":{"@type":"ImageObject","inLanguage":"es","@id":"https:\/\/luchonoticias.com\/editor\/#\/schema\/person\/image\/","url":"https:\/\/luchonoticias.com\/editor\/wp-content\/uploads\/2024\/02\/cropped-cropped-logolu.webp","contentUrl":"https:\/\/luchonoticias.com\/editor\/wp-content\/uploads\/2024\/02\/cropped-cropped-logolu.webp","width":382,"height":170,"caption":"admin"},"logo":{"@id":"https:\/\/luchonoticias.com\/editor\/#\/schema\/person\/image\/"},"sameAs":["https:\/\/www.facebook.com\/luchonoticiasneiva"]},{"@type":"Person","@id":"https:\/\/luchonoticias.com\/editor\/#\/schema\/person\/29217990ddf6f14e35912b2866d591fb","name":"Editor General","image":{"@type":"ImageObject","inLanguage":"es","@id":"https:\/\/luchonoticias.com\/editor\/#\/schema\/person\/image\/","url":"https:\/\/luchonoticias.com\/editor\/wp-content\/uploads\/2024\/02\/cropped-cropped-logolu-150x150.webp","contentUrl":"https:\/\/luchonoticias.com\/editor\/wp-content\/uploads\/2024\/02\/cropped-cropped-logolu-150x150.webp","caption":"Editor General"},"sameAs":["https:\/\/luchonoticias.com\/"],"url":"https:\/\/luchonoticias.com\/editor\/author\/editor-general\/"}]}},"_links":{"self":[{"href":"https:\/\/luchonoticias.com\/editor\/wp-json\/wp\/v2\/posts\/97398","targetHints":{"allow":["GET"]}}],"collection":[{"href":"https:\/\/luchonoticias.com\/editor\/wp-json\/wp\/v2\/posts"}],"about":[{"href":"https:\/\/luchonoticias.com\/editor\/wp-json\/wp\/v2\/types\/post"}],"author":[{"embeddable":true,"href":"https:\/\/luchonoticias.com\/editor\/wp-json\/wp\/v2\/users\/2"}],"replies":[{"embeddable":true,"href":"https:\/\/luchonoticias.com\/editor\/wp-json\/wp\/v2\/comments?post=97398"}],"version-history":[{"count":1,"href":"https:\/\/luchonoticias.com\/editor\/wp-json\/wp\/v2\/posts\/97398\/revisions"}],"predecessor-version":[{"id":97400,"href":"https:\/\/luchonoticias.com\/editor\/wp-json\/wp\/v2\/posts\/97398\/revisions\/97400"}],"wp:featuredmedia":[{"embeddable":true,"href":"https:\/\/luchonoticias.com\/editor\/wp-json\/wp\/v2\/media\/97399"}],"wp:attachment":[{"href":"https:\/\/luchonoticias.com\/editor\/wp-json\/wp\/v2\/media?parent=97398"}],"wp:term":[{"taxonomy":"category","embeddable":true,"href":"https:\/\/luchonoticias.com\/editor\/wp-json\/wp\/v2\/categories?post=97398"},{"taxonomy":"post_tag","embeddable":true,"href":"https:\/\/luchonoticias.com\/editor\/wp-json\/wp\/v2\/tags?post=97398"}],"curies":[{"name":"wp","href":"https:\/\/api.w.org\/{rel}","templated":true}]}}