{"id":97405,"date":"2026-04-28T16:28:55","date_gmt":"2026-04-28T21:28:55","guid":{"rendered":"https:\/\/luchonoticias.com\/editor\/?p=97405"},"modified":"2026-04-28T16:28:56","modified_gmt":"2026-04-28T21:28:56","slug":"caso-de-menor-muerto-por-hemofilia-vuelve-a-ser-noticia","status":"publish","type":"post","link":"https:\/\/luchonoticias.com\/editor\/caso-de-menor-muerto-por-hemofilia-vuelve-a-ser-noticia\/","title":{"rendered":"Caso de menor muerto por hemofilia vuelve a ser noticia"},"content":{"rendered":"\n<p>El caso de Kevin Acosta, el menor que falleci\u00f3 tras no recibir oportunamente el medicamento para tratar la hemofilia por parte de la Nueva EPS, volvi\u00f3 a generar discusi\u00f3n p\u00fablica luego de las declaraciones del presidente Gustavo Petro en su m\u00e1s reciente alocuci\u00f3n.<\/p>\n\n\n\n<p>\u201cMedicina Legal sabe por qu\u00e9 muri\u00f3 y la Fiscal General dijo que no nos lo entregaban (el informe). Eso es manejo pol\u00edtico de la muerte porque no hay pruebas de que fue por culpa de la Nueva EPS\u201d, afirm\u00f3 el jefe de Estado.<\/p>\n\n\n\n<p>Ante estas declaraciones, el director de Medicina Legal, Ariel Emilio Cort\u00e9s, aclar\u00f3 que la entidad, en su condici\u00f3n de auxiliar de la justicia, no est\u00e1 facultada para entregar resultados de necropsias sin una orden judicial, y que estos informes solo pueden ser remitidos a las autoridades competentes encargadas de las investigaciones.<\/p>\n\n\n\n<p>Medicina Legal explic\u00f3, adem\u00e1s, que el pasado 4 de marzo recibi\u00f3 un requerimiento del Ministerio de Salud y Protecci\u00f3n Social solicitando la historia cl\u00ednica y el informe de necropsia del menor. Frente a esta solicitud, la entidad indic\u00f3 que dio respuesta conforme a lo establecido en la normativa vigente.<\/p>\n\n\n\n<p>Posteriormente, el 25 de marzo, el Ministerio de Salud interpuso una acci\u00f3n de tutela por una presunta vulneraci\u00f3n del derecho fundamental de petici\u00f3n. Sin embargo, el 14 de abril, un juzgado de Bogot\u00e1 declar\u00f3 improcedente dicha acci\u00f3n.<\/p>\n\n\n\n<p>El caso ha sido objeto de investigaci\u00f3n por parte de la Procuradur\u00eda General de la Naci\u00f3n, que concluy\u00f3 que la muerte del menor estar\u00eda relacionada con presuntas fallas en la atenci\u00f3n por parte de la Nueva EPS, especialmente por la falta de entrega oportuna del tratamiento requerido para la hemofilia que padec\u00eda.<\/p>\n","protected":false},"excerpt":{"rendered":"<p>El caso de Kevin Acosta, el menor que falleci\u00f3 tras no recibir oportunamente el medicamento para tratar la hemofilia por parte de la Nueva EPS, volvi\u00f3 a generar discusi\u00f3n p\u00fablica luego de las declaraciones del presidente Gustavo Petro en su m\u00e1s reciente alocuci\u00f3n. \u201cMedicina Legal sabe por qu\u00e9 muri\u00f3 y la Fiscal General dijo que [&hellip;]<\/p>\n","protected":false},"author":2,"featured_media":97406,"comment_status":"closed","ping_status":"open","sticky":false,"template":"","format":"standard","meta":{"footnotes":""},"categories":[28,32],"tags":[],"class_list":["post-97405","post","type-post","status-publish","format-standard","has-post-thumbnail","hentry","category-actualidad","category-nacional"],"yoast_head":"<!-- This site is optimized with the Yoast SEO plugin v26.6 - https:\/\/yoast.com\/wordpress\/plugins\/seo\/ -->\n<title>Caso de menor muerto por hemofilia vuelve a ser noticia -<\/title>\n<meta name=\"robots\" content=\"index, follow, max-snippet:-1, max-image-preview:large, max-video-preview:-1\" \/>\n<link rel=\"canonical\" href=\"https:\/\/luchonoticias.com\/editor\/caso-de-menor-muerto-por-hemofilia-vuelve-a-ser-noticia\/\" \/>\n<meta property=\"og:locale\" content=\"es_ES\" \/>\n<meta property=\"og:type\" content=\"article\" \/>\n<meta property=\"og:title\" content=\"Caso de menor muerto por hemofilia vuelve a ser noticia -\" \/>\n<meta property=\"og:url\" content=\"https:\/\/luchonoticias.com\/editor\/caso-de-menor-muerto-por-hemofilia-vuelve-a-ser-noticia\/\" \/>\n<meta property=\"article:publisher\" content=\"https:\/\/www.facebook.com\/luchonoticiasneiva\" \/>\n<meta property=\"article:published_time\" content=\"2026-04-28T21:28:55+00:00\" \/>\n<meta property=\"article:modified_time\" content=\"2026-04-28T21:28:56+00:00\" \/>\n<meta property=\"og:image\" content=\"https:\/\/luchonoticias.com\/editor\/wp-content\/uploads\/2026\/04\/KEVIN-ACOSTA.jpg\" \/>\n\t<meta property=\"og:image:width\" content=\"700\" \/>\n\t<meta property=\"og:image:height\" content=\"400\" \/>\n\t<meta property=\"og:image:type\" content=\"image\/jpeg\" \/>\n<meta name=\"author\" content=\"Editor General\" \/>\n<meta name=\"twitter:card\" content=\"summary_large_image\" \/>\n<meta name=\"twitter:label1\" content=\"Escrito por\" \/>\n\t<meta name=\"twitter:data1\" content=\"Editor General\" \/>\n\t<meta name=\"twitter:label2\" content=\"Tiempo de lectura\" \/>\n\t<meta name=\"twitter:data2\" content=\"2 minutos\" \/>\n<script type=\"application\/ld+json\" class=\"yoast-schema-graph\">{\"@context\":\"https:\/\/schema.org\",\"@graph\":[{\"@type\":\"Article\",\"@id\":\"https:\/\/luchonoticias.com\/editor\/caso-de-menor-muerto-por-hemofilia-vuelve-a-ser-noticia\/#article\",\"isPartOf\":{\"@id\":\"https:\/\/luchonoticias.com\/editor\/caso-de-menor-muerto-por-hemofilia-vuelve-a-ser-noticia\/\"},\"author\":{\"name\":\"Editor General\",\"@id\":\"https:\/\/luchonoticias.com\/editor\/#\/schema\/person\/29217990ddf6f14e35912b2866d591fb\"},\"headline\":\"Caso de menor muerto por hemofilia vuelve a ser noticia\",\"datePublished\":\"2026-04-28T21:28:55+00:00\",\"dateModified\":\"2026-04-28T21:28:56+00:00\",\"mainEntityOfPage\":{\"@id\":\"https:\/\/luchonoticias.com\/editor\/caso-de-menor-muerto-por-hemofilia-vuelve-a-ser-noticia\/\"},\"wordCount\":302,\"publisher\":{\"@id\":\"https:\/\/luchonoticias.com\/editor\/#\/schema\/person\/7a7fd911f58561fd056dbac7b55af9cd\"},\"image\":{\"@id\":\"https:\/\/luchonoticias.com\/editor\/caso-de-menor-muerto-por-hemofilia-vuelve-a-ser-noticia\/#primaryimage\"},\"thumbnailUrl\":\"https:\/\/luchonoticias.com\/editor\/wp-content\/uploads\/2026\/04\/KEVIN-ACOSTA.jpg\",\"articleSection\":[\"Actualidad\",\"Nacional\"],\"inLanguage\":\"es\"},{\"@type\":\"WebPage\",\"@id\":\"https:\/\/luchonoticias.com\/editor\/caso-de-menor-muerto-por-hemofilia-vuelve-a-ser-noticia\/\",\"url\":\"https:\/\/luchonoticias.com\/editor\/caso-de-menor-muerto-por-hemofilia-vuelve-a-ser-noticia\/\",\"name\":\"Caso de menor muerto por hemofilia vuelve a ser noticia -\",\"isPartOf\":{\"@id\":\"https:\/\/luchonoticias.com\/editor\/#website\"},\"primaryImageOfPage\":{\"@id\":\"https:\/\/luchonoticias.com\/editor\/caso-de-menor-muerto-por-hemofilia-vuelve-a-ser-noticia\/#primaryimage\"},\"image\":{\"@id\":\"https:\/\/luchonoticias.com\/editor\/caso-de-menor-muerto-por-hemofilia-vuelve-a-ser-noticia\/#primaryimage\"},\"thumbnailUrl\":\"https:\/\/luchonoticias.com\/editor\/wp-content\/uploads\/2026\/04\/KEVIN-ACOSTA.jpg\",\"datePublished\":\"2026-04-28T21:28:55+00:00\",\"dateModified\":\"2026-04-28T21:28:56+00:00\",\"breadcrumb\":{\"@id\":\"https:\/\/luchonoticias.com\/editor\/caso-de-menor-muerto-por-hemofilia-vuelve-a-ser-noticia\/#breadcrumb\"},\"inLanguage\":\"es\",\"potentialAction\":[{\"@type\":\"ReadAction\",\"target\":[\"https:\/\/luchonoticias.com\/editor\/caso-de-menor-muerto-por-hemofilia-vuelve-a-ser-noticia\/\"]}]},{\"@type\":\"ImageObject\",\"inLanguage\":\"es\",\"@id\":\"https:\/\/luchonoticias.com\/editor\/caso-de-menor-muerto-por-hemofilia-vuelve-a-ser-noticia\/#primaryimage\",\"url\":\"https:\/\/luchonoticias.com\/editor\/wp-content\/uploads\/2026\/04\/KEVIN-ACOSTA.jpg\",\"contentUrl\":\"https:\/\/luchonoticias.com\/editor\/wp-content\/uploads\/2026\/04\/KEVIN-ACOSTA.jpg\",\"width\":700,\"height\":400},{\"@type\":\"BreadcrumbList\",\"@id\":\"https:\/\/luchonoticias.com\/editor\/caso-de-menor-muerto-por-hemofilia-vuelve-a-ser-noticia\/#breadcrumb\",\"itemListElement\":[{\"@type\":\"ListItem\",\"position\":1,\"name\":\"Portada\",\"item\":\"https:\/\/luchonoticias.com\/editor\/\"},{\"@type\":\"ListItem\",\"position\":2,\"name\":\"Caso de menor muerto por hemofilia vuelve a ser noticia\"}]},{\"@type\":\"WebSite\",\"@id\":\"https:\/\/luchonoticias.com\/editor\/#website\",\"url\":\"https:\/\/luchonoticias.com\/editor\/\",\"name\":\"\",\"description\":\"\",\"publisher\":{\"@id\":\"https:\/\/luchonoticias.com\/editor\/#\/schema\/person\/7a7fd911f58561fd056dbac7b55af9cd\"},\"potentialAction\":[{\"@type\":\"SearchAction\",\"target\":{\"@type\":\"EntryPoint\",\"urlTemplate\":\"https:\/\/luchonoticias.com\/editor\/?s={search_term_string}\"},\"query-input\":{\"@type\":\"PropertyValueSpecification\",\"valueRequired\":true,\"valueName\":\"search_term_string\"}}],\"inLanguage\":\"es\"},{\"@type\":[\"Person\",\"Organization\"],\"@id\":\"https:\/\/luchonoticias.com\/editor\/#\/schema\/person\/7a7fd911f58561fd056dbac7b55af9cd\",\"name\":\"admin\",\"image\":{\"@type\":\"ImageObject\",\"inLanguage\":\"es\",\"@id\":\"https:\/\/luchonoticias.com\/editor\/#\/schema\/person\/image\/\",\"url\":\"https:\/\/luchonoticias.com\/editor\/wp-content\/uploads\/2024\/02\/cropped-cropped-logolu.webp\",\"contentUrl\":\"https:\/\/luchonoticias.com\/editor\/wp-content\/uploads\/2024\/02\/cropped-cropped-logolu.webp\",\"width\":382,\"height\":170,\"caption\":\"admin\"},\"logo\":{\"@id\":\"https:\/\/luchonoticias.com\/editor\/#\/schema\/person\/image\/\"},\"sameAs\":[\"https:\/\/www.facebook.com\/luchonoticiasneiva\"]},{\"@type\":\"Person\",\"@id\":\"https:\/\/luchonoticias.com\/editor\/#\/schema\/person\/29217990ddf6f14e35912b2866d591fb\",\"name\":\"Editor General\",\"image\":{\"@type\":\"ImageObject\",\"inLanguage\":\"es\",\"@id\":\"https:\/\/luchonoticias.com\/editor\/#\/schema\/person\/image\/\",\"url\":\"https:\/\/luchonoticias.com\/editor\/wp-content\/uploads\/2024\/02\/cropped-cropped-logolu-150x150.webp\",\"contentUrl\":\"https:\/\/luchonoticias.com\/editor\/wp-content\/uploads\/2024\/02\/cropped-cropped-logolu-150x150.webp\",\"caption\":\"Editor General\"},\"sameAs\":[\"https:\/\/luchonoticias.com\/\"],\"url\":\"https:\/\/luchonoticias.com\/editor\/author\/editor-general\/\"}]}<\/script>\n<!-- \/ Yoast SEO plugin. -->","yoast_head_json":{"title":"Caso de menor muerto por hemofilia vuelve a ser noticia -","robots":{"index":"index","follow":"follow","max-snippet":"max-snippet:-1","max-image-preview":"max-image-preview:large","max-video-preview":"max-video-preview:-1"},"canonical":"https:\/\/luchonoticias.com\/editor\/caso-de-menor-muerto-por-hemofilia-vuelve-a-ser-noticia\/","og_locale":"es_ES","og_type":"article","og_title":"Caso de menor muerto por hemofilia vuelve a ser noticia -","og_url":"https:\/\/luchonoticias.com\/editor\/caso-de-menor-muerto-por-hemofilia-vuelve-a-ser-noticia\/","article_publisher":"https:\/\/www.facebook.com\/luchonoticiasneiva","article_published_time":"2026-04-28T21:28:55+00:00","article_modified_time":"2026-04-28T21:28:56+00:00","og_image":[{"width":700,"height":400,"url":"https:\/\/luchonoticias.com\/editor\/wp-content\/uploads\/2026\/04\/KEVIN-ACOSTA.jpg","type":"image\/jpeg"}],"author":"Editor General","twitter_card":"summary_large_image","twitter_misc":{"Escrito por":"Editor General","Tiempo de lectura":"2 minutos"},"schema":{"@context":"https:\/\/schema.org","@graph":[{"@type":"Article","@id":"https:\/\/luchonoticias.com\/editor\/caso-de-menor-muerto-por-hemofilia-vuelve-a-ser-noticia\/#article","isPartOf":{"@id":"https:\/\/luchonoticias.com\/editor\/caso-de-menor-muerto-por-hemofilia-vuelve-a-ser-noticia\/"},"author":{"name":"Editor General","@id":"https:\/\/luchonoticias.com\/editor\/#\/schema\/person\/29217990ddf6f14e35912b2866d591fb"},"headline":"Caso de menor muerto por hemofilia vuelve a ser noticia","datePublished":"2026-04-28T21:28:55+00:00","dateModified":"2026-04-28T21:28:56+00:00","mainEntityOfPage":{"@id":"https:\/\/luchonoticias.com\/editor\/caso-de-menor-muerto-por-hemofilia-vuelve-a-ser-noticia\/"},"wordCount":302,"publisher":{"@id":"https:\/\/luchonoticias.com\/editor\/#\/schema\/person\/7a7fd911f58561fd056dbac7b55af9cd"},"image":{"@id":"https:\/\/luchonoticias.com\/editor\/caso-de-menor-muerto-por-hemofilia-vuelve-a-ser-noticia\/#primaryimage"},"thumbnailUrl":"https:\/\/luchonoticias.com\/editor\/wp-content\/uploads\/2026\/04\/KEVIN-ACOSTA.jpg","articleSection":["Actualidad","Nacional"],"inLanguage":"es"},{"@type":"WebPage","@id":"https:\/\/luchonoticias.com\/editor\/caso-de-menor-muerto-por-hemofilia-vuelve-a-ser-noticia\/","url":"https:\/\/luchonoticias.com\/editor\/caso-de-menor-muerto-por-hemofilia-vuelve-a-ser-noticia\/","name":"Caso de menor muerto por hemofilia vuelve a ser noticia -","isPartOf":{"@id":"https:\/\/luchonoticias.com\/editor\/#website"},"primaryImageOfPage":{"@id":"https:\/\/luchonoticias.com\/editor\/caso-de-menor-muerto-por-hemofilia-vuelve-a-ser-noticia\/#primaryimage"},"image":{"@id":"https:\/\/luchonoticias.com\/editor\/caso-de-menor-muerto-por-hemofilia-vuelve-a-ser-noticia\/#primaryimage"},"thumbnailUrl":"https:\/\/luchonoticias.com\/editor\/wp-content\/uploads\/2026\/04\/KEVIN-ACOSTA.jpg","datePublished":"2026-04-28T21:28:55+00:00","dateModified":"2026-04-28T21:28:56+00:00","breadcrumb":{"@id":"https:\/\/luchonoticias.com\/editor\/caso-de-menor-muerto-por-hemofilia-vuelve-a-ser-noticia\/#breadcrumb"},"inLanguage":"es","potentialAction":[{"@type":"ReadAction","target":["https:\/\/luchonoticias.com\/editor\/caso-de-menor-muerto-por-hemofilia-vuelve-a-ser-noticia\/"]}]},{"@type":"ImageObject","inLanguage":"es","@id":"https:\/\/luchonoticias.com\/editor\/caso-de-menor-muerto-por-hemofilia-vuelve-a-ser-noticia\/#primaryimage","url":"https:\/\/luchonoticias.com\/editor\/wp-content\/uploads\/2026\/04\/KEVIN-ACOSTA.jpg","contentUrl":"https:\/\/luchonoticias.com\/editor\/wp-content\/uploads\/2026\/04\/KEVIN-ACOSTA.jpg","width":700,"height":400},{"@type":"BreadcrumbList","@id":"https:\/\/luchonoticias.com\/editor\/caso-de-menor-muerto-por-hemofilia-vuelve-a-ser-noticia\/#breadcrumb","itemListElement":[{"@type":"ListItem","position":1,"name":"Portada","item":"https:\/\/luchonoticias.com\/editor\/"},{"@type":"ListItem","position":2,"name":"Caso de menor muerto por hemofilia vuelve a ser noticia"}]},{"@type":"WebSite","@id":"https:\/\/luchonoticias.com\/editor\/#website","url":"https:\/\/luchonoticias.com\/editor\/","name":"","description":"","publisher":{"@id":"https:\/\/luchonoticias.com\/editor\/#\/schema\/person\/7a7fd911f58561fd056dbac7b55af9cd"},"potentialAction":[{"@type":"SearchAction","target":{"@type":"EntryPoint","urlTemplate":"https:\/\/luchonoticias.com\/editor\/?s={search_term_string}"},"query-input":{"@type":"PropertyValueSpecification","valueRequired":true,"valueName":"search_term_string"}}],"inLanguage":"es"},{"@type":["Person","Organization"],"@id":"https:\/\/luchonoticias.com\/editor\/#\/schema\/person\/7a7fd911f58561fd056dbac7b55af9cd","name":"admin","image":{"@type":"ImageObject","inLanguage":"es","@id":"https:\/\/luchonoticias.com\/editor\/#\/schema\/person\/image\/","url":"https:\/\/luchonoticias.com\/editor\/wp-content\/uploads\/2024\/02\/cropped-cropped-logolu.webp","contentUrl":"https:\/\/luchonoticias.com\/editor\/wp-content\/uploads\/2024\/02\/cropped-cropped-logolu.webp","width":382,"height":170,"caption":"admin"},"logo":{"@id":"https:\/\/luchonoticias.com\/editor\/#\/schema\/person\/image\/"},"sameAs":["https:\/\/www.facebook.com\/luchonoticiasneiva"]},{"@type":"Person","@id":"https:\/\/luchonoticias.com\/editor\/#\/schema\/person\/29217990ddf6f14e35912b2866d591fb","name":"Editor General","image":{"@type":"ImageObject","inLanguage":"es","@id":"https:\/\/luchonoticias.com\/editor\/#\/schema\/person\/image\/","url":"https:\/\/luchonoticias.com\/editor\/wp-content\/uploads\/2024\/02\/cropped-cropped-logolu-150x150.webp","contentUrl":"https:\/\/luchonoticias.com\/editor\/wp-content\/uploads\/2024\/02\/cropped-cropped-logolu-150x150.webp","caption":"Editor General"},"sameAs":["https:\/\/luchonoticias.com\/"],"url":"https:\/\/luchonoticias.com\/editor\/author\/editor-general\/"}]}},"_links":{"self":[{"href":"https:\/\/luchonoticias.com\/editor\/wp-json\/wp\/v2\/posts\/97405","targetHints":{"allow":["GET"]}}],"collection":[{"href":"https:\/\/luchonoticias.com\/editor\/wp-json\/wp\/v2\/posts"}],"about":[{"href":"https:\/\/luchonoticias.com\/editor\/wp-json\/wp\/v2\/types\/post"}],"author":[{"embeddable":true,"href":"https:\/\/luchonoticias.com\/editor\/wp-json\/wp\/v2\/users\/2"}],"replies":[{"embeddable":true,"href":"https:\/\/luchonoticias.com\/editor\/wp-json\/wp\/v2\/comments?post=97405"}],"version-history":[{"count":1,"href":"https:\/\/luchonoticias.com\/editor\/wp-json\/wp\/v2\/posts\/97405\/revisions"}],"predecessor-version":[{"id":97407,"href":"https:\/\/luchonoticias.com\/editor\/wp-json\/wp\/v2\/posts\/97405\/revisions\/97407"}],"wp:featuredmedia":[{"embeddable":true,"href":"https:\/\/luchonoticias.com\/editor\/wp-json\/wp\/v2\/media\/97406"}],"wp:attachment":[{"href":"https:\/\/luchonoticias.com\/editor\/wp-json\/wp\/v2\/media?parent=97405"}],"wp:term":[{"taxonomy":"category","embeddable":true,"href":"https:\/\/luchonoticias.com\/editor\/wp-json\/wp\/v2\/categories?post=97405"},{"taxonomy":"post_tag","embeddable":true,"href":"https:\/\/luchonoticias.com\/editor\/wp-json\/wp\/v2\/tags?post=97405"}],"curies":[{"name":"wp","href":"https:\/\/api.w.org\/{rel}","templated":true}]}}