{"id":97408,"date":"2026-04-28T16:43:40","date_gmt":"2026-04-28T21:43:40","guid":{"rendered":"https:\/\/luchonoticias.com\/editor\/?p=97408"},"modified":"2026-04-28T16:43:41","modified_gmt":"2026-04-28T21:43:41","slug":"recolectadas-mas-de-60-toneladas-de-residuos-electronicos","status":"publish","type":"post","link":"https:\/\/luchonoticias.com\/editor\/recolectadas-mas-de-60-toneladas-de-residuos-electronicos\/","title":{"rendered":"Recolectadas m\u00e1s de 60 toneladas de residuos electr\u00f3nicos"},"content":{"rendered":"\n<p>Un balance positivo dej\u00f3 la primera <em>Opitat\u00f3n 2026<\/em>, estrategia liderada por la Corporaci\u00f3n Aut\u00f3noma Regional del Alto Magdalena (CAM), que permiti\u00f3 la recolecci\u00f3n de m\u00e1s de 60 toneladas de residuos de aparatos el\u00e9ctricos y electr\u00f3nicos (RAEE) en el departamento del Huila.<\/p>\n\n\n\n<p>La jornada, que se desarroll\u00f3 durante tres d\u00edas, cont\u00f3 con la participaci\u00f3n de comunidades de 15 municipios del norte y occidente del departamento, as\u00ed como de m\u00e1s de 200 empresas que se vincularon a la iniciativa ambiental.<\/p>\n\n\n\n<p>\u201cEn esta primera jornada Opitat\u00f3n 2026 recolectamos m\u00e1s de 3.5 toneladas en el municipio de La Plata y m\u00e1s de 57 toneladas en Neiva\u201d, inform\u00f3 Jessica Falla, profesional de la CAM.<\/p>\n\n\n\n<p>La funcionaria agreg\u00f3 que tambi\u00e9n se recolectaron 304 llantas en La Plata y m\u00e1s de 2.000 en Neiva, adem\u00e1s de otros residuos como bombillas, pilas, medicamentos vencidos, envases de insecticidas y aparatos electr\u00f3nicos en desuso.<\/p>\n\n\n\n<figure class=\"wp-block-gallery has-nested-images columns-default is-cropped wp-block-gallery-1 is-layout-flex wp-block-gallery-is-layout-flex\">\n<figure class=\"wp-block-image size-large\"><img loading=\"lazy\" decoding=\"async\" width=\"1024\" height=\"704\" data-id=\"97410\" src=\"https:\/\/luchonoticias.com\/editor\/wp-content\/uploads\/2026\/04\/WhatsApp-Image-2026-04-28-at-16.25.03-1024x704.jpeg\" alt=\"\" class=\"wp-image-97410\" srcset=\"https:\/\/luchonoticias.com\/editor\/wp-content\/uploads\/2026\/04\/WhatsApp-Image-2026-04-28-at-16.25.03-1024x704.jpeg 1024w, https:\/\/luchonoticias.com\/editor\/wp-content\/uploads\/2026\/04\/WhatsApp-Image-2026-04-28-at-16.25.03-300x206.jpeg 300w, https:\/\/luchonoticias.com\/editor\/wp-content\/uploads\/2026\/04\/WhatsApp-Image-2026-04-28-at-16.25.03-768x528.jpeg 768w, https:\/\/luchonoticias.com\/editor\/wp-content\/uploads\/2026\/04\/WhatsApp-Image-2026-04-28-at-16.25.03.jpeg 1280w\" sizes=\"auto, (max-width: 1024px) 100vw, 1024px\" \/><\/figure>\n\n\n\n<figure class=\"wp-block-image size-large\"><img loading=\"lazy\" decoding=\"async\" width=\"1024\" height=\"728\" data-id=\"97411\" src=\"https:\/\/luchonoticias.com\/editor\/wp-content\/uploads\/2026\/04\/WhatsApp-Image-2026-04-28-at-16.25.03-1-1024x728.jpeg\" alt=\"\" class=\"wp-image-97411\" srcset=\"https:\/\/luchonoticias.com\/editor\/wp-content\/uploads\/2026\/04\/WhatsApp-Image-2026-04-28-at-16.25.03-1-1024x728.jpeg 1024w, https:\/\/luchonoticias.com\/editor\/wp-content\/uploads\/2026\/04\/WhatsApp-Image-2026-04-28-at-16.25.03-1-300x213.jpeg 300w, https:\/\/luchonoticias.com\/editor\/wp-content\/uploads\/2026\/04\/WhatsApp-Image-2026-04-28-at-16.25.03-1-768x546.jpeg 768w, https:\/\/luchonoticias.com\/editor\/wp-content\/uploads\/2026\/04\/WhatsApp-Image-2026-04-28-at-16.25.03-1-1536x1092.jpeg 1536w, https:\/\/luchonoticias.com\/editor\/wp-content\/uploads\/2026\/04\/WhatsApp-Image-2026-04-28-at-16.25.03-1.jpeg 1600w\" sizes=\"auto, (max-width: 1024px) 100vw, 1024px\" \/><\/figure>\n<\/figure>\n\n\n\n<p>La CAM destac\u00f3 que todos los residuos recibir\u00e1n un manejo adecuado a trav\u00e9s de programas posconsumo autorizados. Asimismo, las empresas y ciudadanos participantes recibir\u00e1n certificaci\u00f3n por la correcta disposici\u00f3n de estos elementos.<\/p>\n\n\n\n<p>\u201cEstos residuos tendr\u00e1n tratamiento y aprovechamiento. Por ejemplo, las llantas ser\u00e1n trituradas para convertirse en materia prima para la capa asf\u00e1ltica\u201d, explic\u00f3 Falla Celis.<\/p>\n\n\n\n<p>La jornada se realiz\u00f3 en articulaci\u00f3n con programas posconsumo como Aprovet, Bioentorno, Cierra el Ciclo, Ecocomputo, Pilas con el Ambiente, entre otros, adem\u00e1s del apoyo de entidades como la Alcald\u00eda de Neiva, la Alcald\u00eda de La Plata, universidades y organizaciones ambientales.<\/p>\n\n\n\n<p>La CAM reiter\u00f3 que la <em>Opitat\u00f3n<\/em> se realiza dos veces al a\u00f1o como una estrategia de gesti\u00f3n ambiental que busca proteger el suelo, el agua, el aire y la salud humana.<\/p>\n\n\n\n<p>Finalmente, la entidad hizo un llamado a la ciudadan\u00eda a seguir participando y record\u00f3 que durante todo el a\u00f1o se pueden llevar residuos electr\u00f3nicos a las instalaciones de la CAM en Neiva para su adecuada disposici\u00f3n.<\/p>\n","protected":false},"excerpt":{"rendered":"<p>Un balance positivo dej\u00f3 la primera Opitat\u00f3n 2026, estrategia liderada por la Corporaci\u00f3n Aut\u00f3noma Regional del Alto Magdalena (CAM), que permiti\u00f3 la recolecci\u00f3n de m\u00e1s de 60 toneladas de residuos de aparatos el\u00e9ctricos y electr\u00f3nicos (RAEE) en el departamento del Huila. La jornada, que se desarroll\u00f3 durante tres d\u00edas, cont\u00f3 con la participaci\u00f3n de comunidades [&hellip;]<\/p>\n","protected":false},"author":2,"featured_media":97409,"comment_status":"closed","ping_status":"open","sticky":false,"template":"","format":"standard","meta":{"footnotes":""},"categories":[33],"tags":[],"class_list":["post-97408","post","type-post","status-publish","format-standard","has-post-thumbnail","hentry","category-huila"],"yoast_head":"<!-- This site is optimized with the Yoast SEO plugin v26.6 - https:\/\/yoast.com\/wordpress\/plugins\/seo\/ -->\n<title>Recolectadas m\u00e1s de 60 toneladas de residuos electr\u00f3nicos -<\/title>\n<meta name=\"robots\" content=\"index, follow, max-snippet:-1, max-image-preview:large, max-video-preview:-1\" \/>\n<link rel=\"canonical\" href=\"https:\/\/luchonoticias.com\/editor\/recolectadas-mas-de-60-toneladas-de-residuos-electronicos\/\" \/>\n<meta property=\"og:locale\" content=\"es_ES\" \/>\n<meta property=\"og:type\" content=\"article\" \/>\n<meta property=\"og:title\" content=\"Recolectadas m\u00e1s de 60 toneladas de residuos electr\u00f3nicos -\" \/>\n<meta property=\"og:url\" content=\"https:\/\/luchonoticias.com\/editor\/recolectadas-mas-de-60-toneladas-de-residuos-electronicos\/\" \/>\n<meta property=\"article:publisher\" content=\"https:\/\/www.facebook.com\/luchonoticiasneiva\" \/>\n<meta property=\"article:published_time\" content=\"2026-04-28T21:43:40+00:00\" \/>\n<meta property=\"article:modified_time\" content=\"2026-04-28T21:43:41+00:00\" \/>\n<meta property=\"og:image\" content=\"https:\/\/luchonoticias.com\/editor\/wp-content\/uploads\/2026\/04\/OPITATON.jpg\" \/>\n\t<meta property=\"og:image:width\" content=\"700\" \/>\n\t<meta property=\"og:image:height\" content=\"400\" \/>\n\t<meta property=\"og:image:type\" content=\"image\/jpeg\" \/>\n<meta name=\"author\" content=\"Editor General\" \/>\n<meta name=\"twitter:card\" content=\"summary_large_image\" \/>\n<meta name=\"twitter:label1\" content=\"Escrito por\" \/>\n\t<meta name=\"twitter:data1\" content=\"Editor General\" \/>\n\t<meta name=\"twitter:label2\" content=\"Tiempo de lectura\" \/>\n\t<meta name=\"twitter:data2\" content=\"3 minutos\" \/>\n<script type=\"application\/ld+json\" class=\"yoast-schema-graph\">{\"@context\":\"https:\/\/schema.org\",\"@graph\":[{\"@type\":\"Article\",\"@id\":\"https:\/\/luchonoticias.com\/editor\/recolectadas-mas-de-60-toneladas-de-residuos-electronicos\/#article\",\"isPartOf\":{\"@id\":\"https:\/\/luchonoticias.com\/editor\/recolectadas-mas-de-60-toneladas-de-residuos-electronicos\/\"},\"author\":{\"name\":\"Editor General\",\"@id\":\"https:\/\/luchonoticias.com\/editor\/#\/schema\/person\/29217990ddf6f14e35912b2866d591fb\"},\"headline\":\"Recolectadas m\u00e1s de 60 toneladas de residuos electr\u00f3nicos\",\"datePublished\":\"2026-04-28T21:43:40+00:00\",\"dateModified\":\"2026-04-28T21:43:41+00:00\",\"mainEntityOfPage\":{\"@id\":\"https:\/\/luchonoticias.com\/editor\/recolectadas-mas-de-60-toneladas-de-residuos-electronicos\/\"},\"wordCount\":344,\"publisher\":{\"@id\":\"https:\/\/luchonoticias.com\/editor\/#\/schema\/person\/7a7fd911f58561fd056dbac7b55af9cd\"},\"image\":{\"@id\":\"https:\/\/luchonoticias.com\/editor\/recolectadas-mas-de-60-toneladas-de-residuos-electronicos\/#primaryimage\"},\"thumbnailUrl\":\"https:\/\/luchonoticias.com\/editor\/wp-content\/uploads\/2026\/04\/OPITATON.jpg\",\"articleSection\":[\"Huila\"],\"inLanguage\":\"es\"},{\"@type\":\"WebPage\",\"@id\":\"https:\/\/luchonoticias.com\/editor\/recolectadas-mas-de-60-toneladas-de-residuos-electronicos\/\",\"url\":\"https:\/\/luchonoticias.com\/editor\/recolectadas-mas-de-60-toneladas-de-residuos-electronicos\/\",\"name\":\"Recolectadas m\u00e1s de 60 toneladas de residuos electr\u00f3nicos -\",\"isPartOf\":{\"@id\":\"https:\/\/luchonoticias.com\/editor\/#website\"},\"primaryImageOfPage\":{\"@id\":\"https:\/\/luchonoticias.com\/editor\/recolectadas-mas-de-60-toneladas-de-residuos-electronicos\/#primaryimage\"},\"image\":{\"@id\":\"https:\/\/luchonoticias.com\/editor\/recolectadas-mas-de-60-toneladas-de-residuos-electronicos\/#primaryimage\"},\"thumbnailUrl\":\"https:\/\/luchonoticias.com\/editor\/wp-content\/uploads\/2026\/04\/OPITATON.jpg\",\"datePublished\":\"2026-04-28T21:43:40+00:00\",\"dateModified\":\"2026-04-28T21:43:41+00:00\",\"breadcrumb\":{\"@id\":\"https:\/\/luchonoticias.com\/editor\/recolectadas-mas-de-60-toneladas-de-residuos-electronicos\/#breadcrumb\"},\"inLanguage\":\"es\",\"potentialAction\":[{\"@type\":\"ReadAction\",\"target\":[\"https:\/\/luchonoticias.com\/editor\/recolectadas-mas-de-60-toneladas-de-residuos-electronicos\/\"]}]},{\"@type\":\"ImageObject\",\"inLanguage\":\"es\",\"@id\":\"https:\/\/luchonoticias.com\/editor\/recolectadas-mas-de-60-toneladas-de-residuos-electronicos\/#primaryimage\",\"url\":\"https:\/\/luchonoticias.com\/editor\/wp-content\/uploads\/2026\/04\/OPITATON.jpg\",\"contentUrl\":\"https:\/\/luchonoticias.com\/editor\/wp-content\/uploads\/2026\/04\/OPITATON.jpg\",\"width\":700,\"height\":400},{\"@type\":\"BreadcrumbList\",\"@id\":\"https:\/\/luchonoticias.com\/editor\/recolectadas-mas-de-60-toneladas-de-residuos-electronicos\/#breadcrumb\",\"itemListElement\":[{\"@type\":\"ListItem\",\"position\":1,\"name\":\"Portada\",\"item\":\"https:\/\/luchonoticias.com\/editor\/\"},{\"@type\":\"ListItem\",\"position\":2,\"name\":\"Recolectadas m\u00e1s de 60 toneladas de residuos electr\u00f3nicos\"}]},{\"@type\":\"WebSite\",\"@id\":\"https:\/\/luchonoticias.com\/editor\/#website\",\"url\":\"https:\/\/luchonoticias.com\/editor\/\",\"name\":\"\",\"description\":\"\",\"publisher\":{\"@id\":\"https:\/\/luchonoticias.com\/editor\/#\/schema\/person\/7a7fd911f58561fd056dbac7b55af9cd\"},\"potentialAction\":[{\"@type\":\"SearchAction\",\"target\":{\"@type\":\"EntryPoint\",\"urlTemplate\":\"https:\/\/luchonoticias.com\/editor\/?s={search_term_string}\"},\"query-input\":{\"@type\":\"PropertyValueSpecification\",\"valueRequired\":true,\"valueName\":\"search_term_string\"}}],\"inLanguage\":\"es\"},{\"@type\":[\"Person\",\"Organization\"],\"@id\":\"https:\/\/luchonoticias.com\/editor\/#\/schema\/person\/7a7fd911f58561fd056dbac7b55af9cd\",\"name\":\"admin\",\"image\":{\"@type\":\"ImageObject\",\"inLanguage\":\"es\",\"@id\":\"https:\/\/luchonoticias.com\/editor\/#\/schema\/person\/image\/\",\"url\":\"https:\/\/luchonoticias.com\/editor\/wp-content\/uploads\/2024\/02\/cropped-cropped-logolu.webp\",\"contentUrl\":\"https:\/\/luchonoticias.com\/editor\/wp-content\/uploads\/2024\/02\/cropped-cropped-logolu.webp\",\"width\":382,\"height\":170,\"caption\":\"admin\"},\"logo\":{\"@id\":\"https:\/\/luchonoticias.com\/editor\/#\/schema\/person\/image\/\"},\"sameAs\":[\"https:\/\/www.facebook.com\/luchonoticiasneiva\"]},{\"@type\":\"Person\",\"@id\":\"https:\/\/luchonoticias.com\/editor\/#\/schema\/person\/29217990ddf6f14e35912b2866d591fb\",\"name\":\"Editor General\",\"image\":{\"@type\":\"ImageObject\",\"inLanguage\":\"es\",\"@id\":\"https:\/\/luchonoticias.com\/editor\/#\/schema\/person\/image\/\",\"url\":\"https:\/\/luchonoticias.com\/editor\/wp-content\/uploads\/2024\/02\/cropped-cropped-logolu-150x150.webp\",\"contentUrl\":\"https:\/\/luchonoticias.com\/editor\/wp-content\/uploads\/2024\/02\/cropped-cropped-logolu-150x150.webp\",\"caption\":\"Editor General\"},\"sameAs\":[\"https:\/\/luchonoticias.com\/\"],\"url\":\"https:\/\/luchonoticias.com\/editor\/author\/editor-general\/\"}]}<\/script>\n<!-- \/ Yoast SEO plugin. -->","yoast_head_json":{"title":"Recolectadas m\u00e1s de 60 toneladas de residuos electr\u00f3nicos -","robots":{"index":"index","follow":"follow","max-snippet":"max-snippet:-1","max-image-preview":"max-image-preview:large","max-video-preview":"max-video-preview:-1"},"canonical":"https:\/\/luchonoticias.com\/editor\/recolectadas-mas-de-60-toneladas-de-residuos-electronicos\/","og_locale":"es_ES","og_type":"article","og_title":"Recolectadas m\u00e1s de 60 toneladas de residuos electr\u00f3nicos -","og_url":"https:\/\/luchonoticias.com\/editor\/recolectadas-mas-de-60-toneladas-de-residuos-electronicos\/","article_publisher":"https:\/\/www.facebook.com\/luchonoticiasneiva","article_published_time":"2026-04-28T21:43:40+00:00","article_modified_time":"2026-04-28T21:43:41+00:00","og_image":[{"width":700,"height":400,"url":"https:\/\/luchonoticias.com\/editor\/wp-content\/uploads\/2026\/04\/OPITATON.jpg","type":"image\/jpeg"}],"author":"Editor General","twitter_card":"summary_large_image","twitter_misc":{"Escrito por":"Editor General","Tiempo de lectura":"3 minutos"},"schema":{"@context":"https:\/\/schema.org","@graph":[{"@type":"Article","@id":"https:\/\/luchonoticias.com\/editor\/recolectadas-mas-de-60-toneladas-de-residuos-electronicos\/#article","isPartOf":{"@id":"https:\/\/luchonoticias.com\/editor\/recolectadas-mas-de-60-toneladas-de-residuos-electronicos\/"},"author":{"name":"Editor General","@id":"https:\/\/luchonoticias.com\/editor\/#\/schema\/person\/29217990ddf6f14e35912b2866d591fb"},"headline":"Recolectadas m\u00e1s de 60 toneladas de residuos electr\u00f3nicos","datePublished":"2026-04-28T21:43:40+00:00","dateModified":"2026-04-28T21:43:41+00:00","mainEntityOfPage":{"@id":"https:\/\/luchonoticias.com\/editor\/recolectadas-mas-de-60-toneladas-de-residuos-electronicos\/"},"wordCount":344,"publisher":{"@id":"https:\/\/luchonoticias.com\/editor\/#\/schema\/person\/7a7fd911f58561fd056dbac7b55af9cd"},"image":{"@id":"https:\/\/luchonoticias.com\/editor\/recolectadas-mas-de-60-toneladas-de-residuos-electronicos\/#primaryimage"},"thumbnailUrl":"https:\/\/luchonoticias.com\/editor\/wp-content\/uploads\/2026\/04\/OPITATON.jpg","articleSection":["Huila"],"inLanguage":"es"},{"@type":"WebPage","@id":"https:\/\/luchonoticias.com\/editor\/recolectadas-mas-de-60-toneladas-de-residuos-electronicos\/","url":"https:\/\/luchonoticias.com\/editor\/recolectadas-mas-de-60-toneladas-de-residuos-electronicos\/","name":"Recolectadas m\u00e1s de 60 toneladas de residuos electr\u00f3nicos -","isPartOf":{"@id":"https:\/\/luchonoticias.com\/editor\/#website"},"primaryImageOfPage":{"@id":"https:\/\/luchonoticias.com\/editor\/recolectadas-mas-de-60-toneladas-de-residuos-electronicos\/#primaryimage"},"image":{"@id":"https:\/\/luchonoticias.com\/editor\/recolectadas-mas-de-60-toneladas-de-residuos-electronicos\/#primaryimage"},"thumbnailUrl":"https:\/\/luchonoticias.com\/editor\/wp-content\/uploads\/2026\/04\/OPITATON.jpg","datePublished":"2026-04-28T21:43:40+00:00","dateModified":"2026-04-28T21:43:41+00:00","breadcrumb":{"@id":"https:\/\/luchonoticias.com\/editor\/recolectadas-mas-de-60-toneladas-de-residuos-electronicos\/#breadcrumb"},"inLanguage":"es","potentialAction":[{"@type":"ReadAction","target":["https:\/\/luchonoticias.com\/editor\/recolectadas-mas-de-60-toneladas-de-residuos-electronicos\/"]}]},{"@type":"ImageObject","inLanguage":"es","@id":"https:\/\/luchonoticias.com\/editor\/recolectadas-mas-de-60-toneladas-de-residuos-electronicos\/#primaryimage","url":"https:\/\/luchonoticias.com\/editor\/wp-content\/uploads\/2026\/04\/OPITATON.jpg","contentUrl":"https:\/\/luchonoticias.com\/editor\/wp-content\/uploads\/2026\/04\/OPITATON.jpg","width":700,"height":400},{"@type":"BreadcrumbList","@id":"https:\/\/luchonoticias.com\/editor\/recolectadas-mas-de-60-toneladas-de-residuos-electronicos\/#breadcrumb","itemListElement":[{"@type":"ListItem","position":1,"name":"Portada","item":"https:\/\/luchonoticias.com\/editor\/"},{"@type":"ListItem","position":2,"name":"Recolectadas m\u00e1s de 60 toneladas de residuos electr\u00f3nicos"}]},{"@type":"WebSite","@id":"https:\/\/luchonoticias.com\/editor\/#website","url":"https:\/\/luchonoticias.com\/editor\/","name":"","description":"","publisher":{"@id":"https:\/\/luchonoticias.com\/editor\/#\/schema\/person\/7a7fd911f58561fd056dbac7b55af9cd"},"potentialAction":[{"@type":"SearchAction","target":{"@type":"EntryPoint","urlTemplate":"https:\/\/luchonoticias.com\/editor\/?s={search_term_string}"},"query-input":{"@type":"PropertyValueSpecification","valueRequired":true,"valueName":"search_term_string"}}],"inLanguage":"es"},{"@type":["Person","Organization"],"@id":"https:\/\/luchonoticias.com\/editor\/#\/schema\/person\/7a7fd911f58561fd056dbac7b55af9cd","name":"admin","image":{"@type":"ImageObject","inLanguage":"es","@id":"https:\/\/luchonoticias.com\/editor\/#\/schema\/person\/image\/","url":"https:\/\/luchonoticias.com\/editor\/wp-content\/uploads\/2024\/02\/cropped-cropped-logolu.webp","contentUrl":"https:\/\/luchonoticias.com\/editor\/wp-content\/uploads\/2024\/02\/cropped-cropped-logolu.webp","width":382,"height":170,"caption":"admin"},"logo":{"@id":"https:\/\/luchonoticias.com\/editor\/#\/schema\/person\/image\/"},"sameAs":["https:\/\/www.facebook.com\/luchonoticiasneiva"]},{"@type":"Person","@id":"https:\/\/luchonoticias.com\/editor\/#\/schema\/person\/29217990ddf6f14e35912b2866d591fb","name":"Editor General","image":{"@type":"ImageObject","inLanguage":"es","@id":"https:\/\/luchonoticias.com\/editor\/#\/schema\/person\/image\/","url":"https:\/\/luchonoticias.com\/editor\/wp-content\/uploads\/2024\/02\/cropped-cropped-logolu-150x150.webp","contentUrl":"https:\/\/luchonoticias.com\/editor\/wp-content\/uploads\/2024\/02\/cropped-cropped-logolu-150x150.webp","caption":"Editor General"},"sameAs":["https:\/\/luchonoticias.com\/"],"url":"https:\/\/luchonoticias.com\/editor\/author\/editor-general\/"}]}},"_links":{"self":[{"href":"https:\/\/luchonoticias.com\/editor\/wp-json\/wp\/v2\/posts\/97408","targetHints":{"allow":["GET"]}}],"collection":[{"href":"https:\/\/luchonoticias.com\/editor\/wp-json\/wp\/v2\/posts"}],"about":[{"href":"https:\/\/luchonoticias.com\/editor\/wp-json\/wp\/v2\/types\/post"}],"author":[{"embeddable":true,"href":"https:\/\/luchonoticias.com\/editor\/wp-json\/wp\/v2\/users\/2"}],"replies":[{"embeddable":true,"href":"https:\/\/luchonoticias.com\/editor\/wp-json\/wp\/v2\/comments?post=97408"}],"version-history":[{"count":1,"href":"https:\/\/luchonoticias.com\/editor\/wp-json\/wp\/v2\/posts\/97408\/revisions"}],"predecessor-version":[{"id":97412,"href":"https:\/\/luchonoticias.com\/editor\/wp-json\/wp\/v2\/posts\/97408\/revisions\/97412"}],"wp:featuredmedia":[{"embeddable":true,"href":"https:\/\/luchonoticias.com\/editor\/wp-json\/wp\/v2\/media\/97409"}],"wp:attachment":[{"href":"https:\/\/luchonoticias.com\/editor\/wp-json\/wp\/v2\/media?parent=97408"}],"wp:term":[{"taxonomy":"category","embeddable":true,"href":"https:\/\/luchonoticias.com\/editor\/wp-json\/wp\/v2\/categories?post=97408"},{"taxonomy":"post_tag","embeddable":true,"href":"https:\/\/luchonoticias.com\/editor\/wp-json\/wp\/v2\/tags?post=97408"}],"curies":[{"name":"wp","href":"https:\/\/api.w.org\/{rel}","templated":true}]}}