{"id":97413,"date":"2026-04-28T19:02:36","date_gmt":"2026-04-29T00:02:36","guid":{"rendered":"https:\/\/luchonoticias.com\/editor\/?p=97413"},"modified":"2026-04-28T19:02:37","modified_gmt":"2026-04-29T00:02:37","slug":"nueva-puya-de-ivan-cepeda-a-alvaro-uribe","status":"publish","type":"post","link":"https:\/\/luchonoticias.com\/editor\/nueva-puya-de-ivan-cepeda-a-alvaro-uribe\/","title":{"rendered":"Nueva puya de Iv\u00e1n Cepeda a \u00c1lvaro Uribe"},"content":{"rendered":"\n<p>El senador y candidato presidencial Iv\u00e1n Cepeda se pronunci\u00f3 tras el incremento en la cifra de ejecuciones extrajudiciales, conocidas como \u201cfalsos positivos\u201d, que pas\u00f3 de 6.402 a 7.837 v\u00edctimas, seg\u00fan datos recientes de la Jurisdicci\u00f3n Especial para la Paz (JEP).<\/p>\n\n\n\n<p>\u201cEl aumento es una cifra monstruosa que debe sacudir la memoria y la conciencia de Colombia\u201d, afirm\u00f3 Cepeda, quien tambi\u00e9n cuestion\u00f3 el papel del expresidente \u00c1lvaro Uribe V\u00e9lez frente a estos hechos.<\/p>\n\n\n\n<p>El congresista asegur\u00f3 que el exmandatario deber\u00eda responder ante la justicia por estos cr\u00edmenes. \u201cAntes que aspirar a cualquier cargo p\u00fablico, debe dar explicaciones por los miles de falsos positivos que se perpetraron durante sus gobiernos\u201d, se\u00f1al\u00f3.<\/p>\n\n\n\n<p>Cepeda, quien se ha declarado v\u00edctima de la violencia de Estado, hizo estas afirmaciones en medio del debate pol\u00edtico sobre eventuales aspiraciones o designaciones en el escenario electoral.<\/p>\n\n\n\n<p>Por su parte, el presidente de la JEP, el magistrado Alejandro Ramelli, explic\u00f3 que el aumento en la cifra responde a la ampliaci\u00f3n del periodo de an\u00e1lisis dentro del Caso 03, que investiga estos hechos como cr\u00edmenes de guerra y de lesa humanidad.<\/p>\n","protected":false},"excerpt":{"rendered":"<p>El senador y candidato presidencial Iv\u00e1n Cepeda se pronunci\u00f3 tras el incremento en la cifra de ejecuciones extrajudiciales, conocidas como \u201cfalsos positivos\u201d, que pas\u00f3 de 6.402 a 7.837 v\u00edctimas, seg\u00fan datos recientes de la Jurisdicci\u00f3n Especial para la Paz (JEP). \u201cEl aumento es una cifra monstruosa que debe sacudir la memoria y la conciencia de [&hellip;]<\/p>\n","protected":false},"author":2,"featured_media":97414,"comment_status":"closed","ping_status":"open","sticky":false,"template":"","format":"standard","meta":{"footnotes":""},"categories":[1],"tags":[],"class_list":["post-97413","post","type-post","status-publish","format-standard","has-post-thumbnail","hentry","category-columnistas"],"yoast_head":"<!-- This site is optimized with the Yoast SEO plugin v26.6 - https:\/\/yoast.com\/wordpress\/plugins\/seo\/ -->\n<title>Nueva puya de Iv\u00e1n Cepeda a \u00c1lvaro Uribe -<\/title>\n<meta name=\"robots\" content=\"index, follow, max-snippet:-1, max-image-preview:large, max-video-preview:-1\" \/>\n<link rel=\"canonical\" href=\"https:\/\/luchonoticias.com\/editor\/nueva-puya-de-ivan-cepeda-a-alvaro-uribe\/\" \/>\n<meta property=\"og:locale\" content=\"es_ES\" \/>\n<meta property=\"og:type\" content=\"article\" \/>\n<meta property=\"og:title\" content=\"Nueva puya de Iv\u00e1n Cepeda a \u00c1lvaro Uribe -\" \/>\n<meta property=\"og:url\" content=\"https:\/\/luchonoticias.com\/editor\/nueva-puya-de-ivan-cepeda-a-alvaro-uribe\/\" \/>\n<meta property=\"article:publisher\" content=\"https:\/\/www.facebook.com\/luchonoticiasneiva\" \/>\n<meta property=\"article:published_time\" content=\"2026-04-29T00:02:36+00:00\" \/>\n<meta property=\"article:modified_time\" content=\"2026-04-29T00:02:37+00:00\" \/>\n<meta property=\"og:image\" content=\"https:\/\/luchonoticias.com\/editor\/wp-content\/uploads\/2026\/04\/IVAN-CEPEDA-1.jpg\" \/>\n\t<meta property=\"og:image:width\" content=\"700\" \/>\n\t<meta property=\"og:image:height\" content=\"400\" \/>\n\t<meta property=\"og:image:type\" content=\"image\/jpeg\" \/>\n<meta name=\"author\" content=\"Editor General\" \/>\n<meta name=\"twitter:card\" content=\"summary_large_image\" \/>\n<meta name=\"twitter:label1\" content=\"Escrito por\" \/>\n\t<meta name=\"twitter:data1\" content=\"Editor General\" \/>\n\t<meta name=\"twitter:label2\" content=\"Tiempo de lectura\" \/>\n\t<meta name=\"twitter:data2\" content=\"2 minutos\" \/>\n<script type=\"application\/ld+json\" class=\"yoast-schema-graph\">{\"@context\":\"https:\/\/schema.org\",\"@graph\":[{\"@type\":\"Article\",\"@id\":\"https:\/\/luchonoticias.com\/editor\/nueva-puya-de-ivan-cepeda-a-alvaro-uribe\/#article\",\"isPartOf\":{\"@id\":\"https:\/\/luchonoticias.com\/editor\/nueva-puya-de-ivan-cepeda-a-alvaro-uribe\/\"},\"author\":{\"name\":\"Editor General\",\"@id\":\"https:\/\/luchonoticias.com\/editor\/#\/schema\/person\/29217990ddf6f14e35912b2866d591fb\"},\"headline\":\"Nueva puya de Iv\u00e1n Cepeda a \u00c1lvaro Uribe\",\"datePublished\":\"2026-04-29T00:02:36+00:00\",\"dateModified\":\"2026-04-29T00:02:37+00:00\",\"mainEntityOfPage\":{\"@id\":\"https:\/\/luchonoticias.com\/editor\/nueva-puya-de-ivan-cepeda-a-alvaro-uribe\/\"},\"wordCount\":201,\"publisher\":{\"@id\":\"https:\/\/luchonoticias.com\/editor\/#\/schema\/person\/7a7fd911f58561fd056dbac7b55af9cd\"},\"image\":{\"@id\":\"https:\/\/luchonoticias.com\/editor\/nueva-puya-de-ivan-cepeda-a-alvaro-uribe\/#primaryimage\"},\"thumbnailUrl\":\"https:\/\/luchonoticias.com\/editor\/wp-content\/uploads\/2026\/04\/IVAN-CEPEDA-1.jpg\",\"articleSection\":[\"Columnistas\"],\"inLanguage\":\"es\"},{\"@type\":\"WebPage\",\"@id\":\"https:\/\/luchonoticias.com\/editor\/nueva-puya-de-ivan-cepeda-a-alvaro-uribe\/\",\"url\":\"https:\/\/luchonoticias.com\/editor\/nueva-puya-de-ivan-cepeda-a-alvaro-uribe\/\",\"name\":\"Nueva puya de Iv\u00e1n Cepeda a \u00c1lvaro Uribe -\",\"isPartOf\":{\"@id\":\"https:\/\/luchonoticias.com\/editor\/#website\"},\"primaryImageOfPage\":{\"@id\":\"https:\/\/luchonoticias.com\/editor\/nueva-puya-de-ivan-cepeda-a-alvaro-uribe\/#primaryimage\"},\"image\":{\"@id\":\"https:\/\/luchonoticias.com\/editor\/nueva-puya-de-ivan-cepeda-a-alvaro-uribe\/#primaryimage\"},\"thumbnailUrl\":\"https:\/\/luchonoticias.com\/editor\/wp-content\/uploads\/2026\/04\/IVAN-CEPEDA-1.jpg\",\"datePublished\":\"2026-04-29T00:02:36+00:00\",\"dateModified\":\"2026-04-29T00:02:37+00:00\",\"breadcrumb\":{\"@id\":\"https:\/\/luchonoticias.com\/editor\/nueva-puya-de-ivan-cepeda-a-alvaro-uribe\/#breadcrumb\"},\"inLanguage\":\"es\",\"potentialAction\":[{\"@type\":\"ReadAction\",\"target\":[\"https:\/\/luchonoticias.com\/editor\/nueva-puya-de-ivan-cepeda-a-alvaro-uribe\/\"]}]},{\"@type\":\"ImageObject\",\"inLanguage\":\"es\",\"@id\":\"https:\/\/luchonoticias.com\/editor\/nueva-puya-de-ivan-cepeda-a-alvaro-uribe\/#primaryimage\",\"url\":\"https:\/\/luchonoticias.com\/editor\/wp-content\/uploads\/2026\/04\/IVAN-CEPEDA-1.jpg\",\"contentUrl\":\"https:\/\/luchonoticias.com\/editor\/wp-content\/uploads\/2026\/04\/IVAN-CEPEDA-1.jpg\",\"width\":700,\"height\":400},{\"@type\":\"BreadcrumbList\",\"@id\":\"https:\/\/luchonoticias.com\/editor\/nueva-puya-de-ivan-cepeda-a-alvaro-uribe\/#breadcrumb\",\"itemListElement\":[{\"@type\":\"ListItem\",\"position\":1,\"name\":\"Portada\",\"item\":\"https:\/\/luchonoticias.com\/editor\/\"},{\"@type\":\"ListItem\",\"position\":2,\"name\":\"Nueva puya de Iv\u00e1n Cepeda a \u00c1lvaro Uribe\"}]},{\"@type\":\"WebSite\",\"@id\":\"https:\/\/luchonoticias.com\/editor\/#website\",\"url\":\"https:\/\/luchonoticias.com\/editor\/\",\"name\":\"\",\"description\":\"\",\"publisher\":{\"@id\":\"https:\/\/luchonoticias.com\/editor\/#\/schema\/person\/7a7fd911f58561fd056dbac7b55af9cd\"},\"potentialAction\":[{\"@type\":\"SearchAction\",\"target\":{\"@type\":\"EntryPoint\",\"urlTemplate\":\"https:\/\/luchonoticias.com\/editor\/?s={search_term_string}\"},\"query-input\":{\"@type\":\"PropertyValueSpecification\",\"valueRequired\":true,\"valueName\":\"search_term_string\"}}],\"inLanguage\":\"es\"},{\"@type\":[\"Person\",\"Organization\"],\"@id\":\"https:\/\/luchonoticias.com\/editor\/#\/schema\/person\/7a7fd911f58561fd056dbac7b55af9cd\",\"name\":\"admin\",\"image\":{\"@type\":\"ImageObject\",\"inLanguage\":\"es\",\"@id\":\"https:\/\/luchonoticias.com\/editor\/#\/schema\/person\/image\/\",\"url\":\"https:\/\/luchonoticias.com\/editor\/wp-content\/uploads\/2024\/02\/cropped-cropped-logolu.webp\",\"contentUrl\":\"https:\/\/luchonoticias.com\/editor\/wp-content\/uploads\/2024\/02\/cropped-cropped-logolu.webp\",\"width\":382,\"height\":170,\"caption\":\"admin\"},\"logo\":{\"@id\":\"https:\/\/luchonoticias.com\/editor\/#\/schema\/person\/image\/\"},\"sameAs\":[\"https:\/\/www.facebook.com\/luchonoticiasneiva\"]},{\"@type\":\"Person\",\"@id\":\"https:\/\/luchonoticias.com\/editor\/#\/schema\/person\/29217990ddf6f14e35912b2866d591fb\",\"name\":\"Editor General\",\"image\":{\"@type\":\"ImageObject\",\"inLanguage\":\"es\",\"@id\":\"https:\/\/luchonoticias.com\/editor\/#\/schema\/person\/image\/\",\"url\":\"https:\/\/luchonoticias.com\/editor\/wp-content\/uploads\/2024\/02\/cropped-cropped-logolu-150x150.webp\",\"contentUrl\":\"https:\/\/luchonoticias.com\/editor\/wp-content\/uploads\/2024\/02\/cropped-cropped-logolu-150x150.webp\",\"caption\":\"Editor General\"},\"sameAs\":[\"https:\/\/luchonoticias.com\/\"],\"url\":\"https:\/\/luchonoticias.com\/editor\/author\/editor-general\/\"}]}<\/script>\n<!-- \/ Yoast SEO plugin. -->","yoast_head_json":{"title":"Nueva puya de Iv\u00e1n Cepeda a \u00c1lvaro Uribe -","robots":{"index":"index","follow":"follow","max-snippet":"max-snippet:-1","max-image-preview":"max-image-preview:large","max-video-preview":"max-video-preview:-1"},"canonical":"https:\/\/luchonoticias.com\/editor\/nueva-puya-de-ivan-cepeda-a-alvaro-uribe\/","og_locale":"es_ES","og_type":"article","og_title":"Nueva puya de Iv\u00e1n Cepeda a \u00c1lvaro Uribe -","og_url":"https:\/\/luchonoticias.com\/editor\/nueva-puya-de-ivan-cepeda-a-alvaro-uribe\/","article_publisher":"https:\/\/www.facebook.com\/luchonoticiasneiva","article_published_time":"2026-04-29T00:02:36+00:00","article_modified_time":"2026-04-29T00:02:37+00:00","og_image":[{"width":700,"height":400,"url":"https:\/\/luchonoticias.com\/editor\/wp-content\/uploads\/2026\/04\/IVAN-CEPEDA-1.jpg","type":"image\/jpeg"}],"author":"Editor General","twitter_card":"summary_large_image","twitter_misc":{"Escrito por":"Editor General","Tiempo de lectura":"2 minutos"},"schema":{"@context":"https:\/\/schema.org","@graph":[{"@type":"Article","@id":"https:\/\/luchonoticias.com\/editor\/nueva-puya-de-ivan-cepeda-a-alvaro-uribe\/#article","isPartOf":{"@id":"https:\/\/luchonoticias.com\/editor\/nueva-puya-de-ivan-cepeda-a-alvaro-uribe\/"},"author":{"name":"Editor General","@id":"https:\/\/luchonoticias.com\/editor\/#\/schema\/person\/29217990ddf6f14e35912b2866d591fb"},"headline":"Nueva puya de Iv\u00e1n Cepeda a \u00c1lvaro Uribe","datePublished":"2026-04-29T00:02:36+00:00","dateModified":"2026-04-29T00:02:37+00:00","mainEntityOfPage":{"@id":"https:\/\/luchonoticias.com\/editor\/nueva-puya-de-ivan-cepeda-a-alvaro-uribe\/"},"wordCount":201,"publisher":{"@id":"https:\/\/luchonoticias.com\/editor\/#\/schema\/person\/7a7fd911f58561fd056dbac7b55af9cd"},"image":{"@id":"https:\/\/luchonoticias.com\/editor\/nueva-puya-de-ivan-cepeda-a-alvaro-uribe\/#primaryimage"},"thumbnailUrl":"https:\/\/luchonoticias.com\/editor\/wp-content\/uploads\/2026\/04\/IVAN-CEPEDA-1.jpg","articleSection":["Columnistas"],"inLanguage":"es"},{"@type":"WebPage","@id":"https:\/\/luchonoticias.com\/editor\/nueva-puya-de-ivan-cepeda-a-alvaro-uribe\/","url":"https:\/\/luchonoticias.com\/editor\/nueva-puya-de-ivan-cepeda-a-alvaro-uribe\/","name":"Nueva puya de Iv\u00e1n Cepeda a \u00c1lvaro Uribe -","isPartOf":{"@id":"https:\/\/luchonoticias.com\/editor\/#website"},"primaryImageOfPage":{"@id":"https:\/\/luchonoticias.com\/editor\/nueva-puya-de-ivan-cepeda-a-alvaro-uribe\/#primaryimage"},"image":{"@id":"https:\/\/luchonoticias.com\/editor\/nueva-puya-de-ivan-cepeda-a-alvaro-uribe\/#primaryimage"},"thumbnailUrl":"https:\/\/luchonoticias.com\/editor\/wp-content\/uploads\/2026\/04\/IVAN-CEPEDA-1.jpg","datePublished":"2026-04-29T00:02:36+00:00","dateModified":"2026-04-29T00:02:37+00:00","breadcrumb":{"@id":"https:\/\/luchonoticias.com\/editor\/nueva-puya-de-ivan-cepeda-a-alvaro-uribe\/#breadcrumb"},"inLanguage":"es","potentialAction":[{"@type":"ReadAction","target":["https:\/\/luchonoticias.com\/editor\/nueva-puya-de-ivan-cepeda-a-alvaro-uribe\/"]}]},{"@type":"ImageObject","inLanguage":"es","@id":"https:\/\/luchonoticias.com\/editor\/nueva-puya-de-ivan-cepeda-a-alvaro-uribe\/#primaryimage","url":"https:\/\/luchonoticias.com\/editor\/wp-content\/uploads\/2026\/04\/IVAN-CEPEDA-1.jpg","contentUrl":"https:\/\/luchonoticias.com\/editor\/wp-content\/uploads\/2026\/04\/IVAN-CEPEDA-1.jpg","width":700,"height":400},{"@type":"BreadcrumbList","@id":"https:\/\/luchonoticias.com\/editor\/nueva-puya-de-ivan-cepeda-a-alvaro-uribe\/#breadcrumb","itemListElement":[{"@type":"ListItem","position":1,"name":"Portada","item":"https:\/\/luchonoticias.com\/editor\/"},{"@type":"ListItem","position":2,"name":"Nueva puya de Iv\u00e1n Cepeda a \u00c1lvaro Uribe"}]},{"@type":"WebSite","@id":"https:\/\/luchonoticias.com\/editor\/#website","url":"https:\/\/luchonoticias.com\/editor\/","name":"","description":"","publisher":{"@id":"https:\/\/luchonoticias.com\/editor\/#\/schema\/person\/7a7fd911f58561fd056dbac7b55af9cd"},"potentialAction":[{"@type":"SearchAction","target":{"@type":"EntryPoint","urlTemplate":"https:\/\/luchonoticias.com\/editor\/?s={search_term_string}"},"query-input":{"@type":"PropertyValueSpecification","valueRequired":true,"valueName":"search_term_string"}}],"inLanguage":"es"},{"@type":["Person","Organization"],"@id":"https:\/\/luchonoticias.com\/editor\/#\/schema\/person\/7a7fd911f58561fd056dbac7b55af9cd","name":"admin","image":{"@type":"ImageObject","inLanguage":"es","@id":"https:\/\/luchonoticias.com\/editor\/#\/schema\/person\/image\/","url":"https:\/\/luchonoticias.com\/editor\/wp-content\/uploads\/2024\/02\/cropped-cropped-logolu.webp","contentUrl":"https:\/\/luchonoticias.com\/editor\/wp-content\/uploads\/2024\/02\/cropped-cropped-logolu.webp","width":382,"height":170,"caption":"admin"},"logo":{"@id":"https:\/\/luchonoticias.com\/editor\/#\/schema\/person\/image\/"},"sameAs":["https:\/\/www.facebook.com\/luchonoticiasneiva"]},{"@type":"Person","@id":"https:\/\/luchonoticias.com\/editor\/#\/schema\/person\/29217990ddf6f14e35912b2866d591fb","name":"Editor General","image":{"@type":"ImageObject","inLanguage":"es","@id":"https:\/\/luchonoticias.com\/editor\/#\/schema\/person\/image\/","url":"https:\/\/luchonoticias.com\/editor\/wp-content\/uploads\/2024\/02\/cropped-cropped-logolu-150x150.webp","contentUrl":"https:\/\/luchonoticias.com\/editor\/wp-content\/uploads\/2024\/02\/cropped-cropped-logolu-150x150.webp","caption":"Editor General"},"sameAs":["https:\/\/luchonoticias.com\/"],"url":"https:\/\/luchonoticias.com\/editor\/author\/editor-general\/"}]}},"_links":{"self":[{"href":"https:\/\/luchonoticias.com\/editor\/wp-json\/wp\/v2\/posts\/97413","targetHints":{"allow":["GET"]}}],"collection":[{"href":"https:\/\/luchonoticias.com\/editor\/wp-json\/wp\/v2\/posts"}],"about":[{"href":"https:\/\/luchonoticias.com\/editor\/wp-json\/wp\/v2\/types\/post"}],"author":[{"embeddable":true,"href":"https:\/\/luchonoticias.com\/editor\/wp-json\/wp\/v2\/users\/2"}],"replies":[{"embeddable":true,"href":"https:\/\/luchonoticias.com\/editor\/wp-json\/wp\/v2\/comments?post=97413"}],"version-history":[{"count":1,"href":"https:\/\/luchonoticias.com\/editor\/wp-json\/wp\/v2\/posts\/97413\/revisions"}],"predecessor-version":[{"id":97415,"href":"https:\/\/luchonoticias.com\/editor\/wp-json\/wp\/v2\/posts\/97413\/revisions\/97415"}],"wp:featuredmedia":[{"embeddable":true,"href":"https:\/\/luchonoticias.com\/editor\/wp-json\/wp\/v2\/media\/97414"}],"wp:attachment":[{"href":"https:\/\/luchonoticias.com\/editor\/wp-json\/wp\/v2\/media?parent=97413"}],"wp:term":[{"taxonomy":"category","embeddable":true,"href":"https:\/\/luchonoticias.com\/editor\/wp-json\/wp\/v2\/categories?post=97413"},{"taxonomy":"post_tag","embeddable":true,"href":"https:\/\/luchonoticias.com\/editor\/wp-json\/wp\/v2\/tags?post=97413"}],"curies":[{"name":"wp","href":"https:\/\/api.w.org\/{rel}","templated":true}]}}