{"id":97419,"date":"2026-04-29T04:25:16","date_gmt":"2026-04-29T09:25:16","guid":{"rendered":"https:\/\/luchonoticias.com\/editor\/?p=97419"},"modified":"2026-04-29T04:25:17","modified_gmt":"2026-04-29T09:25:17","slug":"paloma-valencia-recibira-respaldo-del-partido-liberal","status":"publish","type":"post","link":"https:\/\/luchonoticias.com\/editor\/paloma-valencia-recibira-respaldo-del-partido-liberal\/","title":{"rendered":"Paloma Valencia recibir\u00e1 respaldo del Partido Liberal"},"content":{"rendered":"\n<p>Tras varias horas de reuni\u00f3n entre las bancadas de Senado y C\u00e1mara del Partido Liberal, realizadas en la casa del expresidente C\u00e9sar Gaviria, la colectividad decidi\u00f3 respaldar la candidatura de la senadora Paloma Valencia.<\/p>\n\n\n\n<p>La determinaci\u00f3n, adoptada mediante votaci\u00f3n interna, deja sin margen a algunos sectores del partido para apoyar otras campa\u00f1as, como la de Iv\u00e1n Cepeda. Entre ellos estar\u00edan congresistas cercanos al petrismo, como el grupo conocido como \u201cLiberales Sin Piedad\u201d y el representante H\u00e9ctor Chaparro.<\/p>\n\n\n\n<p>El secretario general del Partido Liberal, Jaime Jaramillo, destac\u00f3 la importancia de la decisi\u00f3n y asegur\u00f3 que la colectividad trabajar\u00e1 de forma decidida por esta aspiraci\u00f3n. Seg\u00fan se\u00f1al\u00f3, se trata de una de las fuerzas pol\u00edticas con mayor presencia en el pa\u00eds.<\/p>\n\n\n\n<p>Con este respaldo, Valencia suma el apoyo de los principales partidos tradicionales, pues ya contaba con el acompa\u00f1amiento del Partido Conservador y el Partido de la U, consolidando as\u00ed una amplia alianza pol\u00edtica en torno a su candidatura.<\/p>\n","protected":false},"excerpt":{"rendered":"<p>Tras varias horas de reuni\u00f3n entre las bancadas de Senado y C\u00e1mara del Partido Liberal, realizadas en la casa del expresidente C\u00e9sar Gaviria, la colectividad decidi\u00f3 respaldar la candidatura de la senadora Paloma Valencia. La determinaci\u00f3n, adoptada mediante votaci\u00f3n interna, deja sin margen a algunos sectores del partido para apoyar otras campa\u00f1as, como la de [&hellip;]<\/p>\n","protected":false},"author":2,"featured_media":97372,"comment_status":"closed","ping_status":"open","sticky":false,"template":"","format":"standard","meta":{"footnotes":""},"categories":[28,32],"tags":[],"class_list":["post-97419","post","type-post","status-publish","format-standard","has-post-thumbnail","hentry","category-actualidad","category-nacional"],"yoast_head":"<!-- This site is optimized with the Yoast SEO plugin v26.6 - https:\/\/yoast.com\/wordpress\/plugins\/seo\/ -->\n<title>Paloma Valencia recibir\u00e1 respaldo del Partido Liberal -<\/title>\n<meta name=\"robots\" content=\"index, follow, max-snippet:-1, max-image-preview:large, max-video-preview:-1\" \/>\n<link rel=\"canonical\" href=\"https:\/\/luchonoticias.com\/editor\/paloma-valencia-recibira-respaldo-del-partido-liberal\/\" \/>\n<meta property=\"og:locale\" content=\"es_ES\" \/>\n<meta property=\"og:type\" content=\"article\" \/>\n<meta property=\"og:title\" content=\"Paloma Valencia recibir\u00e1 respaldo del Partido Liberal -\" \/>\n<meta property=\"og:url\" content=\"https:\/\/luchonoticias.com\/editor\/paloma-valencia-recibira-respaldo-del-partido-liberal\/\" \/>\n<meta property=\"article:publisher\" content=\"https:\/\/www.facebook.com\/luchonoticiasneiva\" \/>\n<meta property=\"article:published_time\" content=\"2026-04-29T09:25:16+00:00\" \/>\n<meta property=\"article:modified_time\" content=\"2026-04-29T09:25:17+00:00\" \/>\n<meta property=\"og:image\" content=\"https:\/\/luchonoticias.com\/editor\/wp-content\/uploads\/2026\/04\/paloma-valencia.jpg\" \/>\n\t<meta property=\"og:image:width\" content=\"700\" \/>\n\t<meta property=\"og:image:height\" content=\"400\" \/>\n\t<meta property=\"og:image:type\" content=\"image\/jpeg\" \/>\n<meta name=\"author\" content=\"Editor General\" \/>\n<meta name=\"twitter:card\" content=\"summary_large_image\" \/>\n<meta name=\"twitter:label1\" content=\"Escrito por\" \/>\n\t<meta name=\"twitter:data1\" content=\"Editor General\" \/>\n\t<meta name=\"twitter:label2\" content=\"Tiempo de lectura\" \/>\n\t<meta name=\"twitter:data2\" content=\"1 minuto\" \/>\n<script type=\"application\/ld+json\" class=\"yoast-schema-graph\">{\"@context\":\"https:\/\/schema.org\",\"@graph\":[{\"@type\":\"Article\",\"@id\":\"https:\/\/luchonoticias.com\/editor\/paloma-valencia-recibira-respaldo-del-partido-liberal\/#article\",\"isPartOf\":{\"@id\":\"https:\/\/luchonoticias.com\/editor\/paloma-valencia-recibira-respaldo-del-partido-liberal\/\"},\"author\":{\"name\":\"Editor General\",\"@id\":\"https:\/\/luchonoticias.com\/editor\/#\/schema\/person\/29217990ddf6f14e35912b2866d591fb\"},\"headline\":\"Paloma Valencia recibir\u00e1 respaldo del Partido Liberal\",\"datePublished\":\"2026-04-29T09:25:16+00:00\",\"dateModified\":\"2026-04-29T09:25:17+00:00\",\"mainEntityOfPage\":{\"@id\":\"https:\/\/luchonoticias.com\/editor\/paloma-valencia-recibira-respaldo-del-partido-liberal\/\"},\"wordCount\":181,\"publisher\":{\"@id\":\"https:\/\/luchonoticias.com\/editor\/#\/schema\/person\/7a7fd911f58561fd056dbac7b55af9cd\"},\"image\":{\"@id\":\"https:\/\/luchonoticias.com\/editor\/paloma-valencia-recibira-respaldo-del-partido-liberal\/#primaryimage\"},\"thumbnailUrl\":\"https:\/\/luchonoticias.com\/editor\/wp-content\/uploads\/2026\/04\/paloma-valencia.jpg\",\"articleSection\":[\"Actualidad\",\"Nacional\"],\"inLanguage\":\"es\"},{\"@type\":\"WebPage\",\"@id\":\"https:\/\/luchonoticias.com\/editor\/paloma-valencia-recibira-respaldo-del-partido-liberal\/\",\"url\":\"https:\/\/luchonoticias.com\/editor\/paloma-valencia-recibira-respaldo-del-partido-liberal\/\",\"name\":\"Paloma Valencia recibir\u00e1 respaldo del Partido Liberal -\",\"isPartOf\":{\"@id\":\"https:\/\/luchonoticias.com\/editor\/#website\"},\"primaryImageOfPage\":{\"@id\":\"https:\/\/luchonoticias.com\/editor\/paloma-valencia-recibira-respaldo-del-partido-liberal\/#primaryimage\"},\"image\":{\"@id\":\"https:\/\/luchonoticias.com\/editor\/paloma-valencia-recibira-respaldo-del-partido-liberal\/#primaryimage\"},\"thumbnailUrl\":\"https:\/\/luchonoticias.com\/editor\/wp-content\/uploads\/2026\/04\/paloma-valencia.jpg\",\"datePublished\":\"2026-04-29T09:25:16+00:00\",\"dateModified\":\"2026-04-29T09:25:17+00:00\",\"breadcrumb\":{\"@id\":\"https:\/\/luchonoticias.com\/editor\/paloma-valencia-recibira-respaldo-del-partido-liberal\/#breadcrumb\"},\"inLanguage\":\"es\",\"potentialAction\":[{\"@type\":\"ReadAction\",\"target\":[\"https:\/\/luchonoticias.com\/editor\/paloma-valencia-recibira-respaldo-del-partido-liberal\/\"]}]},{\"@type\":\"ImageObject\",\"inLanguage\":\"es\",\"@id\":\"https:\/\/luchonoticias.com\/editor\/paloma-valencia-recibira-respaldo-del-partido-liberal\/#primaryimage\",\"url\":\"https:\/\/luchonoticias.com\/editor\/wp-content\/uploads\/2026\/04\/paloma-valencia.jpg\",\"contentUrl\":\"https:\/\/luchonoticias.com\/editor\/wp-content\/uploads\/2026\/04\/paloma-valencia.jpg\",\"width\":700,\"height\":400},{\"@type\":\"BreadcrumbList\",\"@id\":\"https:\/\/luchonoticias.com\/editor\/paloma-valencia-recibira-respaldo-del-partido-liberal\/#breadcrumb\",\"itemListElement\":[{\"@type\":\"ListItem\",\"position\":1,\"name\":\"Portada\",\"item\":\"https:\/\/luchonoticias.com\/editor\/\"},{\"@type\":\"ListItem\",\"position\":2,\"name\":\"Paloma Valencia recibir\u00e1 respaldo del Partido Liberal\"}]},{\"@type\":\"WebSite\",\"@id\":\"https:\/\/luchonoticias.com\/editor\/#website\",\"url\":\"https:\/\/luchonoticias.com\/editor\/\",\"name\":\"\",\"description\":\"\",\"publisher\":{\"@id\":\"https:\/\/luchonoticias.com\/editor\/#\/schema\/person\/7a7fd911f58561fd056dbac7b55af9cd\"},\"potentialAction\":[{\"@type\":\"SearchAction\",\"target\":{\"@type\":\"EntryPoint\",\"urlTemplate\":\"https:\/\/luchonoticias.com\/editor\/?s={search_term_string}\"},\"query-input\":{\"@type\":\"PropertyValueSpecification\",\"valueRequired\":true,\"valueName\":\"search_term_string\"}}],\"inLanguage\":\"es\"},{\"@type\":[\"Person\",\"Organization\"],\"@id\":\"https:\/\/luchonoticias.com\/editor\/#\/schema\/person\/7a7fd911f58561fd056dbac7b55af9cd\",\"name\":\"admin\",\"image\":{\"@type\":\"ImageObject\",\"inLanguage\":\"es\",\"@id\":\"https:\/\/luchonoticias.com\/editor\/#\/schema\/person\/image\/\",\"url\":\"https:\/\/luchonoticias.com\/editor\/wp-content\/uploads\/2024\/02\/cropped-cropped-logolu.webp\",\"contentUrl\":\"https:\/\/luchonoticias.com\/editor\/wp-content\/uploads\/2024\/02\/cropped-cropped-logolu.webp\",\"width\":382,\"height\":170,\"caption\":\"admin\"},\"logo\":{\"@id\":\"https:\/\/luchonoticias.com\/editor\/#\/schema\/person\/image\/\"},\"sameAs\":[\"https:\/\/www.facebook.com\/luchonoticiasneiva\"]},{\"@type\":\"Person\",\"@id\":\"https:\/\/luchonoticias.com\/editor\/#\/schema\/person\/29217990ddf6f14e35912b2866d591fb\",\"name\":\"Editor General\",\"image\":{\"@type\":\"ImageObject\",\"inLanguage\":\"es\",\"@id\":\"https:\/\/luchonoticias.com\/editor\/#\/schema\/person\/image\/\",\"url\":\"https:\/\/luchonoticias.com\/editor\/wp-content\/uploads\/2024\/02\/cropped-cropped-logolu-150x150.webp\",\"contentUrl\":\"https:\/\/luchonoticias.com\/editor\/wp-content\/uploads\/2024\/02\/cropped-cropped-logolu-150x150.webp\",\"caption\":\"Editor General\"},\"sameAs\":[\"https:\/\/luchonoticias.com\/\"],\"url\":\"https:\/\/luchonoticias.com\/editor\/author\/editor-general\/\"}]}<\/script>\n<!-- \/ Yoast SEO plugin. -->","yoast_head_json":{"title":"Paloma Valencia recibir\u00e1 respaldo del Partido Liberal -","robots":{"index":"index","follow":"follow","max-snippet":"max-snippet:-1","max-image-preview":"max-image-preview:large","max-video-preview":"max-video-preview:-1"},"canonical":"https:\/\/luchonoticias.com\/editor\/paloma-valencia-recibira-respaldo-del-partido-liberal\/","og_locale":"es_ES","og_type":"article","og_title":"Paloma Valencia recibir\u00e1 respaldo del Partido Liberal -","og_url":"https:\/\/luchonoticias.com\/editor\/paloma-valencia-recibira-respaldo-del-partido-liberal\/","article_publisher":"https:\/\/www.facebook.com\/luchonoticiasneiva","article_published_time":"2026-04-29T09:25:16+00:00","article_modified_time":"2026-04-29T09:25:17+00:00","og_image":[{"width":700,"height":400,"url":"https:\/\/luchonoticias.com\/editor\/wp-content\/uploads\/2026\/04\/paloma-valencia.jpg","type":"image\/jpeg"}],"author":"Editor General","twitter_card":"summary_large_image","twitter_misc":{"Escrito por":"Editor General","Tiempo de lectura":"1 minuto"},"schema":{"@context":"https:\/\/schema.org","@graph":[{"@type":"Article","@id":"https:\/\/luchonoticias.com\/editor\/paloma-valencia-recibira-respaldo-del-partido-liberal\/#article","isPartOf":{"@id":"https:\/\/luchonoticias.com\/editor\/paloma-valencia-recibira-respaldo-del-partido-liberal\/"},"author":{"name":"Editor General","@id":"https:\/\/luchonoticias.com\/editor\/#\/schema\/person\/29217990ddf6f14e35912b2866d591fb"},"headline":"Paloma Valencia recibir\u00e1 respaldo del Partido Liberal","datePublished":"2026-04-29T09:25:16+00:00","dateModified":"2026-04-29T09:25:17+00:00","mainEntityOfPage":{"@id":"https:\/\/luchonoticias.com\/editor\/paloma-valencia-recibira-respaldo-del-partido-liberal\/"},"wordCount":181,"publisher":{"@id":"https:\/\/luchonoticias.com\/editor\/#\/schema\/person\/7a7fd911f58561fd056dbac7b55af9cd"},"image":{"@id":"https:\/\/luchonoticias.com\/editor\/paloma-valencia-recibira-respaldo-del-partido-liberal\/#primaryimage"},"thumbnailUrl":"https:\/\/luchonoticias.com\/editor\/wp-content\/uploads\/2026\/04\/paloma-valencia.jpg","articleSection":["Actualidad","Nacional"],"inLanguage":"es"},{"@type":"WebPage","@id":"https:\/\/luchonoticias.com\/editor\/paloma-valencia-recibira-respaldo-del-partido-liberal\/","url":"https:\/\/luchonoticias.com\/editor\/paloma-valencia-recibira-respaldo-del-partido-liberal\/","name":"Paloma Valencia recibir\u00e1 respaldo del Partido Liberal -","isPartOf":{"@id":"https:\/\/luchonoticias.com\/editor\/#website"},"primaryImageOfPage":{"@id":"https:\/\/luchonoticias.com\/editor\/paloma-valencia-recibira-respaldo-del-partido-liberal\/#primaryimage"},"image":{"@id":"https:\/\/luchonoticias.com\/editor\/paloma-valencia-recibira-respaldo-del-partido-liberal\/#primaryimage"},"thumbnailUrl":"https:\/\/luchonoticias.com\/editor\/wp-content\/uploads\/2026\/04\/paloma-valencia.jpg","datePublished":"2026-04-29T09:25:16+00:00","dateModified":"2026-04-29T09:25:17+00:00","breadcrumb":{"@id":"https:\/\/luchonoticias.com\/editor\/paloma-valencia-recibira-respaldo-del-partido-liberal\/#breadcrumb"},"inLanguage":"es","potentialAction":[{"@type":"ReadAction","target":["https:\/\/luchonoticias.com\/editor\/paloma-valencia-recibira-respaldo-del-partido-liberal\/"]}]},{"@type":"ImageObject","inLanguage":"es","@id":"https:\/\/luchonoticias.com\/editor\/paloma-valencia-recibira-respaldo-del-partido-liberal\/#primaryimage","url":"https:\/\/luchonoticias.com\/editor\/wp-content\/uploads\/2026\/04\/paloma-valencia.jpg","contentUrl":"https:\/\/luchonoticias.com\/editor\/wp-content\/uploads\/2026\/04\/paloma-valencia.jpg","width":700,"height":400},{"@type":"BreadcrumbList","@id":"https:\/\/luchonoticias.com\/editor\/paloma-valencia-recibira-respaldo-del-partido-liberal\/#breadcrumb","itemListElement":[{"@type":"ListItem","position":1,"name":"Portada","item":"https:\/\/luchonoticias.com\/editor\/"},{"@type":"ListItem","position":2,"name":"Paloma Valencia recibir\u00e1 respaldo del Partido Liberal"}]},{"@type":"WebSite","@id":"https:\/\/luchonoticias.com\/editor\/#website","url":"https:\/\/luchonoticias.com\/editor\/","name":"","description":"","publisher":{"@id":"https:\/\/luchonoticias.com\/editor\/#\/schema\/person\/7a7fd911f58561fd056dbac7b55af9cd"},"potentialAction":[{"@type":"SearchAction","target":{"@type":"EntryPoint","urlTemplate":"https:\/\/luchonoticias.com\/editor\/?s={search_term_string}"},"query-input":{"@type":"PropertyValueSpecification","valueRequired":true,"valueName":"search_term_string"}}],"inLanguage":"es"},{"@type":["Person","Organization"],"@id":"https:\/\/luchonoticias.com\/editor\/#\/schema\/person\/7a7fd911f58561fd056dbac7b55af9cd","name":"admin","image":{"@type":"ImageObject","inLanguage":"es","@id":"https:\/\/luchonoticias.com\/editor\/#\/schema\/person\/image\/","url":"https:\/\/luchonoticias.com\/editor\/wp-content\/uploads\/2024\/02\/cropped-cropped-logolu.webp","contentUrl":"https:\/\/luchonoticias.com\/editor\/wp-content\/uploads\/2024\/02\/cropped-cropped-logolu.webp","width":382,"height":170,"caption":"admin"},"logo":{"@id":"https:\/\/luchonoticias.com\/editor\/#\/schema\/person\/image\/"},"sameAs":["https:\/\/www.facebook.com\/luchonoticiasneiva"]},{"@type":"Person","@id":"https:\/\/luchonoticias.com\/editor\/#\/schema\/person\/29217990ddf6f14e35912b2866d591fb","name":"Editor General","image":{"@type":"ImageObject","inLanguage":"es","@id":"https:\/\/luchonoticias.com\/editor\/#\/schema\/person\/image\/","url":"https:\/\/luchonoticias.com\/editor\/wp-content\/uploads\/2024\/02\/cropped-cropped-logolu-150x150.webp","contentUrl":"https:\/\/luchonoticias.com\/editor\/wp-content\/uploads\/2024\/02\/cropped-cropped-logolu-150x150.webp","caption":"Editor General"},"sameAs":["https:\/\/luchonoticias.com\/"],"url":"https:\/\/luchonoticias.com\/editor\/author\/editor-general\/"}]}},"_links":{"self":[{"href":"https:\/\/luchonoticias.com\/editor\/wp-json\/wp\/v2\/posts\/97419","targetHints":{"allow":["GET"]}}],"collection":[{"href":"https:\/\/luchonoticias.com\/editor\/wp-json\/wp\/v2\/posts"}],"about":[{"href":"https:\/\/luchonoticias.com\/editor\/wp-json\/wp\/v2\/types\/post"}],"author":[{"embeddable":true,"href":"https:\/\/luchonoticias.com\/editor\/wp-json\/wp\/v2\/users\/2"}],"replies":[{"embeddable":true,"href":"https:\/\/luchonoticias.com\/editor\/wp-json\/wp\/v2\/comments?post=97419"}],"version-history":[{"count":1,"href":"https:\/\/luchonoticias.com\/editor\/wp-json\/wp\/v2\/posts\/97419\/revisions"}],"predecessor-version":[{"id":97420,"href":"https:\/\/luchonoticias.com\/editor\/wp-json\/wp\/v2\/posts\/97419\/revisions\/97420"}],"wp:featuredmedia":[{"embeddable":true,"href":"https:\/\/luchonoticias.com\/editor\/wp-json\/wp\/v2\/media\/97372"}],"wp:attachment":[{"href":"https:\/\/luchonoticias.com\/editor\/wp-json\/wp\/v2\/media?parent=97419"}],"wp:term":[{"taxonomy":"category","embeddable":true,"href":"https:\/\/luchonoticias.com\/editor\/wp-json\/wp\/v2\/categories?post=97419"},{"taxonomy":"post_tag","embeddable":true,"href":"https:\/\/luchonoticias.com\/editor\/wp-json\/wp\/v2\/tags?post=97419"}],"curies":[{"name":"wp","href":"https:\/\/api.w.org\/{rel}","templated":true}]}}