{"id":97421,"date":"2026-04-29T04:32:34","date_gmt":"2026-04-29T09:32:34","guid":{"rendered":"https:\/\/luchonoticias.com\/editor\/?p=97421"},"modified":"2026-04-29T04:32:35","modified_gmt":"2026-04-29T09:32:35","slug":"alerta-sanitaria-en-colombia-por-casos-de-sarampion","status":"publish","type":"post","link":"https:\/\/luchonoticias.com\/editor\/alerta-sanitaria-en-colombia-por-casos-de-sarampion\/","title":{"rendered":"Alerta sanitaria en Colombia por casos de sarampi\u00f3n"},"content":{"rendered":"\n<p>Colombia se mantiene en alerta sanitaria tras la confirmaci\u00f3n de un quinto caso importado de sarampi\u00f3n en lo que va de 2026, en medio de un aumento de viajes hacia pa\u00edses donde circula el virus. Autoridades y expertos insisten en reforzar la vacunaci\u00f3n y las medidas de prevenci\u00f3n para evitar posibles cadenas de contagio.<\/p>\n\n\n\n<p>Seg\u00fan el Instituto Nacional de Salud (INS), con corte al 14 de abril se han reportado 642 casos sospechosos, de los cuales 466 fueron descartados y cuatro confirmados mediante criterios cl\u00ednicos, epidemiol\u00f3gicos y de laboratorio. Los contagios identificados est\u00e1n asociados a viajes internacionales: cuatro en Bogot\u00e1 y uno en Santander.<\/p>\n\n\n\n<p>Aunque no se han detectado casos de transmisi\u00f3n local, el monitoreo epidemiol\u00f3gico sigue activo, con especial seguimiento a contactos cercanos y entornos familiares de los pacientes. La vigilancia se intensifica ante la salida de m\u00e1s de 100.000 colombianos hacia destinos como Estados Unidos, M\u00e9xico y Canad\u00e1, lo que eleva el riesgo de ingreso del virus al pa\u00eds.<\/p>\n\n\n\n<p>El sarampi\u00f3n es una de las enfermedades infecciosas m\u00e1s contagiosas. Puede transmitirse desde cuatro d\u00edas antes hasta cuatro d\u00edas despu\u00e9s de la aparici\u00f3n de la erupci\u00f3n cut\u00e1nea, lo que facilita su propagaci\u00f3n incluso antes de que se evidencien los s\u00edntomas. Entre los signos iniciales est\u00e1n la fiebre alta, la tos, la secreci\u00f3n nasal, la conjuntivitis y lesiones en la boca, seguidos por el brote en la piel.<\/p>\n\n\n\n<p>\u00d3scar Le\u00f3n, director m\u00e9dico de Primero Salud, explic\u00f3 que el riesgo de contagio es bajo en personas con esquema completo de vacunaci\u00f3n, pero aumenta en quienes no est\u00e1n inmunizados o tienen esquemas incompletos. Los grupos m\u00e1s vulnerables incluyen ni\u00f1os menores de cinco a\u00f1os, personas inmunosuprimidas y adultos j\u00f3venes sin refuerzos.<\/p>\n\n\n\n<p>Las autoridades recomiendan verificar el carn\u00e9 de vacunaci\u00f3n \u2014f\u00edsico o digital\u2014, donde la dosis aparece como SRP o triple viral. En menores se deben cumplir los esquemas seg\u00fan la edad, y en adultos sin antecedente vacunal la inmunizaci\u00f3n sigue siendo clave.<\/p>\n\n\n\n<p>Ante s\u00edntomas compatibles o sospecha de exposici\u00f3n, se aconseja acudir de inmediato a los servicios de salud, mantener aislamiento domiciliario y evitar el contacto con poblaciones vulnerables. Tambi\u00e9n se reiteran medidas como el lavado frecuente de manos, el uso de tapabocas en caso de s\u00edntomas respiratorios y la ventilaci\u00f3n de espacios cerrados.<\/p>\n\n\n\n<p>La vacunaci\u00f3n y la detecci\u00f3n oportuna contin\u00faan siendo las principales herramientas para prevenir la propagaci\u00f3n del sarampi\u00f3n en el pa\u00eds.<\/p>\n","protected":false},"excerpt":{"rendered":"<p>Colombia se mantiene en alerta sanitaria tras la confirmaci\u00f3n de un quinto caso importado de sarampi\u00f3n en lo que va de 2026, en medio de un aumento de viajes hacia pa\u00edses donde circula el virus. Autoridades y expertos insisten en reforzar la vacunaci\u00f3n y las medidas de prevenci\u00f3n para evitar posibles cadenas de contagio. Seg\u00fan [&hellip;]<\/p>\n","protected":false},"author":2,"featured_media":97422,"comment_status":"closed","ping_status":"open","sticky":false,"template":"","format":"standard","meta":{"footnotes":""},"categories":[28,32],"tags":[],"class_list":["post-97421","post","type-post","status-publish","format-standard","has-post-thumbnail","hentry","category-actualidad","category-nacional"],"yoast_head":"<!-- This site is optimized with the Yoast SEO plugin v26.6 - https:\/\/yoast.com\/wordpress\/plugins\/seo\/ -->\n<title>Alerta sanitaria en Colombia por casos de sarampi\u00f3n -<\/title>\n<meta name=\"robots\" content=\"index, follow, max-snippet:-1, max-image-preview:large, max-video-preview:-1\" \/>\n<link rel=\"canonical\" href=\"https:\/\/luchonoticias.com\/editor\/alerta-sanitaria-en-colombia-por-casos-de-sarampion\/\" \/>\n<meta property=\"og:locale\" content=\"es_ES\" \/>\n<meta property=\"og:type\" content=\"article\" \/>\n<meta property=\"og:title\" content=\"Alerta sanitaria en Colombia por casos de sarampi\u00f3n -\" \/>\n<meta property=\"og:url\" content=\"https:\/\/luchonoticias.com\/editor\/alerta-sanitaria-en-colombia-por-casos-de-sarampion\/\" \/>\n<meta property=\"article:publisher\" content=\"https:\/\/www.facebook.com\/luchonoticiasneiva\" \/>\n<meta property=\"article:published_time\" content=\"2026-04-29T09:32:34+00:00\" \/>\n<meta property=\"article:modified_time\" content=\"2026-04-29T09:32:35+00:00\" \/>\n<meta property=\"og:image\" content=\"https:\/\/luchonoticias.com\/editor\/wp-content\/uploads\/2026\/04\/sarampion.jpg\" \/>\n\t<meta property=\"og:image:width\" content=\"700\" \/>\n\t<meta property=\"og:image:height\" content=\"400\" \/>\n\t<meta property=\"og:image:type\" content=\"image\/jpeg\" \/>\n<meta name=\"author\" content=\"Editor General\" \/>\n<meta name=\"twitter:card\" content=\"summary_large_image\" \/>\n<meta name=\"twitter:label1\" content=\"Escrito por\" \/>\n\t<meta name=\"twitter:data1\" content=\"Editor General\" \/>\n\t<meta name=\"twitter:label2\" content=\"Tiempo de lectura\" \/>\n\t<meta name=\"twitter:data2\" content=\"2 minutos\" \/>\n<script type=\"application\/ld+json\" class=\"yoast-schema-graph\">{\"@context\":\"https:\/\/schema.org\",\"@graph\":[{\"@type\":\"Article\",\"@id\":\"https:\/\/luchonoticias.com\/editor\/alerta-sanitaria-en-colombia-por-casos-de-sarampion\/#article\",\"isPartOf\":{\"@id\":\"https:\/\/luchonoticias.com\/editor\/alerta-sanitaria-en-colombia-por-casos-de-sarampion\/\"},\"author\":{\"name\":\"Editor General\",\"@id\":\"https:\/\/luchonoticias.com\/editor\/#\/schema\/person\/29217990ddf6f14e35912b2866d591fb\"},\"headline\":\"Alerta sanitaria en Colombia por casos de sarampi\u00f3n\",\"datePublished\":\"2026-04-29T09:32:34+00:00\",\"dateModified\":\"2026-04-29T09:32:35+00:00\",\"mainEntityOfPage\":{\"@id\":\"https:\/\/luchonoticias.com\/editor\/alerta-sanitaria-en-colombia-por-casos-de-sarampion\/\"},\"wordCount\":444,\"publisher\":{\"@id\":\"https:\/\/luchonoticias.com\/editor\/#\/schema\/person\/7a7fd911f58561fd056dbac7b55af9cd\"},\"image\":{\"@id\":\"https:\/\/luchonoticias.com\/editor\/alerta-sanitaria-en-colombia-por-casos-de-sarampion\/#primaryimage\"},\"thumbnailUrl\":\"https:\/\/luchonoticias.com\/editor\/wp-content\/uploads\/2026\/04\/sarampion.jpg\",\"articleSection\":[\"Actualidad\",\"Nacional\"],\"inLanguage\":\"es\"},{\"@type\":\"WebPage\",\"@id\":\"https:\/\/luchonoticias.com\/editor\/alerta-sanitaria-en-colombia-por-casos-de-sarampion\/\",\"url\":\"https:\/\/luchonoticias.com\/editor\/alerta-sanitaria-en-colombia-por-casos-de-sarampion\/\",\"name\":\"Alerta sanitaria en Colombia por casos de sarampi\u00f3n -\",\"isPartOf\":{\"@id\":\"https:\/\/luchonoticias.com\/editor\/#website\"},\"primaryImageOfPage\":{\"@id\":\"https:\/\/luchonoticias.com\/editor\/alerta-sanitaria-en-colombia-por-casos-de-sarampion\/#primaryimage\"},\"image\":{\"@id\":\"https:\/\/luchonoticias.com\/editor\/alerta-sanitaria-en-colombia-por-casos-de-sarampion\/#primaryimage\"},\"thumbnailUrl\":\"https:\/\/luchonoticias.com\/editor\/wp-content\/uploads\/2026\/04\/sarampion.jpg\",\"datePublished\":\"2026-04-29T09:32:34+00:00\",\"dateModified\":\"2026-04-29T09:32:35+00:00\",\"breadcrumb\":{\"@id\":\"https:\/\/luchonoticias.com\/editor\/alerta-sanitaria-en-colombia-por-casos-de-sarampion\/#breadcrumb\"},\"inLanguage\":\"es\",\"potentialAction\":[{\"@type\":\"ReadAction\",\"target\":[\"https:\/\/luchonoticias.com\/editor\/alerta-sanitaria-en-colombia-por-casos-de-sarampion\/\"]}]},{\"@type\":\"ImageObject\",\"inLanguage\":\"es\",\"@id\":\"https:\/\/luchonoticias.com\/editor\/alerta-sanitaria-en-colombia-por-casos-de-sarampion\/#primaryimage\",\"url\":\"https:\/\/luchonoticias.com\/editor\/wp-content\/uploads\/2026\/04\/sarampion.jpg\",\"contentUrl\":\"https:\/\/luchonoticias.com\/editor\/wp-content\/uploads\/2026\/04\/sarampion.jpg\",\"width\":700,\"height\":400},{\"@type\":\"BreadcrumbList\",\"@id\":\"https:\/\/luchonoticias.com\/editor\/alerta-sanitaria-en-colombia-por-casos-de-sarampion\/#breadcrumb\",\"itemListElement\":[{\"@type\":\"ListItem\",\"position\":1,\"name\":\"Portada\",\"item\":\"https:\/\/luchonoticias.com\/editor\/\"},{\"@type\":\"ListItem\",\"position\":2,\"name\":\"Alerta sanitaria en Colombia por casos de sarampi\u00f3n\"}]},{\"@type\":\"WebSite\",\"@id\":\"https:\/\/luchonoticias.com\/editor\/#website\",\"url\":\"https:\/\/luchonoticias.com\/editor\/\",\"name\":\"\",\"description\":\"\",\"publisher\":{\"@id\":\"https:\/\/luchonoticias.com\/editor\/#\/schema\/person\/7a7fd911f58561fd056dbac7b55af9cd\"},\"potentialAction\":[{\"@type\":\"SearchAction\",\"target\":{\"@type\":\"EntryPoint\",\"urlTemplate\":\"https:\/\/luchonoticias.com\/editor\/?s={search_term_string}\"},\"query-input\":{\"@type\":\"PropertyValueSpecification\",\"valueRequired\":true,\"valueName\":\"search_term_string\"}}],\"inLanguage\":\"es\"},{\"@type\":[\"Person\",\"Organization\"],\"@id\":\"https:\/\/luchonoticias.com\/editor\/#\/schema\/person\/7a7fd911f58561fd056dbac7b55af9cd\",\"name\":\"admin\",\"image\":{\"@type\":\"ImageObject\",\"inLanguage\":\"es\",\"@id\":\"https:\/\/luchonoticias.com\/editor\/#\/schema\/person\/image\/\",\"url\":\"https:\/\/luchonoticias.com\/editor\/wp-content\/uploads\/2024\/02\/cropped-cropped-logolu.webp\",\"contentUrl\":\"https:\/\/luchonoticias.com\/editor\/wp-content\/uploads\/2024\/02\/cropped-cropped-logolu.webp\",\"width\":382,\"height\":170,\"caption\":\"admin\"},\"logo\":{\"@id\":\"https:\/\/luchonoticias.com\/editor\/#\/schema\/person\/image\/\"},\"sameAs\":[\"https:\/\/www.facebook.com\/luchonoticiasneiva\"]},{\"@type\":\"Person\",\"@id\":\"https:\/\/luchonoticias.com\/editor\/#\/schema\/person\/29217990ddf6f14e35912b2866d591fb\",\"name\":\"Editor General\",\"image\":{\"@type\":\"ImageObject\",\"inLanguage\":\"es\",\"@id\":\"https:\/\/luchonoticias.com\/editor\/#\/schema\/person\/image\/\",\"url\":\"https:\/\/luchonoticias.com\/editor\/wp-content\/uploads\/2024\/02\/cropped-cropped-logolu-150x150.webp\",\"contentUrl\":\"https:\/\/luchonoticias.com\/editor\/wp-content\/uploads\/2024\/02\/cropped-cropped-logolu-150x150.webp\",\"caption\":\"Editor General\"},\"sameAs\":[\"https:\/\/luchonoticias.com\/\"],\"url\":\"https:\/\/luchonoticias.com\/editor\/author\/editor-general\/\"}]}<\/script>\n<!-- \/ Yoast SEO plugin. -->","yoast_head_json":{"title":"Alerta sanitaria en Colombia por casos de sarampi\u00f3n -","robots":{"index":"index","follow":"follow","max-snippet":"max-snippet:-1","max-image-preview":"max-image-preview:large","max-video-preview":"max-video-preview:-1"},"canonical":"https:\/\/luchonoticias.com\/editor\/alerta-sanitaria-en-colombia-por-casos-de-sarampion\/","og_locale":"es_ES","og_type":"article","og_title":"Alerta sanitaria en Colombia por casos de sarampi\u00f3n -","og_url":"https:\/\/luchonoticias.com\/editor\/alerta-sanitaria-en-colombia-por-casos-de-sarampion\/","article_publisher":"https:\/\/www.facebook.com\/luchonoticiasneiva","article_published_time":"2026-04-29T09:32:34+00:00","article_modified_time":"2026-04-29T09:32:35+00:00","og_image":[{"width":700,"height":400,"url":"https:\/\/luchonoticias.com\/editor\/wp-content\/uploads\/2026\/04\/sarampion.jpg","type":"image\/jpeg"}],"author":"Editor General","twitter_card":"summary_large_image","twitter_misc":{"Escrito por":"Editor General","Tiempo de lectura":"2 minutos"},"schema":{"@context":"https:\/\/schema.org","@graph":[{"@type":"Article","@id":"https:\/\/luchonoticias.com\/editor\/alerta-sanitaria-en-colombia-por-casos-de-sarampion\/#article","isPartOf":{"@id":"https:\/\/luchonoticias.com\/editor\/alerta-sanitaria-en-colombia-por-casos-de-sarampion\/"},"author":{"name":"Editor General","@id":"https:\/\/luchonoticias.com\/editor\/#\/schema\/person\/29217990ddf6f14e35912b2866d591fb"},"headline":"Alerta sanitaria en Colombia por casos de sarampi\u00f3n","datePublished":"2026-04-29T09:32:34+00:00","dateModified":"2026-04-29T09:32:35+00:00","mainEntityOfPage":{"@id":"https:\/\/luchonoticias.com\/editor\/alerta-sanitaria-en-colombia-por-casos-de-sarampion\/"},"wordCount":444,"publisher":{"@id":"https:\/\/luchonoticias.com\/editor\/#\/schema\/person\/7a7fd911f58561fd056dbac7b55af9cd"},"image":{"@id":"https:\/\/luchonoticias.com\/editor\/alerta-sanitaria-en-colombia-por-casos-de-sarampion\/#primaryimage"},"thumbnailUrl":"https:\/\/luchonoticias.com\/editor\/wp-content\/uploads\/2026\/04\/sarampion.jpg","articleSection":["Actualidad","Nacional"],"inLanguage":"es"},{"@type":"WebPage","@id":"https:\/\/luchonoticias.com\/editor\/alerta-sanitaria-en-colombia-por-casos-de-sarampion\/","url":"https:\/\/luchonoticias.com\/editor\/alerta-sanitaria-en-colombia-por-casos-de-sarampion\/","name":"Alerta sanitaria en Colombia por casos de sarampi\u00f3n -","isPartOf":{"@id":"https:\/\/luchonoticias.com\/editor\/#website"},"primaryImageOfPage":{"@id":"https:\/\/luchonoticias.com\/editor\/alerta-sanitaria-en-colombia-por-casos-de-sarampion\/#primaryimage"},"image":{"@id":"https:\/\/luchonoticias.com\/editor\/alerta-sanitaria-en-colombia-por-casos-de-sarampion\/#primaryimage"},"thumbnailUrl":"https:\/\/luchonoticias.com\/editor\/wp-content\/uploads\/2026\/04\/sarampion.jpg","datePublished":"2026-04-29T09:32:34+00:00","dateModified":"2026-04-29T09:32:35+00:00","breadcrumb":{"@id":"https:\/\/luchonoticias.com\/editor\/alerta-sanitaria-en-colombia-por-casos-de-sarampion\/#breadcrumb"},"inLanguage":"es","potentialAction":[{"@type":"ReadAction","target":["https:\/\/luchonoticias.com\/editor\/alerta-sanitaria-en-colombia-por-casos-de-sarampion\/"]}]},{"@type":"ImageObject","inLanguage":"es","@id":"https:\/\/luchonoticias.com\/editor\/alerta-sanitaria-en-colombia-por-casos-de-sarampion\/#primaryimage","url":"https:\/\/luchonoticias.com\/editor\/wp-content\/uploads\/2026\/04\/sarampion.jpg","contentUrl":"https:\/\/luchonoticias.com\/editor\/wp-content\/uploads\/2026\/04\/sarampion.jpg","width":700,"height":400},{"@type":"BreadcrumbList","@id":"https:\/\/luchonoticias.com\/editor\/alerta-sanitaria-en-colombia-por-casos-de-sarampion\/#breadcrumb","itemListElement":[{"@type":"ListItem","position":1,"name":"Portada","item":"https:\/\/luchonoticias.com\/editor\/"},{"@type":"ListItem","position":2,"name":"Alerta sanitaria en Colombia por casos de sarampi\u00f3n"}]},{"@type":"WebSite","@id":"https:\/\/luchonoticias.com\/editor\/#website","url":"https:\/\/luchonoticias.com\/editor\/","name":"","description":"","publisher":{"@id":"https:\/\/luchonoticias.com\/editor\/#\/schema\/person\/7a7fd911f58561fd056dbac7b55af9cd"},"potentialAction":[{"@type":"SearchAction","target":{"@type":"EntryPoint","urlTemplate":"https:\/\/luchonoticias.com\/editor\/?s={search_term_string}"},"query-input":{"@type":"PropertyValueSpecification","valueRequired":true,"valueName":"search_term_string"}}],"inLanguage":"es"},{"@type":["Person","Organization"],"@id":"https:\/\/luchonoticias.com\/editor\/#\/schema\/person\/7a7fd911f58561fd056dbac7b55af9cd","name":"admin","image":{"@type":"ImageObject","inLanguage":"es","@id":"https:\/\/luchonoticias.com\/editor\/#\/schema\/person\/image\/","url":"https:\/\/luchonoticias.com\/editor\/wp-content\/uploads\/2024\/02\/cropped-cropped-logolu.webp","contentUrl":"https:\/\/luchonoticias.com\/editor\/wp-content\/uploads\/2024\/02\/cropped-cropped-logolu.webp","width":382,"height":170,"caption":"admin"},"logo":{"@id":"https:\/\/luchonoticias.com\/editor\/#\/schema\/person\/image\/"},"sameAs":["https:\/\/www.facebook.com\/luchonoticiasneiva"]},{"@type":"Person","@id":"https:\/\/luchonoticias.com\/editor\/#\/schema\/person\/29217990ddf6f14e35912b2866d591fb","name":"Editor General","image":{"@type":"ImageObject","inLanguage":"es","@id":"https:\/\/luchonoticias.com\/editor\/#\/schema\/person\/image\/","url":"https:\/\/luchonoticias.com\/editor\/wp-content\/uploads\/2024\/02\/cropped-cropped-logolu-150x150.webp","contentUrl":"https:\/\/luchonoticias.com\/editor\/wp-content\/uploads\/2024\/02\/cropped-cropped-logolu-150x150.webp","caption":"Editor General"},"sameAs":["https:\/\/luchonoticias.com\/"],"url":"https:\/\/luchonoticias.com\/editor\/author\/editor-general\/"}]}},"_links":{"self":[{"href":"https:\/\/luchonoticias.com\/editor\/wp-json\/wp\/v2\/posts\/97421","targetHints":{"allow":["GET"]}}],"collection":[{"href":"https:\/\/luchonoticias.com\/editor\/wp-json\/wp\/v2\/posts"}],"about":[{"href":"https:\/\/luchonoticias.com\/editor\/wp-json\/wp\/v2\/types\/post"}],"author":[{"embeddable":true,"href":"https:\/\/luchonoticias.com\/editor\/wp-json\/wp\/v2\/users\/2"}],"replies":[{"embeddable":true,"href":"https:\/\/luchonoticias.com\/editor\/wp-json\/wp\/v2\/comments?post=97421"}],"version-history":[{"count":1,"href":"https:\/\/luchonoticias.com\/editor\/wp-json\/wp\/v2\/posts\/97421\/revisions"}],"predecessor-version":[{"id":97423,"href":"https:\/\/luchonoticias.com\/editor\/wp-json\/wp\/v2\/posts\/97421\/revisions\/97423"}],"wp:featuredmedia":[{"embeddable":true,"href":"https:\/\/luchonoticias.com\/editor\/wp-json\/wp\/v2\/media\/97422"}],"wp:attachment":[{"href":"https:\/\/luchonoticias.com\/editor\/wp-json\/wp\/v2\/media?parent=97421"}],"wp:term":[{"taxonomy":"category","embeddable":true,"href":"https:\/\/luchonoticias.com\/editor\/wp-json\/wp\/v2\/categories?post=97421"},{"taxonomy":"post_tag","embeddable":true,"href":"https:\/\/luchonoticias.com\/editor\/wp-json\/wp\/v2\/tags?post=97421"}],"curies":[{"name":"wp","href":"https:\/\/api.w.org\/{rel}","templated":true}]}}