{"id":97457,"date":"2026-04-29T13:52:41","date_gmt":"2026-04-29T18:52:41","guid":{"rendered":"https:\/\/luchonoticias.com\/editor\/?p=97457"},"modified":"2026-04-29T13:52:42","modified_gmt":"2026-04-29T18:52:42","slug":"pitalito-ya-cuenta-con-su-laboratorio-empresarial","status":"publish","type":"post","link":"https:\/\/luchonoticias.com\/editor\/pitalito-ya-cuenta-con-su-laboratorio-empresarial\/","title":{"rendered":"Pitalito ya cuenta con su laboratorio empresarial"},"content":{"rendered":"\n<p>Con la visi\u00f3n de crear un espacio donde los empresarios puedan aprender haciendo y potenciar sus ideas, la C\u00e1mara de Comercio del Huila puso en marcha el Laboratorio Empresarial 360\u00b0 en su seccional de Pitalito, consolidando un proceso que inici\u00f3 hace aproximadamente dos a\u00f1os y medio.<\/p>\n\n\n\n<p>Este proyecto forma parte de la evoluci\u00f3n de la sede hacia un entorno m\u00e1s din\u00e1mico e innovador, dando origen al Centro Empresarial de Innovaci\u00f3n, Gastronom\u00eda y Agroindustria, que actualmente cuenta con espacios especializados en caf\u00e9 y gastronom\u00eda, pensados para responder a las vocaciones productivas del territorio.<\/p>\n\n\n\n<p>La iniciativa se desarrolla en una zona estrat\u00e9gica que concentra el 24,04% del tejido empresarial del departamento, con 9.443 empresas, y que adem\u00e1s lidera importantes indicadores del sector agropecuario, como la producci\u00f3n de caf\u00e9, ca\u00f1a panelera y aguacate, as\u00ed como una significativa participaci\u00f3n en el sector tur\u00edstico.<\/p>\n\n\n\n<figure class=\"wp-block-gallery has-nested-images columns-default is-cropped wp-block-gallery-1 is-layout-flex wp-block-gallery-is-layout-flex\">\n<figure class=\"wp-block-image size-large\"><img loading=\"lazy\" decoding=\"async\" width=\"1024\" height=\"768\" data-id=\"97459\" src=\"https:\/\/luchonoticias.com\/editor\/wp-content\/uploads\/2026\/04\/WhatsApp-Image-2026-04-29-at-13.41.01-1024x768.jpeg\" alt=\"\" class=\"wp-image-97459\" srcset=\"https:\/\/luchonoticias.com\/editor\/wp-content\/uploads\/2026\/04\/WhatsApp-Image-2026-04-29-at-13.41.01-1024x768.jpeg 1024w, https:\/\/luchonoticias.com\/editor\/wp-content\/uploads\/2026\/04\/WhatsApp-Image-2026-04-29-at-13.41.01-300x225.jpeg 300w, https:\/\/luchonoticias.com\/editor\/wp-content\/uploads\/2026\/04\/WhatsApp-Image-2026-04-29-at-13.41.01-768x576.jpeg 768w, https:\/\/luchonoticias.com\/editor\/wp-content\/uploads\/2026\/04\/WhatsApp-Image-2026-04-29-at-13.41.01.jpeg 1280w\" sizes=\"auto, (max-width: 1024px) 100vw, 1024px\" \/><\/figure>\n\n\n\n<figure class=\"wp-block-image size-large\"><img loading=\"lazy\" decoding=\"async\" width=\"1024\" height=\"768\" data-id=\"97460\" src=\"https:\/\/luchonoticias.com\/editor\/wp-content\/uploads\/2026\/04\/WhatsApp-Image-2026-04-29-at-13.41.02-1024x768.jpeg\" alt=\"\" class=\"wp-image-97460\" srcset=\"https:\/\/luchonoticias.com\/editor\/wp-content\/uploads\/2026\/04\/WhatsApp-Image-2026-04-29-at-13.41.02-1024x768.jpeg 1024w, https:\/\/luchonoticias.com\/editor\/wp-content\/uploads\/2026\/04\/WhatsApp-Image-2026-04-29-at-13.41.02-300x225.jpeg 300w, https:\/\/luchonoticias.com\/editor\/wp-content\/uploads\/2026\/04\/WhatsApp-Image-2026-04-29-at-13.41.02-768x576.jpeg 768w, https:\/\/luchonoticias.com\/editor\/wp-content\/uploads\/2026\/04\/WhatsApp-Image-2026-04-29-at-13.41.02.jpeg 1280w\" sizes=\"auto, (max-width: 1024px) 100vw, 1024px\" \/><\/figure>\n<\/figure>\n\n\n\n<p>El Laboratorio 360\u00b0 fue concebido como un ecosistema integral que acompa\u00f1a al empresario desde el diagn\u00f3stico hasta la materializaci\u00f3n de sus ideas, mediante asesor\u00edas, mentor\u00edas y el desarrollo de productos como portafolios, piezas de comunicaci\u00f3n, dise\u00f1o de empaques y prototipos, incorporando herramientas como la impresi\u00f3n 3D cuando es necesario.<\/p>\n\n\n\n<p>Para Lina Marcela Carrera, presidenta ejecutiva de la entidad, este espacio representa una apuesta por la cercan\u00eda y la pertinencia institucional: \u201cAqu\u00ed las ideas se vuelven tangibles. Los empresarios pueden probar, ajustar y avanzar con acompa\u00f1amiento t\u00e9cnico, logrando resultados concretos que fortalecen su competitividad\u201d.<\/p>\n\n\n\n<p><\/p>\n","protected":false},"excerpt":{"rendered":"<p>Con la visi\u00f3n de crear un espacio donde los empresarios puedan aprender haciendo y potenciar sus ideas, la C\u00e1mara de Comercio del Huila puso en marcha el Laboratorio Empresarial 360\u00b0 en su seccional de Pitalito, consolidando un proceso que inici\u00f3 hace aproximadamente dos a\u00f1os y medio. Este proyecto forma parte de la evoluci\u00f3n de la [&hellip;]<\/p>\n","protected":false},"author":2,"featured_media":97458,"comment_status":"closed","ping_status":"open","sticky":false,"template":"","format":"standard","meta":{"footnotes":""},"categories":[33],"tags":[],"class_list":["post-97457","post","type-post","status-publish","format-standard","has-post-thumbnail","hentry","category-huila"],"yoast_head":"<!-- This site is optimized with the Yoast SEO plugin v26.6 - https:\/\/yoast.com\/wordpress\/plugins\/seo\/ -->\n<title>Pitalito ya cuenta con su laboratorio empresarial -<\/title>\n<meta name=\"robots\" content=\"index, follow, max-snippet:-1, max-image-preview:large, max-video-preview:-1\" \/>\n<link rel=\"canonical\" href=\"https:\/\/luchonoticias.com\/editor\/pitalito-ya-cuenta-con-su-laboratorio-empresarial\/\" \/>\n<meta property=\"og:locale\" content=\"es_ES\" \/>\n<meta property=\"og:type\" content=\"article\" \/>\n<meta property=\"og:title\" content=\"Pitalito ya cuenta con su laboratorio empresarial -\" \/>\n<meta property=\"og:url\" content=\"https:\/\/luchonoticias.com\/editor\/pitalito-ya-cuenta-con-su-laboratorio-empresarial\/\" \/>\n<meta property=\"article:publisher\" content=\"https:\/\/www.facebook.com\/luchonoticiasneiva\" \/>\n<meta property=\"article:published_time\" content=\"2026-04-29T18:52:41+00:00\" \/>\n<meta property=\"article:modified_time\" content=\"2026-04-29T18:52:42+00:00\" \/>\n<meta property=\"og:image\" content=\"https:\/\/luchonoticias.com\/editor\/wp-content\/uploads\/2026\/04\/labroatorio-empresarial.jpg\" \/>\n\t<meta property=\"og:image:width\" content=\"700\" \/>\n\t<meta property=\"og:image:height\" content=\"400\" \/>\n\t<meta property=\"og:image:type\" content=\"image\/jpeg\" \/>\n<meta name=\"author\" content=\"Editor General\" \/>\n<meta name=\"twitter:card\" content=\"summary_large_image\" \/>\n<meta name=\"twitter:label1\" content=\"Escrito por\" \/>\n\t<meta name=\"twitter:data1\" content=\"Editor General\" \/>\n\t<meta name=\"twitter:label2\" content=\"Tiempo de lectura\" \/>\n\t<meta name=\"twitter:data2\" content=\"2 minutos\" \/>\n<script type=\"application\/ld+json\" class=\"yoast-schema-graph\">{\"@context\":\"https:\/\/schema.org\",\"@graph\":[{\"@type\":\"Article\",\"@id\":\"https:\/\/luchonoticias.com\/editor\/pitalito-ya-cuenta-con-su-laboratorio-empresarial\/#article\",\"isPartOf\":{\"@id\":\"https:\/\/luchonoticias.com\/editor\/pitalito-ya-cuenta-con-su-laboratorio-empresarial\/\"},\"author\":{\"name\":\"Editor General\",\"@id\":\"https:\/\/luchonoticias.com\/editor\/#\/schema\/person\/29217990ddf6f14e35912b2866d591fb\"},\"headline\":\"Pitalito ya cuenta con su laboratorio empresarial\",\"datePublished\":\"2026-04-29T18:52:41+00:00\",\"dateModified\":\"2026-04-29T18:52:42+00:00\",\"mainEntityOfPage\":{\"@id\":\"https:\/\/luchonoticias.com\/editor\/pitalito-ya-cuenta-con-su-laboratorio-empresarial\/\"},\"wordCount\":261,\"publisher\":{\"@id\":\"https:\/\/luchonoticias.com\/editor\/#\/schema\/person\/7a7fd911f58561fd056dbac7b55af9cd\"},\"image\":{\"@id\":\"https:\/\/luchonoticias.com\/editor\/pitalito-ya-cuenta-con-su-laboratorio-empresarial\/#primaryimage\"},\"thumbnailUrl\":\"https:\/\/luchonoticias.com\/editor\/wp-content\/uploads\/2026\/04\/labroatorio-empresarial.jpg\",\"articleSection\":[\"Huila\"],\"inLanguage\":\"es\"},{\"@type\":\"WebPage\",\"@id\":\"https:\/\/luchonoticias.com\/editor\/pitalito-ya-cuenta-con-su-laboratorio-empresarial\/\",\"url\":\"https:\/\/luchonoticias.com\/editor\/pitalito-ya-cuenta-con-su-laboratorio-empresarial\/\",\"name\":\"Pitalito ya cuenta con su laboratorio empresarial -\",\"isPartOf\":{\"@id\":\"https:\/\/luchonoticias.com\/editor\/#website\"},\"primaryImageOfPage\":{\"@id\":\"https:\/\/luchonoticias.com\/editor\/pitalito-ya-cuenta-con-su-laboratorio-empresarial\/#primaryimage\"},\"image\":{\"@id\":\"https:\/\/luchonoticias.com\/editor\/pitalito-ya-cuenta-con-su-laboratorio-empresarial\/#primaryimage\"},\"thumbnailUrl\":\"https:\/\/luchonoticias.com\/editor\/wp-content\/uploads\/2026\/04\/labroatorio-empresarial.jpg\",\"datePublished\":\"2026-04-29T18:52:41+00:00\",\"dateModified\":\"2026-04-29T18:52:42+00:00\",\"breadcrumb\":{\"@id\":\"https:\/\/luchonoticias.com\/editor\/pitalito-ya-cuenta-con-su-laboratorio-empresarial\/#breadcrumb\"},\"inLanguage\":\"es\",\"potentialAction\":[{\"@type\":\"ReadAction\",\"target\":[\"https:\/\/luchonoticias.com\/editor\/pitalito-ya-cuenta-con-su-laboratorio-empresarial\/\"]}]},{\"@type\":\"ImageObject\",\"inLanguage\":\"es\",\"@id\":\"https:\/\/luchonoticias.com\/editor\/pitalito-ya-cuenta-con-su-laboratorio-empresarial\/#primaryimage\",\"url\":\"https:\/\/luchonoticias.com\/editor\/wp-content\/uploads\/2026\/04\/labroatorio-empresarial.jpg\",\"contentUrl\":\"https:\/\/luchonoticias.com\/editor\/wp-content\/uploads\/2026\/04\/labroatorio-empresarial.jpg\",\"width\":700,\"height\":400},{\"@type\":\"BreadcrumbList\",\"@id\":\"https:\/\/luchonoticias.com\/editor\/pitalito-ya-cuenta-con-su-laboratorio-empresarial\/#breadcrumb\",\"itemListElement\":[{\"@type\":\"ListItem\",\"position\":1,\"name\":\"Portada\",\"item\":\"https:\/\/luchonoticias.com\/editor\/\"},{\"@type\":\"ListItem\",\"position\":2,\"name\":\"Pitalito ya cuenta con su laboratorio empresarial\"}]},{\"@type\":\"WebSite\",\"@id\":\"https:\/\/luchonoticias.com\/editor\/#website\",\"url\":\"https:\/\/luchonoticias.com\/editor\/\",\"name\":\"\",\"description\":\"\",\"publisher\":{\"@id\":\"https:\/\/luchonoticias.com\/editor\/#\/schema\/person\/7a7fd911f58561fd056dbac7b55af9cd\"},\"potentialAction\":[{\"@type\":\"SearchAction\",\"target\":{\"@type\":\"EntryPoint\",\"urlTemplate\":\"https:\/\/luchonoticias.com\/editor\/?s={search_term_string}\"},\"query-input\":{\"@type\":\"PropertyValueSpecification\",\"valueRequired\":true,\"valueName\":\"search_term_string\"}}],\"inLanguage\":\"es\"},{\"@type\":[\"Person\",\"Organization\"],\"@id\":\"https:\/\/luchonoticias.com\/editor\/#\/schema\/person\/7a7fd911f58561fd056dbac7b55af9cd\",\"name\":\"admin\",\"image\":{\"@type\":\"ImageObject\",\"inLanguage\":\"es\",\"@id\":\"https:\/\/luchonoticias.com\/editor\/#\/schema\/person\/image\/\",\"url\":\"https:\/\/luchonoticias.com\/editor\/wp-content\/uploads\/2024\/02\/cropped-cropped-logolu.webp\",\"contentUrl\":\"https:\/\/luchonoticias.com\/editor\/wp-content\/uploads\/2024\/02\/cropped-cropped-logolu.webp\",\"width\":382,\"height\":170,\"caption\":\"admin\"},\"logo\":{\"@id\":\"https:\/\/luchonoticias.com\/editor\/#\/schema\/person\/image\/\"},\"sameAs\":[\"https:\/\/www.facebook.com\/luchonoticiasneiva\"]},{\"@type\":\"Person\",\"@id\":\"https:\/\/luchonoticias.com\/editor\/#\/schema\/person\/29217990ddf6f14e35912b2866d591fb\",\"name\":\"Editor General\",\"image\":{\"@type\":\"ImageObject\",\"inLanguage\":\"es\",\"@id\":\"https:\/\/luchonoticias.com\/editor\/#\/schema\/person\/image\/\",\"url\":\"https:\/\/luchonoticias.com\/editor\/wp-content\/uploads\/2024\/02\/cropped-cropped-logolu-150x150.webp\",\"contentUrl\":\"https:\/\/luchonoticias.com\/editor\/wp-content\/uploads\/2024\/02\/cropped-cropped-logolu-150x150.webp\",\"caption\":\"Editor General\"},\"sameAs\":[\"https:\/\/luchonoticias.com\/\"],\"url\":\"https:\/\/luchonoticias.com\/editor\/author\/editor-general\/\"}]}<\/script>\n<!-- \/ Yoast SEO plugin. -->","yoast_head_json":{"title":"Pitalito ya cuenta con su laboratorio empresarial -","robots":{"index":"index","follow":"follow","max-snippet":"max-snippet:-1","max-image-preview":"max-image-preview:large","max-video-preview":"max-video-preview:-1"},"canonical":"https:\/\/luchonoticias.com\/editor\/pitalito-ya-cuenta-con-su-laboratorio-empresarial\/","og_locale":"es_ES","og_type":"article","og_title":"Pitalito ya cuenta con su laboratorio empresarial -","og_url":"https:\/\/luchonoticias.com\/editor\/pitalito-ya-cuenta-con-su-laboratorio-empresarial\/","article_publisher":"https:\/\/www.facebook.com\/luchonoticiasneiva","article_published_time":"2026-04-29T18:52:41+00:00","article_modified_time":"2026-04-29T18:52:42+00:00","og_image":[{"width":700,"height":400,"url":"https:\/\/luchonoticias.com\/editor\/wp-content\/uploads\/2026\/04\/labroatorio-empresarial.jpg","type":"image\/jpeg"}],"author":"Editor General","twitter_card":"summary_large_image","twitter_misc":{"Escrito por":"Editor General","Tiempo de lectura":"2 minutos"},"schema":{"@context":"https:\/\/schema.org","@graph":[{"@type":"Article","@id":"https:\/\/luchonoticias.com\/editor\/pitalito-ya-cuenta-con-su-laboratorio-empresarial\/#article","isPartOf":{"@id":"https:\/\/luchonoticias.com\/editor\/pitalito-ya-cuenta-con-su-laboratorio-empresarial\/"},"author":{"name":"Editor General","@id":"https:\/\/luchonoticias.com\/editor\/#\/schema\/person\/29217990ddf6f14e35912b2866d591fb"},"headline":"Pitalito ya cuenta con su laboratorio empresarial","datePublished":"2026-04-29T18:52:41+00:00","dateModified":"2026-04-29T18:52:42+00:00","mainEntityOfPage":{"@id":"https:\/\/luchonoticias.com\/editor\/pitalito-ya-cuenta-con-su-laboratorio-empresarial\/"},"wordCount":261,"publisher":{"@id":"https:\/\/luchonoticias.com\/editor\/#\/schema\/person\/7a7fd911f58561fd056dbac7b55af9cd"},"image":{"@id":"https:\/\/luchonoticias.com\/editor\/pitalito-ya-cuenta-con-su-laboratorio-empresarial\/#primaryimage"},"thumbnailUrl":"https:\/\/luchonoticias.com\/editor\/wp-content\/uploads\/2026\/04\/labroatorio-empresarial.jpg","articleSection":["Huila"],"inLanguage":"es"},{"@type":"WebPage","@id":"https:\/\/luchonoticias.com\/editor\/pitalito-ya-cuenta-con-su-laboratorio-empresarial\/","url":"https:\/\/luchonoticias.com\/editor\/pitalito-ya-cuenta-con-su-laboratorio-empresarial\/","name":"Pitalito ya cuenta con su laboratorio empresarial -","isPartOf":{"@id":"https:\/\/luchonoticias.com\/editor\/#website"},"primaryImageOfPage":{"@id":"https:\/\/luchonoticias.com\/editor\/pitalito-ya-cuenta-con-su-laboratorio-empresarial\/#primaryimage"},"image":{"@id":"https:\/\/luchonoticias.com\/editor\/pitalito-ya-cuenta-con-su-laboratorio-empresarial\/#primaryimage"},"thumbnailUrl":"https:\/\/luchonoticias.com\/editor\/wp-content\/uploads\/2026\/04\/labroatorio-empresarial.jpg","datePublished":"2026-04-29T18:52:41+00:00","dateModified":"2026-04-29T18:52:42+00:00","breadcrumb":{"@id":"https:\/\/luchonoticias.com\/editor\/pitalito-ya-cuenta-con-su-laboratorio-empresarial\/#breadcrumb"},"inLanguage":"es","potentialAction":[{"@type":"ReadAction","target":["https:\/\/luchonoticias.com\/editor\/pitalito-ya-cuenta-con-su-laboratorio-empresarial\/"]}]},{"@type":"ImageObject","inLanguage":"es","@id":"https:\/\/luchonoticias.com\/editor\/pitalito-ya-cuenta-con-su-laboratorio-empresarial\/#primaryimage","url":"https:\/\/luchonoticias.com\/editor\/wp-content\/uploads\/2026\/04\/labroatorio-empresarial.jpg","contentUrl":"https:\/\/luchonoticias.com\/editor\/wp-content\/uploads\/2026\/04\/labroatorio-empresarial.jpg","width":700,"height":400},{"@type":"BreadcrumbList","@id":"https:\/\/luchonoticias.com\/editor\/pitalito-ya-cuenta-con-su-laboratorio-empresarial\/#breadcrumb","itemListElement":[{"@type":"ListItem","position":1,"name":"Portada","item":"https:\/\/luchonoticias.com\/editor\/"},{"@type":"ListItem","position":2,"name":"Pitalito ya cuenta con su laboratorio empresarial"}]},{"@type":"WebSite","@id":"https:\/\/luchonoticias.com\/editor\/#website","url":"https:\/\/luchonoticias.com\/editor\/","name":"","description":"","publisher":{"@id":"https:\/\/luchonoticias.com\/editor\/#\/schema\/person\/7a7fd911f58561fd056dbac7b55af9cd"},"potentialAction":[{"@type":"SearchAction","target":{"@type":"EntryPoint","urlTemplate":"https:\/\/luchonoticias.com\/editor\/?s={search_term_string}"},"query-input":{"@type":"PropertyValueSpecification","valueRequired":true,"valueName":"search_term_string"}}],"inLanguage":"es"},{"@type":["Person","Organization"],"@id":"https:\/\/luchonoticias.com\/editor\/#\/schema\/person\/7a7fd911f58561fd056dbac7b55af9cd","name":"admin","image":{"@type":"ImageObject","inLanguage":"es","@id":"https:\/\/luchonoticias.com\/editor\/#\/schema\/person\/image\/","url":"https:\/\/luchonoticias.com\/editor\/wp-content\/uploads\/2024\/02\/cropped-cropped-logolu.webp","contentUrl":"https:\/\/luchonoticias.com\/editor\/wp-content\/uploads\/2024\/02\/cropped-cropped-logolu.webp","width":382,"height":170,"caption":"admin"},"logo":{"@id":"https:\/\/luchonoticias.com\/editor\/#\/schema\/person\/image\/"},"sameAs":["https:\/\/www.facebook.com\/luchonoticiasneiva"]},{"@type":"Person","@id":"https:\/\/luchonoticias.com\/editor\/#\/schema\/person\/29217990ddf6f14e35912b2866d591fb","name":"Editor General","image":{"@type":"ImageObject","inLanguage":"es","@id":"https:\/\/luchonoticias.com\/editor\/#\/schema\/person\/image\/","url":"https:\/\/luchonoticias.com\/editor\/wp-content\/uploads\/2024\/02\/cropped-cropped-logolu-150x150.webp","contentUrl":"https:\/\/luchonoticias.com\/editor\/wp-content\/uploads\/2024\/02\/cropped-cropped-logolu-150x150.webp","caption":"Editor General"},"sameAs":["https:\/\/luchonoticias.com\/"],"url":"https:\/\/luchonoticias.com\/editor\/author\/editor-general\/"}]}},"_links":{"self":[{"href":"https:\/\/luchonoticias.com\/editor\/wp-json\/wp\/v2\/posts\/97457","targetHints":{"allow":["GET"]}}],"collection":[{"href":"https:\/\/luchonoticias.com\/editor\/wp-json\/wp\/v2\/posts"}],"about":[{"href":"https:\/\/luchonoticias.com\/editor\/wp-json\/wp\/v2\/types\/post"}],"author":[{"embeddable":true,"href":"https:\/\/luchonoticias.com\/editor\/wp-json\/wp\/v2\/users\/2"}],"replies":[{"embeddable":true,"href":"https:\/\/luchonoticias.com\/editor\/wp-json\/wp\/v2\/comments?post=97457"}],"version-history":[{"count":1,"href":"https:\/\/luchonoticias.com\/editor\/wp-json\/wp\/v2\/posts\/97457\/revisions"}],"predecessor-version":[{"id":97461,"href":"https:\/\/luchonoticias.com\/editor\/wp-json\/wp\/v2\/posts\/97457\/revisions\/97461"}],"wp:featuredmedia":[{"embeddable":true,"href":"https:\/\/luchonoticias.com\/editor\/wp-json\/wp\/v2\/media\/97458"}],"wp:attachment":[{"href":"https:\/\/luchonoticias.com\/editor\/wp-json\/wp\/v2\/media?parent=97457"}],"wp:term":[{"taxonomy":"category","embeddable":true,"href":"https:\/\/luchonoticias.com\/editor\/wp-json\/wp\/v2\/categories?post=97457"},{"taxonomy":"post_tag","embeddable":true,"href":"https:\/\/luchonoticias.com\/editor\/wp-json\/wp\/v2\/tags?post=97457"}],"curies":[{"name":"wp","href":"https:\/\/api.w.org\/{rel}","templated":true}]}}