{"id":97478,"date":"2026-04-30T04:31:24","date_gmt":"2026-04-30T09:31:24","guid":{"rendered":"https:\/\/luchonoticias.com\/editor\/?p=97478"},"modified":"2026-04-30T04:31:25","modified_gmt":"2026-04-30T09:31:25","slug":"presentado-el-observatorio-de-seguridad-vial","status":"publish","type":"post","link":"https:\/\/luchonoticias.com\/editor\/presentado-el-observatorio-de-seguridad-vial\/","title":{"rendered":"Presentado el Observatorio de Seguridad vial"},"content":{"rendered":"\n<p>En el marco de la sesi\u00f3n ordinaria de la Comisi\u00f3n Intersectorial de Movilidad del municipio, la Alcald\u00eda de Neiva, a trav\u00e9s de la Secretar\u00eda de Movilidad, present\u00f3 el Observatorio de Seguridad Vial, una herramienta desarrollada con el apoyo de la Agencia Nacional de Seguridad Vial y la Red de Observatorios Territoriales, orientada al an\u00e1lisis del comportamiento vial en la ciudad.<\/p>\n\n\n\n<p>Durante el encuentro, en el que participaron comunidades, dependencias de la administraci\u00f3n municipal y representantes del Ministerio P\u00fablico, se dieron a conocer indicadores, avances y an\u00e1lisis que permiten identificar factores de riesgo, zonas cr\u00edticas y conductas asociadas a la ocurrencia de siniestros viales. La plataforma facilita la toma de decisiones a partir del an\u00e1lisis estad\u00edstico, al permitir identificar variables demogr\u00e1ficas y puntos de mayor incidencia, lo que contribuye a focalizar acciones de prevenci\u00f3n y reducir la p\u00e9rdida de vidas en las v\u00edas.<\/p>\n\n\n\n<p>El micrositio cuenta con un tablero din\u00e1mico que incluye informaci\u00f3n como siniestros por mes o a\u00f1o, hip\u00f3tesis de los hechos, n\u00famero de fallecidos y heridos, da\u00f1os materiales, tipos de choque, rangos de edad y g\u00e9nero, comunas y barrios, horarios de mayor incidencia, mapas de calor e indicadores de operatividad, entre otros. El Observatorio tambi\u00e9n se consolida como un insumo clave para fortalecer las acciones de control, la se\u00f1alizaci\u00f3n y los procesos de educaci\u00f3n vial en el municipio, adem\u00e1s de facilitar la articulaci\u00f3n con entidades como la Personer\u00eda, Defensor\u00eda, Procuradur\u00eda, Medicina Legal, la Fuerza P\u00fablica y organizaciones sociales que participan en la construcci\u00f3n de estrategias para mitigar la siniestralidad.<\/p>\n\n\n\n<p>Con esta herramienta, Neiva avanza en la consolidaci\u00f3n de una movilidad m\u00e1s segura, responsable y sostenible. Los datos pueden consultarse en el portal oficial de la Alcald\u00eda.<\/p>\n\n\n\n<p>FOTO: Ilustraci\u00f3n. <\/p>\n","protected":false},"excerpt":{"rendered":"<p>En el marco de la sesi\u00f3n ordinaria de la Comisi\u00f3n Intersectorial de Movilidad del municipio, la Alcald\u00eda de Neiva, a trav\u00e9s de la Secretar\u00eda de Movilidad, present\u00f3 el Observatorio de Seguridad Vial, una herramienta desarrollada con el apoyo de la Agencia Nacional de Seguridad Vial y la Red de Observatorios Territoriales, orientada al an\u00e1lisis del [&hellip;]<\/p>\n","protected":false},"author":2,"featured_media":77645,"comment_status":"closed","ping_status":"open","sticky":false,"template":"","format":"standard","meta":{"footnotes":""},"categories":[31,53],"tags":[],"class_list":["post-97478","post","type-post","status-publish","format-standard","has-post-thumbnail","hentry","category-local","category-neiva"],"yoast_head":"<!-- This site is optimized with the Yoast SEO plugin v26.6 - https:\/\/yoast.com\/wordpress\/plugins\/seo\/ -->\n<title>Presentado el Observatorio de Seguridad vial -<\/title>\n<meta name=\"robots\" content=\"index, follow, max-snippet:-1, max-image-preview:large, max-video-preview:-1\" \/>\n<link rel=\"canonical\" href=\"https:\/\/luchonoticias.com\/editor\/presentado-el-observatorio-de-seguridad-vial\/\" \/>\n<meta property=\"og:locale\" content=\"es_ES\" \/>\n<meta property=\"og:type\" content=\"article\" \/>\n<meta property=\"og:title\" content=\"Presentado el Observatorio de Seguridad vial -\" \/>\n<meta property=\"og:url\" content=\"https:\/\/luchonoticias.com\/editor\/presentado-el-observatorio-de-seguridad-vial\/\" \/>\n<meta property=\"article:publisher\" content=\"https:\/\/www.facebook.com\/luchonoticiasneiva\" \/>\n<meta property=\"article:published_time\" content=\"2026-04-30T09:31:24+00:00\" \/>\n<meta property=\"article:modified_time\" content=\"2026-04-30T09:31:25+00:00\" \/>\n<meta property=\"og:image\" content=\"https:\/\/luchonoticias.com\/editor\/wp-content\/uploads\/2024\/10\/movilidad-neiva.jpg\" \/>\n\t<meta property=\"og:image:width\" content=\"700\" \/>\n\t<meta property=\"og:image:height\" content=\"400\" \/>\n\t<meta property=\"og:image:type\" content=\"image\/jpeg\" \/>\n<meta name=\"author\" content=\"Editor General\" \/>\n<meta name=\"twitter:card\" content=\"summary_large_image\" \/>\n<meta name=\"twitter:label1\" content=\"Escrito por\" \/>\n\t<meta name=\"twitter:data1\" content=\"Editor General\" \/>\n\t<meta name=\"twitter:label2\" content=\"Tiempo de lectura\" \/>\n\t<meta name=\"twitter:data2\" content=\"2 minutos\" \/>\n<script type=\"application\/ld+json\" class=\"yoast-schema-graph\">{\"@context\":\"https:\/\/schema.org\",\"@graph\":[{\"@type\":\"Article\",\"@id\":\"https:\/\/luchonoticias.com\/editor\/presentado-el-observatorio-de-seguridad-vial\/#article\",\"isPartOf\":{\"@id\":\"https:\/\/luchonoticias.com\/editor\/presentado-el-observatorio-de-seguridad-vial\/\"},\"author\":{\"name\":\"Editor General\",\"@id\":\"https:\/\/luchonoticias.com\/editor\/#\/schema\/person\/29217990ddf6f14e35912b2866d591fb\"},\"headline\":\"Presentado el Observatorio de Seguridad vial\",\"datePublished\":\"2026-04-30T09:31:24+00:00\",\"dateModified\":\"2026-04-30T09:31:25+00:00\",\"mainEntityOfPage\":{\"@id\":\"https:\/\/luchonoticias.com\/editor\/presentado-el-observatorio-de-seguridad-vial\/\"},\"wordCount\":323,\"publisher\":{\"@id\":\"https:\/\/luchonoticias.com\/editor\/#\/schema\/person\/7a7fd911f58561fd056dbac7b55af9cd\"},\"image\":{\"@id\":\"https:\/\/luchonoticias.com\/editor\/presentado-el-observatorio-de-seguridad-vial\/#primaryimage\"},\"thumbnailUrl\":\"https:\/\/luchonoticias.com\/editor\/wp-content\/uploads\/2024\/10\/movilidad-neiva.jpg\",\"articleSection\":[\"Local\",\"Neiva\"],\"inLanguage\":\"es\"},{\"@type\":\"WebPage\",\"@id\":\"https:\/\/luchonoticias.com\/editor\/presentado-el-observatorio-de-seguridad-vial\/\",\"url\":\"https:\/\/luchonoticias.com\/editor\/presentado-el-observatorio-de-seguridad-vial\/\",\"name\":\"Presentado el Observatorio de Seguridad vial -\",\"isPartOf\":{\"@id\":\"https:\/\/luchonoticias.com\/editor\/#website\"},\"primaryImageOfPage\":{\"@id\":\"https:\/\/luchonoticias.com\/editor\/presentado-el-observatorio-de-seguridad-vial\/#primaryimage\"},\"image\":{\"@id\":\"https:\/\/luchonoticias.com\/editor\/presentado-el-observatorio-de-seguridad-vial\/#primaryimage\"},\"thumbnailUrl\":\"https:\/\/luchonoticias.com\/editor\/wp-content\/uploads\/2024\/10\/movilidad-neiva.jpg\",\"datePublished\":\"2026-04-30T09:31:24+00:00\",\"dateModified\":\"2026-04-30T09:31:25+00:00\",\"breadcrumb\":{\"@id\":\"https:\/\/luchonoticias.com\/editor\/presentado-el-observatorio-de-seguridad-vial\/#breadcrumb\"},\"inLanguage\":\"es\",\"potentialAction\":[{\"@type\":\"ReadAction\",\"target\":[\"https:\/\/luchonoticias.com\/editor\/presentado-el-observatorio-de-seguridad-vial\/\"]}]},{\"@type\":\"ImageObject\",\"inLanguage\":\"es\",\"@id\":\"https:\/\/luchonoticias.com\/editor\/presentado-el-observatorio-de-seguridad-vial\/#primaryimage\",\"url\":\"https:\/\/luchonoticias.com\/editor\/wp-content\/uploads\/2024\/10\/movilidad-neiva.jpg\",\"contentUrl\":\"https:\/\/luchonoticias.com\/editor\/wp-content\/uploads\/2024\/10\/movilidad-neiva.jpg\",\"width\":700,\"height\":400},{\"@type\":\"BreadcrumbList\",\"@id\":\"https:\/\/luchonoticias.com\/editor\/presentado-el-observatorio-de-seguridad-vial\/#breadcrumb\",\"itemListElement\":[{\"@type\":\"ListItem\",\"position\":1,\"name\":\"Portada\",\"item\":\"https:\/\/luchonoticias.com\/editor\/\"},{\"@type\":\"ListItem\",\"position\":2,\"name\":\"Presentado el Observatorio de Seguridad vial\"}]},{\"@type\":\"WebSite\",\"@id\":\"https:\/\/luchonoticias.com\/editor\/#website\",\"url\":\"https:\/\/luchonoticias.com\/editor\/\",\"name\":\"\",\"description\":\"\",\"publisher\":{\"@id\":\"https:\/\/luchonoticias.com\/editor\/#\/schema\/person\/7a7fd911f58561fd056dbac7b55af9cd\"},\"potentialAction\":[{\"@type\":\"SearchAction\",\"target\":{\"@type\":\"EntryPoint\",\"urlTemplate\":\"https:\/\/luchonoticias.com\/editor\/?s={search_term_string}\"},\"query-input\":{\"@type\":\"PropertyValueSpecification\",\"valueRequired\":true,\"valueName\":\"search_term_string\"}}],\"inLanguage\":\"es\"},{\"@type\":[\"Person\",\"Organization\"],\"@id\":\"https:\/\/luchonoticias.com\/editor\/#\/schema\/person\/7a7fd911f58561fd056dbac7b55af9cd\",\"name\":\"admin\",\"image\":{\"@type\":\"ImageObject\",\"inLanguage\":\"es\",\"@id\":\"https:\/\/luchonoticias.com\/editor\/#\/schema\/person\/image\/\",\"url\":\"https:\/\/luchonoticias.com\/editor\/wp-content\/uploads\/2024\/02\/cropped-cropped-logolu.webp\",\"contentUrl\":\"https:\/\/luchonoticias.com\/editor\/wp-content\/uploads\/2024\/02\/cropped-cropped-logolu.webp\",\"width\":382,\"height\":170,\"caption\":\"admin\"},\"logo\":{\"@id\":\"https:\/\/luchonoticias.com\/editor\/#\/schema\/person\/image\/\"},\"sameAs\":[\"https:\/\/www.facebook.com\/luchonoticiasneiva\"]},{\"@type\":\"Person\",\"@id\":\"https:\/\/luchonoticias.com\/editor\/#\/schema\/person\/29217990ddf6f14e35912b2866d591fb\",\"name\":\"Editor General\",\"image\":{\"@type\":\"ImageObject\",\"inLanguage\":\"es\",\"@id\":\"https:\/\/luchonoticias.com\/editor\/#\/schema\/person\/image\/\",\"url\":\"https:\/\/luchonoticias.com\/editor\/wp-content\/uploads\/2024\/02\/cropped-cropped-logolu-150x150.webp\",\"contentUrl\":\"https:\/\/luchonoticias.com\/editor\/wp-content\/uploads\/2024\/02\/cropped-cropped-logolu-150x150.webp\",\"caption\":\"Editor General\"},\"sameAs\":[\"https:\/\/luchonoticias.com\/\"],\"url\":\"https:\/\/luchonoticias.com\/editor\/author\/editor-general\/\"}]}<\/script>\n<!-- \/ Yoast SEO plugin. -->","yoast_head_json":{"title":"Presentado el Observatorio de Seguridad vial -","robots":{"index":"index","follow":"follow","max-snippet":"max-snippet:-1","max-image-preview":"max-image-preview:large","max-video-preview":"max-video-preview:-1"},"canonical":"https:\/\/luchonoticias.com\/editor\/presentado-el-observatorio-de-seguridad-vial\/","og_locale":"es_ES","og_type":"article","og_title":"Presentado el Observatorio de Seguridad vial -","og_url":"https:\/\/luchonoticias.com\/editor\/presentado-el-observatorio-de-seguridad-vial\/","article_publisher":"https:\/\/www.facebook.com\/luchonoticiasneiva","article_published_time":"2026-04-30T09:31:24+00:00","article_modified_time":"2026-04-30T09:31:25+00:00","og_image":[{"width":700,"height":400,"url":"https:\/\/luchonoticias.com\/editor\/wp-content\/uploads\/2024\/10\/movilidad-neiva.jpg","type":"image\/jpeg"}],"author":"Editor General","twitter_card":"summary_large_image","twitter_misc":{"Escrito por":"Editor General","Tiempo de lectura":"2 minutos"},"schema":{"@context":"https:\/\/schema.org","@graph":[{"@type":"Article","@id":"https:\/\/luchonoticias.com\/editor\/presentado-el-observatorio-de-seguridad-vial\/#article","isPartOf":{"@id":"https:\/\/luchonoticias.com\/editor\/presentado-el-observatorio-de-seguridad-vial\/"},"author":{"name":"Editor General","@id":"https:\/\/luchonoticias.com\/editor\/#\/schema\/person\/29217990ddf6f14e35912b2866d591fb"},"headline":"Presentado el Observatorio de Seguridad vial","datePublished":"2026-04-30T09:31:24+00:00","dateModified":"2026-04-30T09:31:25+00:00","mainEntityOfPage":{"@id":"https:\/\/luchonoticias.com\/editor\/presentado-el-observatorio-de-seguridad-vial\/"},"wordCount":323,"publisher":{"@id":"https:\/\/luchonoticias.com\/editor\/#\/schema\/person\/7a7fd911f58561fd056dbac7b55af9cd"},"image":{"@id":"https:\/\/luchonoticias.com\/editor\/presentado-el-observatorio-de-seguridad-vial\/#primaryimage"},"thumbnailUrl":"https:\/\/luchonoticias.com\/editor\/wp-content\/uploads\/2024\/10\/movilidad-neiva.jpg","articleSection":["Local","Neiva"],"inLanguage":"es"},{"@type":"WebPage","@id":"https:\/\/luchonoticias.com\/editor\/presentado-el-observatorio-de-seguridad-vial\/","url":"https:\/\/luchonoticias.com\/editor\/presentado-el-observatorio-de-seguridad-vial\/","name":"Presentado el Observatorio de Seguridad vial -","isPartOf":{"@id":"https:\/\/luchonoticias.com\/editor\/#website"},"primaryImageOfPage":{"@id":"https:\/\/luchonoticias.com\/editor\/presentado-el-observatorio-de-seguridad-vial\/#primaryimage"},"image":{"@id":"https:\/\/luchonoticias.com\/editor\/presentado-el-observatorio-de-seguridad-vial\/#primaryimage"},"thumbnailUrl":"https:\/\/luchonoticias.com\/editor\/wp-content\/uploads\/2024\/10\/movilidad-neiva.jpg","datePublished":"2026-04-30T09:31:24+00:00","dateModified":"2026-04-30T09:31:25+00:00","breadcrumb":{"@id":"https:\/\/luchonoticias.com\/editor\/presentado-el-observatorio-de-seguridad-vial\/#breadcrumb"},"inLanguage":"es","potentialAction":[{"@type":"ReadAction","target":["https:\/\/luchonoticias.com\/editor\/presentado-el-observatorio-de-seguridad-vial\/"]}]},{"@type":"ImageObject","inLanguage":"es","@id":"https:\/\/luchonoticias.com\/editor\/presentado-el-observatorio-de-seguridad-vial\/#primaryimage","url":"https:\/\/luchonoticias.com\/editor\/wp-content\/uploads\/2024\/10\/movilidad-neiva.jpg","contentUrl":"https:\/\/luchonoticias.com\/editor\/wp-content\/uploads\/2024\/10\/movilidad-neiva.jpg","width":700,"height":400},{"@type":"BreadcrumbList","@id":"https:\/\/luchonoticias.com\/editor\/presentado-el-observatorio-de-seguridad-vial\/#breadcrumb","itemListElement":[{"@type":"ListItem","position":1,"name":"Portada","item":"https:\/\/luchonoticias.com\/editor\/"},{"@type":"ListItem","position":2,"name":"Presentado el Observatorio de Seguridad vial"}]},{"@type":"WebSite","@id":"https:\/\/luchonoticias.com\/editor\/#website","url":"https:\/\/luchonoticias.com\/editor\/","name":"","description":"","publisher":{"@id":"https:\/\/luchonoticias.com\/editor\/#\/schema\/person\/7a7fd911f58561fd056dbac7b55af9cd"},"potentialAction":[{"@type":"SearchAction","target":{"@type":"EntryPoint","urlTemplate":"https:\/\/luchonoticias.com\/editor\/?s={search_term_string}"},"query-input":{"@type":"PropertyValueSpecification","valueRequired":true,"valueName":"search_term_string"}}],"inLanguage":"es"},{"@type":["Person","Organization"],"@id":"https:\/\/luchonoticias.com\/editor\/#\/schema\/person\/7a7fd911f58561fd056dbac7b55af9cd","name":"admin","image":{"@type":"ImageObject","inLanguage":"es","@id":"https:\/\/luchonoticias.com\/editor\/#\/schema\/person\/image\/","url":"https:\/\/luchonoticias.com\/editor\/wp-content\/uploads\/2024\/02\/cropped-cropped-logolu.webp","contentUrl":"https:\/\/luchonoticias.com\/editor\/wp-content\/uploads\/2024\/02\/cropped-cropped-logolu.webp","width":382,"height":170,"caption":"admin"},"logo":{"@id":"https:\/\/luchonoticias.com\/editor\/#\/schema\/person\/image\/"},"sameAs":["https:\/\/www.facebook.com\/luchonoticiasneiva"]},{"@type":"Person","@id":"https:\/\/luchonoticias.com\/editor\/#\/schema\/person\/29217990ddf6f14e35912b2866d591fb","name":"Editor General","image":{"@type":"ImageObject","inLanguage":"es","@id":"https:\/\/luchonoticias.com\/editor\/#\/schema\/person\/image\/","url":"https:\/\/luchonoticias.com\/editor\/wp-content\/uploads\/2024\/02\/cropped-cropped-logolu-150x150.webp","contentUrl":"https:\/\/luchonoticias.com\/editor\/wp-content\/uploads\/2024\/02\/cropped-cropped-logolu-150x150.webp","caption":"Editor General"},"sameAs":["https:\/\/luchonoticias.com\/"],"url":"https:\/\/luchonoticias.com\/editor\/author\/editor-general\/"}]}},"_links":{"self":[{"href":"https:\/\/luchonoticias.com\/editor\/wp-json\/wp\/v2\/posts\/97478","targetHints":{"allow":["GET"]}}],"collection":[{"href":"https:\/\/luchonoticias.com\/editor\/wp-json\/wp\/v2\/posts"}],"about":[{"href":"https:\/\/luchonoticias.com\/editor\/wp-json\/wp\/v2\/types\/post"}],"author":[{"embeddable":true,"href":"https:\/\/luchonoticias.com\/editor\/wp-json\/wp\/v2\/users\/2"}],"replies":[{"embeddable":true,"href":"https:\/\/luchonoticias.com\/editor\/wp-json\/wp\/v2\/comments?post=97478"}],"version-history":[{"count":1,"href":"https:\/\/luchonoticias.com\/editor\/wp-json\/wp\/v2\/posts\/97478\/revisions"}],"predecessor-version":[{"id":97479,"href":"https:\/\/luchonoticias.com\/editor\/wp-json\/wp\/v2\/posts\/97478\/revisions\/97479"}],"wp:featuredmedia":[{"embeddable":true,"href":"https:\/\/luchonoticias.com\/editor\/wp-json\/wp\/v2\/media\/77645"}],"wp:attachment":[{"href":"https:\/\/luchonoticias.com\/editor\/wp-json\/wp\/v2\/media?parent=97478"}],"wp:term":[{"taxonomy":"category","embeddable":true,"href":"https:\/\/luchonoticias.com\/editor\/wp-json\/wp\/v2\/categories?post=97478"},{"taxonomy":"post_tag","embeddable":true,"href":"https:\/\/luchonoticias.com\/editor\/wp-json\/wp\/v2\/tags?post=97478"}],"curies":[{"name":"wp","href":"https:\/\/api.w.org\/{rel}","templated":true}]}}