{"id":97480,"date":"2026-04-30T04:35:02","date_gmt":"2026-04-30T09:35:02","guid":{"rendered":"https:\/\/luchonoticias.com\/editor\/?p=97480"},"modified":"2026-04-30T04:35:04","modified_gmt":"2026-04-30T09:35:04","slug":"simon-trinidad-de-victimario-a-victima","status":"publish","type":"post","link":"https:\/\/luchonoticias.com\/editor\/simon-trinidad-de-victimario-a-victima\/","title":{"rendered":"Sim\u00f3n Trinidad, de victimario&#8230;a v\u00edctima"},"content":{"rendered":"\n<p>La Sala de Reconocimiento de Verdad de la Jurisdicci\u00f3n Especial para la Paz (JEP) acredit\u00f3 como v\u00edctima directa a Juvenal Ovidio Ricardo Palmera Pineda, conocido como \u2018Sim\u00f3n Trinidad\u2019, dentro del caso 06 que investiga el genocidio contra el partido pol\u00edtico Uni\u00f3n Patri\u00f3tica.<\/p>\n\n\n\n<p>Desde diciembre de 2025, \u2018Sim\u00f3n Trinidad\u2019 hab\u00eda solicitado este reconocimiento por hechos ocurridos entre 1985 y 1987, cuando militaba en la Uni\u00f3n Patri\u00f3tica en Valledupar, periodo en el que asegura haber sido v\u00edctima de persecuci\u00f3n pol\u00edtica antes de ingresar a la guerrilla de las FARC, donde posteriormente fue negociador de paz y firmante del Acuerdo de 2016.<\/p>\n\n\n\n<p>Con esta acreditaci\u00f3n, el exintegrante de las FARC podr\u00e1 participar como interviniente especial en todas las fases del caso 06, relacionado con el exterminio de la Uni\u00f3n Patri\u00f3tica. Seg\u00fan la decisi\u00f3n de la Sala, se deber\u00e1n garantizar sus derechos procesales, probatorios y de acceso a recursos judiciales efectivos, en l\u00ednea con est\u00e1ndares nacionales e internacionales, lo que le permitir\u00e1 intervenir de manera activa en las actuaciones de la JEP.<\/p>\n\n\n\n<p>No obstante, este reconocimiento no modifica su situaci\u00f3n judicial en Estados Unidos, donde permanece detenido cumpliendo una condena de 60 a\u00f1os de prisi\u00f3n por el secuestro de tres ciudadanos estadounidenses en 2003. Asimismo, la JEP precis\u00f3 que su acreditaci\u00f3n como v\u00edctima no implica una priorizaci\u00f3n autom\u00e1tica dentro de la investigaci\u00f3n del caso, ya que esto depender\u00e1 del desarrollo mismo del proceso.<\/p>\n\n\n\n<p><\/p>\n","protected":false},"excerpt":{"rendered":"<p>La Sala de Reconocimiento de Verdad de la Jurisdicci\u00f3n Especial para la Paz (JEP) acredit\u00f3 como v\u00edctima directa a Juvenal Ovidio Ricardo Palmera Pineda, conocido como \u2018Sim\u00f3n Trinidad\u2019, dentro del caso 06 que investiga el genocidio contra el partido pol\u00edtico Uni\u00f3n Patri\u00f3tica. Desde diciembre de 2025, \u2018Sim\u00f3n Trinidad\u2019 hab\u00eda solicitado este reconocimiento por hechos ocurridos [&hellip;]<\/p>\n","protected":false},"author":2,"featured_media":97481,"comment_status":"closed","ping_status":"open","sticky":false,"template":"","format":"standard","meta":{"footnotes":""},"categories":[28,32],"tags":[],"class_list":["post-97480","post","type-post","status-publish","format-standard","has-post-thumbnail","hentry","category-actualidad","category-nacional"],"yoast_head":"<!-- This site is optimized with the Yoast SEO plugin v26.6 - https:\/\/yoast.com\/wordpress\/plugins\/seo\/ -->\n<title>Sim\u00f3n Trinidad, de victimario...a v\u00edctima -<\/title>\n<meta name=\"robots\" content=\"index, follow, max-snippet:-1, max-image-preview:large, max-video-preview:-1\" \/>\n<link rel=\"canonical\" href=\"https:\/\/luchonoticias.com\/editor\/simon-trinidad-de-victimario-a-victima\/\" \/>\n<meta property=\"og:locale\" content=\"es_ES\" \/>\n<meta property=\"og:type\" content=\"article\" \/>\n<meta property=\"og:title\" content=\"Sim\u00f3n Trinidad, de victimario...a v\u00edctima -\" \/>\n<meta property=\"og:url\" content=\"https:\/\/luchonoticias.com\/editor\/simon-trinidad-de-victimario-a-victima\/\" \/>\n<meta property=\"article:publisher\" content=\"https:\/\/www.facebook.com\/luchonoticiasneiva\" \/>\n<meta property=\"article:published_time\" content=\"2026-04-30T09:35:02+00:00\" \/>\n<meta property=\"article:modified_time\" content=\"2026-04-30T09:35:04+00:00\" \/>\n<meta property=\"og:image\" content=\"https:\/\/luchonoticias.com\/editor\/wp-content\/uploads\/2026\/04\/SIMON-TRINIDAD.jpg\" \/>\n\t<meta property=\"og:image:width\" content=\"700\" \/>\n\t<meta property=\"og:image:height\" content=\"400\" \/>\n\t<meta property=\"og:image:type\" content=\"image\/jpeg\" \/>\n<meta name=\"author\" content=\"Editor General\" \/>\n<meta name=\"twitter:card\" content=\"summary_large_image\" \/>\n<meta name=\"twitter:label1\" content=\"Escrito por\" \/>\n\t<meta name=\"twitter:data1\" content=\"Editor General\" \/>\n\t<meta name=\"twitter:label2\" content=\"Tiempo de lectura\" \/>\n\t<meta name=\"twitter:data2\" content=\"2 minutos\" \/>\n<script type=\"application\/ld+json\" class=\"yoast-schema-graph\">{\"@context\":\"https:\/\/schema.org\",\"@graph\":[{\"@type\":\"Article\",\"@id\":\"https:\/\/luchonoticias.com\/editor\/simon-trinidad-de-victimario-a-victima\/#article\",\"isPartOf\":{\"@id\":\"https:\/\/luchonoticias.com\/editor\/simon-trinidad-de-victimario-a-victima\/\"},\"author\":{\"name\":\"Editor General\",\"@id\":\"https:\/\/luchonoticias.com\/editor\/#\/schema\/person\/29217990ddf6f14e35912b2866d591fb\"},\"headline\":\"Sim\u00f3n Trinidad, de victimario&#8230;a v\u00edctima\",\"datePublished\":\"2026-04-30T09:35:02+00:00\",\"dateModified\":\"2026-04-30T09:35:04+00:00\",\"mainEntityOfPage\":{\"@id\":\"https:\/\/luchonoticias.com\/editor\/simon-trinidad-de-victimario-a-victima\/\"},\"wordCount\":258,\"publisher\":{\"@id\":\"https:\/\/luchonoticias.com\/editor\/#\/schema\/person\/7a7fd911f58561fd056dbac7b55af9cd\"},\"image\":{\"@id\":\"https:\/\/luchonoticias.com\/editor\/simon-trinidad-de-victimario-a-victima\/#primaryimage\"},\"thumbnailUrl\":\"https:\/\/luchonoticias.com\/editor\/wp-content\/uploads\/2026\/04\/SIMON-TRINIDAD.jpg\",\"articleSection\":[\"Actualidad\",\"Nacional\"],\"inLanguage\":\"es\"},{\"@type\":\"WebPage\",\"@id\":\"https:\/\/luchonoticias.com\/editor\/simon-trinidad-de-victimario-a-victima\/\",\"url\":\"https:\/\/luchonoticias.com\/editor\/simon-trinidad-de-victimario-a-victima\/\",\"name\":\"Sim\u00f3n Trinidad, de victimario...a v\u00edctima -\",\"isPartOf\":{\"@id\":\"https:\/\/luchonoticias.com\/editor\/#website\"},\"primaryImageOfPage\":{\"@id\":\"https:\/\/luchonoticias.com\/editor\/simon-trinidad-de-victimario-a-victima\/#primaryimage\"},\"image\":{\"@id\":\"https:\/\/luchonoticias.com\/editor\/simon-trinidad-de-victimario-a-victima\/#primaryimage\"},\"thumbnailUrl\":\"https:\/\/luchonoticias.com\/editor\/wp-content\/uploads\/2026\/04\/SIMON-TRINIDAD.jpg\",\"datePublished\":\"2026-04-30T09:35:02+00:00\",\"dateModified\":\"2026-04-30T09:35:04+00:00\",\"breadcrumb\":{\"@id\":\"https:\/\/luchonoticias.com\/editor\/simon-trinidad-de-victimario-a-victima\/#breadcrumb\"},\"inLanguage\":\"es\",\"potentialAction\":[{\"@type\":\"ReadAction\",\"target\":[\"https:\/\/luchonoticias.com\/editor\/simon-trinidad-de-victimario-a-victima\/\"]}]},{\"@type\":\"ImageObject\",\"inLanguage\":\"es\",\"@id\":\"https:\/\/luchonoticias.com\/editor\/simon-trinidad-de-victimario-a-victima\/#primaryimage\",\"url\":\"https:\/\/luchonoticias.com\/editor\/wp-content\/uploads\/2026\/04\/SIMON-TRINIDAD.jpg\",\"contentUrl\":\"https:\/\/luchonoticias.com\/editor\/wp-content\/uploads\/2026\/04\/SIMON-TRINIDAD.jpg\",\"width\":700,\"height\":400},{\"@type\":\"BreadcrumbList\",\"@id\":\"https:\/\/luchonoticias.com\/editor\/simon-trinidad-de-victimario-a-victima\/#breadcrumb\",\"itemListElement\":[{\"@type\":\"ListItem\",\"position\":1,\"name\":\"Portada\",\"item\":\"https:\/\/luchonoticias.com\/editor\/\"},{\"@type\":\"ListItem\",\"position\":2,\"name\":\"Sim\u00f3n Trinidad, de victimario&#8230;a v\u00edctima\"}]},{\"@type\":\"WebSite\",\"@id\":\"https:\/\/luchonoticias.com\/editor\/#website\",\"url\":\"https:\/\/luchonoticias.com\/editor\/\",\"name\":\"\",\"description\":\"\",\"publisher\":{\"@id\":\"https:\/\/luchonoticias.com\/editor\/#\/schema\/person\/7a7fd911f58561fd056dbac7b55af9cd\"},\"potentialAction\":[{\"@type\":\"SearchAction\",\"target\":{\"@type\":\"EntryPoint\",\"urlTemplate\":\"https:\/\/luchonoticias.com\/editor\/?s={search_term_string}\"},\"query-input\":{\"@type\":\"PropertyValueSpecification\",\"valueRequired\":true,\"valueName\":\"search_term_string\"}}],\"inLanguage\":\"es\"},{\"@type\":[\"Person\",\"Organization\"],\"@id\":\"https:\/\/luchonoticias.com\/editor\/#\/schema\/person\/7a7fd911f58561fd056dbac7b55af9cd\",\"name\":\"admin\",\"image\":{\"@type\":\"ImageObject\",\"inLanguage\":\"es\",\"@id\":\"https:\/\/luchonoticias.com\/editor\/#\/schema\/person\/image\/\",\"url\":\"https:\/\/luchonoticias.com\/editor\/wp-content\/uploads\/2024\/02\/cropped-cropped-logolu.webp\",\"contentUrl\":\"https:\/\/luchonoticias.com\/editor\/wp-content\/uploads\/2024\/02\/cropped-cropped-logolu.webp\",\"width\":382,\"height\":170,\"caption\":\"admin\"},\"logo\":{\"@id\":\"https:\/\/luchonoticias.com\/editor\/#\/schema\/person\/image\/\"},\"sameAs\":[\"https:\/\/www.facebook.com\/luchonoticiasneiva\"]},{\"@type\":\"Person\",\"@id\":\"https:\/\/luchonoticias.com\/editor\/#\/schema\/person\/29217990ddf6f14e35912b2866d591fb\",\"name\":\"Editor General\",\"image\":{\"@type\":\"ImageObject\",\"inLanguage\":\"es\",\"@id\":\"https:\/\/luchonoticias.com\/editor\/#\/schema\/person\/image\/\",\"url\":\"https:\/\/luchonoticias.com\/editor\/wp-content\/uploads\/2024\/02\/cropped-cropped-logolu-150x150.webp\",\"contentUrl\":\"https:\/\/luchonoticias.com\/editor\/wp-content\/uploads\/2024\/02\/cropped-cropped-logolu-150x150.webp\",\"caption\":\"Editor General\"},\"sameAs\":[\"https:\/\/luchonoticias.com\/\"],\"url\":\"https:\/\/luchonoticias.com\/editor\/author\/editor-general\/\"}]}<\/script>\n<!-- \/ Yoast SEO plugin. -->","yoast_head_json":{"title":"Sim\u00f3n Trinidad, de victimario...a v\u00edctima -","robots":{"index":"index","follow":"follow","max-snippet":"max-snippet:-1","max-image-preview":"max-image-preview:large","max-video-preview":"max-video-preview:-1"},"canonical":"https:\/\/luchonoticias.com\/editor\/simon-trinidad-de-victimario-a-victima\/","og_locale":"es_ES","og_type":"article","og_title":"Sim\u00f3n Trinidad, de victimario...a v\u00edctima -","og_url":"https:\/\/luchonoticias.com\/editor\/simon-trinidad-de-victimario-a-victima\/","article_publisher":"https:\/\/www.facebook.com\/luchonoticiasneiva","article_published_time":"2026-04-30T09:35:02+00:00","article_modified_time":"2026-04-30T09:35:04+00:00","og_image":[{"width":700,"height":400,"url":"https:\/\/luchonoticias.com\/editor\/wp-content\/uploads\/2026\/04\/SIMON-TRINIDAD.jpg","type":"image\/jpeg"}],"author":"Editor General","twitter_card":"summary_large_image","twitter_misc":{"Escrito por":"Editor General","Tiempo de lectura":"2 minutos"},"schema":{"@context":"https:\/\/schema.org","@graph":[{"@type":"Article","@id":"https:\/\/luchonoticias.com\/editor\/simon-trinidad-de-victimario-a-victima\/#article","isPartOf":{"@id":"https:\/\/luchonoticias.com\/editor\/simon-trinidad-de-victimario-a-victima\/"},"author":{"name":"Editor General","@id":"https:\/\/luchonoticias.com\/editor\/#\/schema\/person\/29217990ddf6f14e35912b2866d591fb"},"headline":"Sim\u00f3n Trinidad, de victimario&#8230;a v\u00edctima","datePublished":"2026-04-30T09:35:02+00:00","dateModified":"2026-04-30T09:35:04+00:00","mainEntityOfPage":{"@id":"https:\/\/luchonoticias.com\/editor\/simon-trinidad-de-victimario-a-victima\/"},"wordCount":258,"publisher":{"@id":"https:\/\/luchonoticias.com\/editor\/#\/schema\/person\/7a7fd911f58561fd056dbac7b55af9cd"},"image":{"@id":"https:\/\/luchonoticias.com\/editor\/simon-trinidad-de-victimario-a-victima\/#primaryimage"},"thumbnailUrl":"https:\/\/luchonoticias.com\/editor\/wp-content\/uploads\/2026\/04\/SIMON-TRINIDAD.jpg","articleSection":["Actualidad","Nacional"],"inLanguage":"es"},{"@type":"WebPage","@id":"https:\/\/luchonoticias.com\/editor\/simon-trinidad-de-victimario-a-victima\/","url":"https:\/\/luchonoticias.com\/editor\/simon-trinidad-de-victimario-a-victima\/","name":"Sim\u00f3n Trinidad, de victimario...a v\u00edctima -","isPartOf":{"@id":"https:\/\/luchonoticias.com\/editor\/#website"},"primaryImageOfPage":{"@id":"https:\/\/luchonoticias.com\/editor\/simon-trinidad-de-victimario-a-victima\/#primaryimage"},"image":{"@id":"https:\/\/luchonoticias.com\/editor\/simon-trinidad-de-victimario-a-victima\/#primaryimage"},"thumbnailUrl":"https:\/\/luchonoticias.com\/editor\/wp-content\/uploads\/2026\/04\/SIMON-TRINIDAD.jpg","datePublished":"2026-04-30T09:35:02+00:00","dateModified":"2026-04-30T09:35:04+00:00","breadcrumb":{"@id":"https:\/\/luchonoticias.com\/editor\/simon-trinidad-de-victimario-a-victima\/#breadcrumb"},"inLanguage":"es","potentialAction":[{"@type":"ReadAction","target":["https:\/\/luchonoticias.com\/editor\/simon-trinidad-de-victimario-a-victima\/"]}]},{"@type":"ImageObject","inLanguage":"es","@id":"https:\/\/luchonoticias.com\/editor\/simon-trinidad-de-victimario-a-victima\/#primaryimage","url":"https:\/\/luchonoticias.com\/editor\/wp-content\/uploads\/2026\/04\/SIMON-TRINIDAD.jpg","contentUrl":"https:\/\/luchonoticias.com\/editor\/wp-content\/uploads\/2026\/04\/SIMON-TRINIDAD.jpg","width":700,"height":400},{"@type":"BreadcrumbList","@id":"https:\/\/luchonoticias.com\/editor\/simon-trinidad-de-victimario-a-victima\/#breadcrumb","itemListElement":[{"@type":"ListItem","position":1,"name":"Portada","item":"https:\/\/luchonoticias.com\/editor\/"},{"@type":"ListItem","position":2,"name":"Sim\u00f3n Trinidad, de victimario&#8230;a v\u00edctima"}]},{"@type":"WebSite","@id":"https:\/\/luchonoticias.com\/editor\/#website","url":"https:\/\/luchonoticias.com\/editor\/","name":"","description":"","publisher":{"@id":"https:\/\/luchonoticias.com\/editor\/#\/schema\/person\/7a7fd911f58561fd056dbac7b55af9cd"},"potentialAction":[{"@type":"SearchAction","target":{"@type":"EntryPoint","urlTemplate":"https:\/\/luchonoticias.com\/editor\/?s={search_term_string}"},"query-input":{"@type":"PropertyValueSpecification","valueRequired":true,"valueName":"search_term_string"}}],"inLanguage":"es"},{"@type":["Person","Organization"],"@id":"https:\/\/luchonoticias.com\/editor\/#\/schema\/person\/7a7fd911f58561fd056dbac7b55af9cd","name":"admin","image":{"@type":"ImageObject","inLanguage":"es","@id":"https:\/\/luchonoticias.com\/editor\/#\/schema\/person\/image\/","url":"https:\/\/luchonoticias.com\/editor\/wp-content\/uploads\/2024\/02\/cropped-cropped-logolu.webp","contentUrl":"https:\/\/luchonoticias.com\/editor\/wp-content\/uploads\/2024\/02\/cropped-cropped-logolu.webp","width":382,"height":170,"caption":"admin"},"logo":{"@id":"https:\/\/luchonoticias.com\/editor\/#\/schema\/person\/image\/"},"sameAs":["https:\/\/www.facebook.com\/luchonoticiasneiva"]},{"@type":"Person","@id":"https:\/\/luchonoticias.com\/editor\/#\/schema\/person\/29217990ddf6f14e35912b2866d591fb","name":"Editor General","image":{"@type":"ImageObject","inLanguage":"es","@id":"https:\/\/luchonoticias.com\/editor\/#\/schema\/person\/image\/","url":"https:\/\/luchonoticias.com\/editor\/wp-content\/uploads\/2024\/02\/cropped-cropped-logolu-150x150.webp","contentUrl":"https:\/\/luchonoticias.com\/editor\/wp-content\/uploads\/2024\/02\/cropped-cropped-logolu-150x150.webp","caption":"Editor General"},"sameAs":["https:\/\/luchonoticias.com\/"],"url":"https:\/\/luchonoticias.com\/editor\/author\/editor-general\/"}]}},"_links":{"self":[{"href":"https:\/\/luchonoticias.com\/editor\/wp-json\/wp\/v2\/posts\/97480","targetHints":{"allow":["GET"]}}],"collection":[{"href":"https:\/\/luchonoticias.com\/editor\/wp-json\/wp\/v2\/posts"}],"about":[{"href":"https:\/\/luchonoticias.com\/editor\/wp-json\/wp\/v2\/types\/post"}],"author":[{"embeddable":true,"href":"https:\/\/luchonoticias.com\/editor\/wp-json\/wp\/v2\/users\/2"}],"replies":[{"embeddable":true,"href":"https:\/\/luchonoticias.com\/editor\/wp-json\/wp\/v2\/comments?post=97480"}],"version-history":[{"count":1,"href":"https:\/\/luchonoticias.com\/editor\/wp-json\/wp\/v2\/posts\/97480\/revisions"}],"predecessor-version":[{"id":97482,"href":"https:\/\/luchonoticias.com\/editor\/wp-json\/wp\/v2\/posts\/97480\/revisions\/97482"}],"wp:featuredmedia":[{"embeddable":true,"href":"https:\/\/luchonoticias.com\/editor\/wp-json\/wp\/v2\/media\/97481"}],"wp:attachment":[{"href":"https:\/\/luchonoticias.com\/editor\/wp-json\/wp\/v2\/media?parent=97480"}],"wp:term":[{"taxonomy":"category","embeddable":true,"href":"https:\/\/luchonoticias.com\/editor\/wp-json\/wp\/v2\/categories?post=97480"},{"taxonomy":"post_tag","embeddable":true,"href":"https:\/\/luchonoticias.com\/editor\/wp-json\/wp\/v2\/tags?post=97480"}],"curies":[{"name":"wp","href":"https:\/\/api.w.org\/{rel}","templated":true}]}}