{"id":97485,"date":"2026-04-30T04:42:20","date_gmt":"2026-04-30T09:42:20","guid":{"rendered":"https:\/\/luchonoticias.com\/editor\/?p=97485"},"modified":"2026-04-30T04:42:21","modified_gmt":"2026-04-30T09:42:21","slug":"leve-disminucion-en-plantas-farmaceuticas-en-colombia","status":"publish","type":"post","link":"https:\/\/luchonoticias.com\/editor\/leve-disminucion-en-plantas-farmaceuticas-en-colombia\/","title":{"rendered":"Leve disminuci\u00f3n en plantas farmac\u00e9uticas en Colombia"},"content":{"rendered":"\n<p>Clara Rodr\u00edguez, directora de la Asociaci\u00f3n de la Industria Farmac\u00e9utica, advirti\u00f3 que en los \u00faltimos a\u00f1os el pa\u00eds ha registrado una leve reducci\u00f3n en el n\u00famero de plantas farmac\u00e9uticas, especialmente al comparar el periodo entre 2021 y 2024-2025. Seg\u00fan explic\u00f3, este comportamiento est\u00e1 asociado al endurecimiento de los est\u00e1ndares de calidad a nivel nacional e internacional, lo que exige inversiones elevadas que no todas las compa\u00f1\u00edas pueden asumir, afectando la viabilidad de estas instalaciones.<\/p>\n\n\n\n<p>La directiva se\u00f1al\u00f3 que, en contraste con la disminuci\u00f3n de plantas de producci\u00f3n, ha crecido el n\u00famero de establecimientos autorizados para comercializar medicamentos en Colombia, lo que evidencia una mayor dependencia de productos importados. En ese contexto, hizo un llamado a fortalecer la industria nacional, al considerar que se trata de un sector estrat\u00e9gico que requiere ampliar su capacidad instalada, no solo para la producci\u00f3n actual, sino tambi\u00e9n para el desarrollo de nuevas tecnolog\u00edas que respalden la autonom\u00eda sanitaria del pa\u00eds. Advirti\u00f3 que esta tendencia podr\u00eda generar impactos en el mediano y largo plazo, particularmente en el abastecimiento y la soberan\u00eda farmac\u00e9utica, al aumentar la dependencia de medicamentos fabricados en el exterior.<\/p>\n\n\n\n<p>De otra parte, Rodr\u00edguez afirm\u00f3 que la industria atraviesa una compleja situaci\u00f3n financiera derivada de la cadena de deudas en el sistema de salud. Indic\u00f3 que los laboratorios, como eslab\u00f3n final del proceso, enfrentan retrasos en los pagos por parte de EPS, operadores log\u00edsticos, cl\u00ednicas y hospitales, lo que limita su capacidad operativa. De acuerdo con sus estimaciones, la cartera adeudada a la industria farmac\u00e9utica nacional ronda los 4 billones de pesos, con plazos de pago cercanos a los 280 d\u00edas. A\u00f1adi\u00f3 que, adem\u00e1s de los retrasos, se presentan casos de incumplimiento, lo que en algunos escenarios ha derivado en la suspensi\u00f3n del suministro de medicamentos.<\/p>\n\n\n\n<p>Finalmente, la directora insisti\u00f3 en la necesidad de normalizar el flujo de recursos dentro de la cadena del medicamento, al subrayar que m\u00e1s all\u00e1 de las fallas en la intermediaci\u00f3n, la sostenibilidad de la producci\u00f3n depende de pagos oportunos. Aunque los medicamentos cuentan con precios regulados y accesibles, advirti\u00f3 que la falta de liquidez pone en riesgo la continuidad en la entrega a los pacientes.<\/p>\n\n\n\n<p><\/p>\n","protected":false},"excerpt":{"rendered":"<p>Clara Rodr\u00edguez, directora de la Asociaci\u00f3n de la Industria Farmac\u00e9utica, advirti\u00f3 que en los \u00faltimos a\u00f1os el pa\u00eds ha registrado una leve reducci\u00f3n en el n\u00famero de plantas farmac\u00e9uticas, especialmente al comparar el periodo entre 2021 y 2024-2025. Seg\u00fan explic\u00f3, este comportamiento est\u00e1 asociado al endurecimiento de los est\u00e1ndares de calidad a nivel nacional e [&hellip;]<\/p>\n","protected":false},"author":2,"featured_media":97486,"comment_status":"closed","ping_status":"open","sticky":false,"template":"","format":"standard","meta":{"footnotes":""},"categories":[28,32],"tags":[],"class_list":["post-97485","post","type-post","status-publish","format-standard","has-post-thumbnail","hentry","category-actualidad","category-nacional"],"yoast_head":"<!-- This site is optimized with the Yoast SEO plugin v26.6 - https:\/\/yoast.com\/wordpress\/plugins\/seo\/ -->\n<title>Leve disminuci\u00f3n en plantas farmac\u00e9uticas en Colombia -<\/title>\n<meta name=\"robots\" content=\"index, follow, max-snippet:-1, max-image-preview:large, max-video-preview:-1\" \/>\n<link rel=\"canonical\" href=\"https:\/\/luchonoticias.com\/editor\/leve-disminucion-en-plantas-farmaceuticas-en-colombia\/\" \/>\n<meta property=\"og:locale\" content=\"es_ES\" \/>\n<meta property=\"og:type\" content=\"article\" \/>\n<meta property=\"og:title\" content=\"Leve disminuci\u00f3n en plantas farmac\u00e9uticas en Colombia -\" \/>\n<meta property=\"og:url\" content=\"https:\/\/luchonoticias.com\/editor\/leve-disminucion-en-plantas-farmaceuticas-en-colombia\/\" \/>\n<meta property=\"article:publisher\" content=\"https:\/\/www.facebook.com\/luchonoticiasneiva\" \/>\n<meta property=\"article:published_time\" content=\"2026-04-30T09:42:20+00:00\" \/>\n<meta property=\"article:modified_time\" content=\"2026-04-30T09:42:21+00:00\" \/>\n<meta property=\"og:image\" content=\"https:\/\/luchonoticias.com\/editor\/wp-content\/uploads\/2026\/04\/medicinas.jpg\" \/>\n\t<meta property=\"og:image:width\" content=\"700\" \/>\n\t<meta property=\"og:image:height\" content=\"400\" \/>\n\t<meta property=\"og:image:type\" content=\"image\/jpeg\" \/>\n<meta name=\"author\" content=\"Editor General\" \/>\n<meta name=\"twitter:card\" content=\"summary_large_image\" \/>\n<meta name=\"twitter:label1\" content=\"Escrito por\" \/>\n\t<meta name=\"twitter:data1\" content=\"Editor General\" \/>\n\t<meta name=\"twitter:label2\" content=\"Tiempo de lectura\" \/>\n\t<meta name=\"twitter:data2\" content=\"2 minutos\" \/>\n<script type=\"application\/ld+json\" class=\"yoast-schema-graph\">{\"@context\":\"https:\/\/schema.org\",\"@graph\":[{\"@type\":\"Article\",\"@id\":\"https:\/\/luchonoticias.com\/editor\/leve-disminucion-en-plantas-farmaceuticas-en-colombia\/#article\",\"isPartOf\":{\"@id\":\"https:\/\/luchonoticias.com\/editor\/leve-disminucion-en-plantas-farmaceuticas-en-colombia\/\"},\"author\":{\"name\":\"Editor General\",\"@id\":\"https:\/\/luchonoticias.com\/editor\/#\/schema\/person\/29217990ddf6f14e35912b2866d591fb\"},\"headline\":\"Leve disminuci\u00f3n en plantas farmac\u00e9uticas en Colombia\",\"datePublished\":\"2026-04-30T09:42:20+00:00\",\"dateModified\":\"2026-04-30T09:42:21+00:00\",\"mainEntityOfPage\":{\"@id\":\"https:\/\/luchonoticias.com\/editor\/leve-disminucion-en-plantas-farmaceuticas-en-colombia\/\"},\"wordCount\":400,\"publisher\":{\"@id\":\"https:\/\/luchonoticias.com\/editor\/#\/schema\/person\/7a7fd911f58561fd056dbac7b55af9cd\"},\"image\":{\"@id\":\"https:\/\/luchonoticias.com\/editor\/leve-disminucion-en-plantas-farmaceuticas-en-colombia\/#primaryimage\"},\"thumbnailUrl\":\"https:\/\/luchonoticias.com\/editor\/wp-content\/uploads\/2026\/04\/medicinas.jpg\",\"articleSection\":[\"Actualidad\",\"Nacional\"],\"inLanguage\":\"es\"},{\"@type\":\"WebPage\",\"@id\":\"https:\/\/luchonoticias.com\/editor\/leve-disminucion-en-plantas-farmaceuticas-en-colombia\/\",\"url\":\"https:\/\/luchonoticias.com\/editor\/leve-disminucion-en-plantas-farmaceuticas-en-colombia\/\",\"name\":\"Leve disminuci\u00f3n en plantas farmac\u00e9uticas en Colombia -\",\"isPartOf\":{\"@id\":\"https:\/\/luchonoticias.com\/editor\/#website\"},\"primaryImageOfPage\":{\"@id\":\"https:\/\/luchonoticias.com\/editor\/leve-disminucion-en-plantas-farmaceuticas-en-colombia\/#primaryimage\"},\"image\":{\"@id\":\"https:\/\/luchonoticias.com\/editor\/leve-disminucion-en-plantas-farmaceuticas-en-colombia\/#primaryimage\"},\"thumbnailUrl\":\"https:\/\/luchonoticias.com\/editor\/wp-content\/uploads\/2026\/04\/medicinas.jpg\",\"datePublished\":\"2026-04-30T09:42:20+00:00\",\"dateModified\":\"2026-04-30T09:42:21+00:00\",\"breadcrumb\":{\"@id\":\"https:\/\/luchonoticias.com\/editor\/leve-disminucion-en-plantas-farmaceuticas-en-colombia\/#breadcrumb\"},\"inLanguage\":\"es\",\"potentialAction\":[{\"@type\":\"ReadAction\",\"target\":[\"https:\/\/luchonoticias.com\/editor\/leve-disminucion-en-plantas-farmaceuticas-en-colombia\/\"]}]},{\"@type\":\"ImageObject\",\"inLanguage\":\"es\",\"@id\":\"https:\/\/luchonoticias.com\/editor\/leve-disminucion-en-plantas-farmaceuticas-en-colombia\/#primaryimage\",\"url\":\"https:\/\/luchonoticias.com\/editor\/wp-content\/uploads\/2026\/04\/medicinas.jpg\",\"contentUrl\":\"https:\/\/luchonoticias.com\/editor\/wp-content\/uploads\/2026\/04\/medicinas.jpg\",\"width\":700,\"height\":400},{\"@type\":\"BreadcrumbList\",\"@id\":\"https:\/\/luchonoticias.com\/editor\/leve-disminucion-en-plantas-farmaceuticas-en-colombia\/#breadcrumb\",\"itemListElement\":[{\"@type\":\"ListItem\",\"position\":1,\"name\":\"Portada\",\"item\":\"https:\/\/luchonoticias.com\/editor\/\"},{\"@type\":\"ListItem\",\"position\":2,\"name\":\"Leve disminuci\u00f3n en plantas farmac\u00e9uticas en Colombia\"}]},{\"@type\":\"WebSite\",\"@id\":\"https:\/\/luchonoticias.com\/editor\/#website\",\"url\":\"https:\/\/luchonoticias.com\/editor\/\",\"name\":\"\",\"description\":\"\",\"publisher\":{\"@id\":\"https:\/\/luchonoticias.com\/editor\/#\/schema\/person\/7a7fd911f58561fd056dbac7b55af9cd\"},\"potentialAction\":[{\"@type\":\"SearchAction\",\"target\":{\"@type\":\"EntryPoint\",\"urlTemplate\":\"https:\/\/luchonoticias.com\/editor\/?s={search_term_string}\"},\"query-input\":{\"@type\":\"PropertyValueSpecification\",\"valueRequired\":true,\"valueName\":\"search_term_string\"}}],\"inLanguage\":\"es\"},{\"@type\":[\"Person\",\"Organization\"],\"@id\":\"https:\/\/luchonoticias.com\/editor\/#\/schema\/person\/7a7fd911f58561fd056dbac7b55af9cd\",\"name\":\"admin\",\"image\":{\"@type\":\"ImageObject\",\"inLanguage\":\"es\",\"@id\":\"https:\/\/luchonoticias.com\/editor\/#\/schema\/person\/image\/\",\"url\":\"https:\/\/luchonoticias.com\/editor\/wp-content\/uploads\/2024\/02\/cropped-cropped-logolu.webp\",\"contentUrl\":\"https:\/\/luchonoticias.com\/editor\/wp-content\/uploads\/2024\/02\/cropped-cropped-logolu.webp\",\"width\":382,\"height\":170,\"caption\":\"admin\"},\"logo\":{\"@id\":\"https:\/\/luchonoticias.com\/editor\/#\/schema\/person\/image\/\"},\"sameAs\":[\"https:\/\/www.facebook.com\/luchonoticiasneiva\"]},{\"@type\":\"Person\",\"@id\":\"https:\/\/luchonoticias.com\/editor\/#\/schema\/person\/29217990ddf6f14e35912b2866d591fb\",\"name\":\"Editor General\",\"image\":{\"@type\":\"ImageObject\",\"inLanguage\":\"es\",\"@id\":\"https:\/\/luchonoticias.com\/editor\/#\/schema\/person\/image\/\",\"url\":\"https:\/\/luchonoticias.com\/editor\/wp-content\/uploads\/2024\/02\/cropped-cropped-logolu-150x150.webp\",\"contentUrl\":\"https:\/\/luchonoticias.com\/editor\/wp-content\/uploads\/2024\/02\/cropped-cropped-logolu-150x150.webp\",\"caption\":\"Editor General\"},\"sameAs\":[\"https:\/\/luchonoticias.com\/\"],\"url\":\"https:\/\/luchonoticias.com\/editor\/author\/editor-general\/\"}]}<\/script>\n<!-- \/ Yoast SEO plugin. -->","yoast_head_json":{"title":"Leve disminuci\u00f3n en plantas farmac\u00e9uticas en Colombia -","robots":{"index":"index","follow":"follow","max-snippet":"max-snippet:-1","max-image-preview":"max-image-preview:large","max-video-preview":"max-video-preview:-1"},"canonical":"https:\/\/luchonoticias.com\/editor\/leve-disminucion-en-plantas-farmaceuticas-en-colombia\/","og_locale":"es_ES","og_type":"article","og_title":"Leve disminuci\u00f3n en plantas farmac\u00e9uticas en Colombia -","og_url":"https:\/\/luchonoticias.com\/editor\/leve-disminucion-en-plantas-farmaceuticas-en-colombia\/","article_publisher":"https:\/\/www.facebook.com\/luchonoticiasneiva","article_published_time":"2026-04-30T09:42:20+00:00","article_modified_time":"2026-04-30T09:42:21+00:00","og_image":[{"width":700,"height":400,"url":"https:\/\/luchonoticias.com\/editor\/wp-content\/uploads\/2026\/04\/medicinas.jpg","type":"image\/jpeg"}],"author":"Editor General","twitter_card":"summary_large_image","twitter_misc":{"Escrito por":"Editor General","Tiempo de lectura":"2 minutos"},"schema":{"@context":"https:\/\/schema.org","@graph":[{"@type":"Article","@id":"https:\/\/luchonoticias.com\/editor\/leve-disminucion-en-plantas-farmaceuticas-en-colombia\/#article","isPartOf":{"@id":"https:\/\/luchonoticias.com\/editor\/leve-disminucion-en-plantas-farmaceuticas-en-colombia\/"},"author":{"name":"Editor General","@id":"https:\/\/luchonoticias.com\/editor\/#\/schema\/person\/29217990ddf6f14e35912b2866d591fb"},"headline":"Leve disminuci\u00f3n en plantas farmac\u00e9uticas en Colombia","datePublished":"2026-04-30T09:42:20+00:00","dateModified":"2026-04-30T09:42:21+00:00","mainEntityOfPage":{"@id":"https:\/\/luchonoticias.com\/editor\/leve-disminucion-en-plantas-farmaceuticas-en-colombia\/"},"wordCount":400,"publisher":{"@id":"https:\/\/luchonoticias.com\/editor\/#\/schema\/person\/7a7fd911f58561fd056dbac7b55af9cd"},"image":{"@id":"https:\/\/luchonoticias.com\/editor\/leve-disminucion-en-plantas-farmaceuticas-en-colombia\/#primaryimage"},"thumbnailUrl":"https:\/\/luchonoticias.com\/editor\/wp-content\/uploads\/2026\/04\/medicinas.jpg","articleSection":["Actualidad","Nacional"],"inLanguage":"es"},{"@type":"WebPage","@id":"https:\/\/luchonoticias.com\/editor\/leve-disminucion-en-plantas-farmaceuticas-en-colombia\/","url":"https:\/\/luchonoticias.com\/editor\/leve-disminucion-en-plantas-farmaceuticas-en-colombia\/","name":"Leve disminuci\u00f3n en plantas farmac\u00e9uticas en Colombia -","isPartOf":{"@id":"https:\/\/luchonoticias.com\/editor\/#website"},"primaryImageOfPage":{"@id":"https:\/\/luchonoticias.com\/editor\/leve-disminucion-en-plantas-farmaceuticas-en-colombia\/#primaryimage"},"image":{"@id":"https:\/\/luchonoticias.com\/editor\/leve-disminucion-en-plantas-farmaceuticas-en-colombia\/#primaryimage"},"thumbnailUrl":"https:\/\/luchonoticias.com\/editor\/wp-content\/uploads\/2026\/04\/medicinas.jpg","datePublished":"2026-04-30T09:42:20+00:00","dateModified":"2026-04-30T09:42:21+00:00","breadcrumb":{"@id":"https:\/\/luchonoticias.com\/editor\/leve-disminucion-en-plantas-farmaceuticas-en-colombia\/#breadcrumb"},"inLanguage":"es","potentialAction":[{"@type":"ReadAction","target":["https:\/\/luchonoticias.com\/editor\/leve-disminucion-en-plantas-farmaceuticas-en-colombia\/"]}]},{"@type":"ImageObject","inLanguage":"es","@id":"https:\/\/luchonoticias.com\/editor\/leve-disminucion-en-plantas-farmaceuticas-en-colombia\/#primaryimage","url":"https:\/\/luchonoticias.com\/editor\/wp-content\/uploads\/2026\/04\/medicinas.jpg","contentUrl":"https:\/\/luchonoticias.com\/editor\/wp-content\/uploads\/2026\/04\/medicinas.jpg","width":700,"height":400},{"@type":"BreadcrumbList","@id":"https:\/\/luchonoticias.com\/editor\/leve-disminucion-en-plantas-farmaceuticas-en-colombia\/#breadcrumb","itemListElement":[{"@type":"ListItem","position":1,"name":"Portada","item":"https:\/\/luchonoticias.com\/editor\/"},{"@type":"ListItem","position":2,"name":"Leve disminuci\u00f3n en plantas farmac\u00e9uticas en Colombia"}]},{"@type":"WebSite","@id":"https:\/\/luchonoticias.com\/editor\/#website","url":"https:\/\/luchonoticias.com\/editor\/","name":"","description":"","publisher":{"@id":"https:\/\/luchonoticias.com\/editor\/#\/schema\/person\/7a7fd911f58561fd056dbac7b55af9cd"},"potentialAction":[{"@type":"SearchAction","target":{"@type":"EntryPoint","urlTemplate":"https:\/\/luchonoticias.com\/editor\/?s={search_term_string}"},"query-input":{"@type":"PropertyValueSpecification","valueRequired":true,"valueName":"search_term_string"}}],"inLanguage":"es"},{"@type":["Person","Organization"],"@id":"https:\/\/luchonoticias.com\/editor\/#\/schema\/person\/7a7fd911f58561fd056dbac7b55af9cd","name":"admin","image":{"@type":"ImageObject","inLanguage":"es","@id":"https:\/\/luchonoticias.com\/editor\/#\/schema\/person\/image\/","url":"https:\/\/luchonoticias.com\/editor\/wp-content\/uploads\/2024\/02\/cropped-cropped-logolu.webp","contentUrl":"https:\/\/luchonoticias.com\/editor\/wp-content\/uploads\/2024\/02\/cropped-cropped-logolu.webp","width":382,"height":170,"caption":"admin"},"logo":{"@id":"https:\/\/luchonoticias.com\/editor\/#\/schema\/person\/image\/"},"sameAs":["https:\/\/www.facebook.com\/luchonoticiasneiva"]},{"@type":"Person","@id":"https:\/\/luchonoticias.com\/editor\/#\/schema\/person\/29217990ddf6f14e35912b2866d591fb","name":"Editor General","image":{"@type":"ImageObject","inLanguage":"es","@id":"https:\/\/luchonoticias.com\/editor\/#\/schema\/person\/image\/","url":"https:\/\/luchonoticias.com\/editor\/wp-content\/uploads\/2024\/02\/cropped-cropped-logolu-150x150.webp","contentUrl":"https:\/\/luchonoticias.com\/editor\/wp-content\/uploads\/2024\/02\/cropped-cropped-logolu-150x150.webp","caption":"Editor General"},"sameAs":["https:\/\/luchonoticias.com\/"],"url":"https:\/\/luchonoticias.com\/editor\/author\/editor-general\/"}]}},"_links":{"self":[{"href":"https:\/\/luchonoticias.com\/editor\/wp-json\/wp\/v2\/posts\/97485","targetHints":{"allow":["GET"]}}],"collection":[{"href":"https:\/\/luchonoticias.com\/editor\/wp-json\/wp\/v2\/posts"}],"about":[{"href":"https:\/\/luchonoticias.com\/editor\/wp-json\/wp\/v2\/types\/post"}],"author":[{"embeddable":true,"href":"https:\/\/luchonoticias.com\/editor\/wp-json\/wp\/v2\/users\/2"}],"replies":[{"embeddable":true,"href":"https:\/\/luchonoticias.com\/editor\/wp-json\/wp\/v2\/comments?post=97485"}],"version-history":[{"count":1,"href":"https:\/\/luchonoticias.com\/editor\/wp-json\/wp\/v2\/posts\/97485\/revisions"}],"predecessor-version":[{"id":97487,"href":"https:\/\/luchonoticias.com\/editor\/wp-json\/wp\/v2\/posts\/97485\/revisions\/97487"}],"wp:featuredmedia":[{"embeddable":true,"href":"https:\/\/luchonoticias.com\/editor\/wp-json\/wp\/v2\/media\/97486"}],"wp:attachment":[{"href":"https:\/\/luchonoticias.com\/editor\/wp-json\/wp\/v2\/media?parent=97485"}],"wp:term":[{"taxonomy":"category","embeddable":true,"href":"https:\/\/luchonoticias.com\/editor\/wp-json\/wp\/v2\/categories?post=97485"},{"taxonomy":"post_tag","embeddable":true,"href":"https:\/\/luchonoticias.com\/editor\/wp-json\/wp\/v2\/tags?post=97485"}],"curies":[{"name":"wp","href":"https:\/\/api.w.org\/{rel}","templated":true}]}}