{"id":97488,"date":"2026-04-30T04:52:48","date_gmt":"2026-04-30T09:52:48","guid":{"rendered":"https:\/\/luchonoticias.com\/editor\/?p=97488"},"modified":"2026-04-30T04:52:49","modified_gmt":"2026-04-30T09:52:49","slug":"importante-apoyo-para-los-cafeteros-en-pleno-fenomeno-del-nino","status":"publish","type":"post","link":"https:\/\/luchonoticias.com\/editor\/importante-apoyo-para-los-cafeteros-en-pleno-fenomeno-del-nino\/","title":{"rendered":"Importante apoyo para los cafeteros en pleno fen\u00f3meno del ni\u00f1o"},"content":{"rendered":"\n<p>El Comit\u00e9 Nacional de Cafeteros aprob\u00f3 por unanimidad la propuesta del Ministerio de Agricultura y Desarrollo Rural para poner en marcha el programa \u2018Cosecha de Derechos Cafeteros &#8211; Fertilizaci\u00f3n para la Vida\u2019, que contempla una inversi\u00f3n cercana a los 52.000 millones de pesos con el objetivo de proteger la caficultura frente a choques clim\u00e1ticos, econ\u00f3micos y de mercado asociados al Fen\u00f3meno de El Ni\u00f1o y a la coyuntura global de fertilizantes.<\/p>\n\n\n\n<p>La iniciativa se proyecta como una de las principales apuestas del Gobierno en 2026 para salvaguardar el ingreso, la productividad y la estabilidad de cientos de miles de familias cafeteras. Tendr\u00e1 alcance en 610 municipios de 23 departamentos, con impacto en cultivos tanto en proceso de renovaci\u00f3n como en etapa productiva.<\/p>\n\n\n\n<p>La ministra de Agricultura, Martha Carvajalino Villegas, resalt\u00f3 el papel de la caficultura como motor de la econom\u00eda agropecuaria y se\u00f1al\u00f3 que el programa permitir\u00e1 implementar acciones de prevenci\u00f3n y mitigaci\u00f3n, fortalecimiento de coberturas vegetales y fertilizaci\u00f3n de cultivos para garantizar la sostenibilidad del caf\u00e9 colombiano.<\/p>\n\n\n\n<p>Los recursos provienen del Fondo de Estabilizaci\u00f3n de Precios del Caf\u00e9 y del programa Faia Mitigaci\u00f3n 2026 del Ministerio. Se estima que hasta 108.000 productores recibir\u00e1n apoyos directos, que incluyen subsidios de hasta el 40% para fertilizaci\u00f3n en cultivos en renovaci\u00f3n, 30% para producci\u00f3n, un 5% adicional para mujeres y j\u00f3venes, y beneficios que pueden alcanzar 1.800.000 pesos por productor.<\/p>\n\n\n\n<p>Durante la formulaci\u00f3n del programa se tuvo en cuenta que la falta de fertilizaci\u00f3n puede reducir la productividad entre un 20% y un 46%, mientras que una nutrici\u00f3n adecuada puede elevar la producci\u00f3n de 12 a 17 cargas por hect\u00e1rea, lo que representa incrementos cercanos al 42%. En ese sentido, garantizar una adecuada nutrici\u00f3n de los cultivos no solo protege la producci\u00f3n, sino tambi\u00e9n los ingresos de las familias rurales y la capacidad de respuesta del sector frente al cambio clim\u00e1tico.<\/p>\n\n\n\n<p>El Ministerio subray\u00f3 que esta estrategia no se plantea como un subsidio convencional, sino como un mecanismo de protecci\u00f3n anticipada del ingreso y fortalecimiento productivo del campo. En Colombia, el 97% de los caficultores son peque\u00f1os productores y el 91% cultiva en menos de tres hect\u00e1reas, lo que evidencia la relevancia social y econ\u00f3mica del sector. En ese contexto, respaldar la caficultura implica no solo proteger un producto de exportaci\u00f3n, sino tambi\u00e9n preservar el empleo rural, el tejido social y la estabilidad econ\u00f3mica de miles de familias.<\/p>\n\n\n\n<p><\/p>\n","protected":false},"excerpt":{"rendered":"<p>El Comit\u00e9 Nacional de Cafeteros aprob\u00f3 por unanimidad la propuesta del Ministerio de Agricultura y Desarrollo Rural para poner en marcha el programa \u2018Cosecha de Derechos Cafeteros &#8211; Fertilizaci\u00f3n para la Vida\u2019, que contempla una inversi\u00f3n cercana a los 52.000 millones de pesos con el objetivo de proteger la caficultura frente a choques clim\u00e1ticos, econ\u00f3micos [&hellip;]<\/p>\n","protected":false},"author":2,"featured_media":97489,"comment_status":"closed","ping_status":"open","sticky":false,"template":"","format":"standard","meta":{"footnotes":""},"categories":[28,32],"tags":[],"class_list":["post-97488","post","type-post","status-publish","format-standard","has-post-thumbnail","hentry","category-actualidad","category-nacional"],"yoast_head":"<!-- This site is optimized with the Yoast SEO plugin v26.6 - https:\/\/yoast.com\/wordpress\/plugins\/seo\/ -->\n<title>Importante apoyo para los cafeteros en pleno fen\u00f3meno del ni\u00f1o -<\/title>\n<meta name=\"robots\" content=\"index, follow, max-snippet:-1, max-image-preview:large, max-video-preview:-1\" \/>\n<link rel=\"canonical\" href=\"https:\/\/luchonoticias.com\/editor\/importante-apoyo-para-los-cafeteros-en-pleno-fenomeno-del-nino\/\" \/>\n<meta property=\"og:locale\" content=\"es_ES\" \/>\n<meta property=\"og:type\" content=\"article\" \/>\n<meta property=\"og:title\" content=\"Importante apoyo para los cafeteros en pleno fen\u00f3meno del ni\u00f1o -\" \/>\n<meta property=\"og:url\" content=\"https:\/\/luchonoticias.com\/editor\/importante-apoyo-para-los-cafeteros-en-pleno-fenomeno-del-nino\/\" \/>\n<meta property=\"article:publisher\" content=\"https:\/\/www.facebook.com\/luchonoticiasneiva\" \/>\n<meta property=\"article:published_time\" content=\"2026-04-30T09:52:48+00:00\" \/>\n<meta property=\"article:modified_time\" content=\"2026-04-30T09:52:49+00:00\" \/>\n<meta property=\"og:image\" content=\"https:\/\/luchonoticias.com\/editor\/wp-content\/uploads\/2026\/04\/cafeteros.jpg\" \/>\n\t<meta property=\"og:image:width\" content=\"700\" \/>\n\t<meta property=\"og:image:height\" content=\"400\" \/>\n\t<meta property=\"og:image:type\" content=\"image\/jpeg\" \/>\n<meta name=\"author\" content=\"Editor General\" \/>\n<meta name=\"twitter:card\" content=\"summary_large_image\" \/>\n<meta name=\"twitter:label1\" content=\"Escrito por\" \/>\n\t<meta name=\"twitter:data1\" content=\"Editor General\" \/>\n\t<meta name=\"twitter:label2\" content=\"Tiempo de lectura\" \/>\n\t<meta name=\"twitter:data2\" content=\"3 minutos\" \/>\n<script type=\"application\/ld+json\" class=\"yoast-schema-graph\">{\"@context\":\"https:\/\/schema.org\",\"@graph\":[{\"@type\":\"Article\",\"@id\":\"https:\/\/luchonoticias.com\/editor\/importante-apoyo-para-los-cafeteros-en-pleno-fenomeno-del-nino\/#article\",\"isPartOf\":{\"@id\":\"https:\/\/luchonoticias.com\/editor\/importante-apoyo-para-los-cafeteros-en-pleno-fenomeno-del-nino\/\"},\"author\":{\"name\":\"Editor General\",\"@id\":\"https:\/\/luchonoticias.com\/editor\/#\/schema\/person\/29217990ddf6f14e35912b2866d591fb\"},\"headline\":\"Importante apoyo para los cafeteros en pleno fen\u00f3meno del ni\u00f1o\",\"datePublished\":\"2026-04-30T09:52:48+00:00\",\"dateModified\":\"2026-04-30T09:52:49+00:00\",\"mainEntityOfPage\":{\"@id\":\"https:\/\/luchonoticias.com\/editor\/importante-apoyo-para-los-cafeteros-en-pleno-fenomeno-del-nino\/\"},\"wordCount\":426,\"publisher\":{\"@id\":\"https:\/\/luchonoticias.com\/editor\/#\/schema\/person\/7a7fd911f58561fd056dbac7b55af9cd\"},\"image\":{\"@id\":\"https:\/\/luchonoticias.com\/editor\/importante-apoyo-para-los-cafeteros-en-pleno-fenomeno-del-nino\/#primaryimage\"},\"thumbnailUrl\":\"https:\/\/luchonoticias.com\/editor\/wp-content\/uploads\/2026\/04\/cafeteros.jpg\",\"articleSection\":[\"Actualidad\",\"Nacional\"],\"inLanguage\":\"es\"},{\"@type\":\"WebPage\",\"@id\":\"https:\/\/luchonoticias.com\/editor\/importante-apoyo-para-los-cafeteros-en-pleno-fenomeno-del-nino\/\",\"url\":\"https:\/\/luchonoticias.com\/editor\/importante-apoyo-para-los-cafeteros-en-pleno-fenomeno-del-nino\/\",\"name\":\"Importante apoyo para los cafeteros en pleno fen\u00f3meno del ni\u00f1o -\",\"isPartOf\":{\"@id\":\"https:\/\/luchonoticias.com\/editor\/#website\"},\"primaryImageOfPage\":{\"@id\":\"https:\/\/luchonoticias.com\/editor\/importante-apoyo-para-los-cafeteros-en-pleno-fenomeno-del-nino\/#primaryimage\"},\"image\":{\"@id\":\"https:\/\/luchonoticias.com\/editor\/importante-apoyo-para-los-cafeteros-en-pleno-fenomeno-del-nino\/#primaryimage\"},\"thumbnailUrl\":\"https:\/\/luchonoticias.com\/editor\/wp-content\/uploads\/2026\/04\/cafeteros.jpg\",\"datePublished\":\"2026-04-30T09:52:48+00:00\",\"dateModified\":\"2026-04-30T09:52:49+00:00\",\"breadcrumb\":{\"@id\":\"https:\/\/luchonoticias.com\/editor\/importante-apoyo-para-los-cafeteros-en-pleno-fenomeno-del-nino\/#breadcrumb\"},\"inLanguage\":\"es\",\"potentialAction\":[{\"@type\":\"ReadAction\",\"target\":[\"https:\/\/luchonoticias.com\/editor\/importante-apoyo-para-los-cafeteros-en-pleno-fenomeno-del-nino\/\"]}]},{\"@type\":\"ImageObject\",\"inLanguage\":\"es\",\"@id\":\"https:\/\/luchonoticias.com\/editor\/importante-apoyo-para-los-cafeteros-en-pleno-fenomeno-del-nino\/#primaryimage\",\"url\":\"https:\/\/luchonoticias.com\/editor\/wp-content\/uploads\/2026\/04\/cafeteros.jpg\",\"contentUrl\":\"https:\/\/luchonoticias.com\/editor\/wp-content\/uploads\/2026\/04\/cafeteros.jpg\",\"width\":700,\"height\":400},{\"@type\":\"BreadcrumbList\",\"@id\":\"https:\/\/luchonoticias.com\/editor\/importante-apoyo-para-los-cafeteros-en-pleno-fenomeno-del-nino\/#breadcrumb\",\"itemListElement\":[{\"@type\":\"ListItem\",\"position\":1,\"name\":\"Portada\",\"item\":\"https:\/\/luchonoticias.com\/editor\/\"},{\"@type\":\"ListItem\",\"position\":2,\"name\":\"Importante apoyo para los cafeteros en pleno fen\u00f3meno del ni\u00f1o\"}]},{\"@type\":\"WebSite\",\"@id\":\"https:\/\/luchonoticias.com\/editor\/#website\",\"url\":\"https:\/\/luchonoticias.com\/editor\/\",\"name\":\"\",\"description\":\"\",\"publisher\":{\"@id\":\"https:\/\/luchonoticias.com\/editor\/#\/schema\/person\/7a7fd911f58561fd056dbac7b55af9cd\"},\"potentialAction\":[{\"@type\":\"SearchAction\",\"target\":{\"@type\":\"EntryPoint\",\"urlTemplate\":\"https:\/\/luchonoticias.com\/editor\/?s={search_term_string}\"},\"query-input\":{\"@type\":\"PropertyValueSpecification\",\"valueRequired\":true,\"valueName\":\"search_term_string\"}}],\"inLanguage\":\"es\"},{\"@type\":[\"Person\",\"Organization\"],\"@id\":\"https:\/\/luchonoticias.com\/editor\/#\/schema\/person\/7a7fd911f58561fd056dbac7b55af9cd\",\"name\":\"admin\",\"image\":{\"@type\":\"ImageObject\",\"inLanguage\":\"es\",\"@id\":\"https:\/\/luchonoticias.com\/editor\/#\/schema\/person\/image\/\",\"url\":\"https:\/\/luchonoticias.com\/editor\/wp-content\/uploads\/2024\/02\/cropped-cropped-logolu.webp\",\"contentUrl\":\"https:\/\/luchonoticias.com\/editor\/wp-content\/uploads\/2024\/02\/cropped-cropped-logolu.webp\",\"width\":382,\"height\":170,\"caption\":\"admin\"},\"logo\":{\"@id\":\"https:\/\/luchonoticias.com\/editor\/#\/schema\/person\/image\/\"},\"sameAs\":[\"https:\/\/www.facebook.com\/luchonoticiasneiva\"]},{\"@type\":\"Person\",\"@id\":\"https:\/\/luchonoticias.com\/editor\/#\/schema\/person\/29217990ddf6f14e35912b2866d591fb\",\"name\":\"Editor General\",\"image\":{\"@type\":\"ImageObject\",\"inLanguage\":\"es\",\"@id\":\"https:\/\/luchonoticias.com\/editor\/#\/schema\/person\/image\/\",\"url\":\"https:\/\/luchonoticias.com\/editor\/wp-content\/uploads\/2024\/02\/cropped-cropped-logolu-150x150.webp\",\"contentUrl\":\"https:\/\/luchonoticias.com\/editor\/wp-content\/uploads\/2024\/02\/cropped-cropped-logolu-150x150.webp\",\"caption\":\"Editor General\"},\"sameAs\":[\"https:\/\/luchonoticias.com\/\"],\"url\":\"https:\/\/luchonoticias.com\/editor\/author\/editor-general\/\"}]}<\/script>\n<!-- \/ Yoast SEO plugin. -->","yoast_head_json":{"title":"Importante apoyo para los cafeteros en pleno fen\u00f3meno del ni\u00f1o -","robots":{"index":"index","follow":"follow","max-snippet":"max-snippet:-1","max-image-preview":"max-image-preview:large","max-video-preview":"max-video-preview:-1"},"canonical":"https:\/\/luchonoticias.com\/editor\/importante-apoyo-para-los-cafeteros-en-pleno-fenomeno-del-nino\/","og_locale":"es_ES","og_type":"article","og_title":"Importante apoyo para los cafeteros en pleno fen\u00f3meno del ni\u00f1o -","og_url":"https:\/\/luchonoticias.com\/editor\/importante-apoyo-para-los-cafeteros-en-pleno-fenomeno-del-nino\/","article_publisher":"https:\/\/www.facebook.com\/luchonoticiasneiva","article_published_time":"2026-04-30T09:52:48+00:00","article_modified_time":"2026-04-30T09:52:49+00:00","og_image":[{"width":700,"height":400,"url":"https:\/\/luchonoticias.com\/editor\/wp-content\/uploads\/2026\/04\/cafeteros.jpg","type":"image\/jpeg"}],"author":"Editor General","twitter_card":"summary_large_image","twitter_misc":{"Escrito por":"Editor General","Tiempo de lectura":"3 minutos"},"schema":{"@context":"https:\/\/schema.org","@graph":[{"@type":"Article","@id":"https:\/\/luchonoticias.com\/editor\/importante-apoyo-para-los-cafeteros-en-pleno-fenomeno-del-nino\/#article","isPartOf":{"@id":"https:\/\/luchonoticias.com\/editor\/importante-apoyo-para-los-cafeteros-en-pleno-fenomeno-del-nino\/"},"author":{"name":"Editor General","@id":"https:\/\/luchonoticias.com\/editor\/#\/schema\/person\/29217990ddf6f14e35912b2866d591fb"},"headline":"Importante apoyo para los cafeteros en pleno fen\u00f3meno del ni\u00f1o","datePublished":"2026-04-30T09:52:48+00:00","dateModified":"2026-04-30T09:52:49+00:00","mainEntityOfPage":{"@id":"https:\/\/luchonoticias.com\/editor\/importante-apoyo-para-los-cafeteros-en-pleno-fenomeno-del-nino\/"},"wordCount":426,"publisher":{"@id":"https:\/\/luchonoticias.com\/editor\/#\/schema\/person\/7a7fd911f58561fd056dbac7b55af9cd"},"image":{"@id":"https:\/\/luchonoticias.com\/editor\/importante-apoyo-para-los-cafeteros-en-pleno-fenomeno-del-nino\/#primaryimage"},"thumbnailUrl":"https:\/\/luchonoticias.com\/editor\/wp-content\/uploads\/2026\/04\/cafeteros.jpg","articleSection":["Actualidad","Nacional"],"inLanguage":"es"},{"@type":"WebPage","@id":"https:\/\/luchonoticias.com\/editor\/importante-apoyo-para-los-cafeteros-en-pleno-fenomeno-del-nino\/","url":"https:\/\/luchonoticias.com\/editor\/importante-apoyo-para-los-cafeteros-en-pleno-fenomeno-del-nino\/","name":"Importante apoyo para los cafeteros en pleno fen\u00f3meno del ni\u00f1o -","isPartOf":{"@id":"https:\/\/luchonoticias.com\/editor\/#website"},"primaryImageOfPage":{"@id":"https:\/\/luchonoticias.com\/editor\/importante-apoyo-para-los-cafeteros-en-pleno-fenomeno-del-nino\/#primaryimage"},"image":{"@id":"https:\/\/luchonoticias.com\/editor\/importante-apoyo-para-los-cafeteros-en-pleno-fenomeno-del-nino\/#primaryimage"},"thumbnailUrl":"https:\/\/luchonoticias.com\/editor\/wp-content\/uploads\/2026\/04\/cafeteros.jpg","datePublished":"2026-04-30T09:52:48+00:00","dateModified":"2026-04-30T09:52:49+00:00","breadcrumb":{"@id":"https:\/\/luchonoticias.com\/editor\/importante-apoyo-para-los-cafeteros-en-pleno-fenomeno-del-nino\/#breadcrumb"},"inLanguage":"es","potentialAction":[{"@type":"ReadAction","target":["https:\/\/luchonoticias.com\/editor\/importante-apoyo-para-los-cafeteros-en-pleno-fenomeno-del-nino\/"]}]},{"@type":"ImageObject","inLanguage":"es","@id":"https:\/\/luchonoticias.com\/editor\/importante-apoyo-para-los-cafeteros-en-pleno-fenomeno-del-nino\/#primaryimage","url":"https:\/\/luchonoticias.com\/editor\/wp-content\/uploads\/2026\/04\/cafeteros.jpg","contentUrl":"https:\/\/luchonoticias.com\/editor\/wp-content\/uploads\/2026\/04\/cafeteros.jpg","width":700,"height":400},{"@type":"BreadcrumbList","@id":"https:\/\/luchonoticias.com\/editor\/importante-apoyo-para-los-cafeteros-en-pleno-fenomeno-del-nino\/#breadcrumb","itemListElement":[{"@type":"ListItem","position":1,"name":"Portada","item":"https:\/\/luchonoticias.com\/editor\/"},{"@type":"ListItem","position":2,"name":"Importante apoyo para los cafeteros en pleno fen\u00f3meno del ni\u00f1o"}]},{"@type":"WebSite","@id":"https:\/\/luchonoticias.com\/editor\/#website","url":"https:\/\/luchonoticias.com\/editor\/","name":"","description":"","publisher":{"@id":"https:\/\/luchonoticias.com\/editor\/#\/schema\/person\/7a7fd911f58561fd056dbac7b55af9cd"},"potentialAction":[{"@type":"SearchAction","target":{"@type":"EntryPoint","urlTemplate":"https:\/\/luchonoticias.com\/editor\/?s={search_term_string}"},"query-input":{"@type":"PropertyValueSpecification","valueRequired":true,"valueName":"search_term_string"}}],"inLanguage":"es"},{"@type":["Person","Organization"],"@id":"https:\/\/luchonoticias.com\/editor\/#\/schema\/person\/7a7fd911f58561fd056dbac7b55af9cd","name":"admin","image":{"@type":"ImageObject","inLanguage":"es","@id":"https:\/\/luchonoticias.com\/editor\/#\/schema\/person\/image\/","url":"https:\/\/luchonoticias.com\/editor\/wp-content\/uploads\/2024\/02\/cropped-cropped-logolu.webp","contentUrl":"https:\/\/luchonoticias.com\/editor\/wp-content\/uploads\/2024\/02\/cropped-cropped-logolu.webp","width":382,"height":170,"caption":"admin"},"logo":{"@id":"https:\/\/luchonoticias.com\/editor\/#\/schema\/person\/image\/"},"sameAs":["https:\/\/www.facebook.com\/luchonoticiasneiva"]},{"@type":"Person","@id":"https:\/\/luchonoticias.com\/editor\/#\/schema\/person\/29217990ddf6f14e35912b2866d591fb","name":"Editor General","image":{"@type":"ImageObject","inLanguage":"es","@id":"https:\/\/luchonoticias.com\/editor\/#\/schema\/person\/image\/","url":"https:\/\/luchonoticias.com\/editor\/wp-content\/uploads\/2024\/02\/cropped-cropped-logolu-150x150.webp","contentUrl":"https:\/\/luchonoticias.com\/editor\/wp-content\/uploads\/2024\/02\/cropped-cropped-logolu-150x150.webp","caption":"Editor General"},"sameAs":["https:\/\/luchonoticias.com\/"],"url":"https:\/\/luchonoticias.com\/editor\/author\/editor-general\/"}]}},"_links":{"self":[{"href":"https:\/\/luchonoticias.com\/editor\/wp-json\/wp\/v2\/posts\/97488","targetHints":{"allow":["GET"]}}],"collection":[{"href":"https:\/\/luchonoticias.com\/editor\/wp-json\/wp\/v2\/posts"}],"about":[{"href":"https:\/\/luchonoticias.com\/editor\/wp-json\/wp\/v2\/types\/post"}],"author":[{"embeddable":true,"href":"https:\/\/luchonoticias.com\/editor\/wp-json\/wp\/v2\/users\/2"}],"replies":[{"embeddable":true,"href":"https:\/\/luchonoticias.com\/editor\/wp-json\/wp\/v2\/comments?post=97488"}],"version-history":[{"count":1,"href":"https:\/\/luchonoticias.com\/editor\/wp-json\/wp\/v2\/posts\/97488\/revisions"}],"predecessor-version":[{"id":97490,"href":"https:\/\/luchonoticias.com\/editor\/wp-json\/wp\/v2\/posts\/97488\/revisions\/97490"}],"wp:featuredmedia":[{"embeddable":true,"href":"https:\/\/luchonoticias.com\/editor\/wp-json\/wp\/v2\/media\/97489"}],"wp:attachment":[{"href":"https:\/\/luchonoticias.com\/editor\/wp-json\/wp\/v2\/media?parent=97488"}],"wp:term":[{"taxonomy":"category","embeddable":true,"href":"https:\/\/luchonoticias.com\/editor\/wp-json\/wp\/v2\/categories?post=97488"},{"taxonomy":"post_tag","embeddable":true,"href":"https:\/\/luchonoticias.com\/editor\/wp-json\/wp\/v2\/tags?post=97488"}],"curies":[{"name":"wp","href":"https:\/\/api.w.org\/{rel}","templated":true}]}}