{"id":97491,"date":"2026-04-30T07:14:30","date_gmt":"2026-04-30T12:14:30","guid":{"rendered":"https:\/\/luchonoticias.com\/editor\/?p=97491"},"modified":"2026-04-30T07:14:41","modified_gmt":"2026-04-30T12:14:41","slug":"denuncian-secuestro-de-tres-colombianos-que-iban-a-gaza","status":"publish","type":"post","link":"https:\/\/luchonoticias.com\/editor\/denuncian-secuestro-de-tres-colombianos-que-iban-a-gaza\/","title":{"rendered":"Denuncian secuestro de tres colombianos que iban a Gaza"},"content":{"rendered":"\n<p>El presidente de Colombia, Gustavo Petro, denunci\u00f3 la retenci\u00f3n de tres ciudadanos colombianos que viajaban en la denominada Flotilla de la Libertad, la cual se dirig\u00eda hacia la Franja de Gaza con ayuda humanitaria.<\/p>\n\n\n\n<p>De acuerdo con lo expresado por el mandatario, las embarcaciones habr\u00edan sido interceptadas por fuerzas de Israel en aguas internacionales, situaci\u00f3n que calific\u00f3 como un \u201csecuestro\u201d. Seg\u00fan la informaci\u00f3n oficial, los tres colombianos se encontraban a bordo de diferentes barcos que integraban la flotilla.<\/p>\n\n\n\n<p>Por su parte, autoridades israel\u00edes informaron sobre la detenci\u00f3n de cerca de 175 activistas que participaban en la misi\u00f3n, quienes estar\u00edan siendo trasladados a territorio israel\u00ed tras la interceptaci\u00f3n de varias embarcaciones en aguas internacionales, cerca de las costas de Grecia, a unos 1.200 kil\u00f3metros de Gaza.<\/p>\n\n\n\n<p>Reportes de seguimiento a la misi\u00f3n se\u00f1alaron que al menos 22 barcos fueron interceptados durante la operaci\u00f3n. Previamente, se hab\u00eda advertido que unidades militares israel\u00edes hab\u00edan rodeado la flotilla y emitido amenazas de intervenci\u00f3n.<\/p>\n\n\n\n<p>La llamada Flotilla de la Libertad hab\u00eda zarpado d\u00edas antes desde el puerto de Augusta, en el sur de Italia, con el objetivo de llevar asistencia humanitaria a la poblaci\u00f3n palestina en la Franja de Gaza.<\/p>\n\n\n\n<p><\/p>\n","protected":false},"excerpt":{"rendered":"<p>El presidente de Colombia, Gustavo Petro, denunci\u00f3 la retenci\u00f3n de tres ciudadanos colombianos que viajaban en la denominada Flotilla de la Libertad, la cual se dirig\u00eda hacia la Franja de Gaza con ayuda humanitaria. De acuerdo con lo expresado por el mandatario, las embarcaciones habr\u00edan sido interceptadas por fuerzas de Israel en aguas internacionales, situaci\u00f3n [&hellip;]<\/p>\n","protected":false},"author":2,"featured_media":97492,"comment_status":"closed","ping_status":"open","sticky":false,"template":"","format":"standard","meta":{"footnotes":""},"categories":[28,32],"tags":[],"class_list":["post-97491","post","type-post","status-publish","format-standard","has-post-thumbnail","hentry","category-actualidad","category-nacional"],"yoast_head":"<!-- This site is optimized with the Yoast SEO plugin v26.6 - https:\/\/yoast.com\/wordpress\/plugins\/seo\/ -->\n<title>Denuncian secuestro de tres colombianos que iban a Gaza -<\/title>\n<meta name=\"robots\" content=\"index, follow, max-snippet:-1, max-image-preview:large, max-video-preview:-1\" \/>\n<link rel=\"canonical\" href=\"https:\/\/luchonoticias.com\/editor\/denuncian-secuestro-de-tres-colombianos-que-iban-a-gaza\/\" \/>\n<meta property=\"og:locale\" content=\"es_ES\" \/>\n<meta property=\"og:type\" content=\"article\" \/>\n<meta property=\"og:title\" content=\"Denuncian secuestro de tres colombianos que iban a Gaza -\" \/>\n<meta property=\"og:url\" content=\"https:\/\/luchonoticias.com\/editor\/denuncian-secuestro-de-tres-colombianos-que-iban-a-gaza\/\" \/>\n<meta property=\"article:publisher\" content=\"https:\/\/www.facebook.com\/luchonoticiasneiva\" \/>\n<meta property=\"article:published_time\" content=\"2026-04-30T12:14:30+00:00\" \/>\n<meta property=\"article:modified_time\" content=\"2026-04-30T12:14:41+00:00\" \/>\n<meta property=\"og:image\" content=\"https:\/\/luchonoticias.com\/editor\/wp-content\/uploads\/2026\/04\/flota-de-la-liberrtad.jpg\" \/>\n\t<meta property=\"og:image:width\" content=\"700\" \/>\n\t<meta property=\"og:image:height\" content=\"400\" \/>\n\t<meta property=\"og:image:type\" content=\"image\/jpeg\" \/>\n<meta name=\"author\" content=\"Editor General\" \/>\n<meta name=\"twitter:card\" content=\"summary_large_image\" \/>\n<meta name=\"twitter:label1\" content=\"Escrito por\" \/>\n\t<meta name=\"twitter:data1\" content=\"Editor General\" \/>\n\t<meta name=\"twitter:label2\" content=\"Tiempo de lectura\" \/>\n\t<meta name=\"twitter:data2\" content=\"2 minutos\" \/>\n<script type=\"application\/ld+json\" class=\"yoast-schema-graph\">{\"@context\":\"https:\/\/schema.org\",\"@graph\":[{\"@type\":\"Article\",\"@id\":\"https:\/\/luchonoticias.com\/editor\/denuncian-secuestro-de-tres-colombianos-que-iban-a-gaza\/#article\",\"isPartOf\":{\"@id\":\"https:\/\/luchonoticias.com\/editor\/denuncian-secuestro-de-tres-colombianos-que-iban-a-gaza\/\"},\"author\":{\"name\":\"Editor General\",\"@id\":\"https:\/\/luchonoticias.com\/editor\/#\/schema\/person\/29217990ddf6f14e35912b2866d591fb\"},\"headline\":\"Denuncian secuestro de tres colombianos que iban a Gaza\",\"datePublished\":\"2026-04-30T12:14:30+00:00\",\"dateModified\":\"2026-04-30T12:14:41+00:00\",\"mainEntityOfPage\":{\"@id\":\"https:\/\/luchonoticias.com\/editor\/denuncian-secuestro-de-tres-colombianos-que-iban-a-gaza\/\"},\"wordCount\":223,\"publisher\":{\"@id\":\"https:\/\/luchonoticias.com\/editor\/#\/schema\/person\/7a7fd911f58561fd056dbac7b55af9cd\"},\"image\":{\"@id\":\"https:\/\/luchonoticias.com\/editor\/denuncian-secuestro-de-tres-colombianos-que-iban-a-gaza\/#primaryimage\"},\"thumbnailUrl\":\"https:\/\/luchonoticias.com\/editor\/wp-content\/uploads\/2026\/04\/flota-de-la-liberrtad.jpg\",\"articleSection\":[\"Actualidad\",\"Nacional\"],\"inLanguage\":\"es\"},{\"@type\":\"WebPage\",\"@id\":\"https:\/\/luchonoticias.com\/editor\/denuncian-secuestro-de-tres-colombianos-que-iban-a-gaza\/\",\"url\":\"https:\/\/luchonoticias.com\/editor\/denuncian-secuestro-de-tres-colombianos-que-iban-a-gaza\/\",\"name\":\"Denuncian secuestro de tres colombianos que iban a Gaza -\",\"isPartOf\":{\"@id\":\"https:\/\/luchonoticias.com\/editor\/#website\"},\"primaryImageOfPage\":{\"@id\":\"https:\/\/luchonoticias.com\/editor\/denuncian-secuestro-de-tres-colombianos-que-iban-a-gaza\/#primaryimage\"},\"image\":{\"@id\":\"https:\/\/luchonoticias.com\/editor\/denuncian-secuestro-de-tres-colombianos-que-iban-a-gaza\/#primaryimage\"},\"thumbnailUrl\":\"https:\/\/luchonoticias.com\/editor\/wp-content\/uploads\/2026\/04\/flota-de-la-liberrtad.jpg\",\"datePublished\":\"2026-04-30T12:14:30+00:00\",\"dateModified\":\"2026-04-30T12:14:41+00:00\",\"breadcrumb\":{\"@id\":\"https:\/\/luchonoticias.com\/editor\/denuncian-secuestro-de-tres-colombianos-que-iban-a-gaza\/#breadcrumb\"},\"inLanguage\":\"es\",\"potentialAction\":[{\"@type\":\"ReadAction\",\"target\":[\"https:\/\/luchonoticias.com\/editor\/denuncian-secuestro-de-tres-colombianos-que-iban-a-gaza\/\"]}]},{\"@type\":\"ImageObject\",\"inLanguage\":\"es\",\"@id\":\"https:\/\/luchonoticias.com\/editor\/denuncian-secuestro-de-tres-colombianos-que-iban-a-gaza\/#primaryimage\",\"url\":\"https:\/\/luchonoticias.com\/editor\/wp-content\/uploads\/2026\/04\/flota-de-la-liberrtad.jpg\",\"contentUrl\":\"https:\/\/luchonoticias.com\/editor\/wp-content\/uploads\/2026\/04\/flota-de-la-liberrtad.jpg\",\"width\":700,\"height\":400},{\"@type\":\"BreadcrumbList\",\"@id\":\"https:\/\/luchonoticias.com\/editor\/denuncian-secuestro-de-tres-colombianos-que-iban-a-gaza\/#breadcrumb\",\"itemListElement\":[{\"@type\":\"ListItem\",\"position\":1,\"name\":\"Portada\",\"item\":\"https:\/\/luchonoticias.com\/editor\/\"},{\"@type\":\"ListItem\",\"position\":2,\"name\":\"Denuncian secuestro de tres colombianos que iban a Gaza\"}]},{\"@type\":\"WebSite\",\"@id\":\"https:\/\/luchonoticias.com\/editor\/#website\",\"url\":\"https:\/\/luchonoticias.com\/editor\/\",\"name\":\"\",\"description\":\"\",\"publisher\":{\"@id\":\"https:\/\/luchonoticias.com\/editor\/#\/schema\/person\/7a7fd911f58561fd056dbac7b55af9cd\"},\"potentialAction\":[{\"@type\":\"SearchAction\",\"target\":{\"@type\":\"EntryPoint\",\"urlTemplate\":\"https:\/\/luchonoticias.com\/editor\/?s={search_term_string}\"},\"query-input\":{\"@type\":\"PropertyValueSpecification\",\"valueRequired\":true,\"valueName\":\"search_term_string\"}}],\"inLanguage\":\"es\"},{\"@type\":[\"Person\",\"Organization\"],\"@id\":\"https:\/\/luchonoticias.com\/editor\/#\/schema\/person\/7a7fd911f58561fd056dbac7b55af9cd\",\"name\":\"admin\",\"image\":{\"@type\":\"ImageObject\",\"inLanguage\":\"es\",\"@id\":\"https:\/\/luchonoticias.com\/editor\/#\/schema\/person\/image\/\",\"url\":\"https:\/\/luchonoticias.com\/editor\/wp-content\/uploads\/2024\/02\/cropped-cropped-logolu.webp\",\"contentUrl\":\"https:\/\/luchonoticias.com\/editor\/wp-content\/uploads\/2024\/02\/cropped-cropped-logolu.webp\",\"width\":382,\"height\":170,\"caption\":\"admin\"},\"logo\":{\"@id\":\"https:\/\/luchonoticias.com\/editor\/#\/schema\/person\/image\/\"},\"sameAs\":[\"https:\/\/www.facebook.com\/luchonoticiasneiva\"]},{\"@type\":\"Person\",\"@id\":\"https:\/\/luchonoticias.com\/editor\/#\/schema\/person\/29217990ddf6f14e35912b2866d591fb\",\"name\":\"Editor General\",\"image\":{\"@type\":\"ImageObject\",\"inLanguage\":\"es\",\"@id\":\"https:\/\/luchonoticias.com\/editor\/#\/schema\/person\/image\/\",\"url\":\"https:\/\/luchonoticias.com\/editor\/wp-content\/uploads\/2024\/02\/cropped-cropped-logolu-150x150.webp\",\"contentUrl\":\"https:\/\/luchonoticias.com\/editor\/wp-content\/uploads\/2024\/02\/cropped-cropped-logolu-150x150.webp\",\"caption\":\"Editor General\"},\"sameAs\":[\"https:\/\/luchonoticias.com\/\"],\"url\":\"https:\/\/luchonoticias.com\/editor\/author\/editor-general\/\"}]}<\/script>\n<!-- \/ Yoast SEO plugin. -->","yoast_head_json":{"title":"Denuncian secuestro de tres colombianos que iban a Gaza -","robots":{"index":"index","follow":"follow","max-snippet":"max-snippet:-1","max-image-preview":"max-image-preview:large","max-video-preview":"max-video-preview:-1"},"canonical":"https:\/\/luchonoticias.com\/editor\/denuncian-secuestro-de-tres-colombianos-que-iban-a-gaza\/","og_locale":"es_ES","og_type":"article","og_title":"Denuncian secuestro de tres colombianos que iban a Gaza -","og_url":"https:\/\/luchonoticias.com\/editor\/denuncian-secuestro-de-tres-colombianos-que-iban-a-gaza\/","article_publisher":"https:\/\/www.facebook.com\/luchonoticiasneiva","article_published_time":"2026-04-30T12:14:30+00:00","article_modified_time":"2026-04-30T12:14:41+00:00","og_image":[{"width":700,"height":400,"url":"https:\/\/luchonoticias.com\/editor\/wp-content\/uploads\/2026\/04\/flota-de-la-liberrtad.jpg","type":"image\/jpeg"}],"author":"Editor General","twitter_card":"summary_large_image","twitter_misc":{"Escrito por":"Editor General","Tiempo de lectura":"2 minutos"},"schema":{"@context":"https:\/\/schema.org","@graph":[{"@type":"Article","@id":"https:\/\/luchonoticias.com\/editor\/denuncian-secuestro-de-tres-colombianos-que-iban-a-gaza\/#article","isPartOf":{"@id":"https:\/\/luchonoticias.com\/editor\/denuncian-secuestro-de-tres-colombianos-que-iban-a-gaza\/"},"author":{"name":"Editor General","@id":"https:\/\/luchonoticias.com\/editor\/#\/schema\/person\/29217990ddf6f14e35912b2866d591fb"},"headline":"Denuncian secuestro de tres colombianos que iban a Gaza","datePublished":"2026-04-30T12:14:30+00:00","dateModified":"2026-04-30T12:14:41+00:00","mainEntityOfPage":{"@id":"https:\/\/luchonoticias.com\/editor\/denuncian-secuestro-de-tres-colombianos-que-iban-a-gaza\/"},"wordCount":223,"publisher":{"@id":"https:\/\/luchonoticias.com\/editor\/#\/schema\/person\/7a7fd911f58561fd056dbac7b55af9cd"},"image":{"@id":"https:\/\/luchonoticias.com\/editor\/denuncian-secuestro-de-tres-colombianos-que-iban-a-gaza\/#primaryimage"},"thumbnailUrl":"https:\/\/luchonoticias.com\/editor\/wp-content\/uploads\/2026\/04\/flota-de-la-liberrtad.jpg","articleSection":["Actualidad","Nacional"],"inLanguage":"es"},{"@type":"WebPage","@id":"https:\/\/luchonoticias.com\/editor\/denuncian-secuestro-de-tres-colombianos-que-iban-a-gaza\/","url":"https:\/\/luchonoticias.com\/editor\/denuncian-secuestro-de-tres-colombianos-que-iban-a-gaza\/","name":"Denuncian secuestro de tres colombianos que iban a Gaza -","isPartOf":{"@id":"https:\/\/luchonoticias.com\/editor\/#website"},"primaryImageOfPage":{"@id":"https:\/\/luchonoticias.com\/editor\/denuncian-secuestro-de-tres-colombianos-que-iban-a-gaza\/#primaryimage"},"image":{"@id":"https:\/\/luchonoticias.com\/editor\/denuncian-secuestro-de-tres-colombianos-que-iban-a-gaza\/#primaryimage"},"thumbnailUrl":"https:\/\/luchonoticias.com\/editor\/wp-content\/uploads\/2026\/04\/flota-de-la-liberrtad.jpg","datePublished":"2026-04-30T12:14:30+00:00","dateModified":"2026-04-30T12:14:41+00:00","breadcrumb":{"@id":"https:\/\/luchonoticias.com\/editor\/denuncian-secuestro-de-tres-colombianos-que-iban-a-gaza\/#breadcrumb"},"inLanguage":"es","potentialAction":[{"@type":"ReadAction","target":["https:\/\/luchonoticias.com\/editor\/denuncian-secuestro-de-tres-colombianos-que-iban-a-gaza\/"]}]},{"@type":"ImageObject","inLanguage":"es","@id":"https:\/\/luchonoticias.com\/editor\/denuncian-secuestro-de-tres-colombianos-que-iban-a-gaza\/#primaryimage","url":"https:\/\/luchonoticias.com\/editor\/wp-content\/uploads\/2026\/04\/flota-de-la-liberrtad.jpg","contentUrl":"https:\/\/luchonoticias.com\/editor\/wp-content\/uploads\/2026\/04\/flota-de-la-liberrtad.jpg","width":700,"height":400},{"@type":"BreadcrumbList","@id":"https:\/\/luchonoticias.com\/editor\/denuncian-secuestro-de-tres-colombianos-que-iban-a-gaza\/#breadcrumb","itemListElement":[{"@type":"ListItem","position":1,"name":"Portada","item":"https:\/\/luchonoticias.com\/editor\/"},{"@type":"ListItem","position":2,"name":"Denuncian secuestro de tres colombianos que iban a Gaza"}]},{"@type":"WebSite","@id":"https:\/\/luchonoticias.com\/editor\/#website","url":"https:\/\/luchonoticias.com\/editor\/","name":"","description":"","publisher":{"@id":"https:\/\/luchonoticias.com\/editor\/#\/schema\/person\/7a7fd911f58561fd056dbac7b55af9cd"},"potentialAction":[{"@type":"SearchAction","target":{"@type":"EntryPoint","urlTemplate":"https:\/\/luchonoticias.com\/editor\/?s={search_term_string}"},"query-input":{"@type":"PropertyValueSpecification","valueRequired":true,"valueName":"search_term_string"}}],"inLanguage":"es"},{"@type":["Person","Organization"],"@id":"https:\/\/luchonoticias.com\/editor\/#\/schema\/person\/7a7fd911f58561fd056dbac7b55af9cd","name":"admin","image":{"@type":"ImageObject","inLanguage":"es","@id":"https:\/\/luchonoticias.com\/editor\/#\/schema\/person\/image\/","url":"https:\/\/luchonoticias.com\/editor\/wp-content\/uploads\/2024\/02\/cropped-cropped-logolu.webp","contentUrl":"https:\/\/luchonoticias.com\/editor\/wp-content\/uploads\/2024\/02\/cropped-cropped-logolu.webp","width":382,"height":170,"caption":"admin"},"logo":{"@id":"https:\/\/luchonoticias.com\/editor\/#\/schema\/person\/image\/"},"sameAs":["https:\/\/www.facebook.com\/luchonoticiasneiva"]},{"@type":"Person","@id":"https:\/\/luchonoticias.com\/editor\/#\/schema\/person\/29217990ddf6f14e35912b2866d591fb","name":"Editor General","image":{"@type":"ImageObject","inLanguage":"es","@id":"https:\/\/luchonoticias.com\/editor\/#\/schema\/person\/image\/","url":"https:\/\/luchonoticias.com\/editor\/wp-content\/uploads\/2024\/02\/cropped-cropped-logolu-150x150.webp","contentUrl":"https:\/\/luchonoticias.com\/editor\/wp-content\/uploads\/2024\/02\/cropped-cropped-logolu-150x150.webp","caption":"Editor General"},"sameAs":["https:\/\/luchonoticias.com\/"],"url":"https:\/\/luchonoticias.com\/editor\/author\/editor-general\/"}]}},"_links":{"self":[{"href":"https:\/\/luchonoticias.com\/editor\/wp-json\/wp\/v2\/posts\/97491","targetHints":{"allow":["GET"]}}],"collection":[{"href":"https:\/\/luchonoticias.com\/editor\/wp-json\/wp\/v2\/posts"}],"about":[{"href":"https:\/\/luchonoticias.com\/editor\/wp-json\/wp\/v2\/types\/post"}],"author":[{"embeddable":true,"href":"https:\/\/luchonoticias.com\/editor\/wp-json\/wp\/v2\/users\/2"}],"replies":[{"embeddable":true,"href":"https:\/\/luchonoticias.com\/editor\/wp-json\/wp\/v2\/comments?post=97491"}],"version-history":[{"count":2,"href":"https:\/\/luchonoticias.com\/editor\/wp-json\/wp\/v2\/posts\/97491\/revisions"}],"predecessor-version":[{"id":97494,"href":"https:\/\/luchonoticias.com\/editor\/wp-json\/wp\/v2\/posts\/97491\/revisions\/97494"}],"wp:featuredmedia":[{"embeddable":true,"href":"https:\/\/luchonoticias.com\/editor\/wp-json\/wp\/v2\/media\/97492"}],"wp:attachment":[{"href":"https:\/\/luchonoticias.com\/editor\/wp-json\/wp\/v2\/media?parent=97491"}],"wp:term":[{"taxonomy":"category","embeddable":true,"href":"https:\/\/luchonoticias.com\/editor\/wp-json\/wp\/v2\/categories?post=97491"},{"taxonomy":"post_tag","embeddable":true,"href":"https:\/\/luchonoticias.com\/editor\/wp-json\/wp\/v2\/tags?post=97491"}],"curies":[{"name":"wp","href":"https:\/\/api.w.org\/{rel}","templated":true}]}}