{"id":97495,"date":"2026-04-30T07:19:16","date_gmt":"2026-04-30T12:19:16","guid":{"rendered":"https:\/\/luchonoticias.com\/editor\/?p=97495"},"modified":"2026-04-30T07:19:18","modified_gmt":"2026-04-30T12:19:18","slug":"gobernador-de-narino-rechaza-senalamientos-en-su-contra","status":"publish","type":"post","link":"https:\/\/luchonoticias.com\/editor\/gobernador-de-narino-rechaza-senalamientos-en-su-contra\/","title":{"rendered":"Gobernador de Nari\u00f1o rechaza se\u00f1alamientos en su contra"},"content":{"rendered":"\n<p>El gobernador de Nari\u00f1o, Luis Alfonso Escobar, rechaz\u00f3 de manera categ\u00f3rica los se\u00f1alamientos que lo vinculan con el asesinato del senador y excandidato presidencial Miguel Uribe Turbay, luego de que se radicara una denuncia basada en un documento an\u00f3nimo que ya est\u00e1 en manos de la Fiscal\u00eda General de la Naci\u00f3n.<\/p>\n\n\n\n<p>La controversia surgi\u00f3 tras la entrega a las autoridades de un manuscrito an\u00f3nimo que, seg\u00fan se indic\u00f3, fue recibido a trav\u00e9s de una intermediaci\u00f3n telef\u00f3nica y contendr\u00eda informaci\u00f3n sobre el crimen. De acuerdo con ese documento, cuya veracidad deber\u00e1 ser determinada por las autoridades, se se\u00f1ala que en marzo de 2025 el mandatario regional habr\u00eda sostenido un supuesto acuerdo en Manta para financiar el homicidio. El texto tambi\u00e9n menciona presuntos v\u00ednculos con actores ilegales.<\/p>\n\n\n\n<p>El denunciante asegura actuar bajo anonimato por temor a represalias, indicando que tanto \u00e9l como otras personas relacionadas con la informaci\u00f3n temen por su seguridad. Ante la gravedad de los se\u00f1alamientos, el documento fue remitido a la justicia para su verificaci\u00f3n, por lo que ser\u00e1 la Fiscal\u00eda la encargada de establecer si existe alg\u00fan sustento en los hechos expuestos. Hasta el momento, se trata de una denuncia sin corroboraci\u00f3n, en evaluaci\u00f3n dentro del debido proceso.<\/p>\n\n\n\n<p>Frente a la situaci\u00f3n, el gobernador calific\u00f3 las acusaciones como infundadas y de extrema gravedad, y advirti\u00f3 sobre el impacto que pueden tener en su integridad personal y reputaci\u00f3n. En sus declaraciones, sostuvo que este tipo de se\u00f1alamientos ponen en riesgo su vida y rechaz\u00f3 cualquier insinuaci\u00f3n de participaci\u00f3n en hechos violentos.<\/p>\n\n\n\n<p>Asimismo, defendi\u00f3 su trayectoria p\u00fablica y acad\u00e9mica, y reiter\u00f3 que no tiene relaci\u00f3n con los hechos mencionados. Tambi\u00e9n neg\u00f3 haber estado en la ciudad se\u00f1alada en el documento y cuestion\u00f3 la l\u00f3gica de las acusaciones, sugiriendo que podr\u00edan responder a intereses pol\u00edticos o intentos de deslegitimar avances en materia de paz en el departamento.<\/p>\n\n\n\n<p><\/p>\n","protected":false},"excerpt":{"rendered":"<p>El gobernador de Nari\u00f1o, Luis Alfonso Escobar, rechaz\u00f3 de manera categ\u00f3rica los se\u00f1alamientos que lo vinculan con el asesinato del senador y excandidato presidencial Miguel Uribe Turbay, luego de que se radicara una denuncia basada en un documento an\u00f3nimo que ya est\u00e1 en manos de la Fiscal\u00eda General de la Naci\u00f3n. La controversia surgi\u00f3 tras [&hellip;]<\/p>\n","protected":false},"author":2,"featured_media":97496,"comment_status":"closed","ping_status":"open","sticky":false,"template":"","format":"standard","meta":{"footnotes":""},"categories":[28,32],"tags":[],"class_list":["post-97495","post","type-post","status-publish","format-standard","has-post-thumbnail","hentry","category-actualidad","category-nacional"],"yoast_head":"<!-- This site is optimized with the Yoast SEO plugin v26.6 - https:\/\/yoast.com\/wordpress\/plugins\/seo\/ -->\n<title>Gobernador de Nari\u00f1o rechaza se\u00f1alamientos en su contra -<\/title>\n<meta name=\"robots\" content=\"index, follow, max-snippet:-1, max-image-preview:large, max-video-preview:-1\" \/>\n<link rel=\"canonical\" href=\"https:\/\/luchonoticias.com\/editor\/gobernador-de-narino-rechaza-senalamientos-en-su-contra\/\" \/>\n<meta property=\"og:locale\" content=\"es_ES\" \/>\n<meta property=\"og:type\" content=\"article\" \/>\n<meta property=\"og:title\" content=\"Gobernador de Nari\u00f1o rechaza se\u00f1alamientos en su contra -\" \/>\n<meta property=\"og:url\" content=\"https:\/\/luchonoticias.com\/editor\/gobernador-de-narino-rechaza-senalamientos-en-su-contra\/\" \/>\n<meta property=\"article:publisher\" content=\"https:\/\/www.facebook.com\/luchonoticiasneiva\" \/>\n<meta property=\"article:published_time\" content=\"2026-04-30T12:19:16+00:00\" \/>\n<meta property=\"article:modified_time\" content=\"2026-04-30T12:19:18+00:00\" \/>\n<meta property=\"og:image\" content=\"https:\/\/luchonoticias.com\/editor\/wp-content\/uploads\/2026\/04\/GOBERNADOR-NARINO.jpg\" \/>\n\t<meta property=\"og:image:width\" content=\"700\" \/>\n\t<meta property=\"og:image:height\" content=\"400\" \/>\n\t<meta property=\"og:image:type\" content=\"image\/jpeg\" \/>\n<meta name=\"author\" content=\"Editor General\" \/>\n<meta name=\"twitter:card\" content=\"summary_large_image\" \/>\n<meta name=\"twitter:label1\" content=\"Escrito por\" \/>\n\t<meta name=\"twitter:data1\" content=\"Editor General\" \/>\n\t<meta name=\"twitter:label2\" content=\"Tiempo de lectura\" \/>\n\t<meta name=\"twitter:data2\" content=\"2 minutos\" \/>\n<script type=\"application\/ld+json\" class=\"yoast-schema-graph\">{\"@context\":\"https:\/\/schema.org\",\"@graph\":[{\"@type\":\"Article\",\"@id\":\"https:\/\/luchonoticias.com\/editor\/gobernador-de-narino-rechaza-senalamientos-en-su-contra\/#article\",\"isPartOf\":{\"@id\":\"https:\/\/luchonoticias.com\/editor\/gobernador-de-narino-rechaza-senalamientos-en-su-contra\/\"},\"author\":{\"name\":\"Editor General\",\"@id\":\"https:\/\/luchonoticias.com\/editor\/#\/schema\/person\/29217990ddf6f14e35912b2866d591fb\"},\"headline\":\"Gobernador de Nari\u00f1o rechaza se\u00f1alamientos en su contra\",\"datePublished\":\"2026-04-30T12:19:16+00:00\",\"dateModified\":\"2026-04-30T12:19:18+00:00\",\"mainEntityOfPage\":{\"@id\":\"https:\/\/luchonoticias.com\/editor\/gobernador-de-narino-rechaza-senalamientos-en-su-contra\/\"},\"wordCount\":352,\"publisher\":{\"@id\":\"https:\/\/luchonoticias.com\/editor\/#\/schema\/person\/7a7fd911f58561fd056dbac7b55af9cd\"},\"image\":{\"@id\":\"https:\/\/luchonoticias.com\/editor\/gobernador-de-narino-rechaza-senalamientos-en-su-contra\/#primaryimage\"},\"thumbnailUrl\":\"https:\/\/luchonoticias.com\/editor\/wp-content\/uploads\/2026\/04\/GOBERNADOR-NARINO.jpg\",\"articleSection\":[\"Actualidad\",\"Nacional\"],\"inLanguage\":\"es\"},{\"@type\":\"WebPage\",\"@id\":\"https:\/\/luchonoticias.com\/editor\/gobernador-de-narino-rechaza-senalamientos-en-su-contra\/\",\"url\":\"https:\/\/luchonoticias.com\/editor\/gobernador-de-narino-rechaza-senalamientos-en-su-contra\/\",\"name\":\"Gobernador de Nari\u00f1o rechaza se\u00f1alamientos en su contra -\",\"isPartOf\":{\"@id\":\"https:\/\/luchonoticias.com\/editor\/#website\"},\"primaryImageOfPage\":{\"@id\":\"https:\/\/luchonoticias.com\/editor\/gobernador-de-narino-rechaza-senalamientos-en-su-contra\/#primaryimage\"},\"image\":{\"@id\":\"https:\/\/luchonoticias.com\/editor\/gobernador-de-narino-rechaza-senalamientos-en-su-contra\/#primaryimage\"},\"thumbnailUrl\":\"https:\/\/luchonoticias.com\/editor\/wp-content\/uploads\/2026\/04\/GOBERNADOR-NARINO.jpg\",\"datePublished\":\"2026-04-30T12:19:16+00:00\",\"dateModified\":\"2026-04-30T12:19:18+00:00\",\"breadcrumb\":{\"@id\":\"https:\/\/luchonoticias.com\/editor\/gobernador-de-narino-rechaza-senalamientos-en-su-contra\/#breadcrumb\"},\"inLanguage\":\"es\",\"potentialAction\":[{\"@type\":\"ReadAction\",\"target\":[\"https:\/\/luchonoticias.com\/editor\/gobernador-de-narino-rechaza-senalamientos-en-su-contra\/\"]}]},{\"@type\":\"ImageObject\",\"inLanguage\":\"es\",\"@id\":\"https:\/\/luchonoticias.com\/editor\/gobernador-de-narino-rechaza-senalamientos-en-su-contra\/#primaryimage\",\"url\":\"https:\/\/luchonoticias.com\/editor\/wp-content\/uploads\/2026\/04\/GOBERNADOR-NARINO.jpg\",\"contentUrl\":\"https:\/\/luchonoticias.com\/editor\/wp-content\/uploads\/2026\/04\/GOBERNADOR-NARINO.jpg\",\"width\":700,\"height\":400},{\"@type\":\"BreadcrumbList\",\"@id\":\"https:\/\/luchonoticias.com\/editor\/gobernador-de-narino-rechaza-senalamientos-en-su-contra\/#breadcrumb\",\"itemListElement\":[{\"@type\":\"ListItem\",\"position\":1,\"name\":\"Portada\",\"item\":\"https:\/\/luchonoticias.com\/editor\/\"},{\"@type\":\"ListItem\",\"position\":2,\"name\":\"Gobernador de Nari\u00f1o rechaza se\u00f1alamientos en su contra\"}]},{\"@type\":\"WebSite\",\"@id\":\"https:\/\/luchonoticias.com\/editor\/#website\",\"url\":\"https:\/\/luchonoticias.com\/editor\/\",\"name\":\"\",\"description\":\"\",\"publisher\":{\"@id\":\"https:\/\/luchonoticias.com\/editor\/#\/schema\/person\/7a7fd911f58561fd056dbac7b55af9cd\"},\"potentialAction\":[{\"@type\":\"SearchAction\",\"target\":{\"@type\":\"EntryPoint\",\"urlTemplate\":\"https:\/\/luchonoticias.com\/editor\/?s={search_term_string}\"},\"query-input\":{\"@type\":\"PropertyValueSpecification\",\"valueRequired\":true,\"valueName\":\"search_term_string\"}}],\"inLanguage\":\"es\"},{\"@type\":[\"Person\",\"Organization\"],\"@id\":\"https:\/\/luchonoticias.com\/editor\/#\/schema\/person\/7a7fd911f58561fd056dbac7b55af9cd\",\"name\":\"admin\",\"image\":{\"@type\":\"ImageObject\",\"inLanguage\":\"es\",\"@id\":\"https:\/\/luchonoticias.com\/editor\/#\/schema\/person\/image\/\",\"url\":\"https:\/\/luchonoticias.com\/editor\/wp-content\/uploads\/2024\/02\/cropped-cropped-logolu.webp\",\"contentUrl\":\"https:\/\/luchonoticias.com\/editor\/wp-content\/uploads\/2024\/02\/cropped-cropped-logolu.webp\",\"width\":382,\"height\":170,\"caption\":\"admin\"},\"logo\":{\"@id\":\"https:\/\/luchonoticias.com\/editor\/#\/schema\/person\/image\/\"},\"sameAs\":[\"https:\/\/www.facebook.com\/luchonoticiasneiva\"]},{\"@type\":\"Person\",\"@id\":\"https:\/\/luchonoticias.com\/editor\/#\/schema\/person\/29217990ddf6f14e35912b2866d591fb\",\"name\":\"Editor General\",\"image\":{\"@type\":\"ImageObject\",\"inLanguage\":\"es\",\"@id\":\"https:\/\/luchonoticias.com\/editor\/#\/schema\/person\/image\/\",\"url\":\"https:\/\/luchonoticias.com\/editor\/wp-content\/uploads\/2024\/02\/cropped-cropped-logolu-150x150.webp\",\"contentUrl\":\"https:\/\/luchonoticias.com\/editor\/wp-content\/uploads\/2024\/02\/cropped-cropped-logolu-150x150.webp\",\"caption\":\"Editor General\"},\"sameAs\":[\"https:\/\/luchonoticias.com\/\"],\"url\":\"https:\/\/luchonoticias.com\/editor\/author\/editor-general\/\"}]}<\/script>\n<!-- \/ Yoast SEO plugin. -->","yoast_head_json":{"title":"Gobernador de Nari\u00f1o rechaza se\u00f1alamientos en su contra -","robots":{"index":"index","follow":"follow","max-snippet":"max-snippet:-1","max-image-preview":"max-image-preview:large","max-video-preview":"max-video-preview:-1"},"canonical":"https:\/\/luchonoticias.com\/editor\/gobernador-de-narino-rechaza-senalamientos-en-su-contra\/","og_locale":"es_ES","og_type":"article","og_title":"Gobernador de Nari\u00f1o rechaza se\u00f1alamientos en su contra -","og_url":"https:\/\/luchonoticias.com\/editor\/gobernador-de-narino-rechaza-senalamientos-en-su-contra\/","article_publisher":"https:\/\/www.facebook.com\/luchonoticiasneiva","article_published_time":"2026-04-30T12:19:16+00:00","article_modified_time":"2026-04-30T12:19:18+00:00","og_image":[{"width":700,"height":400,"url":"https:\/\/luchonoticias.com\/editor\/wp-content\/uploads\/2026\/04\/GOBERNADOR-NARINO.jpg","type":"image\/jpeg"}],"author":"Editor General","twitter_card":"summary_large_image","twitter_misc":{"Escrito por":"Editor General","Tiempo de lectura":"2 minutos"},"schema":{"@context":"https:\/\/schema.org","@graph":[{"@type":"Article","@id":"https:\/\/luchonoticias.com\/editor\/gobernador-de-narino-rechaza-senalamientos-en-su-contra\/#article","isPartOf":{"@id":"https:\/\/luchonoticias.com\/editor\/gobernador-de-narino-rechaza-senalamientos-en-su-contra\/"},"author":{"name":"Editor General","@id":"https:\/\/luchonoticias.com\/editor\/#\/schema\/person\/29217990ddf6f14e35912b2866d591fb"},"headline":"Gobernador de Nari\u00f1o rechaza se\u00f1alamientos en su contra","datePublished":"2026-04-30T12:19:16+00:00","dateModified":"2026-04-30T12:19:18+00:00","mainEntityOfPage":{"@id":"https:\/\/luchonoticias.com\/editor\/gobernador-de-narino-rechaza-senalamientos-en-su-contra\/"},"wordCount":352,"publisher":{"@id":"https:\/\/luchonoticias.com\/editor\/#\/schema\/person\/7a7fd911f58561fd056dbac7b55af9cd"},"image":{"@id":"https:\/\/luchonoticias.com\/editor\/gobernador-de-narino-rechaza-senalamientos-en-su-contra\/#primaryimage"},"thumbnailUrl":"https:\/\/luchonoticias.com\/editor\/wp-content\/uploads\/2026\/04\/GOBERNADOR-NARINO.jpg","articleSection":["Actualidad","Nacional"],"inLanguage":"es"},{"@type":"WebPage","@id":"https:\/\/luchonoticias.com\/editor\/gobernador-de-narino-rechaza-senalamientos-en-su-contra\/","url":"https:\/\/luchonoticias.com\/editor\/gobernador-de-narino-rechaza-senalamientos-en-su-contra\/","name":"Gobernador de Nari\u00f1o rechaza se\u00f1alamientos en su contra -","isPartOf":{"@id":"https:\/\/luchonoticias.com\/editor\/#website"},"primaryImageOfPage":{"@id":"https:\/\/luchonoticias.com\/editor\/gobernador-de-narino-rechaza-senalamientos-en-su-contra\/#primaryimage"},"image":{"@id":"https:\/\/luchonoticias.com\/editor\/gobernador-de-narino-rechaza-senalamientos-en-su-contra\/#primaryimage"},"thumbnailUrl":"https:\/\/luchonoticias.com\/editor\/wp-content\/uploads\/2026\/04\/GOBERNADOR-NARINO.jpg","datePublished":"2026-04-30T12:19:16+00:00","dateModified":"2026-04-30T12:19:18+00:00","breadcrumb":{"@id":"https:\/\/luchonoticias.com\/editor\/gobernador-de-narino-rechaza-senalamientos-en-su-contra\/#breadcrumb"},"inLanguage":"es","potentialAction":[{"@type":"ReadAction","target":["https:\/\/luchonoticias.com\/editor\/gobernador-de-narino-rechaza-senalamientos-en-su-contra\/"]}]},{"@type":"ImageObject","inLanguage":"es","@id":"https:\/\/luchonoticias.com\/editor\/gobernador-de-narino-rechaza-senalamientos-en-su-contra\/#primaryimage","url":"https:\/\/luchonoticias.com\/editor\/wp-content\/uploads\/2026\/04\/GOBERNADOR-NARINO.jpg","contentUrl":"https:\/\/luchonoticias.com\/editor\/wp-content\/uploads\/2026\/04\/GOBERNADOR-NARINO.jpg","width":700,"height":400},{"@type":"BreadcrumbList","@id":"https:\/\/luchonoticias.com\/editor\/gobernador-de-narino-rechaza-senalamientos-en-su-contra\/#breadcrumb","itemListElement":[{"@type":"ListItem","position":1,"name":"Portada","item":"https:\/\/luchonoticias.com\/editor\/"},{"@type":"ListItem","position":2,"name":"Gobernador de Nari\u00f1o rechaza se\u00f1alamientos en su contra"}]},{"@type":"WebSite","@id":"https:\/\/luchonoticias.com\/editor\/#website","url":"https:\/\/luchonoticias.com\/editor\/","name":"","description":"","publisher":{"@id":"https:\/\/luchonoticias.com\/editor\/#\/schema\/person\/7a7fd911f58561fd056dbac7b55af9cd"},"potentialAction":[{"@type":"SearchAction","target":{"@type":"EntryPoint","urlTemplate":"https:\/\/luchonoticias.com\/editor\/?s={search_term_string}"},"query-input":{"@type":"PropertyValueSpecification","valueRequired":true,"valueName":"search_term_string"}}],"inLanguage":"es"},{"@type":["Person","Organization"],"@id":"https:\/\/luchonoticias.com\/editor\/#\/schema\/person\/7a7fd911f58561fd056dbac7b55af9cd","name":"admin","image":{"@type":"ImageObject","inLanguage":"es","@id":"https:\/\/luchonoticias.com\/editor\/#\/schema\/person\/image\/","url":"https:\/\/luchonoticias.com\/editor\/wp-content\/uploads\/2024\/02\/cropped-cropped-logolu.webp","contentUrl":"https:\/\/luchonoticias.com\/editor\/wp-content\/uploads\/2024\/02\/cropped-cropped-logolu.webp","width":382,"height":170,"caption":"admin"},"logo":{"@id":"https:\/\/luchonoticias.com\/editor\/#\/schema\/person\/image\/"},"sameAs":["https:\/\/www.facebook.com\/luchonoticiasneiva"]},{"@type":"Person","@id":"https:\/\/luchonoticias.com\/editor\/#\/schema\/person\/29217990ddf6f14e35912b2866d591fb","name":"Editor General","image":{"@type":"ImageObject","inLanguage":"es","@id":"https:\/\/luchonoticias.com\/editor\/#\/schema\/person\/image\/","url":"https:\/\/luchonoticias.com\/editor\/wp-content\/uploads\/2024\/02\/cropped-cropped-logolu-150x150.webp","contentUrl":"https:\/\/luchonoticias.com\/editor\/wp-content\/uploads\/2024\/02\/cropped-cropped-logolu-150x150.webp","caption":"Editor General"},"sameAs":["https:\/\/luchonoticias.com\/"],"url":"https:\/\/luchonoticias.com\/editor\/author\/editor-general\/"}]}},"_links":{"self":[{"href":"https:\/\/luchonoticias.com\/editor\/wp-json\/wp\/v2\/posts\/97495","targetHints":{"allow":["GET"]}}],"collection":[{"href":"https:\/\/luchonoticias.com\/editor\/wp-json\/wp\/v2\/posts"}],"about":[{"href":"https:\/\/luchonoticias.com\/editor\/wp-json\/wp\/v2\/types\/post"}],"author":[{"embeddable":true,"href":"https:\/\/luchonoticias.com\/editor\/wp-json\/wp\/v2\/users\/2"}],"replies":[{"embeddable":true,"href":"https:\/\/luchonoticias.com\/editor\/wp-json\/wp\/v2\/comments?post=97495"}],"version-history":[{"count":1,"href":"https:\/\/luchonoticias.com\/editor\/wp-json\/wp\/v2\/posts\/97495\/revisions"}],"predecessor-version":[{"id":97497,"href":"https:\/\/luchonoticias.com\/editor\/wp-json\/wp\/v2\/posts\/97495\/revisions\/97497"}],"wp:featuredmedia":[{"embeddable":true,"href":"https:\/\/luchonoticias.com\/editor\/wp-json\/wp\/v2\/media\/97496"}],"wp:attachment":[{"href":"https:\/\/luchonoticias.com\/editor\/wp-json\/wp\/v2\/media?parent=97495"}],"wp:term":[{"taxonomy":"category","embeddable":true,"href":"https:\/\/luchonoticias.com\/editor\/wp-json\/wp\/v2\/categories?post=97495"},{"taxonomy":"post_tag","embeddable":true,"href":"https:\/\/luchonoticias.com\/editor\/wp-json\/wp\/v2\/tags?post=97495"}],"curies":[{"name":"wp","href":"https:\/\/api.w.org\/{rel}","templated":true}]}}