{"id":97498,"date":"2026-04-30T07:26:04","date_gmt":"2026-04-30T12:26:04","guid":{"rendered":"https:\/\/luchonoticias.com\/editor\/?p=97498"},"modified":"2026-04-30T07:26:05","modified_gmt":"2026-04-30T12:26:05","slug":"importante-paso-pensando-en-la-deuda-externa","status":"publish","type":"post","link":"https:\/\/luchonoticias.com\/editor\/importante-paso-pensando-en-la-deuda-externa\/","title":{"rendered":"Importante paso pensando en la deuda externa"},"content":{"rendered":"\n<p>Una operaci\u00f3n de manejo de deuda en el mercado internacional de capitales permiti\u00f3 obtener descuentos por 135 millones de d\u00f3lares y generar ahorros en intereses estimados en 6.214 millones de d\u00f3lares al vencimiento.<\/p>\n\n\n\n<p>La estrategia fue liderada por el Ministerio de Hacienda y Cr\u00e9dito P\u00fablico, a trav\u00e9s de la Direcci\u00f3n General de Cr\u00e9dito P\u00fablico y Tesoro Nacional. El proceso, que recibi\u00f3 ofertas hasta el 24 de abril, alcanz\u00f3 una participaci\u00f3n de 4.560 millones de d\u00f3lares en valor nominal. El Gobierno decidi\u00f3 aceptar la totalidad de las propuestas, lo que implica la cancelaci\u00f3n de ese monto de deuda y un fortalecimiento de la curva de rendimientos.<\/p>\n\n\n\n<p>El presidente de Colombia, Gustavo Petro, destac\u00f3 que el manejo de la deuda es clave para mitigar los efectos de las alzas en las tasas de inter\u00e9s, tanto internas como externas, y se\u00f1al\u00f3 que la revaluaci\u00f3n del peso contribuye a reducir el valor de la deuda externa. Tambi\u00e9n subray\u00f3 que la recompra de bonos por m\u00e1s de 4.500 millones de d\u00f3lares permiti\u00f3 generar ahorros adicionales para el pa\u00eds.<\/p>\n\n\n\n<p>Como resultado de la operaci\u00f3n, la tasa de cup\u00f3n promedio de la deuda externa se redujo en 16 puntos b\u00e1sicos, ubic\u00e1ndose en 4,26%, frente al 5,02% registrado en enero de 2025, lo que refleja el impacto de la estrategia adoptada por las autoridades econ\u00f3micas.<\/p>\n\n\n\n<p>Desde la cartera de Hacienda se indic\u00f3 que este tipo de operaciones contribuyen a disminuir la vulnerabilidad de las finanzas p\u00fablicas frente a choques externos y a mitigar los efectos de la volatilidad cambiaria. En el \u00faltimo a\u00f1o, la gesti\u00f3n se ha enfocado en optimizar la relaci\u00f3n costo-riesgo del portafolio de deuda, incluyendo la transici\u00f3n hacia instrumentos en francos suizos, aprovechando tasas de inter\u00e9s cercanas a cero para reducir costos frente a alternativas en d\u00f3lares.<\/p>\n\n\n\n<p>Asimismo, se ha avanzado en la construcci\u00f3n de una curva de rendimientos en euros, lo que ha permitido diversificar el riesgo, mejorar el perfil de la deuda externa y ampliar la base de inversionistas. Esta estrategia busca reducir la alta concentraci\u00f3n hist\u00f3rica en d\u00f3lares, promoviendo la diversificaci\u00f3n cambiaria para mitigar el impacto de la volatilidad sobre el costo de la deuda y el equilibrio externo del pa\u00eds.<\/p>\n\n\n\n<p><\/p>\n","protected":false},"excerpt":{"rendered":"<p>Una operaci\u00f3n de manejo de deuda en el mercado internacional de capitales permiti\u00f3 obtener descuentos por 135 millones de d\u00f3lares y generar ahorros en intereses estimados en 6.214 millones de d\u00f3lares al vencimiento. La estrategia fue liderada por el Ministerio de Hacienda y Cr\u00e9dito P\u00fablico, a trav\u00e9s de la Direcci\u00f3n General de Cr\u00e9dito P\u00fablico y [&hellip;]<\/p>\n","protected":false},"author":2,"featured_media":97499,"comment_status":"closed","ping_status":"open","sticky":false,"template":"","format":"standard","meta":{"footnotes":""},"categories":[28,32],"tags":[],"class_list":["post-97498","post","type-post","status-publish","format-standard","has-post-thumbnail","hentry","category-actualidad","category-nacional"],"yoast_head":"<!-- This site is optimized with the Yoast SEO plugin v26.6 - https:\/\/yoast.com\/wordpress\/plugins\/seo\/ -->\n<title>Importante paso pensando en la deuda externa -<\/title>\n<meta name=\"robots\" content=\"index, follow, max-snippet:-1, max-image-preview:large, max-video-preview:-1\" \/>\n<link rel=\"canonical\" href=\"https:\/\/luchonoticias.com\/editor\/importante-paso-pensando-en-la-deuda-externa\/\" \/>\n<meta property=\"og:locale\" content=\"es_ES\" \/>\n<meta property=\"og:type\" content=\"article\" \/>\n<meta property=\"og:title\" content=\"Importante paso pensando en la deuda externa -\" \/>\n<meta property=\"og:url\" content=\"https:\/\/luchonoticias.com\/editor\/importante-paso-pensando-en-la-deuda-externa\/\" \/>\n<meta property=\"article:publisher\" content=\"https:\/\/www.facebook.com\/luchonoticiasneiva\" \/>\n<meta property=\"article:published_time\" content=\"2026-04-30T12:26:04+00:00\" \/>\n<meta property=\"article:modified_time\" content=\"2026-04-30T12:26:05+00:00\" \/>\n<meta property=\"og:image\" content=\"https:\/\/luchonoticias.com\/editor\/wp-content\/uploads\/2026\/04\/hacienda.jpg\" \/>\n\t<meta property=\"og:image:width\" content=\"700\" \/>\n\t<meta property=\"og:image:height\" content=\"400\" \/>\n\t<meta property=\"og:image:type\" content=\"image\/jpeg\" \/>\n<meta name=\"author\" content=\"Editor General\" \/>\n<meta name=\"twitter:card\" content=\"summary_large_image\" \/>\n<meta name=\"twitter:label1\" content=\"Escrito por\" \/>\n\t<meta name=\"twitter:data1\" content=\"Editor General\" \/>\n\t<meta name=\"twitter:label2\" content=\"Tiempo de lectura\" \/>\n\t<meta name=\"twitter:data2\" content=\"2 minutos\" \/>\n<script type=\"application\/ld+json\" class=\"yoast-schema-graph\">{\"@context\":\"https:\/\/schema.org\",\"@graph\":[{\"@type\":\"Article\",\"@id\":\"https:\/\/luchonoticias.com\/editor\/importante-paso-pensando-en-la-deuda-externa\/#article\",\"isPartOf\":{\"@id\":\"https:\/\/luchonoticias.com\/editor\/importante-paso-pensando-en-la-deuda-externa\/\"},\"author\":{\"name\":\"Editor General\",\"@id\":\"https:\/\/luchonoticias.com\/editor\/#\/schema\/person\/29217990ddf6f14e35912b2866d591fb\"},\"headline\":\"Importante paso pensando en la deuda externa\",\"datePublished\":\"2026-04-30T12:26:04+00:00\",\"dateModified\":\"2026-04-30T12:26:05+00:00\",\"mainEntityOfPage\":{\"@id\":\"https:\/\/luchonoticias.com\/editor\/importante-paso-pensando-en-la-deuda-externa\/\"},\"wordCount\":394,\"publisher\":{\"@id\":\"https:\/\/luchonoticias.com\/editor\/#\/schema\/person\/7a7fd911f58561fd056dbac7b55af9cd\"},\"image\":{\"@id\":\"https:\/\/luchonoticias.com\/editor\/importante-paso-pensando-en-la-deuda-externa\/#primaryimage\"},\"thumbnailUrl\":\"https:\/\/luchonoticias.com\/editor\/wp-content\/uploads\/2026\/04\/hacienda.jpg\",\"articleSection\":[\"Actualidad\",\"Nacional\"],\"inLanguage\":\"es\"},{\"@type\":\"WebPage\",\"@id\":\"https:\/\/luchonoticias.com\/editor\/importante-paso-pensando-en-la-deuda-externa\/\",\"url\":\"https:\/\/luchonoticias.com\/editor\/importante-paso-pensando-en-la-deuda-externa\/\",\"name\":\"Importante paso pensando en la deuda externa -\",\"isPartOf\":{\"@id\":\"https:\/\/luchonoticias.com\/editor\/#website\"},\"primaryImageOfPage\":{\"@id\":\"https:\/\/luchonoticias.com\/editor\/importante-paso-pensando-en-la-deuda-externa\/#primaryimage\"},\"image\":{\"@id\":\"https:\/\/luchonoticias.com\/editor\/importante-paso-pensando-en-la-deuda-externa\/#primaryimage\"},\"thumbnailUrl\":\"https:\/\/luchonoticias.com\/editor\/wp-content\/uploads\/2026\/04\/hacienda.jpg\",\"datePublished\":\"2026-04-30T12:26:04+00:00\",\"dateModified\":\"2026-04-30T12:26:05+00:00\",\"breadcrumb\":{\"@id\":\"https:\/\/luchonoticias.com\/editor\/importante-paso-pensando-en-la-deuda-externa\/#breadcrumb\"},\"inLanguage\":\"es\",\"potentialAction\":[{\"@type\":\"ReadAction\",\"target\":[\"https:\/\/luchonoticias.com\/editor\/importante-paso-pensando-en-la-deuda-externa\/\"]}]},{\"@type\":\"ImageObject\",\"inLanguage\":\"es\",\"@id\":\"https:\/\/luchonoticias.com\/editor\/importante-paso-pensando-en-la-deuda-externa\/#primaryimage\",\"url\":\"https:\/\/luchonoticias.com\/editor\/wp-content\/uploads\/2026\/04\/hacienda.jpg\",\"contentUrl\":\"https:\/\/luchonoticias.com\/editor\/wp-content\/uploads\/2026\/04\/hacienda.jpg\",\"width\":700,\"height\":400},{\"@type\":\"BreadcrumbList\",\"@id\":\"https:\/\/luchonoticias.com\/editor\/importante-paso-pensando-en-la-deuda-externa\/#breadcrumb\",\"itemListElement\":[{\"@type\":\"ListItem\",\"position\":1,\"name\":\"Portada\",\"item\":\"https:\/\/luchonoticias.com\/editor\/\"},{\"@type\":\"ListItem\",\"position\":2,\"name\":\"Importante paso pensando en la deuda externa\"}]},{\"@type\":\"WebSite\",\"@id\":\"https:\/\/luchonoticias.com\/editor\/#website\",\"url\":\"https:\/\/luchonoticias.com\/editor\/\",\"name\":\"\",\"description\":\"\",\"publisher\":{\"@id\":\"https:\/\/luchonoticias.com\/editor\/#\/schema\/person\/7a7fd911f58561fd056dbac7b55af9cd\"},\"potentialAction\":[{\"@type\":\"SearchAction\",\"target\":{\"@type\":\"EntryPoint\",\"urlTemplate\":\"https:\/\/luchonoticias.com\/editor\/?s={search_term_string}\"},\"query-input\":{\"@type\":\"PropertyValueSpecification\",\"valueRequired\":true,\"valueName\":\"search_term_string\"}}],\"inLanguage\":\"es\"},{\"@type\":[\"Person\",\"Organization\"],\"@id\":\"https:\/\/luchonoticias.com\/editor\/#\/schema\/person\/7a7fd911f58561fd056dbac7b55af9cd\",\"name\":\"admin\",\"image\":{\"@type\":\"ImageObject\",\"inLanguage\":\"es\",\"@id\":\"https:\/\/luchonoticias.com\/editor\/#\/schema\/person\/image\/\",\"url\":\"https:\/\/luchonoticias.com\/editor\/wp-content\/uploads\/2024\/02\/cropped-cropped-logolu.webp\",\"contentUrl\":\"https:\/\/luchonoticias.com\/editor\/wp-content\/uploads\/2024\/02\/cropped-cropped-logolu.webp\",\"width\":382,\"height\":170,\"caption\":\"admin\"},\"logo\":{\"@id\":\"https:\/\/luchonoticias.com\/editor\/#\/schema\/person\/image\/\"},\"sameAs\":[\"https:\/\/www.facebook.com\/luchonoticiasneiva\"]},{\"@type\":\"Person\",\"@id\":\"https:\/\/luchonoticias.com\/editor\/#\/schema\/person\/29217990ddf6f14e35912b2866d591fb\",\"name\":\"Editor General\",\"image\":{\"@type\":\"ImageObject\",\"inLanguage\":\"es\",\"@id\":\"https:\/\/luchonoticias.com\/editor\/#\/schema\/person\/image\/\",\"url\":\"https:\/\/luchonoticias.com\/editor\/wp-content\/uploads\/2024\/02\/cropped-cropped-logolu-150x150.webp\",\"contentUrl\":\"https:\/\/luchonoticias.com\/editor\/wp-content\/uploads\/2024\/02\/cropped-cropped-logolu-150x150.webp\",\"caption\":\"Editor General\"},\"sameAs\":[\"https:\/\/luchonoticias.com\/\"],\"url\":\"https:\/\/luchonoticias.com\/editor\/author\/editor-general\/\"}]}<\/script>\n<!-- \/ Yoast SEO plugin. -->","yoast_head_json":{"title":"Importante paso pensando en la deuda externa -","robots":{"index":"index","follow":"follow","max-snippet":"max-snippet:-1","max-image-preview":"max-image-preview:large","max-video-preview":"max-video-preview:-1"},"canonical":"https:\/\/luchonoticias.com\/editor\/importante-paso-pensando-en-la-deuda-externa\/","og_locale":"es_ES","og_type":"article","og_title":"Importante paso pensando en la deuda externa -","og_url":"https:\/\/luchonoticias.com\/editor\/importante-paso-pensando-en-la-deuda-externa\/","article_publisher":"https:\/\/www.facebook.com\/luchonoticiasneiva","article_published_time":"2026-04-30T12:26:04+00:00","article_modified_time":"2026-04-30T12:26:05+00:00","og_image":[{"width":700,"height":400,"url":"https:\/\/luchonoticias.com\/editor\/wp-content\/uploads\/2026\/04\/hacienda.jpg","type":"image\/jpeg"}],"author":"Editor General","twitter_card":"summary_large_image","twitter_misc":{"Escrito por":"Editor General","Tiempo de lectura":"2 minutos"},"schema":{"@context":"https:\/\/schema.org","@graph":[{"@type":"Article","@id":"https:\/\/luchonoticias.com\/editor\/importante-paso-pensando-en-la-deuda-externa\/#article","isPartOf":{"@id":"https:\/\/luchonoticias.com\/editor\/importante-paso-pensando-en-la-deuda-externa\/"},"author":{"name":"Editor General","@id":"https:\/\/luchonoticias.com\/editor\/#\/schema\/person\/29217990ddf6f14e35912b2866d591fb"},"headline":"Importante paso pensando en la deuda externa","datePublished":"2026-04-30T12:26:04+00:00","dateModified":"2026-04-30T12:26:05+00:00","mainEntityOfPage":{"@id":"https:\/\/luchonoticias.com\/editor\/importante-paso-pensando-en-la-deuda-externa\/"},"wordCount":394,"publisher":{"@id":"https:\/\/luchonoticias.com\/editor\/#\/schema\/person\/7a7fd911f58561fd056dbac7b55af9cd"},"image":{"@id":"https:\/\/luchonoticias.com\/editor\/importante-paso-pensando-en-la-deuda-externa\/#primaryimage"},"thumbnailUrl":"https:\/\/luchonoticias.com\/editor\/wp-content\/uploads\/2026\/04\/hacienda.jpg","articleSection":["Actualidad","Nacional"],"inLanguage":"es"},{"@type":"WebPage","@id":"https:\/\/luchonoticias.com\/editor\/importante-paso-pensando-en-la-deuda-externa\/","url":"https:\/\/luchonoticias.com\/editor\/importante-paso-pensando-en-la-deuda-externa\/","name":"Importante paso pensando en la deuda externa -","isPartOf":{"@id":"https:\/\/luchonoticias.com\/editor\/#website"},"primaryImageOfPage":{"@id":"https:\/\/luchonoticias.com\/editor\/importante-paso-pensando-en-la-deuda-externa\/#primaryimage"},"image":{"@id":"https:\/\/luchonoticias.com\/editor\/importante-paso-pensando-en-la-deuda-externa\/#primaryimage"},"thumbnailUrl":"https:\/\/luchonoticias.com\/editor\/wp-content\/uploads\/2026\/04\/hacienda.jpg","datePublished":"2026-04-30T12:26:04+00:00","dateModified":"2026-04-30T12:26:05+00:00","breadcrumb":{"@id":"https:\/\/luchonoticias.com\/editor\/importante-paso-pensando-en-la-deuda-externa\/#breadcrumb"},"inLanguage":"es","potentialAction":[{"@type":"ReadAction","target":["https:\/\/luchonoticias.com\/editor\/importante-paso-pensando-en-la-deuda-externa\/"]}]},{"@type":"ImageObject","inLanguage":"es","@id":"https:\/\/luchonoticias.com\/editor\/importante-paso-pensando-en-la-deuda-externa\/#primaryimage","url":"https:\/\/luchonoticias.com\/editor\/wp-content\/uploads\/2026\/04\/hacienda.jpg","contentUrl":"https:\/\/luchonoticias.com\/editor\/wp-content\/uploads\/2026\/04\/hacienda.jpg","width":700,"height":400},{"@type":"BreadcrumbList","@id":"https:\/\/luchonoticias.com\/editor\/importante-paso-pensando-en-la-deuda-externa\/#breadcrumb","itemListElement":[{"@type":"ListItem","position":1,"name":"Portada","item":"https:\/\/luchonoticias.com\/editor\/"},{"@type":"ListItem","position":2,"name":"Importante paso pensando en la deuda externa"}]},{"@type":"WebSite","@id":"https:\/\/luchonoticias.com\/editor\/#website","url":"https:\/\/luchonoticias.com\/editor\/","name":"","description":"","publisher":{"@id":"https:\/\/luchonoticias.com\/editor\/#\/schema\/person\/7a7fd911f58561fd056dbac7b55af9cd"},"potentialAction":[{"@type":"SearchAction","target":{"@type":"EntryPoint","urlTemplate":"https:\/\/luchonoticias.com\/editor\/?s={search_term_string}"},"query-input":{"@type":"PropertyValueSpecification","valueRequired":true,"valueName":"search_term_string"}}],"inLanguage":"es"},{"@type":["Person","Organization"],"@id":"https:\/\/luchonoticias.com\/editor\/#\/schema\/person\/7a7fd911f58561fd056dbac7b55af9cd","name":"admin","image":{"@type":"ImageObject","inLanguage":"es","@id":"https:\/\/luchonoticias.com\/editor\/#\/schema\/person\/image\/","url":"https:\/\/luchonoticias.com\/editor\/wp-content\/uploads\/2024\/02\/cropped-cropped-logolu.webp","contentUrl":"https:\/\/luchonoticias.com\/editor\/wp-content\/uploads\/2024\/02\/cropped-cropped-logolu.webp","width":382,"height":170,"caption":"admin"},"logo":{"@id":"https:\/\/luchonoticias.com\/editor\/#\/schema\/person\/image\/"},"sameAs":["https:\/\/www.facebook.com\/luchonoticiasneiva"]},{"@type":"Person","@id":"https:\/\/luchonoticias.com\/editor\/#\/schema\/person\/29217990ddf6f14e35912b2866d591fb","name":"Editor General","image":{"@type":"ImageObject","inLanguage":"es","@id":"https:\/\/luchonoticias.com\/editor\/#\/schema\/person\/image\/","url":"https:\/\/luchonoticias.com\/editor\/wp-content\/uploads\/2024\/02\/cropped-cropped-logolu-150x150.webp","contentUrl":"https:\/\/luchonoticias.com\/editor\/wp-content\/uploads\/2024\/02\/cropped-cropped-logolu-150x150.webp","caption":"Editor General"},"sameAs":["https:\/\/luchonoticias.com\/"],"url":"https:\/\/luchonoticias.com\/editor\/author\/editor-general\/"}]}},"_links":{"self":[{"href":"https:\/\/luchonoticias.com\/editor\/wp-json\/wp\/v2\/posts\/97498","targetHints":{"allow":["GET"]}}],"collection":[{"href":"https:\/\/luchonoticias.com\/editor\/wp-json\/wp\/v2\/posts"}],"about":[{"href":"https:\/\/luchonoticias.com\/editor\/wp-json\/wp\/v2\/types\/post"}],"author":[{"embeddable":true,"href":"https:\/\/luchonoticias.com\/editor\/wp-json\/wp\/v2\/users\/2"}],"replies":[{"embeddable":true,"href":"https:\/\/luchonoticias.com\/editor\/wp-json\/wp\/v2\/comments?post=97498"}],"version-history":[{"count":1,"href":"https:\/\/luchonoticias.com\/editor\/wp-json\/wp\/v2\/posts\/97498\/revisions"}],"predecessor-version":[{"id":97500,"href":"https:\/\/luchonoticias.com\/editor\/wp-json\/wp\/v2\/posts\/97498\/revisions\/97500"}],"wp:featuredmedia":[{"embeddable":true,"href":"https:\/\/luchonoticias.com\/editor\/wp-json\/wp\/v2\/media\/97499"}],"wp:attachment":[{"href":"https:\/\/luchonoticias.com\/editor\/wp-json\/wp\/v2\/media?parent=97498"}],"wp:term":[{"taxonomy":"category","embeddable":true,"href":"https:\/\/luchonoticias.com\/editor\/wp-json\/wp\/v2\/categories?post=97498"},{"taxonomy":"post_tag","embeddable":true,"href":"https:\/\/luchonoticias.com\/editor\/wp-json\/wp\/v2\/tags?post=97498"}],"curies":[{"name":"wp","href":"https:\/\/api.w.org\/{rel}","templated":true}]}}