{"id":97506,"date":"2026-04-30T13:08:55","date_gmt":"2026-04-30T18:08:55","guid":{"rendered":"https:\/\/luchonoticias.com\/editor\/?p=97506"},"modified":"2026-04-30T13:08:57","modified_gmt":"2026-04-30T18:08:57","slug":"en-tello-el-totumo-se-convierte-en-arte","status":"publish","type":"post","link":"https:\/\/luchonoticias.com\/editor\/en-tello-el-totumo-se-convierte-en-arte\/","title":{"rendered":"En Tello, el totumo se convierte en arte"},"content":{"rendered":"\n<p>Desde hace m\u00e1s de 18 a\u00f1os, Carmelina Oliveros ha transformado el totumo en piezas artesanales que van desde monederos y azucareras hasta figuras decorativas, jarrones y vasijas, rescatando el valor de un fruto poco aprovechado y convirti\u00e9ndolo en materia prima para la creaci\u00f3n.<\/p>\n\n\n\n<p>\u201cLa mayor satisfacci\u00f3n ha sido darme a conocer y mostrar que de un fruto seco, que muchas veces se pierde, pueden surgir objetos \u00fatiles y art\u00edsticos\u201d, expres\u00f3 la artesana, quien ha consolidado su oficio como una alternativa productiva en el municipio.<\/p>\n\n\n\n<p>En el marco del fortalecimiento de las industrias creativas, la Secretar\u00eda de Desarrollo Econ\u00f3mico y Turismo del Huila visit\u00f3 su taller en Tello, donde socializ\u00f3 la oferta institucional dirigida a emprendedores, que incluye capacitaciones y acceso a convocatorias.<\/p>\n\n\n\n<figure class=\"wp-block-gallery has-nested-images columns-default is-cropped wp-block-gallery-1 is-layout-flex wp-block-gallery-is-layout-flex\">\n<figure class=\"wp-block-image size-large\"><img loading=\"lazy\" decoding=\"async\" width=\"1024\" height=\"682\" data-id=\"97508\" src=\"https:\/\/luchonoticias.com\/editor\/wp-content\/uploads\/2026\/04\/WhatsApp-Image-2026-04-30-at-12.12.52-1024x682.jpeg\" alt=\"\" class=\"wp-image-97508\" srcset=\"https:\/\/luchonoticias.com\/editor\/wp-content\/uploads\/2026\/04\/WhatsApp-Image-2026-04-30-at-12.12.52-1024x682.jpeg 1024w, https:\/\/luchonoticias.com\/editor\/wp-content\/uploads\/2026\/04\/WhatsApp-Image-2026-04-30-at-12.12.52-300x200.jpeg 300w, https:\/\/luchonoticias.com\/editor\/wp-content\/uploads\/2026\/04\/WhatsApp-Image-2026-04-30-at-12.12.52-768x512.jpeg 768w, https:\/\/luchonoticias.com\/editor\/wp-content\/uploads\/2026\/04\/WhatsApp-Image-2026-04-30-at-12.12.52-1536x1023.jpeg 1536w, https:\/\/luchonoticias.com\/editor\/wp-content\/uploads\/2026\/04\/WhatsApp-Image-2026-04-30-at-12.12.52.jpeg 1600w\" sizes=\"auto, (max-width: 1024px) 100vw, 1024px\" \/><\/figure>\n\n\n\n<figure class=\"wp-block-image size-large\"><img loading=\"lazy\" decoding=\"async\" width=\"1024\" height=\"682\" data-id=\"97509\" src=\"https:\/\/luchonoticias.com\/editor\/wp-content\/uploads\/2026\/04\/WhatsApp-Image-2026-04-30-at-12.12.53-1024x682.jpeg\" alt=\"\" class=\"wp-image-97509\" srcset=\"https:\/\/luchonoticias.com\/editor\/wp-content\/uploads\/2026\/04\/WhatsApp-Image-2026-04-30-at-12.12.53-1024x682.jpeg 1024w, https:\/\/luchonoticias.com\/editor\/wp-content\/uploads\/2026\/04\/WhatsApp-Image-2026-04-30-at-12.12.53-300x200.jpeg 300w, https:\/\/luchonoticias.com\/editor\/wp-content\/uploads\/2026\/04\/WhatsApp-Image-2026-04-30-at-12.12.53-768x512.jpeg 768w, https:\/\/luchonoticias.com\/editor\/wp-content\/uploads\/2026\/04\/WhatsApp-Image-2026-04-30-at-12.12.53-1536x1023.jpeg 1536w, https:\/\/luchonoticias.com\/editor\/wp-content\/uploads\/2026\/04\/WhatsApp-Image-2026-04-30-at-12.12.53.jpeg 1600w\" sizes=\"auto, (max-width: 1024px) 100vw, 1024px\" \/><\/figure>\n<\/figure>\n\n\n\n<p>Actualmente, Oliveros comercializa sus productos en ferias y eventos, adem\u00e1s de atender pedidos personalizados y realizar ventas directas desde su vivienda, donde tambi\u00e9n funciona su taller artesanal.<\/p>\n\n\n\n<p>El desarrollo del sector artesanal en el municipio tambi\u00e9n ha contado con procesos de formaci\u00f3n liderados por instructores como Gelmo Uribe Legu\u00edzamo, quien ha contribuido a la ense\u00f1anza de diversas t\u00e9cnicas y al aprovechamiento del tiempo libre de j\u00f3venes y adultos.<\/p>\n\n\n\n<p>\u201cEn Tello he ense\u00f1ado distintas clases de artesan\u00edas, como el trabajo en totumo, la cer\u00e1mica y el capacho de ma\u00edz. Hoy se destacan materiales como la guadua, el bejuco y el totumo\u201d, explic\u00f3 el instructor.<\/p>\n\n\n\n<p>Estas acciones hacen parte de la apuesta de la Gobernaci\u00f3n del Huila por fortalecer la econom\u00eda local, preservar las tradiciones y promover el desarrollo de las industrias creativas en el departamento.<\/p>\n","protected":false},"excerpt":{"rendered":"<p>Desde hace m\u00e1s de 18 a\u00f1os, Carmelina Oliveros ha transformado el totumo en piezas artesanales que van desde monederos y azucareras hasta figuras decorativas, jarrones y vasijas, rescatando el valor de un fruto poco aprovechado y convirti\u00e9ndolo en materia prima para la creaci\u00f3n. \u201cLa mayor satisfacci\u00f3n ha sido darme a conocer y mostrar que de [&hellip;]<\/p>\n","protected":false},"author":2,"featured_media":97507,"comment_status":"closed","ping_status":"open","sticky":false,"template":"","format":"standard","meta":{"footnotes":""},"categories":[33],"tags":[],"class_list":["post-97506","post","type-post","status-publish","format-standard","has-post-thumbnail","hentry","category-huila"],"yoast_head":"<!-- This site is optimized with the Yoast SEO plugin v26.6 - https:\/\/yoast.com\/wordpress\/plugins\/seo\/ -->\n<title>En Tello, el totumo se convierte en arte -<\/title>\n<meta name=\"robots\" content=\"index, follow, max-snippet:-1, max-image-preview:large, max-video-preview:-1\" \/>\n<link rel=\"canonical\" href=\"https:\/\/luchonoticias.com\/editor\/en-tello-el-totumo-se-convierte-en-arte\/\" \/>\n<meta property=\"og:locale\" content=\"es_ES\" \/>\n<meta property=\"og:type\" content=\"article\" \/>\n<meta property=\"og:title\" content=\"En Tello, el totumo se convierte en arte -\" \/>\n<meta property=\"og:url\" content=\"https:\/\/luchonoticias.com\/editor\/en-tello-el-totumo-se-convierte-en-arte\/\" \/>\n<meta property=\"article:publisher\" content=\"https:\/\/www.facebook.com\/luchonoticiasneiva\" \/>\n<meta property=\"article:published_time\" content=\"2026-04-30T18:08:55+00:00\" \/>\n<meta property=\"article:modified_time\" content=\"2026-04-30T18:08:57+00:00\" \/>\n<meta property=\"og:image\" content=\"https:\/\/luchonoticias.com\/editor\/wp-content\/uploads\/2026\/04\/TOTUMO.jpg\" \/>\n\t<meta property=\"og:image:width\" content=\"700\" \/>\n\t<meta property=\"og:image:height\" content=\"400\" \/>\n\t<meta property=\"og:image:type\" content=\"image\/jpeg\" \/>\n<meta name=\"author\" content=\"Editor General\" \/>\n<meta name=\"twitter:card\" content=\"summary_large_image\" \/>\n<meta name=\"twitter:label1\" content=\"Escrito por\" \/>\n\t<meta name=\"twitter:data1\" content=\"Editor General\" \/>\n\t<meta name=\"twitter:label2\" content=\"Tiempo de lectura\" \/>\n\t<meta name=\"twitter:data2\" content=\"2 minutos\" \/>\n<script type=\"application\/ld+json\" class=\"yoast-schema-graph\">{\"@context\":\"https:\/\/schema.org\",\"@graph\":[{\"@type\":\"Article\",\"@id\":\"https:\/\/luchonoticias.com\/editor\/en-tello-el-totumo-se-convierte-en-arte\/#article\",\"isPartOf\":{\"@id\":\"https:\/\/luchonoticias.com\/editor\/en-tello-el-totumo-se-convierte-en-arte\/\"},\"author\":{\"name\":\"Editor General\",\"@id\":\"https:\/\/luchonoticias.com\/editor\/#\/schema\/person\/29217990ddf6f14e35912b2866d591fb\"},\"headline\":\"En Tello, el totumo se convierte en arte\",\"datePublished\":\"2026-04-30T18:08:55+00:00\",\"dateModified\":\"2026-04-30T18:08:57+00:00\",\"mainEntityOfPage\":{\"@id\":\"https:\/\/luchonoticias.com\/editor\/en-tello-el-totumo-se-convierte-en-arte\/\"},\"wordCount\":285,\"publisher\":{\"@id\":\"https:\/\/luchonoticias.com\/editor\/#\/schema\/person\/7a7fd911f58561fd056dbac7b55af9cd\"},\"image\":{\"@id\":\"https:\/\/luchonoticias.com\/editor\/en-tello-el-totumo-se-convierte-en-arte\/#primaryimage\"},\"thumbnailUrl\":\"https:\/\/luchonoticias.com\/editor\/wp-content\/uploads\/2026\/04\/TOTUMO.jpg\",\"articleSection\":[\"Huila\"],\"inLanguage\":\"es\"},{\"@type\":\"WebPage\",\"@id\":\"https:\/\/luchonoticias.com\/editor\/en-tello-el-totumo-se-convierte-en-arte\/\",\"url\":\"https:\/\/luchonoticias.com\/editor\/en-tello-el-totumo-se-convierte-en-arte\/\",\"name\":\"En Tello, el totumo se convierte en arte -\",\"isPartOf\":{\"@id\":\"https:\/\/luchonoticias.com\/editor\/#website\"},\"primaryImageOfPage\":{\"@id\":\"https:\/\/luchonoticias.com\/editor\/en-tello-el-totumo-se-convierte-en-arte\/#primaryimage\"},\"image\":{\"@id\":\"https:\/\/luchonoticias.com\/editor\/en-tello-el-totumo-se-convierte-en-arte\/#primaryimage\"},\"thumbnailUrl\":\"https:\/\/luchonoticias.com\/editor\/wp-content\/uploads\/2026\/04\/TOTUMO.jpg\",\"datePublished\":\"2026-04-30T18:08:55+00:00\",\"dateModified\":\"2026-04-30T18:08:57+00:00\",\"breadcrumb\":{\"@id\":\"https:\/\/luchonoticias.com\/editor\/en-tello-el-totumo-se-convierte-en-arte\/#breadcrumb\"},\"inLanguage\":\"es\",\"potentialAction\":[{\"@type\":\"ReadAction\",\"target\":[\"https:\/\/luchonoticias.com\/editor\/en-tello-el-totumo-se-convierte-en-arte\/\"]}]},{\"@type\":\"ImageObject\",\"inLanguage\":\"es\",\"@id\":\"https:\/\/luchonoticias.com\/editor\/en-tello-el-totumo-se-convierte-en-arte\/#primaryimage\",\"url\":\"https:\/\/luchonoticias.com\/editor\/wp-content\/uploads\/2026\/04\/TOTUMO.jpg\",\"contentUrl\":\"https:\/\/luchonoticias.com\/editor\/wp-content\/uploads\/2026\/04\/TOTUMO.jpg\",\"width\":700,\"height\":400},{\"@type\":\"BreadcrumbList\",\"@id\":\"https:\/\/luchonoticias.com\/editor\/en-tello-el-totumo-se-convierte-en-arte\/#breadcrumb\",\"itemListElement\":[{\"@type\":\"ListItem\",\"position\":1,\"name\":\"Portada\",\"item\":\"https:\/\/luchonoticias.com\/editor\/\"},{\"@type\":\"ListItem\",\"position\":2,\"name\":\"En Tello, el totumo se convierte en arte\"}]},{\"@type\":\"WebSite\",\"@id\":\"https:\/\/luchonoticias.com\/editor\/#website\",\"url\":\"https:\/\/luchonoticias.com\/editor\/\",\"name\":\"\",\"description\":\"\",\"publisher\":{\"@id\":\"https:\/\/luchonoticias.com\/editor\/#\/schema\/person\/7a7fd911f58561fd056dbac7b55af9cd\"},\"potentialAction\":[{\"@type\":\"SearchAction\",\"target\":{\"@type\":\"EntryPoint\",\"urlTemplate\":\"https:\/\/luchonoticias.com\/editor\/?s={search_term_string}\"},\"query-input\":{\"@type\":\"PropertyValueSpecification\",\"valueRequired\":true,\"valueName\":\"search_term_string\"}}],\"inLanguage\":\"es\"},{\"@type\":[\"Person\",\"Organization\"],\"@id\":\"https:\/\/luchonoticias.com\/editor\/#\/schema\/person\/7a7fd911f58561fd056dbac7b55af9cd\",\"name\":\"admin\",\"image\":{\"@type\":\"ImageObject\",\"inLanguage\":\"es\",\"@id\":\"https:\/\/luchonoticias.com\/editor\/#\/schema\/person\/image\/\",\"url\":\"https:\/\/luchonoticias.com\/editor\/wp-content\/uploads\/2024\/02\/cropped-cropped-logolu.webp\",\"contentUrl\":\"https:\/\/luchonoticias.com\/editor\/wp-content\/uploads\/2024\/02\/cropped-cropped-logolu.webp\",\"width\":382,\"height\":170,\"caption\":\"admin\"},\"logo\":{\"@id\":\"https:\/\/luchonoticias.com\/editor\/#\/schema\/person\/image\/\"},\"sameAs\":[\"https:\/\/www.facebook.com\/luchonoticiasneiva\"]},{\"@type\":\"Person\",\"@id\":\"https:\/\/luchonoticias.com\/editor\/#\/schema\/person\/29217990ddf6f14e35912b2866d591fb\",\"name\":\"Editor General\",\"image\":{\"@type\":\"ImageObject\",\"inLanguage\":\"es\",\"@id\":\"https:\/\/luchonoticias.com\/editor\/#\/schema\/person\/image\/\",\"url\":\"https:\/\/luchonoticias.com\/editor\/wp-content\/uploads\/2024\/02\/cropped-cropped-logolu-150x150.webp\",\"contentUrl\":\"https:\/\/luchonoticias.com\/editor\/wp-content\/uploads\/2024\/02\/cropped-cropped-logolu-150x150.webp\",\"caption\":\"Editor General\"},\"sameAs\":[\"https:\/\/luchonoticias.com\/\"],\"url\":\"https:\/\/luchonoticias.com\/editor\/author\/editor-general\/\"}]}<\/script>\n<!-- \/ Yoast SEO plugin. -->","yoast_head_json":{"title":"En Tello, el totumo se convierte en arte -","robots":{"index":"index","follow":"follow","max-snippet":"max-snippet:-1","max-image-preview":"max-image-preview:large","max-video-preview":"max-video-preview:-1"},"canonical":"https:\/\/luchonoticias.com\/editor\/en-tello-el-totumo-se-convierte-en-arte\/","og_locale":"es_ES","og_type":"article","og_title":"En Tello, el totumo se convierte en arte -","og_url":"https:\/\/luchonoticias.com\/editor\/en-tello-el-totumo-se-convierte-en-arte\/","article_publisher":"https:\/\/www.facebook.com\/luchonoticiasneiva","article_published_time":"2026-04-30T18:08:55+00:00","article_modified_time":"2026-04-30T18:08:57+00:00","og_image":[{"width":700,"height":400,"url":"https:\/\/luchonoticias.com\/editor\/wp-content\/uploads\/2026\/04\/TOTUMO.jpg","type":"image\/jpeg"}],"author":"Editor General","twitter_card":"summary_large_image","twitter_misc":{"Escrito por":"Editor General","Tiempo de lectura":"2 minutos"},"schema":{"@context":"https:\/\/schema.org","@graph":[{"@type":"Article","@id":"https:\/\/luchonoticias.com\/editor\/en-tello-el-totumo-se-convierte-en-arte\/#article","isPartOf":{"@id":"https:\/\/luchonoticias.com\/editor\/en-tello-el-totumo-se-convierte-en-arte\/"},"author":{"name":"Editor General","@id":"https:\/\/luchonoticias.com\/editor\/#\/schema\/person\/29217990ddf6f14e35912b2866d591fb"},"headline":"En Tello, el totumo se convierte en arte","datePublished":"2026-04-30T18:08:55+00:00","dateModified":"2026-04-30T18:08:57+00:00","mainEntityOfPage":{"@id":"https:\/\/luchonoticias.com\/editor\/en-tello-el-totumo-se-convierte-en-arte\/"},"wordCount":285,"publisher":{"@id":"https:\/\/luchonoticias.com\/editor\/#\/schema\/person\/7a7fd911f58561fd056dbac7b55af9cd"},"image":{"@id":"https:\/\/luchonoticias.com\/editor\/en-tello-el-totumo-se-convierte-en-arte\/#primaryimage"},"thumbnailUrl":"https:\/\/luchonoticias.com\/editor\/wp-content\/uploads\/2026\/04\/TOTUMO.jpg","articleSection":["Huila"],"inLanguage":"es"},{"@type":"WebPage","@id":"https:\/\/luchonoticias.com\/editor\/en-tello-el-totumo-se-convierte-en-arte\/","url":"https:\/\/luchonoticias.com\/editor\/en-tello-el-totumo-se-convierte-en-arte\/","name":"En Tello, el totumo se convierte en arte -","isPartOf":{"@id":"https:\/\/luchonoticias.com\/editor\/#website"},"primaryImageOfPage":{"@id":"https:\/\/luchonoticias.com\/editor\/en-tello-el-totumo-se-convierte-en-arte\/#primaryimage"},"image":{"@id":"https:\/\/luchonoticias.com\/editor\/en-tello-el-totumo-se-convierte-en-arte\/#primaryimage"},"thumbnailUrl":"https:\/\/luchonoticias.com\/editor\/wp-content\/uploads\/2026\/04\/TOTUMO.jpg","datePublished":"2026-04-30T18:08:55+00:00","dateModified":"2026-04-30T18:08:57+00:00","breadcrumb":{"@id":"https:\/\/luchonoticias.com\/editor\/en-tello-el-totumo-se-convierte-en-arte\/#breadcrumb"},"inLanguage":"es","potentialAction":[{"@type":"ReadAction","target":["https:\/\/luchonoticias.com\/editor\/en-tello-el-totumo-se-convierte-en-arte\/"]}]},{"@type":"ImageObject","inLanguage":"es","@id":"https:\/\/luchonoticias.com\/editor\/en-tello-el-totumo-se-convierte-en-arte\/#primaryimage","url":"https:\/\/luchonoticias.com\/editor\/wp-content\/uploads\/2026\/04\/TOTUMO.jpg","contentUrl":"https:\/\/luchonoticias.com\/editor\/wp-content\/uploads\/2026\/04\/TOTUMO.jpg","width":700,"height":400},{"@type":"BreadcrumbList","@id":"https:\/\/luchonoticias.com\/editor\/en-tello-el-totumo-se-convierte-en-arte\/#breadcrumb","itemListElement":[{"@type":"ListItem","position":1,"name":"Portada","item":"https:\/\/luchonoticias.com\/editor\/"},{"@type":"ListItem","position":2,"name":"En Tello, el totumo se convierte en arte"}]},{"@type":"WebSite","@id":"https:\/\/luchonoticias.com\/editor\/#website","url":"https:\/\/luchonoticias.com\/editor\/","name":"","description":"","publisher":{"@id":"https:\/\/luchonoticias.com\/editor\/#\/schema\/person\/7a7fd911f58561fd056dbac7b55af9cd"},"potentialAction":[{"@type":"SearchAction","target":{"@type":"EntryPoint","urlTemplate":"https:\/\/luchonoticias.com\/editor\/?s={search_term_string}"},"query-input":{"@type":"PropertyValueSpecification","valueRequired":true,"valueName":"search_term_string"}}],"inLanguage":"es"},{"@type":["Person","Organization"],"@id":"https:\/\/luchonoticias.com\/editor\/#\/schema\/person\/7a7fd911f58561fd056dbac7b55af9cd","name":"admin","image":{"@type":"ImageObject","inLanguage":"es","@id":"https:\/\/luchonoticias.com\/editor\/#\/schema\/person\/image\/","url":"https:\/\/luchonoticias.com\/editor\/wp-content\/uploads\/2024\/02\/cropped-cropped-logolu.webp","contentUrl":"https:\/\/luchonoticias.com\/editor\/wp-content\/uploads\/2024\/02\/cropped-cropped-logolu.webp","width":382,"height":170,"caption":"admin"},"logo":{"@id":"https:\/\/luchonoticias.com\/editor\/#\/schema\/person\/image\/"},"sameAs":["https:\/\/www.facebook.com\/luchonoticiasneiva"]},{"@type":"Person","@id":"https:\/\/luchonoticias.com\/editor\/#\/schema\/person\/29217990ddf6f14e35912b2866d591fb","name":"Editor General","image":{"@type":"ImageObject","inLanguage":"es","@id":"https:\/\/luchonoticias.com\/editor\/#\/schema\/person\/image\/","url":"https:\/\/luchonoticias.com\/editor\/wp-content\/uploads\/2024\/02\/cropped-cropped-logolu-150x150.webp","contentUrl":"https:\/\/luchonoticias.com\/editor\/wp-content\/uploads\/2024\/02\/cropped-cropped-logolu-150x150.webp","caption":"Editor General"},"sameAs":["https:\/\/luchonoticias.com\/"],"url":"https:\/\/luchonoticias.com\/editor\/author\/editor-general\/"}]}},"_links":{"self":[{"href":"https:\/\/luchonoticias.com\/editor\/wp-json\/wp\/v2\/posts\/97506","targetHints":{"allow":["GET"]}}],"collection":[{"href":"https:\/\/luchonoticias.com\/editor\/wp-json\/wp\/v2\/posts"}],"about":[{"href":"https:\/\/luchonoticias.com\/editor\/wp-json\/wp\/v2\/types\/post"}],"author":[{"embeddable":true,"href":"https:\/\/luchonoticias.com\/editor\/wp-json\/wp\/v2\/users\/2"}],"replies":[{"embeddable":true,"href":"https:\/\/luchonoticias.com\/editor\/wp-json\/wp\/v2\/comments?post=97506"}],"version-history":[{"count":1,"href":"https:\/\/luchonoticias.com\/editor\/wp-json\/wp\/v2\/posts\/97506\/revisions"}],"predecessor-version":[{"id":97510,"href":"https:\/\/luchonoticias.com\/editor\/wp-json\/wp\/v2\/posts\/97506\/revisions\/97510"}],"wp:featuredmedia":[{"embeddable":true,"href":"https:\/\/luchonoticias.com\/editor\/wp-json\/wp\/v2\/media\/97507"}],"wp:attachment":[{"href":"https:\/\/luchonoticias.com\/editor\/wp-json\/wp\/v2\/media?parent=97506"}],"wp:term":[{"taxonomy":"category","embeddable":true,"href":"https:\/\/luchonoticias.com\/editor\/wp-json\/wp\/v2\/categories?post=97506"},{"taxonomy":"post_tag","embeddable":true,"href":"https:\/\/luchonoticias.com\/editor\/wp-json\/wp\/v2\/tags?post=97506"}],"curies":[{"name":"wp","href":"https:\/\/api.w.org\/{rel}","templated":true}]}}