{"id":97511,"date":"2026-04-30T13:11:29","date_gmt":"2026-04-30T18:11:29","guid":{"rendered":"https:\/\/luchonoticias.com\/editor\/?p=97511"},"modified":"2026-04-30T13:11:32","modified_gmt":"2026-04-30T18:11:32","slug":"colombia-solicita-a-la-india-el-traslado-de-80-hipopotamos","status":"publish","type":"post","link":"https:\/\/luchonoticias.com\/editor\/colombia-solicita-a-la-india-el-traslado-de-80-hipopotamos\/","title":{"rendered":"Colombia solicita a la India el traslado de 80 hipop\u00f3tamos"},"content":{"rendered":"\n<p>El Gobierno colombiano avanza en su estrategia para el manejo del hipop\u00f3tamo como especie invasora y confirm\u00f3 que radic\u00f3 una solicitud formal ante el Gobierno de India para evaluar la posibilidad de trasladar 80 ejemplares desde el pa\u00eds hacia el centro Vantara, iniciativa vinculada a la red de Reliance Industries.<\/p>\n\n\n\n<p>La petici\u00f3n busca no solo el aval diplom\u00e1tico, sino tambi\u00e9n verificar que este centro cuente con permisos ambientales vigentes, respaldo cient\u00edfico y condiciones zoosanitarias adecuadas para recibir a los animales. El proceso se rige por los lineamientos de la Convenci\u00f3n CITES, que regula el comercio internacional de especies.<\/p>\n\n\n\n<p>Desde el Ministerio de Ambiente se reiter\u00f3 que la translocaci\u00f3n no depende exclusivamente de actores privados, sino que requiere autorizaciones gubernamentales y el cumplimiento estricto de acuerdos internacionales en materia de biodiversidad.<\/p>\n\n\n\n<p>El traslado hace parte de las medidas contempladas en el Plan para la Prevenci\u00f3n, Control y Manejo del Hipop\u00f3tamo, adoptado en 2024, y responde a decisiones basadas en evidencia cient\u00edfica y en fallos judiciales vigentes.<\/p>\n\n\n\n<p>Entre las prioridades del Gobierno se mantienen la protecci\u00f3n de los ecosistemas, la conservaci\u00f3n de las especies nativas y la mitigaci\u00f3n del impacto que los hipop\u00f3tamos han generado en distintas regiones del pa\u00eds, donde han alterado el equilibrio ambiental. Asimismo, se busca avanzar en soluciones t\u00e9cnicas y diplom\u00e1ticas que permitan un manejo integral y sostenible de esta problem\u00e1tica.<\/p>\n","protected":false},"excerpt":{"rendered":"<p>El Gobierno colombiano avanza en su estrategia para el manejo del hipop\u00f3tamo como especie invasora y confirm\u00f3 que radic\u00f3 una solicitud formal ante el Gobierno de India para evaluar la posibilidad de trasladar 80 ejemplares desde el pa\u00eds hacia el centro Vantara, iniciativa vinculada a la red de Reliance Industries. La petici\u00f3n busca no solo [&hellip;]<\/p>\n","protected":false},"author":2,"featured_media":97512,"comment_status":"closed","ping_status":"open","sticky":false,"template":"","format":"standard","meta":{"footnotes":""},"categories":[28,32],"tags":[],"class_list":["post-97511","post","type-post","status-publish","format-standard","has-post-thumbnail","hentry","category-actualidad","category-nacional"],"yoast_head":"<!-- This site is optimized with the Yoast SEO plugin v26.6 - https:\/\/yoast.com\/wordpress\/plugins\/seo\/ -->\n<title>Colombia solicita a la India el traslado de 80 hipop\u00f3tamos -<\/title>\n<meta name=\"robots\" content=\"index, follow, max-snippet:-1, max-image-preview:large, max-video-preview:-1\" \/>\n<link rel=\"canonical\" href=\"https:\/\/luchonoticias.com\/editor\/colombia-solicita-a-la-india-el-traslado-de-80-hipopotamos\/\" \/>\n<meta property=\"og:locale\" content=\"es_ES\" \/>\n<meta property=\"og:type\" content=\"article\" \/>\n<meta property=\"og:title\" content=\"Colombia solicita a la India el traslado de 80 hipop\u00f3tamos -\" \/>\n<meta property=\"og:url\" content=\"https:\/\/luchonoticias.com\/editor\/colombia-solicita-a-la-india-el-traslado-de-80-hipopotamos\/\" \/>\n<meta property=\"article:publisher\" content=\"https:\/\/www.facebook.com\/luchonoticiasneiva\" \/>\n<meta property=\"article:published_time\" content=\"2026-04-30T18:11:29+00:00\" \/>\n<meta property=\"article:modified_time\" content=\"2026-04-30T18:11:32+00:00\" \/>\n<meta property=\"og:image\" content=\"https:\/\/luchonoticias.com\/editor\/wp-content\/uploads\/2026\/04\/HIPOPOTAMOS-1.jpg\" \/>\n\t<meta property=\"og:image:width\" content=\"700\" \/>\n\t<meta property=\"og:image:height\" content=\"400\" \/>\n\t<meta property=\"og:image:type\" content=\"image\/jpeg\" \/>\n<meta name=\"author\" content=\"Editor General\" \/>\n<meta name=\"twitter:card\" content=\"summary_large_image\" \/>\n<meta name=\"twitter:label1\" content=\"Escrito por\" \/>\n\t<meta name=\"twitter:data1\" content=\"Editor General\" \/>\n\t<meta name=\"twitter:label2\" content=\"Tiempo de lectura\" \/>\n\t<meta name=\"twitter:data2\" content=\"2 minutos\" \/>\n<script type=\"application\/ld+json\" class=\"yoast-schema-graph\">{\"@context\":\"https:\/\/schema.org\",\"@graph\":[{\"@type\":\"Article\",\"@id\":\"https:\/\/luchonoticias.com\/editor\/colombia-solicita-a-la-india-el-traslado-de-80-hipopotamos\/#article\",\"isPartOf\":{\"@id\":\"https:\/\/luchonoticias.com\/editor\/colombia-solicita-a-la-india-el-traslado-de-80-hipopotamos\/\"},\"author\":{\"name\":\"Editor General\",\"@id\":\"https:\/\/luchonoticias.com\/editor\/#\/schema\/person\/29217990ddf6f14e35912b2866d591fb\"},\"headline\":\"Colombia solicita a la India el traslado de 80 hipop\u00f3tamos\",\"datePublished\":\"2026-04-30T18:11:29+00:00\",\"dateModified\":\"2026-04-30T18:11:32+00:00\",\"mainEntityOfPage\":{\"@id\":\"https:\/\/luchonoticias.com\/editor\/colombia-solicita-a-la-india-el-traslado-de-80-hipopotamos\/\"},\"wordCount\":250,\"publisher\":{\"@id\":\"https:\/\/luchonoticias.com\/editor\/#\/schema\/person\/7a7fd911f58561fd056dbac7b55af9cd\"},\"image\":{\"@id\":\"https:\/\/luchonoticias.com\/editor\/colombia-solicita-a-la-india-el-traslado-de-80-hipopotamos\/#primaryimage\"},\"thumbnailUrl\":\"https:\/\/luchonoticias.com\/editor\/wp-content\/uploads\/2026\/04\/HIPOPOTAMOS-1.jpg\",\"articleSection\":[\"Actualidad\",\"Nacional\"],\"inLanguage\":\"es\"},{\"@type\":\"WebPage\",\"@id\":\"https:\/\/luchonoticias.com\/editor\/colombia-solicita-a-la-india-el-traslado-de-80-hipopotamos\/\",\"url\":\"https:\/\/luchonoticias.com\/editor\/colombia-solicita-a-la-india-el-traslado-de-80-hipopotamos\/\",\"name\":\"Colombia solicita a la India el traslado de 80 hipop\u00f3tamos -\",\"isPartOf\":{\"@id\":\"https:\/\/luchonoticias.com\/editor\/#website\"},\"primaryImageOfPage\":{\"@id\":\"https:\/\/luchonoticias.com\/editor\/colombia-solicita-a-la-india-el-traslado-de-80-hipopotamos\/#primaryimage\"},\"image\":{\"@id\":\"https:\/\/luchonoticias.com\/editor\/colombia-solicita-a-la-india-el-traslado-de-80-hipopotamos\/#primaryimage\"},\"thumbnailUrl\":\"https:\/\/luchonoticias.com\/editor\/wp-content\/uploads\/2026\/04\/HIPOPOTAMOS-1.jpg\",\"datePublished\":\"2026-04-30T18:11:29+00:00\",\"dateModified\":\"2026-04-30T18:11:32+00:00\",\"breadcrumb\":{\"@id\":\"https:\/\/luchonoticias.com\/editor\/colombia-solicita-a-la-india-el-traslado-de-80-hipopotamos\/#breadcrumb\"},\"inLanguage\":\"es\",\"potentialAction\":[{\"@type\":\"ReadAction\",\"target\":[\"https:\/\/luchonoticias.com\/editor\/colombia-solicita-a-la-india-el-traslado-de-80-hipopotamos\/\"]}]},{\"@type\":\"ImageObject\",\"inLanguage\":\"es\",\"@id\":\"https:\/\/luchonoticias.com\/editor\/colombia-solicita-a-la-india-el-traslado-de-80-hipopotamos\/#primaryimage\",\"url\":\"https:\/\/luchonoticias.com\/editor\/wp-content\/uploads\/2026\/04\/HIPOPOTAMOS-1.jpg\",\"contentUrl\":\"https:\/\/luchonoticias.com\/editor\/wp-content\/uploads\/2026\/04\/HIPOPOTAMOS-1.jpg\",\"width\":700,\"height\":400},{\"@type\":\"BreadcrumbList\",\"@id\":\"https:\/\/luchonoticias.com\/editor\/colombia-solicita-a-la-india-el-traslado-de-80-hipopotamos\/#breadcrumb\",\"itemListElement\":[{\"@type\":\"ListItem\",\"position\":1,\"name\":\"Portada\",\"item\":\"https:\/\/luchonoticias.com\/editor\/\"},{\"@type\":\"ListItem\",\"position\":2,\"name\":\"Colombia solicita a la India el traslado de 80 hipop\u00f3tamos\"}]},{\"@type\":\"WebSite\",\"@id\":\"https:\/\/luchonoticias.com\/editor\/#website\",\"url\":\"https:\/\/luchonoticias.com\/editor\/\",\"name\":\"\",\"description\":\"\",\"publisher\":{\"@id\":\"https:\/\/luchonoticias.com\/editor\/#\/schema\/person\/7a7fd911f58561fd056dbac7b55af9cd\"},\"potentialAction\":[{\"@type\":\"SearchAction\",\"target\":{\"@type\":\"EntryPoint\",\"urlTemplate\":\"https:\/\/luchonoticias.com\/editor\/?s={search_term_string}\"},\"query-input\":{\"@type\":\"PropertyValueSpecification\",\"valueRequired\":true,\"valueName\":\"search_term_string\"}}],\"inLanguage\":\"es\"},{\"@type\":[\"Person\",\"Organization\"],\"@id\":\"https:\/\/luchonoticias.com\/editor\/#\/schema\/person\/7a7fd911f58561fd056dbac7b55af9cd\",\"name\":\"admin\",\"image\":{\"@type\":\"ImageObject\",\"inLanguage\":\"es\",\"@id\":\"https:\/\/luchonoticias.com\/editor\/#\/schema\/person\/image\/\",\"url\":\"https:\/\/luchonoticias.com\/editor\/wp-content\/uploads\/2024\/02\/cropped-cropped-logolu.webp\",\"contentUrl\":\"https:\/\/luchonoticias.com\/editor\/wp-content\/uploads\/2024\/02\/cropped-cropped-logolu.webp\",\"width\":382,\"height\":170,\"caption\":\"admin\"},\"logo\":{\"@id\":\"https:\/\/luchonoticias.com\/editor\/#\/schema\/person\/image\/\"},\"sameAs\":[\"https:\/\/www.facebook.com\/luchonoticiasneiva\"]},{\"@type\":\"Person\",\"@id\":\"https:\/\/luchonoticias.com\/editor\/#\/schema\/person\/29217990ddf6f14e35912b2866d591fb\",\"name\":\"Editor General\",\"image\":{\"@type\":\"ImageObject\",\"inLanguage\":\"es\",\"@id\":\"https:\/\/luchonoticias.com\/editor\/#\/schema\/person\/image\/\",\"url\":\"https:\/\/luchonoticias.com\/editor\/wp-content\/uploads\/2024\/02\/cropped-cropped-logolu-150x150.webp\",\"contentUrl\":\"https:\/\/luchonoticias.com\/editor\/wp-content\/uploads\/2024\/02\/cropped-cropped-logolu-150x150.webp\",\"caption\":\"Editor General\"},\"sameAs\":[\"https:\/\/luchonoticias.com\/\"],\"url\":\"https:\/\/luchonoticias.com\/editor\/author\/editor-general\/\"}]}<\/script>\n<!-- \/ Yoast SEO plugin. -->","yoast_head_json":{"title":"Colombia solicita a la India el traslado de 80 hipop\u00f3tamos -","robots":{"index":"index","follow":"follow","max-snippet":"max-snippet:-1","max-image-preview":"max-image-preview:large","max-video-preview":"max-video-preview:-1"},"canonical":"https:\/\/luchonoticias.com\/editor\/colombia-solicita-a-la-india-el-traslado-de-80-hipopotamos\/","og_locale":"es_ES","og_type":"article","og_title":"Colombia solicita a la India el traslado de 80 hipop\u00f3tamos -","og_url":"https:\/\/luchonoticias.com\/editor\/colombia-solicita-a-la-india-el-traslado-de-80-hipopotamos\/","article_publisher":"https:\/\/www.facebook.com\/luchonoticiasneiva","article_published_time":"2026-04-30T18:11:29+00:00","article_modified_time":"2026-04-30T18:11:32+00:00","og_image":[{"width":700,"height":400,"url":"https:\/\/luchonoticias.com\/editor\/wp-content\/uploads\/2026\/04\/HIPOPOTAMOS-1.jpg","type":"image\/jpeg"}],"author":"Editor General","twitter_card":"summary_large_image","twitter_misc":{"Escrito por":"Editor General","Tiempo de lectura":"2 minutos"},"schema":{"@context":"https:\/\/schema.org","@graph":[{"@type":"Article","@id":"https:\/\/luchonoticias.com\/editor\/colombia-solicita-a-la-india-el-traslado-de-80-hipopotamos\/#article","isPartOf":{"@id":"https:\/\/luchonoticias.com\/editor\/colombia-solicita-a-la-india-el-traslado-de-80-hipopotamos\/"},"author":{"name":"Editor General","@id":"https:\/\/luchonoticias.com\/editor\/#\/schema\/person\/29217990ddf6f14e35912b2866d591fb"},"headline":"Colombia solicita a la India el traslado de 80 hipop\u00f3tamos","datePublished":"2026-04-30T18:11:29+00:00","dateModified":"2026-04-30T18:11:32+00:00","mainEntityOfPage":{"@id":"https:\/\/luchonoticias.com\/editor\/colombia-solicita-a-la-india-el-traslado-de-80-hipopotamos\/"},"wordCount":250,"publisher":{"@id":"https:\/\/luchonoticias.com\/editor\/#\/schema\/person\/7a7fd911f58561fd056dbac7b55af9cd"},"image":{"@id":"https:\/\/luchonoticias.com\/editor\/colombia-solicita-a-la-india-el-traslado-de-80-hipopotamos\/#primaryimage"},"thumbnailUrl":"https:\/\/luchonoticias.com\/editor\/wp-content\/uploads\/2026\/04\/HIPOPOTAMOS-1.jpg","articleSection":["Actualidad","Nacional"],"inLanguage":"es"},{"@type":"WebPage","@id":"https:\/\/luchonoticias.com\/editor\/colombia-solicita-a-la-india-el-traslado-de-80-hipopotamos\/","url":"https:\/\/luchonoticias.com\/editor\/colombia-solicita-a-la-india-el-traslado-de-80-hipopotamos\/","name":"Colombia solicita a la India el traslado de 80 hipop\u00f3tamos -","isPartOf":{"@id":"https:\/\/luchonoticias.com\/editor\/#website"},"primaryImageOfPage":{"@id":"https:\/\/luchonoticias.com\/editor\/colombia-solicita-a-la-india-el-traslado-de-80-hipopotamos\/#primaryimage"},"image":{"@id":"https:\/\/luchonoticias.com\/editor\/colombia-solicita-a-la-india-el-traslado-de-80-hipopotamos\/#primaryimage"},"thumbnailUrl":"https:\/\/luchonoticias.com\/editor\/wp-content\/uploads\/2026\/04\/HIPOPOTAMOS-1.jpg","datePublished":"2026-04-30T18:11:29+00:00","dateModified":"2026-04-30T18:11:32+00:00","breadcrumb":{"@id":"https:\/\/luchonoticias.com\/editor\/colombia-solicita-a-la-india-el-traslado-de-80-hipopotamos\/#breadcrumb"},"inLanguage":"es","potentialAction":[{"@type":"ReadAction","target":["https:\/\/luchonoticias.com\/editor\/colombia-solicita-a-la-india-el-traslado-de-80-hipopotamos\/"]}]},{"@type":"ImageObject","inLanguage":"es","@id":"https:\/\/luchonoticias.com\/editor\/colombia-solicita-a-la-india-el-traslado-de-80-hipopotamos\/#primaryimage","url":"https:\/\/luchonoticias.com\/editor\/wp-content\/uploads\/2026\/04\/HIPOPOTAMOS-1.jpg","contentUrl":"https:\/\/luchonoticias.com\/editor\/wp-content\/uploads\/2026\/04\/HIPOPOTAMOS-1.jpg","width":700,"height":400},{"@type":"BreadcrumbList","@id":"https:\/\/luchonoticias.com\/editor\/colombia-solicita-a-la-india-el-traslado-de-80-hipopotamos\/#breadcrumb","itemListElement":[{"@type":"ListItem","position":1,"name":"Portada","item":"https:\/\/luchonoticias.com\/editor\/"},{"@type":"ListItem","position":2,"name":"Colombia solicita a la India el traslado de 80 hipop\u00f3tamos"}]},{"@type":"WebSite","@id":"https:\/\/luchonoticias.com\/editor\/#website","url":"https:\/\/luchonoticias.com\/editor\/","name":"","description":"","publisher":{"@id":"https:\/\/luchonoticias.com\/editor\/#\/schema\/person\/7a7fd911f58561fd056dbac7b55af9cd"},"potentialAction":[{"@type":"SearchAction","target":{"@type":"EntryPoint","urlTemplate":"https:\/\/luchonoticias.com\/editor\/?s={search_term_string}"},"query-input":{"@type":"PropertyValueSpecification","valueRequired":true,"valueName":"search_term_string"}}],"inLanguage":"es"},{"@type":["Person","Organization"],"@id":"https:\/\/luchonoticias.com\/editor\/#\/schema\/person\/7a7fd911f58561fd056dbac7b55af9cd","name":"admin","image":{"@type":"ImageObject","inLanguage":"es","@id":"https:\/\/luchonoticias.com\/editor\/#\/schema\/person\/image\/","url":"https:\/\/luchonoticias.com\/editor\/wp-content\/uploads\/2024\/02\/cropped-cropped-logolu.webp","contentUrl":"https:\/\/luchonoticias.com\/editor\/wp-content\/uploads\/2024\/02\/cropped-cropped-logolu.webp","width":382,"height":170,"caption":"admin"},"logo":{"@id":"https:\/\/luchonoticias.com\/editor\/#\/schema\/person\/image\/"},"sameAs":["https:\/\/www.facebook.com\/luchonoticiasneiva"]},{"@type":"Person","@id":"https:\/\/luchonoticias.com\/editor\/#\/schema\/person\/29217990ddf6f14e35912b2866d591fb","name":"Editor General","image":{"@type":"ImageObject","inLanguage":"es","@id":"https:\/\/luchonoticias.com\/editor\/#\/schema\/person\/image\/","url":"https:\/\/luchonoticias.com\/editor\/wp-content\/uploads\/2024\/02\/cropped-cropped-logolu-150x150.webp","contentUrl":"https:\/\/luchonoticias.com\/editor\/wp-content\/uploads\/2024\/02\/cropped-cropped-logolu-150x150.webp","caption":"Editor General"},"sameAs":["https:\/\/luchonoticias.com\/"],"url":"https:\/\/luchonoticias.com\/editor\/author\/editor-general\/"}]}},"_links":{"self":[{"href":"https:\/\/luchonoticias.com\/editor\/wp-json\/wp\/v2\/posts\/97511","targetHints":{"allow":["GET"]}}],"collection":[{"href":"https:\/\/luchonoticias.com\/editor\/wp-json\/wp\/v2\/posts"}],"about":[{"href":"https:\/\/luchonoticias.com\/editor\/wp-json\/wp\/v2\/types\/post"}],"author":[{"embeddable":true,"href":"https:\/\/luchonoticias.com\/editor\/wp-json\/wp\/v2\/users\/2"}],"replies":[{"embeddable":true,"href":"https:\/\/luchonoticias.com\/editor\/wp-json\/wp\/v2\/comments?post=97511"}],"version-history":[{"count":1,"href":"https:\/\/luchonoticias.com\/editor\/wp-json\/wp\/v2\/posts\/97511\/revisions"}],"predecessor-version":[{"id":97513,"href":"https:\/\/luchonoticias.com\/editor\/wp-json\/wp\/v2\/posts\/97511\/revisions\/97513"}],"wp:featuredmedia":[{"embeddable":true,"href":"https:\/\/luchonoticias.com\/editor\/wp-json\/wp\/v2\/media\/97512"}],"wp:attachment":[{"href":"https:\/\/luchonoticias.com\/editor\/wp-json\/wp\/v2\/media?parent=97511"}],"wp:term":[{"taxonomy":"category","embeddable":true,"href":"https:\/\/luchonoticias.com\/editor\/wp-json\/wp\/v2\/categories?post=97511"},{"taxonomy":"post_tag","embeddable":true,"href":"https:\/\/luchonoticias.com\/editor\/wp-json\/wp\/v2\/tags?post=97511"}],"curies":[{"name":"wp","href":"https:\/\/api.w.org\/{rel}","templated":true}]}}