{"id":97522,"date":"2026-04-30T18:08:17","date_gmt":"2026-04-30T23:08:17","guid":{"rendered":"https:\/\/luchonoticias.com\/editor\/?p=97522"},"modified":"2026-04-30T18:08:18","modified_gmt":"2026-04-30T23:08:18","slug":"desmantelada-banda-dedicada-al-fleteo-en-neiva","status":"publish","type":"post","link":"https:\/\/luchonoticias.com\/editor\/desmantelada-banda-dedicada-al-fleteo-en-neiva\/","title":{"rendered":"Desmantelada banda dedicada al fleteo en Neiva"},"content":{"rendered":"\n<p>En el marco de operativos para fortalecer la seguridad en la ciudad, la Polic\u00eda Nacional, a trav\u00e9s de la Seccional de Investigaci\u00f3n Criminal (SIJIN), logr\u00f3 la desarticulaci\u00f3n del grupo delincuencial com\u00fan organizado conocido como \u201cVieja Guardia\u201d, se\u00f1alado de cometer hurtos bajo la modalidad de fleteo.<\/p>\n\n\n\n<p>Las acciones investigativas permitieron recopilar pruebas suficientes para que la Fiscal\u00eda General de la Naci\u00f3n emitiera \u00f3rdenes de captura contra cuatro personas, adem\u00e1s de gestionar una notificaci\u00f3n azul de INTERPOL por el delito de hurto calificado y agravado.<\/p>\n\n\n\n<p>Los operativos se realizaron de manera simult\u00e1nea el pasado 28 de abril en el oriente de Neiva. De acuerdo con las autoridades, los capturados registran antecedentes por delitos como homicidio, hurto agravado, porte ilegal de armas, tr\u00e1fico de estupefacientes, estafa, uso de documento falso y fuga de presos, lo que evidencia su presunta reincidencia.<\/p>\n\n\n\n<p>Seg\u00fan las investigaciones, la estructura criminal intimidaba a sus v\u00edctimas con armas de fuego, principalmente en cercan\u00edas de entidades bancarias, para despojarlas de dinero tras realizar retiros.<\/p>\n\n\n\n<p>Uno de los casos atribuidos al grupo ocurri\u00f3 en septiembre de 2025, cuando un ciudadano fue despojado de 8 millones de pesos tras retirar dinero en un centro comercial del norte de la ciudad. Al parecer, una mujer que se encontraba en la fila del cajero alert\u00f3 a los delincuentes sobre el movimiento.<\/p>\n\n\n\n<p>Posteriormente, la v\u00edctima fue interceptada en el barrio Los Pinos por varios hombres que se movilizaban en motocicletas de alto cilindraje, quienes, mediante amenazas con arma de fuego, le robaron el dinero y huyeron del lugar.<\/p>\n\n\n\n<p>Por estos hechos, un juez de control de garant\u00edas impuso medida de aseguramiento en centro carcelario contra tres de los capturados, conocidos con los alias de \u2018El Flaco\u2019, \u2018El Diablo\u2019 y \u2018Trompas\u2019.<\/p>\n\n\n\n<p>Las autoridades locales reiteraron su llamado a la ciudadan\u00eda para denunciar cualquier hecho delictivo a trav\u00e9s de la l\u00ednea 123 o los canales oficiales, como parte de la estrategia para combatir el crimen en Neiva.<\/p>\n\n\n\n<p><\/p>\n","protected":false},"excerpt":{"rendered":"<p>En el marco de operativos para fortalecer la seguridad en la ciudad, la Polic\u00eda Nacional, a trav\u00e9s de la Seccional de Investigaci\u00f3n Criminal (SIJIN), logr\u00f3 la desarticulaci\u00f3n del grupo delincuencial com\u00fan organizado conocido como \u201cVieja Guardia\u201d, se\u00f1alado de cometer hurtos bajo la modalidad de fleteo. Las acciones investigativas permitieron recopilar pruebas suficientes para que la [&hellip;]<\/p>\n","protected":false},"author":2,"featured_media":97523,"comment_status":"closed","ping_status":"open","sticky":false,"template":"","format":"standard","meta":{"footnotes":""},"categories":[29],"tags":[],"class_list":["post-97522","post","type-post","status-publish","format-standard","has-post-thumbnail","hentry","category-judicial"],"yoast_head":"<!-- This site is optimized with the Yoast SEO plugin v26.6 - https:\/\/yoast.com\/wordpress\/plugins\/seo\/ -->\n<title>Desmantelada banda dedicada al fleteo en Neiva -<\/title>\n<meta name=\"robots\" content=\"index, follow, max-snippet:-1, max-image-preview:large, max-video-preview:-1\" \/>\n<link rel=\"canonical\" href=\"https:\/\/luchonoticias.com\/editor\/desmantelada-banda-dedicada-al-fleteo-en-neiva\/\" \/>\n<meta property=\"og:locale\" content=\"es_ES\" \/>\n<meta property=\"og:type\" content=\"article\" \/>\n<meta property=\"og:title\" content=\"Desmantelada banda dedicada al fleteo en Neiva -\" \/>\n<meta property=\"og:url\" content=\"https:\/\/luchonoticias.com\/editor\/desmantelada-banda-dedicada-al-fleteo-en-neiva\/\" \/>\n<meta property=\"article:publisher\" content=\"https:\/\/www.facebook.com\/luchonoticiasneiva\" \/>\n<meta property=\"article:published_time\" content=\"2026-04-30T23:08:17+00:00\" \/>\n<meta property=\"article:modified_time\" content=\"2026-04-30T23:08:18+00:00\" \/>\n<meta property=\"og:image\" content=\"https:\/\/luchonoticias.com\/editor\/wp-content\/uploads\/2026\/04\/DETENIDA-BANDA.jpg\" \/>\n\t<meta property=\"og:image:width\" content=\"700\" \/>\n\t<meta property=\"og:image:height\" content=\"400\" \/>\n\t<meta property=\"og:image:type\" content=\"image\/jpeg\" \/>\n<meta name=\"author\" content=\"Editor General\" \/>\n<meta name=\"twitter:card\" content=\"summary_large_image\" \/>\n<meta name=\"twitter:label1\" content=\"Escrito por\" \/>\n\t<meta name=\"twitter:data1\" content=\"Editor General\" \/>\n\t<meta name=\"twitter:label2\" content=\"Tiempo de lectura\" \/>\n\t<meta name=\"twitter:data2\" content=\"2 minutos\" \/>\n<script type=\"application\/ld+json\" class=\"yoast-schema-graph\">{\"@context\":\"https:\/\/schema.org\",\"@graph\":[{\"@type\":\"Article\",\"@id\":\"https:\/\/luchonoticias.com\/editor\/desmantelada-banda-dedicada-al-fleteo-en-neiva\/#article\",\"isPartOf\":{\"@id\":\"https:\/\/luchonoticias.com\/editor\/desmantelada-banda-dedicada-al-fleteo-en-neiva\/\"},\"author\":{\"name\":\"Editor General\",\"@id\":\"https:\/\/luchonoticias.com\/editor\/#\/schema\/person\/29217990ddf6f14e35912b2866d591fb\"},\"headline\":\"Desmantelada banda dedicada al fleteo en Neiva\",\"datePublished\":\"2026-04-30T23:08:17+00:00\",\"dateModified\":\"2026-04-30T23:08:18+00:00\",\"mainEntityOfPage\":{\"@id\":\"https:\/\/luchonoticias.com\/editor\/desmantelada-banda-dedicada-al-fleteo-en-neiva\/\"},\"wordCount\":343,\"publisher\":{\"@id\":\"https:\/\/luchonoticias.com\/editor\/#\/schema\/person\/7a7fd911f58561fd056dbac7b55af9cd\"},\"image\":{\"@id\":\"https:\/\/luchonoticias.com\/editor\/desmantelada-banda-dedicada-al-fleteo-en-neiva\/#primaryimage\"},\"thumbnailUrl\":\"https:\/\/luchonoticias.com\/editor\/wp-content\/uploads\/2026\/04\/DETENIDA-BANDA.jpg\",\"articleSection\":[\"Judicial\"],\"inLanguage\":\"es\"},{\"@type\":\"WebPage\",\"@id\":\"https:\/\/luchonoticias.com\/editor\/desmantelada-banda-dedicada-al-fleteo-en-neiva\/\",\"url\":\"https:\/\/luchonoticias.com\/editor\/desmantelada-banda-dedicada-al-fleteo-en-neiva\/\",\"name\":\"Desmantelada banda dedicada al fleteo en Neiva -\",\"isPartOf\":{\"@id\":\"https:\/\/luchonoticias.com\/editor\/#website\"},\"primaryImageOfPage\":{\"@id\":\"https:\/\/luchonoticias.com\/editor\/desmantelada-banda-dedicada-al-fleteo-en-neiva\/#primaryimage\"},\"image\":{\"@id\":\"https:\/\/luchonoticias.com\/editor\/desmantelada-banda-dedicada-al-fleteo-en-neiva\/#primaryimage\"},\"thumbnailUrl\":\"https:\/\/luchonoticias.com\/editor\/wp-content\/uploads\/2026\/04\/DETENIDA-BANDA.jpg\",\"datePublished\":\"2026-04-30T23:08:17+00:00\",\"dateModified\":\"2026-04-30T23:08:18+00:00\",\"breadcrumb\":{\"@id\":\"https:\/\/luchonoticias.com\/editor\/desmantelada-banda-dedicada-al-fleteo-en-neiva\/#breadcrumb\"},\"inLanguage\":\"es\",\"potentialAction\":[{\"@type\":\"ReadAction\",\"target\":[\"https:\/\/luchonoticias.com\/editor\/desmantelada-banda-dedicada-al-fleteo-en-neiva\/\"]}]},{\"@type\":\"ImageObject\",\"inLanguage\":\"es\",\"@id\":\"https:\/\/luchonoticias.com\/editor\/desmantelada-banda-dedicada-al-fleteo-en-neiva\/#primaryimage\",\"url\":\"https:\/\/luchonoticias.com\/editor\/wp-content\/uploads\/2026\/04\/DETENIDA-BANDA.jpg\",\"contentUrl\":\"https:\/\/luchonoticias.com\/editor\/wp-content\/uploads\/2026\/04\/DETENIDA-BANDA.jpg\",\"width\":700,\"height\":400},{\"@type\":\"BreadcrumbList\",\"@id\":\"https:\/\/luchonoticias.com\/editor\/desmantelada-banda-dedicada-al-fleteo-en-neiva\/#breadcrumb\",\"itemListElement\":[{\"@type\":\"ListItem\",\"position\":1,\"name\":\"Portada\",\"item\":\"https:\/\/luchonoticias.com\/editor\/\"},{\"@type\":\"ListItem\",\"position\":2,\"name\":\"Desmantelada banda dedicada al fleteo en Neiva\"}]},{\"@type\":\"WebSite\",\"@id\":\"https:\/\/luchonoticias.com\/editor\/#website\",\"url\":\"https:\/\/luchonoticias.com\/editor\/\",\"name\":\"\",\"description\":\"\",\"publisher\":{\"@id\":\"https:\/\/luchonoticias.com\/editor\/#\/schema\/person\/7a7fd911f58561fd056dbac7b55af9cd\"},\"potentialAction\":[{\"@type\":\"SearchAction\",\"target\":{\"@type\":\"EntryPoint\",\"urlTemplate\":\"https:\/\/luchonoticias.com\/editor\/?s={search_term_string}\"},\"query-input\":{\"@type\":\"PropertyValueSpecification\",\"valueRequired\":true,\"valueName\":\"search_term_string\"}}],\"inLanguage\":\"es\"},{\"@type\":[\"Person\",\"Organization\"],\"@id\":\"https:\/\/luchonoticias.com\/editor\/#\/schema\/person\/7a7fd911f58561fd056dbac7b55af9cd\",\"name\":\"admin\",\"image\":{\"@type\":\"ImageObject\",\"inLanguage\":\"es\",\"@id\":\"https:\/\/luchonoticias.com\/editor\/#\/schema\/person\/image\/\",\"url\":\"https:\/\/luchonoticias.com\/editor\/wp-content\/uploads\/2024\/02\/cropped-cropped-logolu.webp\",\"contentUrl\":\"https:\/\/luchonoticias.com\/editor\/wp-content\/uploads\/2024\/02\/cropped-cropped-logolu.webp\",\"width\":382,\"height\":170,\"caption\":\"admin\"},\"logo\":{\"@id\":\"https:\/\/luchonoticias.com\/editor\/#\/schema\/person\/image\/\"},\"sameAs\":[\"https:\/\/www.facebook.com\/luchonoticiasneiva\"]},{\"@type\":\"Person\",\"@id\":\"https:\/\/luchonoticias.com\/editor\/#\/schema\/person\/29217990ddf6f14e35912b2866d591fb\",\"name\":\"Editor General\",\"image\":{\"@type\":\"ImageObject\",\"inLanguage\":\"es\",\"@id\":\"https:\/\/luchonoticias.com\/editor\/#\/schema\/person\/image\/\",\"url\":\"https:\/\/luchonoticias.com\/editor\/wp-content\/uploads\/2024\/02\/cropped-cropped-logolu-150x150.webp\",\"contentUrl\":\"https:\/\/luchonoticias.com\/editor\/wp-content\/uploads\/2024\/02\/cropped-cropped-logolu-150x150.webp\",\"caption\":\"Editor General\"},\"sameAs\":[\"https:\/\/luchonoticias.com\/\"],\"url\":\"https:\/\/luchonoticias.com\/editor\/author\/editor-general\/\"}]}<\/script>\n<!-- \/ Yoast SEO plugin. -->","yoast_head_json":{"title":"Desmantelada banda dedicada al fleteo en Neiva -","robots":{"index":"index","follow":"follow","max-snippet":"max-snippet:-1","max-image-preview":"max-image-preview:large","max-video-preview":"max-video-preview:-1"},"canonical":"https:\/\/luchonoticias.com\/editor\/desmantelada-banda-dedicada-al-fleteo-en-neiva\/","og_locale":"es_ES","og_type":"article","og_title":"Desmantelada banda dedicada al fleteo en Neiva -","og_url":"https:\/\/luchonoticias.com\/editor\/desmantelada-banda-dedicada-al-fleteo-en-neiva\/","article_publisher":"https:\/\/www.facebook.com\/luchonoticiasneiva","article_published_time":"2026-04-30T23:08:17+00:00","article_modified_time":"2026-04-30T23:08:18+00:00","og_image":[{"width":700,"height":400,"url":"https:\/\/luchonoticias.com\/editor\/wp-content\/uploads\/2026\/04\/DETENIDA-BANDA.jpg","type":"image\/jpeg"}],"author":"Editor General","twitter_card":"summary_large_image","twitter_misc":{"Escrito por":"Editor General","Tiempo de lectura":"2 minutos"},"schema":{"@context":"https:\/\/schema.org","@graph":[{"@type":"Article","@id":"https:\/\/luchonoticias.com\/editor\/desmantelada-banda-dedicada-al-fleteo-en-neiva\/#article","isPartOf":{"@id":"https:\/\/luchonoticias.com\/editor\/desmantelada-banda-dedicada-al-fleteo-en-neiva\/"},"author":{"name":"Editor General","@id":"https:\/\/luchonoticias.com\/editor\/#\/schema\/person\/29217990ddf6f14e35912b2866d591fb"},"headline":"Desmantelada banda dedicada al fleteo en Neiva","datePublished":"2026-04-30T23:08:17+00:00","dateModified":"2026-04-30T23:08:18+00:00","mainEntityOfPage":{"@id":"https:\/\/luchonoticias.com\/editor\/desmantelada-banda-dedicada-al-fleteo-en-neiva\/"},"wordCount":343,"publisher":{"@id":"https:\/\/luchonoticias.com\/editor\/#\/schema\/person\/7a7fd911f58561fd056dbac7b55af9cd"},"image":{"@id":"https:\/\/luchonoticias.com\/editor\/desmantelada-banda-dedicada-al-fleteo-en-neiva\/#primaryimage"},"thumbnailUrl":"https:\/\/luchonoticias.com\/editor\/wp-content\/uploads\/2026\/04\/DETENIDA-BANDA.jpg","articleSection":["Judicial"],"inLanguage":"es"},{"@type":"WebPage","@id":"https:\/\/luchonoticias.com\/editor\/desmantelada-banda-dedicada-al-fleteo-en-neiva\/","url":"https:\/\/luchonoticias.com\/editor\/desmantelada-banda-dedicada-al-fleteo-en-neiva\/","name":"Desmantelada banda dedicada al fleteo en Neiva -","isPartOf":{"@id":"https:\/\/luchonoticias.com\/editor\/#website"},"primaryImageOfPage":{"@id":"https:\/\/luchonoticias.com\/editor\/desmantelada-banda-dedicada-al-fleteo-en-neiva\/#primaryimage"},"image":{"@id":"https:\/\/luchonoticias.com\/editor\/desmantelada-banda-dedicada-al-fleteo-en-neiva\/#primaryimage"},"thumbnailUrl":"https:\/\/luchonoticias.com\/editor\/wp-content\/uploads\/2026\/04\/DETENIDA-BANDA.jpg","datePublished":"2026-04-30T23:08:17+00:00","dateModified":"2026-04-30T23:08:18+00:00","breadcrumb":{"@id":"https:\/\/luchonoticias.com\/editor\/desmantelada-banda-dedicada-al-fleteo-en-neiva\/#breadcrumb"},"inLanguage":"es","potentialAction":[{"@type":"ReadAction","target":["https:\/\/luchonoticias.com\/editor\/desmantelada-banda-dedicada-al-fleteo-en-neiva\/"]}]},{"@type":"ImageObject","inLanguage":"es","@id":"https:\/\/luchonoticias.com\/editor\/desmantelada-banda-dedicada-al-fleteo-en-neiva\/#primaryimage","url":"https:\/\/luchonoticias.com\/editor\/wp-content\/uploads\/2026\/04\/DETENIDA-BANDA.jpg","contentUrl":"https:\/\/luchonoticias.com\/editor\/wp-content\/uploads\/2026\/04\/DETENIDA-BANDA.jpg","width":700,"height":400},{"@type":"BreadcrumbList","@id":"https:\/\/luchonoticias.com\/editor\/desmantelada-banda-dedicada-al-fleteo-en-neiva\/#breadcrumb","itemListElement":[{"@type":"ListItem","position":1,"name":"Portada","item":"https:\/\/luchonoticias.com\/editor\/"},{"@type":"ListItem","position":2,"name":"Desmantelada banda dedicada al fleteo en Neiva"}]},{"@type":"WebSite","@id":"https:\/\/luchonoticias.com\/editor\/#website","url":"https:\/\/luchonoticias.com\/editor\/","name":"","description":"","publisher":{"@id":"https:\/\/luchonoticias.com\/editor\/#\/schema\/person\/7a7fd911f58561fd056dbac7b55af9cd"},"potentialAction":[{"@type":"SearchAction","target":{"@type":"EntryPoint","urlTemplate":"https:\/\/luchonoticias.com\/editor\/?s={search_term_string}"},"query-input":{"@type":"PropertyValueSpecification","valueRequired":true,"valueName":"search_term_string"}}],"inLanguage":"es"},{"@type":["Person","Organization"],"@id":"https:\/\/luchonoticias.com\/editor\/#\/schema\/person\/7a7fd911f58561fd056dbac7b55af9cd","name":"admin","image":{"@type":"ImageObject","inLanguage":"es","@id":"https:\/\/luchonoticias.com\/editor\/#\/schema\/person\/image\/","url":"https:\/\/luchonoticias.com\/editor\/wp-content\/uploads\/2024\/02\/cropped-cropped-logolu.webp","contentUrl":"https:\/\/luchonoticias.com\/editor\/wp-content\/uploads\/2024\/02\/cropped-cropped-logolu.webp","width":382,"height":170,"caption":"admin"},"logo":{"@id":"https:\/\/luchonoticias.com\/editor\/#\/schema\/person\/image\/"},"sameAs":["https:\/\/www.facebook.com\/luchonoticiasneiva"]},{"@type":"Person","@id":"https:\/\/luchonoticias.com\/editor\/#\/schema\/person\/29217990ddf6f14e35912b2866d591fb","name":"Editor General","image":{"@type":"ImageObject","inLanguage":"es","@id":"https:\/\/luchonoticias.com\/editor\/#\/schema\/person\/image\/","url":"https:\/\/luchonoticias.com\/editor\/wp-content\/uploads\/2024\/02\/cropped-cropped-logolu-150x150.webp","contentUrl":"https:\/\/luchonoticias.com\/editor\/wp-content\/uploads\/2024\/02\/cropped-cropped-logolu-150x150.webp","caption":"Editor General"},"sameAs":["https:\/\/luchonoticias.com\/"],"url":"https:\/\/luchonoticias.com\/editor\/author\/editor-general\/"}]}},"_links":{"self":[{"href":"https:\/\/luchonoticias.com\/editor\/wp-json\/wp\/v2\/posts\/97522","targetHints":{"allow":["GET"]}}],"collection":[{"href":"https:\/\/luchonoticias.com\/editor\/wp-json\/wp\/v2\/posts"}],"about":[{"href":"https:\/\/luchonoticias.com\/editor\/wp-json\/wp\/v2\/types\/post"}],"author":[{"embeddable":true,"href":"https:\/\/luchonoticias.com\/editor\/wp-json\/wp\/v2\/users\/2"}],"replies":[{"embeddable":true,"href":"https:\/\/luchonoticias.com\/editor\/wp-json\/wp\/v2\/comments?post=97522"}],"version-history":[{"count":1,"href":"https:\/\/luchonoticias.com\/editor\/wp-json\/wp\/v2\/posts\/97522\/revisions"}],"predecessor-version":[{"id":97524,"href":"https:\/\/luchonoticias.com\/editor\/wp-json\/wp\/v2\/posts\/97522\/revisions\/97524"}],"wp:featuredmedia":[{"embeddable":true,"href":"https:\/\/luchonoticias.com\/editor\/wp-json\/wp\/v2\/media\/97523"}],"wp:attachment":[{"href":"https:\/\/luchonoticias.com\/editor\/wp-json\/wp\/v2\/media?parent=97522"}],"wp:term":[{"taxonomy":"category","embeddable":true,"href":"https:\/\/luchonoticias.com\/editor\/wp-json\/wp\/v2\/categories?post=97522"},{"taxonomy":"post_tag","embeddable":true,"href":"https:\/\/luchonoticias.com\/editor\/wp-json\/wp\/v2\/tags?post=97522"}],"curies":[{"name":"wp","href":"https:\/\/api.w.org\/{rel}","templated":true}]}}