{"id":97532,"date":"2026-05-01T04:23:47","date_gmt":"2026-05-01T09:23:47","guid":{"rendered":"https:\/\/luchonoticias.com\/editor\/?p=97532"},"modified":"2026-05-01T04:23:48","modified_gmt":"2026-05-01T09:23:48","slug":"comenzo-el-mes-con-aumento-del-precio-de-la-gasolina","status":"publish","type":"post","link":"https:\/\/luchonoticias.com\/editor\/comenzo-el-mes-con-aumento-del-precio-de-la-gasolina\/","title":{"rendered":"Comenz\u00f3 el mes con aumento del precio de la gasolina"},"content":{"rendered":"\n<p>Comenz\u00f3 el a\u00f1o y con ello Colombia tiene un nuevo incremento el precio de la gasolina, esto luego de que el ministro de Hacienda anunciara un alza de $400 por gal\u00f3n, con lo que el valor promedio en el pa\u00eds se ubica cerca de los $16.000.<\/p>\n\n\n\n<p>De acuerdo con el Ministerio de Hacienda, la decisi\u00f3n responde al contexto internacional, especialmente a las tensiones en Medio Oriente. <\/p>\n\n\n\n<p>El ajuste se suma a las recientes variaciones en el precio del combustible. A comienzos de a\u00f1o, el Gobierno hab\u00eda reducido la gasolina en $1.000, pero en abril revirti\u00f3 parcialmente esa medida con un aumento de $375, al que ahora se adiciona este nuevo incremento.<\/p>\n\n\n\n<p>Con el alza, los precios de referencia en algunas ciudades quedar\u00edan as\u00ed: en Bogot\u00e1 alrededor de $16.291, en Medell\u00edn cerca de $16.211 y en Cali sobre los $16.300 por gal\u00f3n.<\/p>\n\n\n\n<p>El incremento est\u00e1 directamente relacionado con el encarecimiento del petr\u00f3leo a nivel internacional, impulsado por el conflicto en Medio Oriente y la posible afectaci\u00f3n del tr\u00e1nsito de crudo por el Estrecho de Ormuz, ruta clave por donde circula cerca del 20% del suministro mundial.<\/p>\n\n\n\n<p>En el \u00e1mbito local, el Fondo de Estabilizaci\u00f3n de Precios de los Combustibles ha servido para amortiguar estas variaciones. No obstante, el d\u00e9ficit acumulado de este mecanismo llev\u00f3 al Gobierno a aplicar incrementos progresivos desde 2022 con el fin de reducir la deuda.<\/p>\n","protected":false},"excerpt":{"rendered":"<p>Comenz\u00f3 el a\u00f1o y con ello Colombia tiene un nuevo incremento el precio de la gasolina, esto luego de que el ministro de Hacienda anunciara un alza de $400 por gal\u00f3n, con lo que el valor promedio en el pa\u00eds se ubica cerca de los $16.000. De acuerdo con el Ministerio de Hacienda, la decisi\u00f3n [&hellip;]<\/p>\n","protected":false},"author":2,"featured_media":97533,"comment_status":"closed","ping_status":"open","sticky":false,"template":"","format":"standard","meta":{"footnotes":""},"categories":[28,32],"tags":[],"class_list":["post-97532","post","type-post","status-publish","format-standard","has-post-thumbnail","hentry","category-actualidad","category-nacional"],"yoast_head":"<!-- This site is optimized with the Yoast SEO plugin v26.6 - https:\/\/yoast.com\/wordpress\/plugins\/seo\/ -->\n<title>Comenz\u00f3 el mes con aumento del precio de la gasolina -<\/title>\n<meta name=\"robots\" content=\"index, follow, max-snippet:-1, max-image-preview:large, max-video-preview:-1\" \/>\n<link rel=\"canonical\" href=\"https:\/\/luchonoticias.com\/editor\/comenzo-el-mes-con-aumento-del-precio-de-la-gasolina\/\" \/>\n<meta property=\"og:locale\" content=\"es_ES\" \/>\n<meta property=\"og:type\" content=\"article\" \/>\n<meta property=\"og:title\" content=\"Comenz\u00f3 el mes con aumento del precio de la gasolina -\" \/>\n<meta property=\"og:url\" content=\"https:\/\/luchonoticias.com\/editor\/comenzo-el-mes-con-aumento-del-precio-de-la-gasolina\/\" \/>\n<meta property=\"article:publisher\" content=\"https:\/\/www.facebook.com\/luchonoticiasneiva\" \/>\n<meta property=\"article:published_time\" content=\"2026-05-01T09:23:47+00:00\" \/>\n<meta property=\"article:modified_time\" content=\"2026-05-01T09:23:48+00:00\" \/>\n<meta property=\"og:image\" content=\"https:\/\/luchonoticias.com\/editor\/wp-content\/uploads\/2026\/05\/gsolina.jpg\" \/>\n\t<meta property=\"og:image:width\" content=\"700\" \/>\n\t<meta property=\"og:image:height\" content=\"400\" \/>\n\t<meta property=\"og:image:type\" content=\"image\/jpeg\" \/>\n<meta name=\"author\" content=\"Editor General\" \/>\n<meta name=\"twitter:card\" content=\"summary_large_image\" \/>\n<meta name=\"twitter:label1\" content=\"Escrito por\" \/>\n\t<meta name=\"twitter:data1\" content=\"Editor General\" \/>\n\t<meta name=\"twitter:label2\" content=\"Tiempo de lectura\" \/>\n\t<meta name=\"twitter:data2\" content=\"2 minutos\" \/>\n<script type=\"application\/ld+json\" class=\"yoast-schema-graph\">{\"@context\":\"https:\/\/schema.org\",\"@graph\":[{\"@type\":\"Article\",\"@id\":\"https:\/\/luchonoticias.com\/editor\/comenzo-el-mes-con-aumento-del-precio-de-la-gasolina\/#article\",\"isPartOf\":{\"@id\":\"https:\/\/luchonoticias.com\/editor\/comenzo-el-mes-con-aumento-del-precio-de-la-gasolina\/\"},\"author\":{\"name\":\"Editor General\",\"@id\":\"https:\/\/luchonoticias.com\/editor\/#\/schema\/person\/29217990ddf6f14e35912b2866d591fb\"},\"headline\":\"Comenz\u00f3 el mes con aumento del precio de la gasolina\",\"datePublished\":\"2026-05-01T09:23:47+00:00\",\"dateModified\":\"2026-05-01T09:23:48+00:00\",\"mainEntityOfPage\":{\"@id\":\"https:\/\/luchonoticias.com\/editor\/comenzo-el-mes-con-aumento-del-precio-de-la-gasolina\/\"},\"wordCount\":243,\"publisher\":{\"@id\":\"https:\/\/luchonoticias.com\/editor\/#\/schema\/person\/7a7fd911f58561fd056dbac7b55af9cd\"},\"image\":{\"@id\":\"https:\/\/luchonoticias.com\/editor\/comenzo-el-mes-con-aumento-del-precio-de-la-gasolina\/#primaryimage\"},\"thumbnailUrl\":\"https:\/\/luchonoticias.com\/editor\/wp-content\/uploads\/2026\/05\/gsolina.jpg\",\"articleSection\":[\"Actualidad\",\"Nacional\"],\"inLanguage\":\"es\"},{\"@type\":\"WebPage\",\"@id\":\"https:\/\/luchonoticias.com\/editor\/comenzo-el-mes-con-aumento-del-precio-de-la-gasolina\/\",\"url\":\"https:\/\/luchonoticias.com\/editor\/comenzo-el-mes-con-aumento-del-precio-de-la-gasolina\/\",\"name\":\"Comenz\u00f3 el mes con aumento del precio de la gasolina -\",\"isPartOf\":{\"@id\":\"https:\/\/luchonoticias.com\/editor\/#website\"},\"primaryImageOfPage\":{\"@id\":\"https:\/\/luchonoticias.com\/editor\/comenzo-el-mes-con-aumento-del-precio-de-la-gasolina\/#primaryimage\"},\"image\":{\"@id\":\"https:\/\/luchonoticias.com\/editor\/comenzo-el-mes-con-aumento-del-precio-de-la-gasolina\/#primaryimage\"},\"thumbnailUrl\":\"https:\/\/luchonoticias.com\/editor\/wp-content\/uploads\/2026\/05\/gsolina.jpg\",\"datePublished\":\"2026-05-01T09:23:47+00:00\",\"dateModified\":\"2026-05-01T09:23:48+00:00\",\"breadcrumb\":{\"@id\":\"https:\/\/luchonoticias.com\/editor\/comenzo-el-mes-con-aumento-del-precio-de-la-gasolina\/#breadcrumb\"},\"inLanguage\":\"es\",\"potentialAction\":[{\"@type\":\"ReadAction\",\"target\":[\"https:\/\/luchonoticias.com\/editor\/comenzo-el-mes-con-aumento-del-precio-de-la-gasolina\/\"]}]},{\"@type\":\"ImageObject\",\"inLanguage\":\"es\",\"@id\":\"https:\/\/luchonoticias.com\/editor\/comenzo-el-mes-con-aumento-del-precio-de-la-gasolina\/#primaryimage\",\"url\":\"https:\/\/luchonoticias.com\/editor\/wp-content\/uploads\/2026\/05\/gsolina.jpg\",\"contentUrl\":\"https:\/\/luchonoticias.com\/editor\/wp-content\/uploads\/2026\/05\/gsolina.jpg\",\"width\":700,\"height\":400},{\"@type\":\"BreadcrumbList\",\"@id\":\"https:\/\/luchonoticias.com\/editor\/comenzo-el-mes-con-aumento-del-precio-de-la-gasolina\/#breadcrumb\",\"itemListElement\":[{\"@type\":\"ListItem\",\"position\":1,\"name\":\"Portada\",\"item\":\"https:\/\/luchonoticias.com\/editor\/\"},{\"@type\":\"ListItem\",\"position\":2,\"name\":\"Comenz\u00f3 el mes con aumento del precio de la gasolina\"}]},{\"@type\":\"WebSite\",\"@id\":\"https:\/\/luchonoticias.com\/editor\/#website\",\"url\":\"https:\/\/luchonoticias.com\/editor\/\",\"name\":\"\",\"description\":\"\",\"publisher\":{\"@id\":\"https:\/\/luchonoticias.com\/editor\/#\/schema\/person\/7a7fd911f58561fd056dbac7b55af9cd\"},\"potentialAction\":[{\"@type\":\"SearchAction\",\"target\":{\"@type\":\"EntryPoint\",\"urlTemplate\":\"https:\/\/luchonoticias.com\/editor\/?s={search_term_string}\"},\"query-input\":{\"@type\":\"PropertyValueSpecification\",\"valueRequired\":true,\"valueName\":\"search_term_string\"}}],\"inLanguage\":\"es\"},{\"@type\":[\"Person\",\"Organization\"],\"@id\":\"https:\/\/luchonoticias.com\/editor\/#\/schema\/person\/7a7fd911f58561fd056dbac7b55af9cd\",\"name\":\"admin\",\"image\":{\"@type\":\"ImageObject\",\"inLanguage\":\"es\",\"@id\":\"https:\/\/luchonoticias.com\/editor\/#\/schema\/person\/image\/\",\"url\":\"https:\/\/luchonoticias.com\/editor\/wp-content\/uploads\/2024\/02\/cropped-cropped-logolu.webp\",\"contentUrl\":\"https:\/\/luchonoticias.com\/editor\/wp-content\/uploads\/2024\/02\/cropped-cropped-logolu.webp\",\"width\":382,\"height\":170,\"caption\":\"admin\"},\"logo\":{\"@id\":\"https:\/\/luchonoticias.com\/editor\/#\/schema\/person\/image\/\"},\"sameAs\":[\"https:\/\/www.facebook.com\/luchonoticiasneiva\"]},{\"@type\":\"Person\",\"@id\":\"https:\/\/luchonoticias.com\/editor\/#\/schema\/person\/29217990ddf6f14e35912b2866d591fb\",\"name\":\"Editor General\",\"image\":{\"@type\":\"ImageObject\",\"inLanguage\":\"es\",\"@id\":\"https:\/\/luchonoticias.com\/editor\/#\/schema\/person\/image\/\",\"url\":\"https:\/\/luchonoticias.com\/editor\/wp-content\/uploads\/2024\/02\/cropped-cropped-logolu-150x150.webp\",\"contentUrl\":\"https:\/\/luchonoticias.com\/editor\/wp-content\/uploads\/2024\/02\/cropped-cropped-logolu-150x150.webp\",\"caption\":\"Editor General\"},\"sameAs\":[\"https:\/\/luchonoticias.com\/\"],\"url\":\"https:\/\/luchonoticias.com\/editor\/author\/editor-general\/\"}]}<\/script>\n<!-- \/ Yoast SEO plugin. -->","yoast_head_json":{"title":"Comenz\u00f3 el mes con aumento del precio de la gasolina -","robots":{"index":"index","follow":"follow","max-snippet":"max-snippet:-1","max-image-preview":"max-image-preview:large","max-video-preview":"max-video-preview:-1"},"canonical":"https:\/\/luchonoticias.com\/editor\/comenzo-el-mes-con-aumento-del-precio-de-la-gasolina\/","og_locale":"es_ES","og_type":"article","og_title":"Comenz\u00f3 el mes con aumento del precio de la gasolina -","og_url":"https:\/\/luchonoticias.com\/editor\/comenzo-el-mes-con-aumento-del-precio-de-la-gasolina\/","article_publisher":"https:\/\/www.facebook.com\/luchonoticiasneiva","article_published_time":"2026-05-01T09:23:47+00:00","article_modified_time":"2026-05-01T09:23:48+00:00","og_image":[{"width":700,"height":400,"url":"https:\/\/luchonoticias.com\/editor\/wp-content\/uploads\/2026\/05\/gsolina.jpg","type":"image\/jpeg"}],"author":"Editor General","twitter_card":"summary_large_image","twitter_misc":{"Escrito por":"Editor General","Tiempo de lectura":"2 minutos"},"schema":{"@context":"https:\/\/schema.org","@graph":[{"@type":"Article","@id":"https:\/\/luchonoticias.com\/editor\/comenzo-el-mes-con-aumento-del-precio-de-la-gasolina\/#article","isPartOf":{"@id":"https:\/\/luchonoticias.com\/editor\/comenzo-el-mes-con-aumento-del-precio-de-la-gasolina\/"},"author":{"name":"Editor General","@id":"https:\/\/luchonoticias.com\/editor\/#\/schema\/person\/29217990ddf6f14e35912b2866d591fb"},"headline":"Comenz\u00f3 el mes con aumento del precio de la gasolina","datePublished":"2026-05-01T09:23:47+00:00","dateModified":"2026-05-01T09:23:48+00:00","mainEntityOfPage":{"@id":"https:\/\/luchonoticias.com\/editor\/comenzo-el-mes-con-aumento-del-precio-de-la-gasolina\/"},"wordCount":243,"publisher":{"@id":"https:\/\/luchonoticias.com\/editor\/#\/schema\/person\/7a7fd911f58561fd056dbac7b55af9cd"},"image":{"@id":"https:\/\/luchonoticias.com\/editor\/comenzo-el-mes-con-aumento-del-precio-de-la-gasolina\/#primaryimage"},"thumbnailUrl":"https:\/\/luchonoticias.com\/editor\/wp-content\/uploads\/2026\/05\/gsolina.jpg","articleSection":["Actualidad","Nacional"],"inLanguage":"es"},{"@type":"WebPage","@id":"https:\/\/luchonoticias.com\/editor\/comenzo-el-mes-con-aumento-del-precio-de-la-gasolina\/","url":"https:\/\/luchonoticias.com\/editor\/comenzo-el-mes-con-aumento-del-precio-de-la-gasolina\/","name":"Comenz\u00f3 el mes con aumento del precio de la gasolina -","isPartOf":{"@id":"https:\/\/luchonoticias.com\/editor\/#website"},"primaryImageOfPage":{"@id":"https:\/\/luchonoticias.com\/editor\/comenzo-el-mes-con-aumento-del-precio-de-la-gasolina\/#primaryimage"},"image":{"@id":"https:\/\/luchonoticias.com\/editor\/comenzo-el-mes-con-aumento-del-precio-de-la-gasolina\/#primaryimage"},"thumbnailUrl":"https:\/\/luchonoticias.com\/editor\/wp-content\/uploads\/2026\/05\/gsolina.jpg","datePublished":"2026-05-01T09:23:47+00:00","dateModified":"2026-05-01T09:23:48+00:00","breadcrumb":{"@id":"https:\/\/luchonoticias.com\/editor\/comenzo-el-mes-con-aumento-del-precio-de-la-gasolina\/#breadcrumb"},"inLanguage":"es","potentialAction":[{"@type":"ReadAction","target":["https:\/\/luchonoticias.com\/editor\/comenzo-el-mes-con-aumento-del-precio-de-la-gasolina\/"]}]},{"@type":"ImageObject","inLanguage":"es","@id":"https:\/\/luchonoticias.com\/editor\/comenzo-el-mes-con-aumento-del-precio-de-la-gasolina\/#primaryimage","url":"https:\/\/luchonoticias.com\/editor\/wp-content\/uploads\/2026\/05\/gsolina.jpg","contentUrl":"https:\/\/luchonoticias.com\/editor\/wp-content\/uploads\/2026\/05\/gsolina.jpg","width":700,"height":400},{"@type":"BreadcrumbList","@id":"https:\/\/luchonoticias.com\/editor\/comenzo-el-mes-con-aumento-del-precio-de-la-gasolina\/#breadcrumb","itemListElement":[{"@type":"ListItem","position":1,"name":"Portada","item":"https:\/\/luchonoticias.com\/editor\/"},{"@type":"ListItem","position":2,"name":"Comenz\u00f3 el mes con aumento del precio de la gasolina"}]},{"@type":"WebSite","@id":"https:\/\/luchonoticias.com\/editor\/#website","url":"https:\/\/luchonoticias.com\/editor\/","name":"","description":"","publisher":{"@id":"https:\/\/luchonoticias.com\/editor\/#\/schema\/person\/7a7fd911f58561fd056dbac7b55af9cd"},"potentialAction":[{"@type":"SearchAction","target":{"@type":"EntryPoint","urlTemplate":"https:\/\/luchonoticias.com\/editor\/?s={search_term_string}"},"query-input":{"@type":"PropertyValueSpecification","valueRequired":true,"valueName":"search_term_string"}}],"inLanguage":"es"},{"@type":["Person","Organization"],"@id":"https:\/\/luchonoticias.com\/editor\/#\/schema\/person\/7a7fd911f58561fd056dbac7b55af9cd","name":"admin","image":{"@type":"ImageObject","inLanguage":"es","@id":"https:\/\/luchonoticias.com\/editor\/#\/schema\/person\/image\/","url":"https:\/\/luchonoticias.com\/editor\/wp-content\/uploads\/2024\/02\/cropped-cropped-logolu.webp","contentUrl":"https:\/\/luchonoticias.com\/editor\/wp-content\/uploads\/2024\/02\/cropped-cropped-logolu.webp","width":382,"height":170,"caption":"admin"},"logo":{"@id":"https:\/\/luchonoticias.com\/editor\/#\/schema\/person\/image\/"},"sameAs":["https:\/\/www.facebook.com\/luchonoticiasneiva"]},{"@type":"Person","@id":"https:\/\/luchonoticias.com\/editor\/#\/schema\/person\/29217990ddf6f14e35912b2866d591fb","name":"Editor General","image":{"@type":"ImageObject","inLanguage":"es","@id":"https:\/\/luchonoticias.com\/editor\/#\/schema\/person\/image\/","url":"https:\/\/luchonoticias.com\/editor\/wp-content\/uploads\/2024\/02\/cropped-cropped-logolu-150x150.webp","contentUrl":"https:\/\/luchonoticias.com\/editor\/wp-content\/uploads\/2024\/02\/cropped-cropped-logolu-150x150.webp","caption":"Editor General"},"sameAs":["https:\/\/luchonoticias.com\/"],"url":"https:\/\/luchonoticias.com\/editor\/author\/editor-general\/"}]}},"_links":{"self":[{"href":"https:\/\/luchonoticias.com\/editor\/wp-json\/wp\/v2\/posts\/97532","targetHints":{"allow":["GET"]}}],"collection":[{"href":"https:\/\/luchonoticias.com\/editor\/wp-json\/wp\/v2\/posts"}],"about":[{"href":"https:\/\/luchonoticias.com\/editor\/wp-json\/wp\/v2\/types\/post"}],"author":[{"embeddable":true,"href":"https:\/\/luchonoticias.com\/editor\/wp-json\/wp\/v2\/users\/2"}],"replies":[{"embeddable":true,"href":"https:\/\/luchonoticias.com\/editor\/wp-json\/wp\/v2\/comments?post=97532"}],"version-history":[{"count":1,"href":"https:\/\/luchonoticias.com\/editor\/wp-json\/wp\/v2\/posts\/97532\/revisions"}],"predecessor-version":[{"id":97534,"href":"https:\/\/luchonoticias.com\/editor\/wp-json\/wp\/v2\/posts\/97532\/revisions\/97534"}],"wp:featuredmedia":[{"embeddable":true,"href":"https:\/\/luchonoticias.com\/editor\/wp-json\/wp\/v2\/media\/97533"}],"wp:attachment":[{"href":"https:\/\/luchonoticias.com\/editor\/wp-json\/wp\/v2\/media?parent=97532"}],"wp:term":[{"taxonomy":"category","embeddable":true,"href":"https:\/\/luchonoticias.com\/editor\/wp-json\/wp\/v2\/categories?post=97532"},{"taxonomy":"post_tag","embeddable":true,"href":"https:\/\/luchonoticias.com\/editor\/wp-json\/wp\/v2\/tags?post=97532"}],"curies":[{"name":"wp","href":"https:\/\/api.w.org\/{rel}","templated":true}]}}