{"id":97535,"date":"2026-05-01T04:29:37","date_gmt":"2026-05-01T09:29:37","guid":{"rendered":"https:\/\/luchonoticias.com\/editor\/?p=97535"},"modified":"2026-05-01T04:29:39","modified_gmt":"2026-05-01T09:29:39","slug":"minsalud-y-sus-cambios-con-respecto-a-la-eutanasia-en-colombia","status":"publish","type":"post","link":"https:\/\/luchonoticias.com\/editor\/minsalud-y-sus-cambios-con-respecto-a-la-eutanasia-en-colombia\/","title":{"rendered":"Minsalud y sus cambios con respecto a la eutanasia en Colombia"},"content":{"rendered":"\n<p>El Ministerio de Salud introdujo cambios significativos en las reglas de acceso a la eutanasia en Colombia con la expedici\u00f3n de la Resoluci\u00f3n 813 de 2026. La nueva normativa actualiza la regulaci\u00f3n del derecho a morir dignamente y elimina una de las principales barreras existentes: ya no ser\u00e1 obligatorio que el paciente se encuentre en fase terminal para solicitar el procedimiento.<\/p>\n\n\n\n<p>A partir de ahora, tambi\u00e9n podr\u00e1n acceder personas que padezcan un sufrimiento intenso derivado de una enfermedad grave e incurable o de una condici\u00f3n de salud extrema, incluso si no est\u00e1n en los \u00faltimos meses de vida. Esta decisi\u00f3n responde a fallos de la Corte Constitucional que hab\u00edan ordenado facilitar el acceso a este derecho y garantizar su aplicaci\u00f3n sin obst\u00e1culos.<\/p>\n\n\n\n<p>La resoluci\u00f3n, adem\u00e1s, plantea un enfoque m\u00e1s amplio que trasciende el procedimiento eutan\u00e1sico. El derecho a morir dignamente se entiende como un proceso integral que incluye alternativas como los cuidados paliativos, orientados a aliviar el dolor y mejorar la calidad de vida, as\u00ed como la adecuaci\u00f3n de los esfuerzos terap\u00e9uticos, que permite suspender tratamientos que \u00fanicamente prolongan el sufrimiento del paciente.<\/p>\n\n\n\n<p>Estas opciones no son excluyentes, por lo que cada persona puede decidir, de acuerdo con sus valores y su situaci\u00f3n m\u00e9dica, c\u00f3mo afrontar el final de su vida. En ese sentido, la norma tambi\u00e9n establece que no es obligatorio agotar todos los tratamientos disponibles para acceder a la eutanasia.<\/p>\n\n\n\n<p>Otro de los cambios clave est\u00e1 en el fortalecimiento de la autonom\u00eda del paciente. La decisi\u00f3n debe ser libre, informada y sin ning\u00fan tipo de presi\u00f3n externa. En los casos en los que la persona no pueda expresar su voluntad, se contemplan mecanismos como el consentimiento sustituto o la interpretaci\u00f3n de manifestaciones previas verificables, siempre con el objetivo de respetar lo que el paciente habr\u00eda decidido.<\/p>\n\n\n\n<p>La norma es enf\u00e1tica en que nadie puede tomar decisiones sin un sustento claro de la voluntad del paciente. Asimismo, se actualiza el rol de los comit\u00e9s m\u00e9dicos: los comit\u00e9s de eutanasia deber\u00e1n evaluar cada caso, mientras que los comit\u00e9s de \u00e9tica hospitalaria acompa\u00f1ar\u00e1n las decisiones m\u00e1s complejas dentro del sistema de salud.<\/p>\n\n\n\n<p>Con estos ajustes, la Resoluci\u00f3n 813 de 2026 representa un cambio de fondo en la regulaci\u00f3n del derecho a morir dignamente en el pa\u00eds, al ampliar el acceso, eliminar barreras y situar la autonom\u00eda del paciente como eje central de este proceso.<\/p>\n\n\n\n<p><\/p>\n","protected":false},"excerpt":{"rendered":"<p>El Ministerio de Salud introdujo cambios significativos en las reglas de acceso a la eutanasia en Colombia con la expedici\u00f3n de la Resoluci\u00f3n 813 de 2026. La nueva normativa actualiza la regulaci\u00f3n del derecho a morir dignamente y elimina una de las principales barreras existentes: ya no ser\u00e1 obligatorio que el paciente se encuentre en [&hellip;]<\/p>\n","protected":false},"author":2,"featured_media":97536,"comment_status":"closed","ping_status":"open","sticky":false,"template":"","format":"standard","meta":{"footnotes":""},"categories":[28,32],"tags":[],"class_list":["post-97535","post","type-post","status-publish","format-standard","has-post-thumbnail","hentry","category-actualidad","category-nacional"],"yoast_head":"<!-- This site is optimized with the Yoast SEO plugin v26.6 - https:\/\/yoast.com\/wordpress\/plugins\/seo\/ -->\n<title>Minsalud y sus cambios con respecto a la eutanasia en Colombia -<\/title>\n<meta name=\"robots\" content=\"index, follow, max-snippet:-1, max-image-preview:large, max-video-preview:-1\" \/>\n<link rel=\"canonical\" href=\"https:\/\/luchonoticias.com\/editor\/minsalud-y-sus-cambios-con-respecto-a-la-eutanasia-en-colombia\/\" \/>\n<meta property=\"og:locale\" content=\"es_ES\" \/>\n<meta property=\"og:type\" content=\"article\" \/>\n<meta property=\"og:title\" content=\"Minsalud y sus cambios con respecto a la eutanasia en Colombia -\" \/>\n<meta property=\"og:url\" content=\"https:\/\/luchonoticias.com\/editor\/minsalud-y-sus-cambios-con-respecto-a-la-eutanasia-en-colombia\/\" \/>\n<meta property=\"article:publisher\" content=\"https:\/\/www.facebook.com\/luchonoticiasneiva\" \/>\n<meta property=\"article:published_time\" content=\"2026-05-01T09:29:37+00:00\" \/>\n<meta property=\"article:modified_time\" content=\"2026-05-01T09:29:39+00:00\" \/>\n<meta property=\"og:image\" content=\"https:\/\/luchonoticias.com\/editor\/wp-content\/uploads\/2026\/05\/eutanasia.jpg\" \/>\n\t<meta property=\"og:image:width\" content=\"700\" \/>\n\t<meta property=\"og:image:height\" content=\"400\" \/>\n\t<meta property=\"og:image:type\" content=\"image\/jpeg\" \/>\n<meta name=\"author\" content=\"Editor General\" \/>\n<meta name=\"twitter:card\" content=\"summary_large_image\" \/>\n<meta name=\"twitter:label1\" content=\"Escrito por\" \/>\n\t<meta name=\"twitter:data1\" content=\"Editor General\" \/>\n\t<meta name=\"twitter:label2\" content=\"Tiempo de lectura\" \/>\n\t<meta name=\"twitter:data2\" content=\"3 minutos\" \/>\n<script type=\"application\/ld+json\" class=\"yoast-schema-graph\">{\"@context\":\"https:\/\/schema.org\",\"@graph\":[{\"@type\":\"Article\",\"@id\":\"https:\/\/luchonoticias.com\/editor\/minsalud-y-sus-cambios-con-respecto-a-la-eutanasia-en-colombia\/#article\",\"isPartOf\":{\"@id\":\"https:\/\/luchonoticias.com\/editor\/minsalud-y-sus-cambios-con-respecto-a-la-eutanasia-en-colombia\/\"},\"author\":{\"name\":\"Editor General\",\"@id\":\"https:\/\/luchonoticias.com\/editor\/#\/schema\/person\/29217990ddf6f14e35912b2866d591fb\"},\"headline\":\"Minsalud y sus cambios con respecto a la eutanasia en Colombia\",\"datePublished\":\"2026-05-01T09:29:37+00:00\",\"dateModified\":\"2026-05-01T09:29:39+00:00\",\"mainEntityOfPage\":{\"@id\":\"https:\/\/luchonoticias.com\/editor\/minsalud-y-sus-cambios-con-respecto-a-la-eutanasia-en-colombia\/\"},\"wordCount\":440,\"publisher\":{\"@id\":\"https:\/\/luchonoticias.com\/editor\/#\/schema\/person\/7a7fd911f58561fd056dbac7b55af9cd\"},\"image\":{\"@id\":\"https:\/\/luchonoticias.com\/editor\/minsalud-y-sus-cambios-con-respecto-a-la-eutanasia-en-colombia\/#primaryimage\"},\"thumbnailUrl\":\"https:\/\/luchonoticias.com\/editor\/wp-content\/uploads\/2026\/05\/eutanasia.jpg\",\"articleSection\":[\"Actualidad\",\"Nacional\"],\"inLanguage\":\"es\"},{\"@type\":\"WebPage\",\"@id\":\"https:\/\/luchonoticias.com\/editor\/minsalud-y-sus-cambios-con-respecto-a-la-eutanasia-en-colombia\/\",\"url\":\"https:\/\/luchonoticias.com\/editor\/minsalud-y-sus-cambios-con-respecto-a-la-eutanasia-en-colombia\/\",\"name\":\"Minsalud y sus cambios con respecto a la eutanasia en Colombia -\",\"isPartOf\":{\"@id\":\"https:\/\/luchonoticias.com\/editor\/#website\"},\"primaryImageOfPage\":{\"@id\":\"https:\/\/luchonoticias.com\/editor\/minsalud-y-sus-cambios-con-respecto-a-la-eutanasia-en-colombia\/#primaryimage\"},\"image\":{\"@id\":\"https:\/\/luchonoticias.com\/editor\/minsalud-y-sus-cambios-con-respecto-a-la-eutanasia-en-colombia\/#primaryimage\"},\"thumbnailUrl\":\"https:\/\/luchonoticias.com\/editor\/wp-content\/uploads\/2026\/05\/eutanasia.jpg\",\"datePublished\":\"2026-05-01T09:29:37+00:00\",\"dateModified\":\"2026-05-01T09:29:39+00:00\",\"breadcrumb\":{\"@id\":\"https:\/\/luchonoticias.com\/editor\/minsalud-y-sus-cambios-con-respecto-a-la-eutanasia-en-colombia\/#breadcrumb\"},\"inLanguage\":\"es\",\"potentialAction\":[{\"@type\":\"ReadAction\",\"target\":[\"https:\/\/luchonoticias.com\/editor\/minsalud-y-sus-cambios-con-respecto-a-la-eutanasia-en-colombia\/\"]}]},{\"@type\":\"ImageObject\",\"inLanguage\":\"es\",\"@id\":\"https:\/\/luchonoticias.com\/editor\/minsalud-y-sus-cambios-con-respecto-a-la-eutanasia-en-colombia\/#primaryimage\",\"url\":\"https:\/\/luchonoticias.com\/editor\/wp-content\/uploads\/2026\/05\/eutanasia.jpg\",\"contentUrl\":\"https:\/\/luchonoticias.com\/editor\/wp-content\/uploads\/2026\/05\/eutanasia.jpg\",\"width\":700,\"height\":400},{\"@type\":\"BreadcrumbList\",\"@id\":\"https:\/\/luchonoticias.com\/editor\/minsalud-y-sus-cambios-con-respecto-a-la-eutanasia-en-colombia\/#breadcrumb\",\"itemListElement\":[{\"@type\":\"ListItem\",\"position\":1,\"name\":\"Portada\",\"item\":\"https:\/\/luchonoticias.com\/editor\/\"},{\"@type\":\"ListItem\",\"position\":2,\"name\":\"Minsalud y sus cambios con respecto a la eutanasia en Colombia\"}]},{\"@type\":\"WebSite\",\"@id\":\"https:\/\/luchonoticias.com\/editor\/#website\",\"url\":\"https:\/\/luchonoticias.com\/editor\/\",\"name\":\"\",\"description\":\"\",\"publisher\":{\"@id\":\"https:\/\/luchonoticias.com\/editor\/#\/schema\/person\/7a7fd911f58561fd056dbac7b55af9cd\"},\"potentialAction\":[{\"@type\":\"SearchAction\",\"target\":{\"@type\":\"EntryPoint\",\"urlTemplate\":\"https:\/\/luchonoticias.com\/editor\/?s={search_term_string}\"},\"query-input\":{\"@type\":\"PropertyValueSpecification\",\"valueRequired\":true,\"valueName\":\"search_term_string\"}}],\"inLanguage\":\"es\"},{\"@type\":[\"Person\",\"Organization\"],\"@id\":\"https:\/\/luchonoticias.com\/editor\/#\/schema\/person\/7a7fd911f58561fd056dbac7b55af9cd\",\"name\":\"admin\",\"image\":{\"@type\":\"ImageObject\",\"inLanguage\":\"es\",\"@id\":\"https:\/\/luchonoticias.com\/editor\/#\/schema\/person\/image\/\",\"url\":\"https:\/\/luchonoticias.com\/editor\/wp-content\/uploads\/2024\/02\/cropped-cropped-logolu.webp\",\"contentUrl\":\"https:\/\/luchonoticias.com\/editor\/wp-content\/uploads\/2024\/02\/cropped-cropped-logolu.webp\",\"width\":382,\"height\":170,\"caption\":\"admin\"},\"logo\":{\"@id\":\"https:\/\/luchonoticias.com\/editor\/#\/schema\/person\/image\/\"},\"sameAs\":[\"https:\/\/www.facebook.com\/luchonoticiasneiva\"]},{\"@type\":\"Person\",\"@id\":\"https:\/\/luchonoticias.com\/editor\/#\/schema\/person\/29217990ddf6f14e35912b2866d591fb\",\"name\":\"Editor General\",\"image\":{\"@type\":\"ImageObject\",\"inLanguage\":\"es\",\"@id\":\"https:\/\/luchonoticias.com\/editor\/#\/schema\/person\/image\/\",\"url\":\"https:\/\/luchonoticias.com\/editor\/wp-content\/uploads\/2024\/02\/cropped-cropped-logolu-150x150.webp\",\"contentUrl\":\"https:\/\/luchonoticias.com\/editor\/wp-content\/uploads\/2024\/02\/cropped-cropped-logolu-150x150.webp\",\"caption\":\"Editor General\"},\"sameAs\":[\"https:\/\/luchonoticias.com\/\"],\"url\":\"https:\/\/luchonoticias.com\/editor\/author\/editor-general\/\"}]}<\/script>\n<!-- \/ Yoast SEO plugin. -->","yoast_head_json":{"title":"Minsalud y sus cambios con respecto a la eutanasia en Colombia -","robots":{"index":"index","follow":"follow","max-snippet":"max-snippet:-1","max-image-preview":"max-image-preview:large","max-video-preview":"max-video-preview:-1"},"canonical":"https:\/\/luchonoticias.com\/editor\/minsalud-y-sus-cambios-con-respecto-a-la-eutanasia-en-colombia\/","og_locale":"es_ES","og_type":"article","og_title":"Minsalud y sus cambios con respecto a la eutanasia en Colombia -","og_url":"https:\/\/luchonoticias.com\/editor\/minsalud-y-sus-cambios-con-respecto-a-la-eutanasia-en-colombia\/","article_publisher":"https:\/\/www.facebook.com\/luchonoticiasneiva","article_published_time":"2026-05-01T09:29:37+00:00","article_modified_time":"2026-05-01T09:29:39+00:00","og_image":[{"width":700,"height":400,"url":"https:\/\/luchonoticias.com\/editor\/wp-content\/uploads\/2026\/05\/eutanasia.jpg","type":"image\/jpeg"}],"author":"Editor General","twitter_card":"summary_large_image","twitter_misc":{"Escrito por":"Editor General","Tiempo de lectura":"3 minutos"},"schema":{"@context":"https:\/\/schema.org","@graph":[{"@type":"Article","@id":"https:\/\/luchonoticias.com\/editor\/minsalud-y-sus-cambios-con-respecto-a-la-eutanasia-en-colombia\/#article","isPartOf":{"@id":"https:\/\/luchonoticias.com\/editor\/minsalud-y-sus-cambios-con-respecto-a-la-eutanasia-en-colombia\/"},"author":{"name":"Editor General","@id":"https:\/\/luchonoticias.com\/editor\/#\/schema\/person\/29217990ddf6f14e35912b2866d591fb"},"headline":"Minsalud y sus cambios con respecto a la eutanasia en Colombia","datePublished":"2026-05-01T09:29:37+00:00","dateModified":"2026-05-01T09:29:39+00:00","mainEntityOfPage":{"@id":"https:\/\/luchonoticias.com\/editor\/minsalud-y-sus-cambios-con-respecto-a-la-eutanasia-en-colombia\/"},"wordCount":440,"publisher":{"@id":"https:\/\/luchonoticias.com\/editor\/#\/schema\/person\/7a7fd911f58561fd056dbac7b55af9cd"},"image":{"@id":"https:\/\/luchonoticias.com\/editor\/minsalud-y-sus-cambios-con-respecto-a-la-eutanasia-en-colombia\/#primaryimage"},"thumbnailUrl":"https:\/\/luchonoticias.com\/editor\/wp-content\/uploads\/2026\/05\/eutanasia.jpg","articleSection":["Actualidad","Nacional"],"inLanguage":"es"},{"@type":"WebPage","@id":"https:\/\/luchonoticias.com\/editor\/minsalud-y-sus-cambios-con-respecto-a-la-eutanasia-en-colombia\/","url":"https:\/\/luchonoticias.com\/editor\/minsalud-y-sus-cambios-con-respecto-a-la-eutanasia-en-colombia\/","name":"Minsalud y sus cambios con respecto a la eutanasia en Colombia -","isPartOf":{"@id":"https:\/\/luchonoticias.com\/editor\/#website"},"primaryImageOfPage":{"@id":"https:\/\/luchonoticias.com\/editor\/minsalud-y-sus-cambios-con-respecto-a-la-eutanasia-en-colombia\/#primaryimage"},"image":{"@id":"https:\/\/luchonoticias.com\/editor\/minsalud-y-sus-cambios-con-respecto-a-la-eutanasia-en-colombia\/#primaryimage"},"thumbnailUrl":"https:\/\/luchonoticias.com\/editor\/wp-content\/uploads\/2026\/05\/eutanasia.jpg","datePublished":"2026-05-01T09:29:37+00:00","dateModified":"2026-05-01T09:29:39+00:00","breadcrumb":{"@id":"https:\/\/luchonoticias.com\/editor\/minsalud-y-sus-cambios-con-respecto-a-la-eutanasia-en-colombia\/#breadcrumb"},"inLanguage":"es","potentialAction":[{"@type":"ReadAction","target":["https:\/\/luchonoticias.com\/editor\/minsalud-y-sus-cambios-con-respecto-a-la-eutanasia-en-colombia\/"]}]},{"@type":"ImageObject","inLanguage":"es","@id":"https:\/\/luchonoticias.com\/editor\/minsalud-y-sus-cambios-con-respecto-a-la-eutanasia-en-colombia\/#primaryimage","url":"https:\/\/luchonoticias.com\/editor\/wp-content\/uploads\/2026\/05\/eutanasia.jpg","contentUrl":"https:\/\/luchonoticias.com\/editor\/wp-content\/uploads\/2026\/05\/eutanasia.jpg","width":700,"height":400},{"@type":"BreadcrumbList","@id":"https:\/\/luchonoticias.com\/editor\/minsalud-y-sus-cambios-con-respecto-a-la-eutanasia-en-colombia\/#breadcrumb","itemListElement":[{"@type":"ListItem","position":1,"name":"Portada","item":"https:\/\/luchonoticias.com\/editor\/"},{"@type":"ListItem","position":2,"name":"Minsalud y sus cambios con respecto a la eutanasia en Colombia"}]},{"@type":"WebSite","@id":"https:\/\/luchonoticias.com\/editor\/#website","url":"https:\/\/luchonoticias.com\/editor\/","name":"","description":"","publisher":{"@id":"https:\/\/luchonoticias.com\/editor\/#\/schema\/person\/7a7fd911f58561fd056dbac7b55af9cd"},"potentialAction":[{"@type":"SearchAction","target":{"@type":"EntryPoint","urlTemplate":"https:\/\/luchonoticias.com\/editor\/?s={search_term_string}"},"query-input":{"@type":"PropertyValueSpecification","valueRequired":true,"valueName":"search_term_string"}}],"inLanguage":"es"},{"@type":["Person","Organization"],"@id":"https:\/\/luchonoticias.com\/editor\/#\/schema\/person\/7a7fd911f58561fd056dbac7b55af9cd","name":"admin","image":{"@type":"ImageObject","inLanguage":"es","@id":"https:\/\/luchonoticias.com\/editor\/#\/schema\/person\/image\/","url":"https:\/\/luchonoticias.com\/editor\/wp-content\/uploads\/2024\/02\/cropped-cropped-logolu.webp","contentUrl":"https:\/\/luchonoticias.com\/editor\/wp-content\/uploads\/2024\/02\/cropped-cropped-logolu.webp","width":382,"height":170,"caption":"admin"},"logo":{"@id":"https:\/\/luchonoticias.com\/editor\/#\/schema\/person\/image\/"},"sameAs":["https:\/\/www.facebook.com\/luchonoticiasneiva"]},{"@type":"Person","@id":"https:\/\/luchonoticias.com\/editor\/#\/schema\/person\/29217990ddf6f14e35912b2866d591fb","name":"Editor General","image":{"@type":"ImageObject","inLanguage":"es","@id":"https:\/\/luchonoticias.com\/editor\/#\/schema\/person\/image\/","url":"https:\/\/luchonoticias.com\/editor\/wp-content\/uploads\/2024\/02\/cropped-cropped-logolu-150x150.webp","contentUrl":"https:\/\/luchonoticias.com\/editor\/wp-content\/uploads\/2024\/02\/cropped-cropped-logolu-150x150.webp","caption":"Editor General"},"sameAs":["https:\/\/luchonoticias.com\/"],"url":"https:\/\/luchonoticias.com\/editor\/author\/editor-general\/"}]}},"_links":{"self":[{"href":"https:\/\/luchonoticias.com\/editor\/wp-json\/wp\/v2\/posts\/97535","targetHints":{"allow":["GET"]}}],"collection":[{"href":"https:\/\/luchonoticias.com\/editor\/wp-json\/wp\/v2\/posts"}],"about":[{"href":"https:\/\/luchonoticias.com\/editor\/wp-json\/wp\/v2\/types\/post"}],"author":[{"embeddable":true,"href":"https:\/\/luchonoticias.com\/editor\/wp-json\/wp\/v2\/users\/2"}],"replies":[{"embeddable":true,"href":"https:\/\/luchonoticias.com\/editor\/wp-json\/wp\/v2\/comments?post=97535"}],"version-history":[{"count":1,"href":"https:\/\/luchonoticias.com\/editor\/wp-json\/wp\/v2\/posts\/97535\/revisions"}],"predecessor-version":[{"id":97537,"href":"https:\/\/luchonoticias.com\/editor\/wp-json\/wp\/v2\/posts\/97535\/revisions\/97537"}],"wp:featuredmedia":[{"embeddable":true,"href":"https:\/\/luchonoticias.com\/editor\/wp-json\/wp\/v2\/media\/97536"}],"wp:attachment":[{"href":"https:\/\/luchonoticias.com\/editor\/wp-json\/wp\/v2\/media?parent=97535"}],"wp:term":[{"taxonomy":"category","embeddable":true,"href":"https:\/\/luchonoticias.com\/editor\/wp-json\/wp\/v2\/categories?post=97535"},{"taxonomy":"post_tag","embeddable":true,"href":"https:\/\/luchonoticias.com\/editor\/wp-json\/wp\/v2\/tags?post=97535"}],"curies":[{"name":"wp","href":"https:\/\/api.w.org\/{rel}","templated":true}]}}