{"id":97538,"date":"2026-05-01T04:36:56","date_gmt":"2026-05-01T09:36:56","guid":{"rendered":"https:\/\/luchonoticias.com\/editor\/?p=97538"},"modified":"2026-05-01T04:36:57","modified_gmt":"2026-05-01T09:36:57","slug":"listas-las-fechas-de-los-debates-en-la-television-publica","status":"publish","type":"post","link":"https:\/\/luchonoticias.com\/editor\/listas-las-fechas-de-los-debates-en-la-television-publica\/","title":{"rendered":"Listas las fechas de los debates en la televisi\u00f3n p\u00fablica"},"content":{"rendered":"\n<p>En la recta final de la campa\u00f1a presidencial, ya quedaron definidas las fechas para los debates en el sistema de medios p\u00fablicos. Tras una reuni\u00f3n en Bogot\u00e1 entre delegados de las campa\u00f1as y RTVC, se acord\u00f3 la realizaci\u00f3n de tres encuentros que se llevar\u00e1n a cabo los d\u00edas 6, 13 y 20 de mayo, en horario de 8:00 a 10:00 de la noche.<\/p>\n\n\n\n<p>Los debates tendr\u00e1n lugar en el Estudio 1 de RTVC y contar\u00e1n con una duraci\u00f3n m\u00e1xima de dos horas. Tambi\u00e9n se establecieron los temas que marcar\u00e1n cada jornada: el primero estar\u00e1 enfocado en justicia, el segundo en agenda social y el tercero en econom\u00eda, con el prop\u00f3sito de abordar los principales ejes de la discusi\u00f3n nacional en medio de la contienda electoral.<\/p>\n\n\n\n<p>El anuncio representa un avance luego de varias semanas de incertidumbre sobre la realizaci\u00f3n de estos espacios, cuya organizaci\u00f3n hab\u00eda sido exigida por distintos sectores. No obstante, a\u00fan quedan aspectos por definir, como la metodolog\u00eda de los debates, el formato de participaci\u00f3n de los candidatos y la elecci\u00f3n de los moderadores, puntos que deber\u00e1n resolverse en los pr\u00f3ximos d\u00edas.<\/p>\n\n\n\n<p>Este escenario se da despu\u00e9s de que al menos siete candidaturas, entre ellas las de Claudia L\u00f3pez, Sergio Fajardo, Luis Gilberto Murillo, Roy Barreras y Carlos Caicedo, solicitaran formalmente estos encuentros. Los aspirantes argumentaron la necesidad de garantizar condiciones equitativas en la campa\u00f1a y ofrecer a la ciudadan\u00eda un contraste real de propuestas.<\/p>\n\n\n\n<p>En su momento, los candidatos advirtieron que la ausencia de debates podr\u00eda afectar el nivel de informaci\u00f3n con el que los colombianos acuden a las urnas, en un proceso clave para definir el rumbo del pa\u00eds.<\/p>\n\n\n\n<p>Con el calendario ya establecido, la atenci\u00f3n ahora se centra en la forma en que se desarrollar\u00e1n estos encuentros y en si lograr\u00e1n responder a las expectativas de una ciudadan\u00eda que, a pocas semanas de votar, espera ver a los aspirantes confrontar sus ideas en igualdad de condiciones.<\/p>\n\n\n\n<p><\/p>\n","protected":false},"excerpt":{"rendered":"<p>En la recta final de la campa\u00f1a presidencial, ya quedaron definidas las fechas para los debates en el sistema de medios p\u00fablicos. Tras una reuni\u00f3n en Bogot\u00e1 entre delegados de las campa\u00f1as y RTVC, se acord\u00f3 la realizaci\u00f3n de tres encuentros que se llevar\u00e1n a cabo los d\u00edas 6, 13 y 20 de mayo, en [&hellip;]<\/p>\n","protected":false},"author":2,"featured_media":97539,"comment_status":"closed","ping_status":"open","sticky":false,"template":"","format":"standard","meta":{"footnotes":""},"categories":[28,32],"tags":[],"class_list":["post-97538","post","type-post","status-publish","format-standard","has-post-thumbnail","hentry","category-actualidad","category-nacional"],"yoast_head":"<!-- This site is optimized with the Yoast SEO plugin v26.6 - https:\/\/yoast.com\/wordpress\/plugins\/seo\/ -->\n<title>Listas las fechas de los debates en la televisi\u00f3n p\u00fablica -<\/title>\n<meta name=\"robots\" content=\"index, follow, max-snippet:-1, max-image-preview:large, max-video-preview:-1\" \/>\n<link rel=\"canonical\" href=\"https:\/\/luchonoticias.com\/editor\/listas-las-fechas-de-los-debates-en-la-television-publica\/\" \/>\n<meta property=\"og:locale\" content=\"es_ES\" \/>\n<meta property=\"og:type\" content=\"article\" \/>\n<meta property=\"og:title\" content=\"Listas las fechas de los debates en la televisi\u00f3n p\u00fablica -\" \/>\n<meta property=\"og:url\" content=\"https:\/\/luchonoticias.com\/editor\/listas-las-fechas-de-los-debates-en-la-television-publica\/\" \/>\n<meta property=\"article:publisher\" content=\"https:\/\/www.facebook.com\/luchonoticiasneiva\" \/>\n<meta property=\"article:published_time\" content=\"2026-05-01T09:36:56+00:00\" \/>\n<meta property=\"article:modified_time\" content=\"2026-05-01T09:36:57+00:00\" \/>\n<meta property=\"og:image\" content=\"https:\/\/luchonoticias.com\/editor\/wp-content\/uploads\/2026\/05\/RTVC.jpg\" \/>\n\t<meta property=\"og:image:width\" content=\"700\" \/>\n\t<meta property=\"og:image:height\" content=\"400\" \/>\n\t<meta property=\"og:image:type\" content=\"image\/jpeg\" \/>\n<meta name=\"author\" content=\"Editor General\" \/>\n<meta name=\"twitter:card\" content=\"summary_large_image\" \/>\n<meta name=\"twitter:label1\" content=\"Escrito por\" \/>\n\t<meta name=\"twitter:data1\" content=\"Editor General\" \/>\n\t<meta name=\"twitter:label2\" content=\"Tiempo de lectura\" \/>\n\t<meta name=\"twitter:data2\" content=\"2 minutos\" \/>\n<script type=\"application\/ld+json\" class=\"yoast-schema-graph\">{\"@context\":\"https:\/\/schema.org\",\"@graph\":[{\"@type\":\"Article\",\"@id\":\"https:\/\/luchonoticias.com\/editor\/listas-las-fechas-de-los-debates-en-la-television-publica\/#article\",\"isPartOf\":{\"@id\":\"https:\/\/luchonoticias.com\/editor\/listas-las-fechas-de-los-debates-en-la-television-publica\/\"},\"author\":{\"name\":\"Editor General\",\"@id\":\"https:\/\/luchonoticias.com\/editor\/#\/schema\/person\/29217990ddf6f14e35912b2866d591fb\"},\"headline\":\"Listas las fechas de los debates en la televisi\u00f3n p\u00fablica\",\"datePublished\":\"2026-05-01T09:36:56+00:00\",\"dateModified\":\"2026-05-01T09:36:57+00:00\",\"mainEntityOfPage\":{\"@id\":\"https:\/\/luchonoticias.com\/editor\/listas-las-fechas-de-los-debates-en-la-television-publica\/\"},\"wordCount\":364,\"publisher\":{\"@id\":\"https:\/\/luchonoticias.com\/editor\/#\/schema\/person\/7a7fd911f58561fd056dbac7b55af9cd\"},\"image\":{\"@id\":\"https:\/\/luchonoticias.com\/editor\/listas-las-fechas-de-los-debates-en-la-television-publica\/#primaryimage\"},\"thumbnailUrl\":\"https:\/\/luchonoticias.com\/editor\/wp-content\/uploads\/2026\/05\/RTVC.jpg\",\"articleSection\":[\"Actualidad\",\"Nacional\"],\"inLanguage\":\"es\"},{\"@type\":\"WebPage\",\"@id\":\"https:\/\/luchonoticias.com\/editor\/listas-las-fechas-de-los-debates-en-la-television-publica\/\",\"url\":\"https:\/\/luchonoticias.com\/editor\/listas-las-fechas-de-los-debates-en-la-television-publica\/\",\"name\":\"Listas las fechas de los debates en la televisi\u00f3n p\u00fablica -\",\"isPartOf\":{\"@id\":\"https:\/\/luchonoticias.com\/editor\/#website\"},\"primaryImageOfPage\":{\"@id\":\"https:\/\/luchonoticias.com\/editor\/listas-las-fechas-de-los-debates-en-la-television-publica\/#primaryimage\"},\"image\":{\"@id\":\"https:\/\/luchonoticias.com\/editor\/listas-las-fechas-de-los-debates-en-la-television-publica\/#primaryimage\"},\"thumbnailUrl\":\"https:\/\/luchonoticias.com\/editor\/wp-content\/uploads\/2026\/05\/RTVC.jpg\",\"datePublished\":\"2026-05-01T09:36:56+00:00\",\"dateModified\":\"2026-05-01T09:36:57+00:00\",\"breadcrumb\":{\"@id\":\"https:\/\/luchonoticias.com\/editor\/listas-las-fechas-de-los-debates-en-la-television-publica\/#breadcrumb\"},\"inLanguage\":\"es\",\"potentialAction\":[{\"@type\":\"ReadAction\",\"target\":[\"https:\/\/luchonoticias.com\/editor\/listas-las-fechas-de-los-debates-en-la-television-publica\/\"]}]},{\"@type\":\"ImageObject\",\"inLanguage\":\"es\",\"@id\":\"https:\/\/luchonoticias.com\/editor\/listas-las-fechas-de-los-debates-en-la-television-publica\/#primaryimage\",\"url\":\"https:\/\/luchonoticias.com\/editor\/wp-content\/uploads\/2026\/05\/RTVC.jpg\",\"contentUrl\":\"https:\/\/luchonoticias.com\/editor\/wp-content\/uploads\/2026\/05\/RTVC.jpg\",\"width\":700,\"height\":400},{\"@type\":\"BreadcrumbList\",\"@id\":\"https:\/\/luchonoticias.com\/editor\/listas-las-fechas-de-los-debates-en-la-television-publica\/#breadcrumb\",\"itemListElement\":[{\"@type\":\"ListItem\",\"position\":1,\"name\":\"Portada\",\"item\":\"https:\/\/luchonoticias.com\/editor\/\"},{\"@type\":\"ListItem\",\"position\":2,\"name\":\"Listas las fechas de los debates en la televisi\u00f3n p\u00fablica\"}]},{\"@type\":\"WebSite\",\"@id\":\"https:\/\/luchonoticias.com\/editor\/#website\",\"url\":\"https:\/\/luchonoticias.com\/editor\/\",\"name\":\"\",\"description\":\"\",\"publisher\":{\"@id\":\"https:\/\/luchonoticias.com\/editor\/#\/schema\/person\/7a7fd911f58561fd056dbac7b55af9cd\"},\"potentialAction\":[{\"@type\":\"SearchAction\",\"target\":{\"@type\":\"EntryPoint\",\"urlTemplate\":\"https:\/\/luchonoticias.com\/editor\/?s={search_term_string}\"},\"query-input\":{\"@type\":\"PropertyValueSpecification\",\"valueRequired\":true,\"valueName\":\"search_term_string\"}}],\"inLanguage\":\"es\"},{\"@type\":[\"Person\",\"Organization\"],\"@id\":\"https:\/\/luchonoticias.com\/editor\/#\/schema\/person\/7a7fd911f58561fd056dbac7b55af9cd\",\"name\":\"admin\",\"image\":{\"@type\":\"ImageObject\",\"inLanguage\":\"es\",\"@id\":\"https:\/\/luchonoticias.com\/editor\/#\/schema\/person\/image\/\",\"url\":\"https:\/\/luchonoticias.com\/editor\/wp-content\/uploads\/2024\/02\/cropped-cropped-logolu.webp\",\"contentUrl\":\"https:\/\/luchonoticias.com\/editor\/wp-content\/uploads\/2024\/02\/cropped-cropped-logolu.webp\",\"width\":382,\"height\":170,\"caption\":\"admin\"},\"logo\":{\"@id\":\"https:\/\/luchonoticias.com\/editor\/#\/schema\/person\/image\/\"},\"sameAs\":[\"https:\/\/www.facebook.com\/luchonoticiasneiva\"]},{\"@type\":\"Person\",\"@id\":\"https:\/\/luchonoticias.com\/editor\/#\/schema\/person\/29217990ddf6f14e35912b2866d591fb\",\"name\":\"Editor General\",\"image\":{\"@type\":\"ImageObject\",\"inLanguage\":\"es\",\"@id\":\"https:\/\/luchonoticias.com\/editor\/#\/schema\/person\/image\/\",\"url\":\"https:\/\/luchonoticias.com\/editor\/wp-content\/uploads\/2024\/02\/cropped-cropped-logolu-150x150.webp\",\"contentUrl\":\"https:\/\/luchonoticias.com\/editor\/wp-content\/uploads\/2024\/02\/cropped-cropped-logolu-150x150.webp\",\"caption\":\"Editor General\"},\"sameAs\":[\"https:\/\/luchonoticias.com\/\"],\"url\":\"https:\/\/luchonoticias.com\/editor\/author\/editor-general\/\"}]}<\/script>\n<!-- \/ Yoast SEO plugin. -->","yoast_head_json":{"title":"Listas las fechas de los debates en la televisi\u00f3n p\u00fablica -","robots":{"index":"index","follow":"follow","max-snippet":"max-snippet:-1","max-image-preview":"max-image-preview:large","max-video-preview":"max-video-preview:-1"},"canonical":"https:\/\/luchonoticias.com\/editor\/listas-las-fechas-de-los-debates-en-la-television-publica\/","og_locale":"es_ES","og_type":"article","og_title":"Listas las fechas de los debates en la televisi\u00f3n p\u00fablica -","og_url":"https:\/\/luchonoticias.com\/editor\/listas-las-fechas-de-los-debates-en-la-television-publica\/","article_publisher":"https:\/\/www.facebook.com\/luchonoticiasneiva","article_published_time":"2026-05-01T09:36:56+00:00","article_modified_time":"2026-05-01T09:36:57+00:00","og_image":[{"width":700,"height":400,"url":"https:\/\/luchonoticias.com\/editor\/wp-content\/uploads\/2026\/05\/RTVC.jpg","type":"image\/jpeg"}],"author":"Editor General","twitter_card":"summary_large_image","twitter_misc":{"Escrito por":"Editor General","Tiempo de lectura":"2 minutos"},"schema":{"@context":"https:\/\/schema.org","@graph":[{"@type":"Article","@id":"https:\/\/luchonoticias.com\/editor\/listas-las-fechas-de-los-debates-en-la-television-publica\/#article","isPartOf":{"@id":"https:\/\/luchonoticias.com\/editor\/listas-las-fechas-de-los-debates-en-la-television-publica\/"},"author":{"name":"Editor General","@id":"https:\/\/luchonoticias.com\/editor\/#\/schema\/person\/29217990ddf6f14e35912b2866d591fb"},"headline":"Listas las fechas de los debates en la televisi\u00f3n p\u00fablica","datePublished":"2026-05-01T09:36:56+00:00","dateModified":"2026-05-01T09:36:57+00:00","mainEntityOfPage":{"@id":"https:\/\/luchonoticias.com\/editor\/listas-las-fechas-de-los-debates-en-la-television-publica\/"},"wordCount":364,"publisher":{"@id":"https:\/\/luchonoticias.com\/editor\/#\/schema\/person\/7a7fd911f58561fd056dbac7b55af9cd"},"image":{"@id":"https:\/\/luchonoticias.com\/editor\/listas-las-fechas-de-los-debates-en-la-television-publica\/#primaryimage"},"thumbnailUrl":"https:\/\/luchonoticias.com\/editor\/wp-content\/uploads\/2026\/05\/RTVC.jpg","articleSection":["Actualidad","Nacional"],"inLanguage":"es"},{"@type":"WebPage","@id":"https:\/\/luchonoticias.com\/editor\/listas-las-fechas-de-los-debates-en-la-television-publica\/","url":"https:\/\/luchonoticias.com\/editor\/listas-las-fechas-de-los-debates-en-la-television-publica\/","name":"Listas las fechas de los debates en la televisi\u00f3n p\u00fablica -","isPartOf":{"@id":"https:\/\/luchonoticias.com\/editor\/#website"},"primaryImageOfPage":{"@id":"https:\/\/luchonoticias.com\/editor\/listas-las-fechas-de-los-debates-en-la-television-publica\/#primaryimage"},"image":{"@id":"https:\/\/luchonoticias.com\/editor\/listas-las-fechas-de-los-debates-en-la-television-publica\/#primaryimage"},"thumbnailUrl":"https:\/\/luchonoticias.com\/editor\/wp-content\/uploads\/2026\/05\/RTVC.jpg","datePublished":"2026-05-01T09:36:56+00:00","dateModified":"2026-05-01T09:36:57+00:00","breadcrumb":{"@id":"https:\/\/luchonoticias.com\/editor\/listas-las-fechas-de-los-debates-en-la-television-publica\/#breadcrumb"},"inLanguage":"es","potentialAction":[{"@type":"ReadAction","target":["https:\/\/luchonoticias.com\/editor\/listas-las-fechas-de-los-debates-en-la-television-publica\/"]}]},{"@type":"ImageObject","inLanguage":"es","@id":"https:\/\/luchonoticias.com\/editor\/listas-las-fechas-de-los-debates-en-la-television-publica\/#primaryimage","url":"https:\/\/luchonoticias.com\/editor\/wp-content\/uploads\/2026\/05\/RTVC.jpg","contentUrl":"https:\/\/luchonoticias.com\/editor\/wp-content\/uploads\/2026\/05\/RTVC.jpg","width":700,"height":400},{"@type":"BreadcrumbList","@id":"https:\/\/luchonoticias.com\/editor\/listas-las-fechas-de-los-debates-en-la-television-publica\/#breadcrumb","itemListElement":[{"@type":"ListItem","position":1,"name":"Portada","item":"https:\/\/luchonoticias.com\/editor\/"},{"@type":"ListItem","position":2,"name":"Listas las fechas de los debates en la televisi\u00f3n p\u00fablica"}]},{"@type":"WebSite","@id":"https:\/\/luchonoticias.com\/editor\/#website","url":"https:\/\/luchonoticias.com\/editor\/","name":"","description":"","publisher":{"@id":"https:\/\/luchonoticias.com\/editor\/#\/schema\/person\/7a7fd911f58561fd056dbac7b55af9cd"},"potentialAction":[{"@type":"SearchAction","target":{"@type":"EntryPoint","urlTemplate":"https:\/\/luchonoticias.com\/editor\/?s={search_term_string}"},"query-input":{"@type":"PropertyValueSpecification","valueRequired":true,"valueName":"search_term_string"}}],"inLanguage":"es"},{"@type":["Person","Organization"],"@id":"https:\/\/luchonoticias.com\/editor\/#\/schema\/person\/7a7fd911f58561fd056dbac7b55af9cd","name":"admin","image":{"@type":"ImageObject","inLanguage":"es","@id":"https:\/\/luchonoticias.com\/editor\/#\/schema\/person\/image\/","url":"https:\/\/luchonoticias.com\/editor\/wp-content\/uploads\/2024\/02\/cropped-cropped-logolu.webp","contentUrl":"https:\/\/luchonoticias.com\/editor\/wp-content\/uploads\/2024\/02\/cropped-cropped-logolu.webp","width":382,"height":170,"caption":"admin"},"logo":{"@id":"https:\/\/luchonoticias.com\/editor\/#\/schema\/person\/image\/"},"sameAs":["https:\/\/www.facebook.com\/luchonoticiasneiva"]},{"@type":"Person","@id":"https:\/\/luchonoticias.com\/editor\/#\/schema\/person\/29217990ddf6f14e35912b2866d591fb","name":"Editor General","image":{"@type":"ImageObject","inLanguage":"es","@id":"https:\/\/luchonoticias.com\/editor\/#\/schema\/person\/image\/","url":"https:\/\/luchonoticias.com\/editor\/wp-content\/uploads\/2024\/02\/cropped-cropped-logolu-150x150.webp","contentUrl":"https:\/\/luchonoticias.com\/editor\/wp-content\/uploads\/2024\/02\/cropped-cropped-logolu-150x150.webp","caption":"Editor General"},"sameAs":["https:\/\/luchonoticias.com\/"],"url":"https:\/\/luchonoticias.com\/editor\/author\/editor-general\/"}]}},"_links":{"self":[{"href":"https:\/\/luchonoticias.com\/editor\/wp-json\/wp\/v2\/posts\/97538","targetHints":{"allow":["GET"]}}],"collection":[{"href":"https:\/\/luchonoticias.com\/editor\/wp-json\/wp\/v2\/posts"}],"about":[{"href":"https:\/\/luchonoticias.com\/editor\/wp-json\/wp\/v2\/types\/post"}],"author":[{"embeddable":true,"href":"https:\/\/luchonoticias.com\/editor\/wp-json\/wp\/v2\/users\/2"}],"replies":[{"embeddable":true,"href":"https:\/\/luchonoticias.com\/editor\/wp-json\/wp\/v2\/comments?post=97538"}],"version-history":[{"count":1,"href":"https:\/\/luchonoticias.com\/editor\/wp-json\/wp\/v2\/posts\/97538\/revisions"}],"predecessor-version":[{"id":97540,"href":"https:\/\/luchonoticias.com\/editor\/wp-json\/wp\/v2\/posts\/97538\/revisions\/97540"}],"wp:featuredmedia":[{"embeddable":true,"href":"https:\/\/luchonoticias.com\/editor\/wp-json\/wp\/v2\/media\/97539"}],"wp:attachment":[{"href":"https:\/\/luchonoticias.com\/editor\/wp-json\/wp\/v2\/media?parent=97538"}],"wp:term":[{"taxonomy":"category","embeddable":true,"href":"https:\/\/luchonoticias.com\/editor\/wp-json\/wp\/v2\/categories?post=97538"},{"taxonomy":"post_tag","embeddable":true,"href":"https:\/\/luchonoticias.com\/editor\/wp-json\/wp\/v2\/tags?post=97538"}],"curies":[{"name":"wp","href":"https:\/\/api.w.org\/{rel}","templated":true}]}}